{"id":382145,"date":"2026-02-07T01:00:45","date_gmt":"2026-02-07T04:00:45","guid":{"rendered":"https:\/\/www.notibras.com\/site\/?p=382145"},"modified":"2026-02-06T18:53:13","modified_gmt":"2026-02-06T21:53:13","slug":"inicio-de-serie-de-visitas-de-servidores-a-unidades-de-conservacao","status":"publish","type":"post","link":"https:\/\/www.notibras.com\/site\/inicio-de-serie-de-visitas-de-servidores-a-unidades-de-conservacao\/","title":{"rendered":"In\u00edcio de s\u00e9rie de visitas de servidores a unidades de conserva\u00e7\u00e3o"},"content":{"rendered":"<p>A agenda ambiental na Administra\u00e7\u00e3o P\u00fablica (A3P) do Instituto Bras\u00edlia Ambiental deu in\u00edcio, nesta sexta-feira (6), no Parque Ecol\u00f3gico \u00c1guas Claras, \u00e0 s\u00e9rie de visitas \u00e0s unidades de conserva\u00e7\u00e3o (UCs) administradas pela autarquia. A iniciativa visa levar grupos de servidores do Instituto a conhecer in loco o que eles trabalham para proteger e preservar. Faz parte do projeto ainda, a cada visita, incluir trabalhadores da \u00e1rea de conserva\u00e7\u00e3o e limpeza que atuam na sede do \u00f3rg\u00e3o ambiental.<\/p>\n<p>A vice-governadora Celina Le\u00e3o ressaltou a import\u00e2ncia do conhecimento presencial do potencial ecol\u00f3gico do Distrito Federal, em especial, pelos servidores que atuam na \u00e1rea. \u201cEssa experi\u00eancia permite uma compreens\u00e3o \u00edntima das complexidades ambientais e socioculturais do territ\u00f3rio e \u00e9 crucial para uma atua\u00e7\u00e3o eficaz, especialmente na gest\u00e3o de unidades de conserva\u00e7\u00e3o, planejamento territorial e manejo integrado do fogo\u201d, lembrou.<\/p>\n<p>O presidente do Bras\u00edlia Ambiental, R\u00f4ney Nemer, parabenizou os integrantes da A3P pelo projeto. \u201cProporcionar esse contato, esse conhecimento aos servidores \u00e9 uma excelente iniciativa. Muitos conhecem as UCs s\u00f3 por mapas, de forma virtual ou por fotos, at\u00e9 pela natureza de suas atividades. Mas quando conhecemos in loco, temos muito mais condi\u00e7\u00f5es de falar sobre, de defender essas \u00e1reas sens\u00edveis, ricas em biodiversidade e fundamentais para a qualidade de vida no DF. Os membros da A3P est\u00e3o de parab\u00e9ns\u201d, enfatizou.<\/p>\n<p>\u201cMuitas pessoas, das que estavam hoje no grupo, at\u00e9 j\u00e1 tinham ido ao parque, mas s\u00f3 para participar de reuni\u00f5es. Nunca tinham, realmente, andado pelas trilhas daquela unidade de conserva\u00e7\u00e3o. N\u00e3o conheciam pessoalmente seu potencial ecol\u00f3gico. Ent\u00e3o, esse \u00e9 um dos objetivos do projeto\u201d, explica Maria Fernanda Teixeira, educadora ambiental do Instituto e membro da A3P.<\/p>\n<p>Maria Fernanda ressalta que a avalia\u00e7\u00e3o da gest\u00e3o de res\u00edduos daquela UC tamb\u00e9m foi um dos objetivos da visita. \u201cEssa avalia\u00e7\u00e3o visa que pensemos, em conjunto, solu\u00e7\u00f5es para quest\u00f5es que forem identificadas\u201d, esclareceu.<\/p>\n<p>A visita \u00e0 UC come\u00e7ou na \u00e1rea de administra\u00e7\u00e3o do parque. Em seguida, a equipe foi conhecer o viveiro de mudas de plantas t\u00edpicas do Cerrado, que \u00e9 organizado por um grupo de volunt\u00e1rios que atuam no local. O grupo foi guiado por duas volunt\u00e1rias. Na sequ\u00eancia, os servidores foram conhecer a gest\u00e3o de res\u00edduos da unidade.<\/p>\n<p>A parada para abordar o assunto ocorreu em frente aos cont\u00eaineres de separa\u00e7\u00e3o dos res\u00edduos com fins de coleta seletiva adquiridos pela A3P para o parque. O agente de Unidade de Conserva\u00e7\u00e3o, Jose Reis, que guiou a visita neste momento, explicou que os funcion\u00e1rios da limpeza do parque fazem a separa\u00e7\u00e3o dos res\u00edduos que s\u00e3o coletados no local.\u201d Esses res\u00edduos s\u00e3o colocados nos cont\u00eaineres espec\u00edficos e, posteriormente, uma cooperativa de catadores vai l\u00e1 e recolhe o material\u201d, detalhou.<\/p>\n<p>Jos\u00e9 Reis destacou a import\u00e2ncia da visita. \u201dMostra para os outros servidores do \u00f3rg\u00e3o os gargalos que enfrentamos nas UCs, os tributos ecol\u00f3gicos de cada uma delas, e tamb\u00e9m o que temos feito dentro delas para que melhore a percep\u00e7\u00e3o do frequentador sobre a unidade. Somos servidores p\u00fablicos e trabalhamos para que cada vez mais o visitante de uma UC tenha o sentimento de pertencimento ao local\u201d, disse.<\/p>\n<p>Segundo Maria Fernanda, um problema identificado no Parque de \u00c1guas Claras, e que ocorre em outras UCs, \u00e9 o res\u00edduo do coco. \u201c\u00c9 um res\u00edduo org\u00e2nico pesado, de dif\u00edcil decomposi\u00e7\u00e3o. Precisamos pensar na solu\u00e7\u00e3o adequada pra ele, que deve passar pela contrata\u00e7\u00e3o de uma cooperativa espec\u00edfica e especializada em coco\u201d, comentou.<\/p>\n<p>O percurso da visita passou ainda pelo Centro de Educa\u00e7\u00e3o Ambiental da unidade e \u00e1reas de plantios de mudas, nas quais s\u00e3o usadas diferentes t\u00e9cnicas de plantio.<\/p>\n<p><strong>Mais visitas<\/strong><\/p>\n<p>J\u00e1 est\u00e3o agendadas as duas pr\u00f3ximas visitas da A3P. A pr\u00f3xima ser\u00e1 no dia 13 de mar\u00e7o, \u00e0 CEB Gera\u00e7\u00e3o \u2013 Barragem do Lago Parano\u00e1, e a seguinte ser\u00e1 ao S\u00edtio Escola de Permacultura Geranium, localizado no N\u00facleo Rural de Taguatinga. A Agenda Ambiental na Administra\u00e7\u00e3o P\u00fablica (A3P) \u00e9 um programa do Minist\u00e9rio do Meio Ambiente, que estimula \u00f3rg\u00e3os p\u00fablicos a implementarem pr\u00e1ticas de sustentabilidade. Seu objetivo \u00e9 promover a responsabilidade socioambiental, visando a efici\u00eancia, preserva\u00e7\u00e3o de recursos naturais e redu\u00e7\u00e3o de gastos na administra\u00e7\u00e3o p\u00fablica.<\/p>\n","protected":false},"excerpt":{"rendered":"<p>A agenda ambiental na Administra\u00e7\u00e3o P\u00fablica (A3P) do Instituto Bras\u00edlia Ambiental deu in\u00edcio, nesta sexta-feira (6), no Parque Ecol\u00f3gico \u00c1guas Claras, \u00e0 s\u00e9rie de visitas \u00e0s unidades de conserva\u00e7\u00e3o (UCs) administradas pela autarquia. A iniciativa visa levar grupos de servidores do Instituto a conhecer in loco o que eles trabalham para proteger e preservar. Faz [&hellip;]<\/p>\n","protected":false},"author":21,"featured_media":382146,"comment_status":"closed","ping_status":"closed","sticky":false,"template":"","format":"standard","meta":{"_acf_changed":false,"footnotes":""},"categories":[161],"tags":[],"class_list":["post-382145","post","type-post","status-publish","format-standard","has-post-thumbnail","hentry","category-quadradinho-em-foco"],"acf":[],"yoast_head":"<!-- This site is optimized with the Yoast SEO plugin v27.2 - https:\/\/yoast.com\/product\/yoast-seo-wordpress\/ -->\n<title>In\u00edcio de s\u00e9rie de visitas de servidores a unidades de conserva\u00e7\u00e3o - Notibras<\/title>\n<meta name=\"robots\" content=\"index, follow, max-snippet:-1, max-image-preview:large, max-video-preview:-1\" \/>\n<link rel=\"canonical\" href=\"https:\/\/www.notibras.com\/site\/inicio-de-serie-de-visitas-de-servidores-a-unidades-de-conservacao\/\" \/>\n<meta property=\"og:locale\" content=\"pt_BR\" \/>\n<meta property=\"og:type\" content=\"article\" \/>\n<meta property=\"og:title\" content=\"In\u00edcio de s\u00e9rie de visitas de servidores a unidades de conserva\u00e7\u00e3o - Notibras\" \/>\n<meta property=\"og:description\" content=\"A agenda ambiental na Administra\u00e7\u00e3o P\u00fablica (A3P) do Instituto Bras\u00edlia Ambiental deu in\u00edcio, nesta sexta-feira (6), no Parque Ecol\u00f3gico \u00c1guas Claras, \u00e0 s\u00e9rie de visitas \u00e0s unidades de conserva\u00e7\u00e3o (UCs) administradas pela autarquia. A iniciativa visa levar grupos de servidores do Instituto a conhecer in loco o que eles trabalham para proteger e preservar. Faz [&hellip;]\" \/>\n<meta property=\"og:url\" content=\"https:\/\/www.notibras.com\/site\/inicio-de-serie-de-visitas-de-servidores-a-unidades-de-conservacao\/\" \/>\n<meta property=\"og:site_name\" content=\"Notibras\" \/>\n<meta property=\"article:publisher\" content=\"https:\/\/www.facebook.com\/notibras\/\" \/>\n<meta property=\"article:published_time\" content=\"2026-02-07T04:00:45+00:00\" \/>\n<meta property=\"og:image\" content=\"https:\/\/www.notibras.com\/site\/wp-content\/uploads\/2026\/02\/Foto-4-Mat-Visita-A3P-PEAC-1.jpeg\" \/>\n\t<meta property=\"og:image:width\" content=\"1600\" \/>\n\t<meta property=\"og:image:height\" content=\"1200\" \/>\n\t<meta property=\"og:image:type\" content=\"image\/jpeg\" \/>\n<meta name=\"author\" content=\"Eduardo Mart\u00ednez\" \/>\n<meta name=\"twitter:card\" content=\"summary_large_image\" \/>\n<meta name=\"twitter:creator\" content=\"@Notibras\" \/>\n<meta name=\"twitter:site\" content=\"@Notibras\" \/>\n<meta name=\"twitter:label1\" content=\"Escrito por\" \/>\n\t<meta name=\"twitter:data1\" content=\"Eduardo Mart\u00ednez\" \/>\n\t<meta name=\"twitter:label2\" content=\"Est. tempo de leitura\" \/>\n\t<meta name=\"twitter:data2\" content=\"4 minutos\" \/>\n<script type=\"application\/ld+json\" class=\"yoast-schema-graph\">{\"@context\":\"https:\/\/schema.org\",\"@graph\":[{\"@type\":\"Article\",\"@id\":\"https:\/\/www.notibras.com\/site\/inicio-de-serie-de-visitas-de-servidores-a-unidades-de-conservacao\/#article\",\"isPartOf\":{\"@id\":\"https:\/\/www.notibras.com\/site\/inicio-de-serie-de-visitas-de-servidores-a-unidades-de-conservacao\/\"},\"author\":{\"name\":\"Eduardo Mart\u00ednez\",\"@id\":\"https:\/\/www.notibras.com\/site\/#\/schema\/person\/5b7fabf2aedc3ada2105f03b22b4d3dd\"},\"headline\":\"In\u00edcio de s\u00e9rie de visitas de servidores a unidades de conserva\u00e7\u00e3o\",\"datePublished\":\"2026-02-07T04:00:45+00:00\",\"mainEntityOfPage\":{\"@id\":\"https:\/\/www.notibras.com\/site\/inicio-de-serie-de-visitas-de-servidores-a-unidades-de-conservacao\/\"},\"wordCount\":773,\"publisher\":{\"@id\":\"https:\/\/www.notibras.com\/site\/#organization\"},\"image\":{\"@id\":\"https:\/\/www.notibras.com\/site\/inicio-de-serie-de-visitas-de-servidores-a-unidades-de-conservacao\/#primaryimage\"},\"thumbnailUrl\":\"https:\/\/www.notibras.com\/site\/wp-content\/uploads\/2026\/02\/Foto-4-Mat-Visita-A3P-PEAC-1.jpeg\",\"articleSection\":[\"Quadradinho em Foco\"],\"inLanguage\":\"pt-BR\"},{\"@type\":\"WebPage\",\"@id\":\"https:\/\/www.notibras.com\/site\/inicio-de-serie-de-visitas-de-servidores-a-unidades-de-conservacao\/\",\"url\":\"https:\/\/www.notibras.com\/site\/inicio-de-serie-de-visitas-de-servidores-a-unidades-de-conservacao\/\",\"name\":\"In\u00edcio de s\u00e9rie de visitas de servidores a unidades de conserva\u00e7\u00e3o - Notibras\",\"isPartOf\":{\"@id\":\"https:\/\/www.notibras.com\/site\/#website\"},\"primaryImageOfPage\":{\"@id\":\"https:\/\/www.notibras.com\/site\/inicio-de-serie-de-visitas-de-servidores-a-unidades-de-conservacao\/#primaryimage\"},\"image\":{\"@id\":\"https:\/\/www.notibras.com\/site\/inicio-de-serie-de-visitas-de-servidores-a-unidades-de-conservacao\/#primaryimage\"},\"thumbnailUrl\":\"https:\/\/www.notibras.com\/site\/wp-content\/uploads\/2026\/02\/Foto-4-Mat-Visita-A3P-PEAC-1.jpeg\",\"datePublished\":\"2026-02-07T04:00:45+00:00\",\"breadcrumb\":{\"@id\":\"https:\/\/www.notibras.com\/site\/inicio-de-serie-de-visitas-de-servidores-a-unidades-de-conservacao\/#breadcrumb\"},\"inLanguage\":\"pt-BR\",\"potentialAction\":[{\"@type\":\"ReadAction\",\"target\":[\"https:\/\/www.notibras.com\/site\/inicio-de-serie-de-visitas-de-servidores-a-unidades-de-conservacao\/\"]}]},{\"@type\":\"ImageObject\",\"inLanguage\":\"pt-BR\",\"@id\":\"https:\/\/www.notibras.com\/site\/inicio-de-serie-de-visitas-de-servidores-a-unidades-de-conservacao\/#primaryimage\",\"url\":\"https:\/\/www.notibras.com\/site\/wp-content\/uploads\/2026\/02\/Foto-4-Mat-Visita-A3P-PEAC-1.jpeg\",\"contentUrl\":\"https:\/\/www.notibras.com\/site\/wp-content\/uploads\/2026\/02\/Foto-4-Mat-Visita-A3P-PEAC-1.jpeg\",\"width\":1600,\"height\":1200},{\"@type\":\"BreadcrumbList\",\"@id\":\"https:\/\/www.notibras.com\/site\/inicio-de-serie-de-visitas-de-servidores-a-unidades-de-conservacao\/#breadcrumb\",\"itemListElement\":[{\"@type\":\"ListItem\",\"position\":1,\"name\":\"In\u00edcio\",\"item\":\"https:\/\/www.notibras.com\/site\/\"},{\"@type\":\"ListItem\",\"position\":2,\"name\":\"In\u00edcio de s\u00e9rie de visitas de servidores a unidades de conserva\u00e7\u00e3o\"}]},{\"@type\":\"WebSite\",\"@id\":\"https:\/\/www.notibras.com\/site\/#website\",\"url\":\"https:\/\/www.notibras.com\/site\/\",\"name\":\"Notibras\",\"description\":\"Not\u00edcias de Bras\u00edlia, do Brasil e do Mundo\",\"publisher\":{\"@id\":\"https:\/\/www.notibras.com\/site\/#organization\"},\"potentialAction\":[{\"@type\":\"SearchAction\",\"target\":{\"@type\":\"EntryPoint\",\"urlTemplate\":\"https:\/\/www.notibras.com\/site\/?s={search_term_string}\"},\"query-input\":{\"@type\":\"PropertyValueSpecification\",\"valueRequired\":true,\"valueName\":\"search_term_string\"}}],\"inLanguage\":\"pt-BR\"},{\"@type\":\"Organization\",\"@id\":\"https:\/\/www.notibras.com\/site\/#organization\",\"name\":\"Grupo Notibras de Comunica\u00e7\u00e3o\",\"url\":\"https:\/\/www.notibras.com\/site\/\",\"logo\":{\"@type\":\"ImageObject\",\"inLanguage\":\"pt-BR\",\"@id\":\"https:\/\/www.notibras.com\/site\/#\/schema\/logo\/image\/\",\"url\":\"https:\/\/www.notibras.com\/site\/wp-content\/uploads\/2023\/01\/notibras23.png\",\"contentUrl\":\"https:\/\/www.notibras.com\/site\/wp-content\/uploads\/2023\/01\/notibras23.png\",\"width\":350,\"height\":87,\"caption\":\"Grupo Notibras de Comunica\u00e7\u00e3o\"},\"image\":{\"@id\":\"https:\/\/www.notibras.com\/site\/#\/schema\/logo\/image\/\"},\"sameAs\":[\"https:\/\/www.facebook.com\/notibras\/\",\"https:\/\/x.com\/Notibras\",\"https:\/\/www.instagram.com\/notibras\/\"]},{\"@type\":\"Person\",\"@id\":\"https:\/\/www.notibras.com\/site\/#\/schema\/person\/5b7fabf2aedc3ada2105f03b22b4d3dd\",\"name\":\"Eduardo Mart\u00ednez\",\"image\":{\"@type\":\"ImageObject\",\"inLanguage\":\"pt-BR\",\"@id\":\"https:\/\/secure.gravatar.com\/avatar\/7902f906289926289cbcda644b5197c796b893c6ffd7b9a536a42d290f7704a0?s=96&d=mm&r=g\",\"url\":\"https:\/\/secure.gravatar.com\/avatar\/7902f906289926289cbcda644b5197c796b893c6ffd7b9a536a42d290f7704a0?s=96&d=mm&r=g\",\"contentUrl\":\"https:\/\/secure.gravatar.com\/avatar\/7902f906289926289cbcda644b5197c796b893c6ffd7b9a536a42d290f7704a0?s=96&d=mm&r=g\",\"caption\":\"Eduardo Mart\u00ednez\"}}]}<\/script>\n<!-- \/ Yoast SEO plugin. -->","yoast_head_json":{"title":"In\u00edcio de s\u00e9rie de visitas de servidores a unidades de conserva\u00e7\u00e3o - Notibras","robots":{"index":"index","follow":"follow","max-snippet":"max-snippet:-1","max-image-preview":"max-image-preview:large","max-video-preview":"max-video-preview:-1"},"canonical":"https:\/\/www.notibras.com\/site\/inicio-de-serie-de-visitas-de-servidores-a-unidades-de-conservacao\/","og_locale":"pt_BR","og_type":"article","og_title":"In\u00edcio de s\u00e9rie de visitas de servidores a unidades de conserva\u00e7\u00e3o - Notibras","og_description":"A agenda ambiental na Administra\u00e7\u00e3o P\u00fablica (A3P) do Instituto Bras\u00edlia Ambiental deu in\u00edcio, nesta sexta-feira (6), no Parque Ecol\u00f3gico \u00c1guas Claras, \u00e0 s\u00e9rie de visitas \u00e0s unidades de conserva\u00e7\u00e3o (UCs) administradas pela autarquia. A iniciativa visa levar grupos de servidores do Instituto a conhecer in loco o que eles trabalham para proteger e preservar. Faz [&hellip;]","og_url":"https:\/\/www.notibras.com\/site\/inicio-de-serie-de-visitas-de-servidores-a-unidades-de-conservacao\/","og_site_name":"Notibras","article_publisher":"https:\/\/www.facebook.com\/notibras\/","article_published_time":"2026-02-07T04:00:45+00:00","og_image":[{"width":1600,"height":1200,"url":"https:\/\/www.notibras.com\/site\/wp-content\/uploads\/2026\/02\/Foto-4-Mat-Visita-A3P-PEAC-1.jpeg","type":"image\/jpeg"}],"author":"Eduardo Mart\u00ednez","twitter_card":"summary_large_image","twitter_creator":"@Notibras","twitter_site":"@Notibras","twitter_misc":{"Escrito por":"Eduardo Mart\u00ednez","Est. tempo de leitura":"4 minutos"},"schema":{"@context":"https:\/\/schema.org","@graph":[{"@type":"Article","@id":"https:\/\/www.notibras.com\/site\/inicio-de-serie-de-visitas-de-servidores-a-unidades-de-conservacao\/#article","isPartOf":{"@id":"https:\/\/www.notibras.com\/site\/inicio-de-serie-de-visitas-de-servidores-a-unidades-de-conservacao\/"},"author":{"name":"Eduardo Mart\u00ednez","@id":"https:\/\/www.notibras.com\/site\/#\/schema\/person\/5b7fabf2aedc3ada2105f03b22b4d3dd"},"headline":"In\u00edcio de s\u00e9rie de visitas de servidores a unidades de conserva\u00e7\u00e3o","datePublished":"2026-02-07T04:00:45+00:00","mainEntityOfPage":{"@id":"https:\/\/www.notibras.com\/site\/inicio-de-serie-de-visitas-de-servidores-a-unidades-de-conservacao\/"},"wordCount":773,"publisher":{"@id":"https:\/\/www.notibras.com\/site\/#organization"},"image":{"@id":"https:\/\/www.notibras.com\/site\/inicio-de-serie-de-visitas-de-servidores-a-unidades-de-conservacao\/#primaryimage"},"thumbnailUrl":"https:\/\/www.notibras.com\/site\/wp-content\/uploads\/2026\/02\/Foto-4-Mat-Visita-A3P-PEAC-1.jpeg","articleSection":["Quadradinho em Foco"],"inLanguage":"pt-BR"},{"@type":"WebPage","@id":"https:\/\/www.notibras.com\/site\/inicio-de-serie-de-visitas-de-servidores-a-unidades-de-conservacao\/","url":"https:\/\/www.notibras.com\/site\/inicio-de-serie-de-visitas-de-servidores-a-unidades-de-conservacao\/","name":"In\u00edcio de s\u00e9rie de visitas de servidores a unidades de conserva\u00e7\u00e3o - Notibras","isPartOf":{"@id":"https:\/\/www.notibras.com\/site\/#website"},"primaryImageOfPage":{"@id":"https:\/\/www.notibras.com\/site\/inicio-de-serie-de-visitas-de-servidores-a-unidades-de-conservacao\/#primaryimage"},"image":{"@id":"https:\/\/www.notibras.com\/site\/inicio-de-serie-de-visitas-de-servidores-a-unidades-de-conservacao\/#primaryimage"},"thumbnailUrl":"https:\/\/www.notibras.com\/site\/wp-content\/uploads\/2026\/02\/Foto-4-Mat-Visita-A3P-PEAC-1.jpeg","datePublished":"2026-02-07T04:00:45+00:00","breadcrumb":{"@id":"https:\/\/www.notibras.com\/site\/inicio-de-serie-de-visitas-de-servidores-a-unidades-de-conservacao\/#breadcrumb"},"inLanguage":"pt-BR","potentialAction":[{"@type":"ReadAction","target":["https:\/\/www.notibras.com\/site\/inicio-de-serie-de-visitas-de-servidores-a-unidades-de-conservacao\/"]}]},{"@type":"ImageObject","inLanguage":"pt-BR","@id":"https:\/\/www.notibras.com\/site\/inicio-de-serie-de-visitas-de-servidores-a-unidades-de-conservacao\/#primaryimage","url":"https:\/\/www.notibras.com\/site\/wp-content\/uploads\/2026\/02\/Foto-4-Mat-Visita-A3P-PEAC-1.jpeg","contentUrl":"https:\/\/www.notibras.com\/site\/wp-content\/uploads\/2026\/02\/Foto-4-Mat-Visita-A3P-PEAC-1.jpeg","width":1600,"height":1200},{"@type":"BreadcrumbList","@id":"https:\/\/www.notibras.com\/site\/inicio-de-serie-de-visitas-de-servidores-a-unidades-de-conservacao\/#breadcrumb","itemListElement":[{"@type":"ListItem","position":1,"name":"In\u00edcio","item":"https:\/\/www.notibras.com\/site\/"},{"@type":"ListItem","position":2,"name":"In\u00edcio de s\u00e9rie de visitas de servidores a unidades de conserva\u00e7\u00e3o"}]},{"@type":"WebSite","@id":"https:\/\/www.notibras.com\/site\/#website","url":"https:\/\/www.notibras.com\/site\/","name":"Notibras","description":"Not\u00edcias de Bras\u00edlia, do Brasil e do Mundo","publisher":{"@id":"https:\/\/www.notibras.com\/site\/#organization"},"potentialAction":[{"@type":"SearchAction","target":{"@type":"EntryPoint","urlTemplate":"https:\/\/www.notibras.com\/site\/?s={search_term_string}"},"query-input":{"@type":"PropertyValueSpecification","valueRequired":true,"valueName":"search_term_string"}}],"inLanguage":"pt-BR"},{"@type":"Organization","@id":"https:\/\/www.notibras.com\/site\/#organization","name":"Grupo Notibras de Comunica\u00e7\u00e3o","url":"https:\/\/www.notibras.com\/site\/","logo":{"@type":"ImageObject","inLanguage":"pt-BR","@id":"https:\/\/www.notibras.com\/site\/#\/schema\/logo\/image\/","url":"https:\/\/www.notibras.com\/site\/wp-content\/uploads\/2023\/01\/notibras23.png","contentUrl":"https:\/\/www.notibras.com\/site\/wp-content\/uploads\/2023\/01\/notibras23.png","width":350,"height":87,"caption":"Grupo Notibras de Comunica\u00e7\u00e3o"},"image":{"@id":"https:\/\/www.notibras.com\/site\/#\/schema\/logo\/image\/"},"sameAs":["https:\/\/www.facebook.com\/notibras\/","https:\/\/x.com\/Notibras","https:\/\/www.instagram.com\/notibras\/"]},{"@type":"Person","@id":"https:\/\/www.notibras.com\/site\/#\/schema\/person\/5b7fabf2aedc3ada2105f03b22b4d3dd","name":"Eduardo Mart\u00ednez","image":{"@type":"ImageObject","inLanguage":"pt-BR","@id":"https:\/\/secure.gravatar.com\/avatar\/7902f906289926289cbcda644b5197c796b893c6ffd7b9a536a42d290f7704a0?s=96&d=mm&r=g","url":"https:\/\/secure.gravatar.com\/avatar\/7902f906289926289cbcda644b5197c796b893c6ffd7b9a536a42d290f7704a0?s=96&d=mm&r=g","contentUrl":"https:\/\/secure.gravatar.com\/avatar\/7902f906289926289cbcda644b5197c796b893c6ffd7b9a536a42d290f7704a0?s=96&d=mm&r=g","caption":"Eduardo Mart\u00ednez"}}]}},"amp_enabled":true,"_links":{"self":[{"href":"https:\/\/www.notibras.com\/site\/wp-json\/wp\/v2\/posts\/382145","targetHints":{"allow":["GET"]}}],"collection":[{"href":"https:\/\/www.notibras.com\/site\/wp-json\/wp\/v2\/posts"}],"about":[{"href":"https:\/\/www.notibras.com\/site\/wp-json\/wp\/v2\/types\/post"}],"author":[{"embeddable":true,"href":"https:\/\/www.notibras.com\/site\/wp-json\/wp\/v2\/users\/21"}],"replies":[{"embeddable":true,"href":"https:\/\/www.notibras.com\/site\/wp-json\/wp\/v2\/comments?post=382145"}],"version-history":[{"count":2,"href":"https:\/\/www.notibras.com\/site\/wp-json\/wp\/v2\/posts\/382145\/revisions"}],"predecessor-version":[{"id":382148,"href":"https:\/\/www.notibras.com\/site\/wp-json\/wp\/v2\/posts\/382145\/revisions\/382148"}],"wp:featuredmedia":[{"embeddable":true,"href":"https:\/\/www.notibras.com\/site\/wp-json\/wp\/v2\/media\/382146"}],"wp:attachment":[{"href":"https:\/\/www.notibras.com\/site\/wp-json\/wp\/v2\/media?parent=382145"}],"wp:term":[{"taxonomy":"category","embeddable":true,"href":"https:\/\/www.notibras.com\/site\/wp-json\/wp\/v2\/categories?post=382145"},{"taxonomy":"post_tag","embeddable":true,"href":"https:\/\/www.notibras.com\/site\/wp-json\/wp\/v2\/tags?post=382145"}],"curies":[{"name":"wp","href":"https:\/\/api.w.org\/{rel}","templated":true}]}}