{"id":382182,"date":"2026-02-08T02:00:38","date_gmt":"2026-02-08T05:00:38","guid":{"rendered":"https:\/\/www.notibras.com\/site\/?p=382182"},"modified":"2026-02-07T03:23:26","modified_gmt":"2026-02-07T06:23:26","slug":"as-noites-solitarias-do-joao","status":"publish","type":"post","link":"https:\/\/www.notibras.com\/site\/as-noites-solitarias-do-joao\/","title":{"rendered":"As noites solit\u00e1rias do Jo\u00e3o"},"content":{"rendered":"<p>Acordou quando a tarde avan\u00e7ava de modo confiante para a noite, que prometia nada al\u00e9m do que o mesmo de sempre. Pensou por alguns instantes diante das op\u00e7\u00f5es e, com a face carregada de t\u00e9dio, decidiu por pedir uma pizza tamanho fam\u00edlia, ainda mais porque receber outro n\u00e3o de Laura estava fora de cogita\u00e7\u00e3o. Jo\u00e3o n\u00e3o suportaria ser rejeitado mais uma vez. Estaria a ex-namorada se vingando de anos de descaso?<\/p>\n<p>Lavou o rosto e encarou o reflexo, que se mostrava cada dia mais intransigente com os rumos que o homem tomara. O que Jo\u00e3o queria provar? E para quem? Se ele soubesse que Laura tolerara a falta de aten\u00e7\u00e3o por tanto tempo n\u00e3o por amor, mas pena, era poss\u00edvel que subisse no parapeito da janeta e saltasse para a morte, mesmo que morasse no t\u00e9rreo. Que ao menos os arranh\u00f5es o fizessem despertar para a realidade, j\u00e1 que a falta de bom-senso parecia perene.<\/p>\n<p>Bastor pegar o celular para que a d\u00favida pairasse novamente sobre o sujeito. Teria a mulher se arrendido de ter se negado a passar a noite com ele. Sim, certamente estaria aguardando que ele ligasse novamente. Talvez se fizesse de dif\u00edcil por uma ou duas frases, mas n\u00e3o resistiria quando ele dissesse: &#8220;Laura, meu amor, estou com saudade!&#8221;<\/p>\n<p>\u2014 Ah, Jo\u00e3o, v\u00e1 te catar! E n\u00e3o me ligue mais, pois o Carlos n\u00e3o gosta.<\/p>\n<p>E Laura desligou sem nem mesmo se despedir. Nem um &#8220;Tchau!&#8221; ou &#8220;At\u00e9 nunca mais!&#8221;. Mas quem era Carlos? Ele conhecia ao menos dois, mas um era um primo distante que morava em Portugal h\u00e1 mais de duas d\u00e9cadas, e nunca tivera em Bras\u00edlia. J\u00e1 o segundo, era um antigo colega de faculdade, mas que tamb\u00e9m n\u00e3o chegou a ter contato com Laura. Ou teve e ele n\u00e3o sabia? N\u00e3o, n\u00e3o e n\u00e3o! Mesmo assim, resolveu tirar a prova dos nove<\/p>\n<p>\u2014 Jo\u00e3o? H\u00e1 quanto tempo!<\/p>\n<p>\u2014 Sim.<\/p>\n<p>\u2014 E o que manda?<\/p>\n<p>\u2014 Voc\u00ea tem visto a Laura?<\/p>\n<p>\u2014 Laura? Que Laura?<\/p>\n<p>\u2014 Aquela garota que eu sa\u00eda.<\/p>\n<p>\u2014 Cara, n\u00e3o sei quem \u00e9 essa.<\/p>\n<p>\u2014 Ah, t\u00e1! Pensei que soubesse.<\/p>\n<p>\u2014 N\u00e3o.<\/p>\n<p>\u2014 Beleza, Carlos. Pensei que conhecesse. Ent\u00e3o, t\u00e1! Depois vamos marcar um chope.<\/p>\n<p>\u2014 Beleza. \u00c9 s\u00f3 marcar.<\/p>\n<p>\u2014 Valeu.<\/p>\n<p>\u2014 Valeu.<\/p>\n<p>Convencido de que o tal Carlos da Laura n\u00e3o era o seu colega, muito menos o primo que residia na Europa, Jo\u00e3o sentiu certo al\u00edvio. No entanto, antes que pudesse relaxar, eis que a ang\u00fastia se instalou de vez. Como seria esse Carlos? Essa d\u00favida o encheu de inseguran\u00e7as. A inc\u00f3gnita da apar\u00eancia do rival o fez voltar ao espelho e se indagar. Seria mais alto? Seria mais bonito? Era inteligente? Trabalhava com o qu\u00ea? Seria bom de cama? Carlos! Carlos! Carlos! Maldito Carlos!<\/p>\n<p>Pensou em ligar novamente para Laura. Precisava dirimir qualquer d\u00favida. Que ela o xingasse, Jo\u00e3o n\u00e3o mais se importava. Que o mandasse para o inferno, ele at\u00e9 iria, mas precisava saber, era quest\u00e3o de honra. E honra de homem ningu\u00e9m resvala.<\/p>\n<p>Jo\u00e3o pegou o telefone celular e ligou. Ocupado. Ligou novamente. E, mais uma vez, deu ocupado. Cheio de brio, o sujeito seguiu em frente e fez nova liga\u00e7\u00e3o. Ah, agora estava chamando. Pois Laura iria ouvir umas poucas e boas. Ah, se ia. Atendeu.<\/p>\n<p>\u2014 Uma pizza de calabreza tamanho fam\u00edlia, por favor.<\/p>\n<p><strong>\u2026\u2026\u2026\u2026\u2026\u2026\u2026\u2026<\/strong><\/p>\n<p><strong>Eduardo Mart\u00ednez \u00e9 autor do livro \u201957 Contos e Cr\u00f4nicas por um Autor Muito Velho\u2019 (Vencedor do Pr\u00eamio Liter\u00e1rio Clarice Lispector \u2013 2025 na categoria livro de contos).<\/strong><\/p>\n<p><strong>Compre aqui<\/strong><\/p>\n<p><a href=\"https:\/\/www.joanineditora.com.br\/57-contos-e-cronicas-por-um-autor-muito-velho\"><strong>https:\/\/www.joanineditora.com.br\/57-contos-e-cronicas-por-um-autor-muito-velho<\/strong><\/a><\/p>\n<div id=\"wpdevar_comment_4\"><\/div>\n","protected":false},"excerpt":{"rendered":"<p>Acordou quando a tarde avan\u00e7ava de modo confiante para a noite, que prometia nada al\u00e9m do que o mesmo de sempre. Pensou por alguns instantes diante das op\u00e7\u00f5es e, com a face carregada de t\u00e9dio, decidiu por pedir uma pizza tamanho fam\u00edlia, ainda mais porque receber outro n\u00e3o de Laura estava fora de cogita\u00e7\u00e3o. Jo\u00e3o [&hellip;]<\/p>\n","protected":false},"author":21,"featured_media":382183,"comment_status":"closed","ping_status":"closed","sticky":false,"template":"","format":"standard","meta":{"_acf_changed":false,"footnotes":""},"categories":[161],"tags":[],"class_list":["post-382182","post","type-post","status-publish","format-standard","has-post-thumbnail","hentry","category-quadradinho-em-foco"],"acf":[],"yoast_head":"<!-- This site is optimized with the Yoast SEO plugin v27.2 - https:\/\/yoast.com\/product\/yoast-seo-wordpress\/ -->\n<title>As noites solit\u00e1rias do Jo\u00e3o - Notibras<\/title>\n<meta name=\"robots\" content=\"index, follow, max-snippet:-1, max-image-preview:large, max-video-preview:-1\" \/>\n<link rel=\"canonical\" href=\"https:\/\/www.notibras.com\/site\/as-noites-solitarias-do-joao\/\" \/>\n<meta property=\"og:locale\" content=\"pt_BR\" \/>\n<meta property=\"og:type\" content=\"article\" \/>\n<meta property=\"og:title\" content=\"As noites solit\u00e1rias do Jo\u00e3o - Notibras\" \/>\n<meta property=\"og:description\" content=\"Acordou quando a tarde avan\u00e7ava de modo confiante para a noite, que prometia nada al\u00e9m do que o mesmo de sempre. Pensou por alguns instantes diante das op\u00e7\u00f5es e, com a face carregada de t\u00e9dio, decidiu por pedir uma pizza tamanho fam\u00edlia, ainda mais porque receber outro n\u00e3o de Laura estava fora de cogita\u00e7\u00e3o. Jo\u00e3o [&hellip;]\" \/>\n<meta property=\"og:url\" content=\"https:\/\/www.notibras.com\/site\/as-noites-solitarias-do-joao\/\" \/>\n<meta property=\"og:site_name\" content=\"Notibras\" \/>\n<meta property=\"article:publisher\" content=\"https:\/\/www.facebook.com\/notibras\/\" \/>\n<meta property=\"article:published_time\" content=\"2026-02-08T05:00:38+00:00\" \/>\n<meta property=\"og:image\" content=\"https:\/\/www.notibras.com\/site\/wp-content\/uploads\/2026\/02\/IMG_0977.jpg\" \/>\n\t<meta property=\"og:image:width\" content=\"1023\" \/>\n\t<meta property=\"og:image:height\" content=\"914\" \/>\n\t<meta property=\"og:image:type\" content=\"image\/jpeg\" \/>\n<meta name=\"author\" content=\"Eduardo Mart\u00ednez\" \/>\n<meta name=\"twitter:card\" content=\"summary_large_image\" \/>\n<meta name=\"twitter:creator\" content=\"@Notibras\" \/>\n<meta name=\"twitter:site\" content=\"@Notibras\" \/>\n<meta name=\"twitter:label1\" content=\"Escrito por\" \/>\n\t<meta name=\"twitter:data1\" content=\"Eduardo Mart\u00ednez\" \/>\n\t<meta name=\"twitter:label2\" content=\"Est. tempo de leitura\" \/>\n\t<meta name=\"twitter:data2\" content=\"4 minutos\" \/>\n<script type=\"application\/ld+json\" class=\"yoast-schema-graph\">{\"@context\":\"https:\/\/schema.org\",\"@graph\":[{\"@type\":\"Article\",\"@id\":\"https:\/\/www.notibras.com\/site\/as-noites-solitarias-do-joao\/#article\",\"isPartOf\":{\"@id\":\"https:\/\/www.notibras.com\/site\/as-noites-solitarias-do-joao\/\"},\"author\":{\"name\":\"Eduardo Mart\u00ednez\",\"@id\":\"https:\/\/www.notibras.com\/site\/#\/schema\/person\/5b7fabf2aedc3ada2105f03b22b4d3dd\"},\"headline\":\"As noites solit\u00e1rias do Jo\u00e3o\",\"datePublished\":\"2026-02-08T05:00:38+00:00\",\"mainEntityOfPage\":{\"@id\":\"https:\/\/www.notibras.com\/site\/as-noites-solitarias-do-joao\/\"},\"wordCount\":629,\"publisher\":{\"@id\":\"https:\/\/www.notibras.com\/site\/#organization\"},\"image\":{\"@id\":\"https:\/\/www.notibras.com\/site\/as-noites-solitarias-do-joao\/#primaryimage\"},\"thumbnailUrl\":\"https:\/\/www.notibras.com\/site\/wp-content\/uploads\/2026\/02\/IMG_0977.jpg\",\"articleSection\":[\"Quadradinho em Foco\"],\"inLanguage\":\"pt-BR\"},{\"@type\":\"WebPage\",\"@id\":\"https:\/\/www.notibras.com\/site\/as-noites-solitarias-do-joao\/\",\"url\":\"https:\/\/www.notibras.com\/site\/as-noites-solitarias-do-joao\/\",\"name\":\"As noites solit\u00e1rias do Jo\u00e3o - Notibras\",\"isPartOf\":{\"@id\":\"https:\/\/www.notibras.com\/site\/#website\"},\"primaryImageOfPage\":{\"@id\":\"https:\/\/www.notibras.com\/site\/as-noites-solitarias-do-joao\/#primaryimage\"},\"image\":{\"@id\":\"https:\/\/www.notibras.com\/site\/as-noites-solitarias-do-joao\/#primaryimage\"},\"thumbnailUrl\":\"https:\/\/www.notibras.com\/site\/wp-content\/uploads\/2026\/02\/IMG_0977.jpg\",\"datePublished\":\"2026-02-08T05:00:38+00:00\",\"breadcrumb\":{\"@id\":\"https:\/\/www.notibras.com\/site\/as-noites-solitarias-do-joao\/#breadcrumb\"},\"inLanguage\":\"pt-BR\",\"potentialAction\":[{\"@type\":\"ReadAction\",\"target\":[\"https:\/\/www.notibras.com\/site\/as-noites-solitarias-do-joao\/\"]}]},{\"@type\":\"ImageObject\",\"inLanguage\":\"pt-BR\",\"@id\":\"https:\/\/www.notibras.com\/site\/as-noites-solitarias-do-joao\/#primaryimage\",\"url\":\"https:\/\/www.notibras.com\/site\/wp-content\/uploads\/2026\/02\/IMG_0977.jpg\",\"contentUrl\":\"https:\/\/www.notibras.com\/site\/wp-content\/uploads\/2026\/02\/IMG_0977.jpg\",\"width\":1023,\"height\":914},{\"@type\":\"BreadcrumbList\",\"@id\":\"https:\/\/www.notibras.com\/site\/as-noites-solitarias-do-joao\/#breadcrumb\",\"itemListElement\":[{\"@type\":\"ListItem\",\"position\":1,\"name\":\"In\u00edcio\",\"item\":\"https:\/\/www.notibras.com\/site\/\"},{\"@type\":\"ListItem\",\"position\":2,\"name\":\"As noites solit\u00e1rias do Jo\u00e3o\"}]},{\"@type\":\"WebSite\",\"@id\":\"https:\/\/www.notibras.com\/site\/#website\",\"url\":\"https:\/\/www.notibras.com\/site\/\",\"name\":\"Notibras\",\"description\":\"Not\u00edcias de Bras\u00edlia, do Brasil e do Mundo\",\"publisher\":{\"@id\":\"https:\/\/www.notibras.com\/site\/#organization\"},\"potentialAction\":[{\"@type\":\"SearchAction\",\"target\":{\"@type\":\"EntryPoint\",\"urlTemplate\":\"https:\/\/www.notibras.com\/site\/?s={search_term_string}\"},\"query-input\":{\"@type\":\"PropertyValueSpecification\",\"valueRequired\":true,\"valueName\":\"search_term_string\"}}],\"inLanguage\":\"pt-BR\"},{\"@type\":\"Organization\",\"@id\":\"https:\/\/www.notibras.com\/site\/#organization\",\"name\":\"Grupo Notibras de Comunica\u00e7\u00e3o\",\"url\":\"https:\/\/www.notibras.com\/site\/\",\"logo\":{\"@type\":\"ImageObject\",\"inLanguage\":\"pt-BR\",\"@id\":\"https:\/\/www.notibras.com\/site\/#\/schema\/logo\/image\/\",\"url\":\"https:\/\/www.notibras.com\/site\/wp-content\/uploads\/2023\/01\/notibras23.png\",\"contentUrl\":\"https:\/\/www.notibras.com\/site\/wp-content\/uploads\/2023\/01\/notibras23.png\",\"width\":350,\"height\":87,\"caption\":\"Grupo Notibras de Comunica\u00e7\u00e3o\"},\"image\":{\"@id\":\"https:\/\/www.notibras.com\/site\/#\/schema\/logo\/image\/\"},\"sameAs\":[\"https:\/\/www.facebook.com\/notibras\/\",\"https:\/\/x.com\/Notibras\",\"https:\/\/www.instagram.com\/notibras\/\"]},{\"@type\":\"Person\",\"@id\":\"https:\/\/www.notibras.com\/site\/#\/schema\/person\/5b7fabf2aedc3ada2105f03b22b4d3dd\",\"name\":\"Eduardo Mart\u00ednez\",\"image\":{\"@type\":\"ImageObject\",\"inLanguage\":\"pt-BR\",\"@id\":\"https:\/\/secure.gravatar.com\/avatar\/7902f906289926289cbcda644b5197c796b893c6ffd7b9a536a42d290f7704a0?s=96&d=mm&r=g\",\"url\":\"https:\/\/secure.gravatar.com\/avatar\/7902f906289926289cbcda644b5197c796b893c6ffd7b9a536a42d290f7704a0?s=96&d=mm&r=g\",\"contentUrl\":\"https:\/\/secure.gravatar.com\/avatar\/7902f906289926289cbcda644b5197c796b893c6ffd7b9a536a42d290f7704a0?s=96&d=mm&r=g\",\"caption\":\"Eduardo Mart\u00ednez\"}}]}<\/script>\n<!-- \/ Yoast SEO plugin. -->","yoast_head_json":{"title":"As noites solit\u00e1rias do Jo\u00e3o - Notibras","robots":{"index":"index","follow":"follow","max-snippet":"max-snippet:-1","max-image-preview":"max-image-preview:large","max-video-preview":"max-video-preview:-1"},"canonical":"https:\/\/www.notibras.com\/site\/as-noites-solitarias-do-joao\/","og_locale":"pt_BR","og_type":"article","og_title":"As noites solit\u00e1rias do Jo\u00e3o - Notibras","og_description":"Acordou quando a tarde avan\u00e7ava de modo confiante para a noite, que prometia nada al\u00e9m do que o mesmo de sempre. Pensou por alguns instantes diante das op\u00e7\u00f5es e, com a face carregada de t\u00e9dio, decidiu por pedir uma pizza tamanho fam\u00edlia, ainda mais porque receber outro n\u00e3o de Laura estava fora de cogita\u00e7\u00e3o. Jo\u00e3o [&hellip;]","og_url":"https:\/\/www.notibras.com\/site\/as-noites-solitarias-do-joao\/","og_site_name":"Notibras","article_publisher":"https:\/\/www.facebook.com\/notibras\/","article_published_time":"2026-02-08T05:00:38+00:00","og_image":[{"width":1023,"height":914,"url":"https:\/\/www.notibras.com\/site\/wp-content\/uploads\/2026\/02\/IMG_0977.jpg","type":"image\/jpeg"}],"author":"Eduardo Mart\u00ednez","twitter_card":"summary_large_image","twitter_creator":"@Notibras","twitter_site":"@Notibras","twitter_misc":{"Escrito por":"Eduardo Mart\u00ednez","Est. tempo de leitura":"4 minutos"},"schema":{"@context":"https:\/\/schema.org","@graph":[{"@type":"Article","@id":"https:\/\/www.notibras.com\/site\/as-noites-solitarias-do-joao\/#article","isPartOf":{"@id":"https:\/\/www.notibras.com\/site\/as-noites-solitarias-do-joao\/"},"author":{"name":"Eduardo Mart\u00ednez","@id":"https:\/\/www.notibras.com\/site\/#\/schema\/person\/5b7fabf2aedc3ada2105f03b22b4d3dd"},"headline":"As noites solit\u00e1rias do Jo\u00e3o","datePublished":"2026-02-08T05:00:38+00:00","mainEntityOfPage":{"@id":"https:\/\/www.notibras.com\/site\/as-noites-solitarias-do-joao\/"},"wordCount":629,"publisher":{"@id":"https:\/\/www.notibras.com\/site\/#organization"},"image":{"@id":"https:\/\/www.notibras.com\/site\/as-noites-solitarias-do-joao\/#primaryimage"},"thumbnailUrl":"https:\/\/www.notibras.com\/site\/wp-content\/uploads\/2026\/02\/IMG_0977.jpg","articleSection":["Quadradinho em Foco"],"inLanguage":"pt-BR"},{"@type":"WebPage","@id":"https:\/\/www.notibras.com\/site\/as-noites-solitarias-do-joao\/","url":"https:\/\/www.notibras.com\/site\/as-noites-solitarias-do-joao\/","name":"As noites solit\u00e1rias do Jo\u00e3o - Notibras","isPartOf":{"@id":"https:\/\/www.notibras.com\/site\/#website"},"primaryImageOfPage":{"@id":"https:\/\/www.notibras.com\/site\/as-noites-solitarias-do-joao\/#primaryimage"},"image":{"@id":"https:\/\/www.notibras.com\/site\/as-noites-solitarias-do-joao\/#primaryimage"},"thumbnailUrl":"https:\/\/www.notibras.com\/site\/wp-content\/uploads\/2026\/02\/IMG_0977.jpg","datePublished":"2026-02-08T05:00:38+00:00","breadcrumb":{"@id":"https:\/\/www.notibras.com\/site\/as-noites-solitarias-do-joao\/#breadcrumb"},"inLanguage":"pt-BR","potentialAction":[{"@type":"ReadAction","target":["https:\/\/www.notibras.com\/site\/as-noites-solitarias-do-joao\/"]}]},{"@type":"ImageObject","inLanguage":"pt-BR","@id":"https:\/\/www.notibras.com\/site\/as-noites-solitarias-do-joao\/#primaryimage","url":"https:\/\/www.notibras.com\/site\/wp-content\/uploads\/2026\/02\/IMG_0977.jpg","contentUrl":"https:\/\/www.notibras.com\/site\/wp-content\/uploads\/2026\/02\/IMG_0977.jpg","width":1023,"height":914},{"@type":"BreadcrumbList","@id":"https:\/\/www.notibras.com\/site\/as-noites-solitarias-do-joao\/#breadcrumb","itemListElement":[{"@type":"ListItem","position":1,"name":"In\u00edcio","item":"https:\/\/www.notibras.com\/site\/"},{"@type":"ListItem","position":2,"name":"As noites solit\u00e1rias do Jo\u00e3o"}]},{"@type":"WebSite","@id":"https:\/\/www.notibras.com\/site\/#website","url":"https:\/\/www.notibras.com\/site\/","name":"Notibras","description":"Not\u00edcias de Bras\u00edlia, do Brasil e do Mundo","publisher":{"@id":"https:\/\/www.notibras.com\/site\/#organization"},"potentialAction":[{"@type":"SearchAction","target":{"@type":"EntryPoint","urlTemplate":"https:\/\/www.notibras.com\/site\/?s={search_term_string}"},"query-input":{"@type":"PropertyValueSpecification","valueRequired":true,"valueName":"search_term_string"}}],"inLanguage":"pt-BR"},{"@type":"Organization","@id":"https:\/\/www.notibras.com\/site\/#organization","name":"Grupo Notibras de Comunica\u00e7\u00e3o","url":"https:\/\/www.notibras.com\/site\/","logo":{"@type":"ImageObject","inLanguage":"pt-BR","@id":"https:\/\/www.notibras.com\/site\/#\/schema\/logo\/image\/","url":"https:\/\/www.notibras.com\/site\/wp-content\/uploads\/2023\/01\/notibras23.png","contentUrl":"https:\/\/www.notibras.com\/site\/wp-content\/uploads\/2023\/01\/notibras23.png","width":350,"height":87,"caption":"Grupo Notibras de Comunica\u00e7\u00e3o"},"image":{"@id":"https:\/\/www.notibras.com\/site\/#\/schema\/logo\/image\/"},"sameAs":["https:\/\/www.facebook.com\/notibras\/","https:\/\/x.com\/Notibras","https:\/\/www.instagram.com\/notibras\/"]},{"@type":"Person","@id":"https:\/\/www.notibras.com\/site\/#\/schema\/person\/5b7fabf2aedc3ada2105f03b22b4d3dd","name":"Eduardo Mart\u00ednez","image":{"@type":"ImageObject","inLanguage":"pt-BR","@id":"https:\/\/secure.gravatar.com\/avatar\/7902f906289926289cbcda644b5197c796b893c6ffd7b9a536a42d290f7704a0?s=96&d=mm&r=g","url":"https:\/\/secure.gravatar.com\/avatar\/7902f906289926289cbcda644b5197c796b893c6ffd7b9a536a42d290f7704a0?s=96&d=mm&r=g","contentUrl":"https:\/\/secure.gravatar.com\/avatar\/7902f906289926289cbcda644b5197c796b893c6ffd7b9a536a42d290f7704a0?s=96&d=mm&r=g","caption":"Eduardo Mart\u00ednez"}}]}},"amp_enabled":true,"_links":{"self":[{"href":"https:\/\/www.notibras.com\/site\/wp-json\/wp\/v2\/posts\/382182","targetHints":{"allow":["GET"]}}],"collection":[{"href":"https:\/\/www.notibras.com\/site\/wp-json\/wp\/v2\/posts"}],"about":[{"href":"https:\/\/www.notibras.com\/site\/wp-json\/wp\/v2\/types\/post"}],"author":[{"embeddable":true,"href":"https:\/\/www.notibras.com\/site\/wp-json\/wp\/v2\/users\/21"}],"replies":[{"embeddable":true,"href":"https:\/\/www.notibras.com\/site\/wp-json\/wp\/v2\/comments?post=382182"}],"version-history":[{"count":2,"href":"https:\/\/www.notibras.com\/site\/wp-json\/wp\/v2\/posts\/382182\/revisions"}],"predecessor-version":[{"id":382185,"href":"https:\/\/www.notibras.com\/site\/wp-json\/wp\/v2\/posts\/382182\/revisions\/382185"}],"wp:featuredmedia":[{"embeddable":true,"href":"https:\/\/www.notibras.com\/site\/wp-json\/wp\/v2\/media\/382183"}],"wp:attachment":[{"href":"https:\/\/www.notibras.com\/site\/wp-json\/wp\/v2\/media?parent=382182"}],"wp:term":[{"taxonomy":"category","embeddable":true,"href":"https:\/\/www.notibras.com\/site\/wp-json\/wp\/v2\/categories?post=382182"},{"taxonomy":"post_tag","embeddable":true,"href":"https:\/\/www.notibras.com\/site\/wp-json\/wp\/v2\/tags?post=382182"}],"curies":[{"name":"wp","href":"https:\/\/api.w.org\/{rel}","templated":true}]}}