{"id":382266,"date":"2026-02-07T10:11:39","date_gmt":"2026-02-07T13:11:39","guid":{"rendered":"https:\/\/www.notibras.com\/site\/?p=382266"},"modified":"2026-02-07T12:08:08","modified_gmt":"2026-02-07T15:08:08","slug":"quem-mata-por-um-chiclete-nao-serve-para-viver-livre-em-sociedade","status":"publish","type":"post","link":"https:\/\/www.notibras.com\/site\/quem-mata-por-um-chiclete-nao-serve-para-viver-livre-em-sociedade\/","title":{"rendered":"Quem mata por um chiclete n\u00e3o serve para viver livre em sociedade"},"content":{"rendered":"<p class=\"v1gmail-MsoBodyText\">No Brasil dos meus tempos, a vida valia versos e can\u00e7\u00f5es inesquec\u00edveis. Hoje, ela vale um par de t\u00eanis, um celular, uma bike e, no pior dos cen\u00e1rios, um chiclete mascado. Foi-se a \u00e9poca em que os jovens tinham limites em casa, na escola e na rua. Fui um deles e, apesar de toda a rebeldia inerente \u00e0 idade, jamais achei normal agredir e matar por futilidades. Brancos, negros, ricos e pobres recebiam a li\u00e7\u00e3o na escola e depois faziam a prova. Atualmente, a juventude que pode tudo faz a prova e depois recebe a li\u00e7\u00e3o.<\/p>\n<p class=\"v1gmail-MsoBodyText\">\u00c9 claro que h\u00e1 exce\u00e7\u00f5es. E s\u00e3o muitos os jovens que desfrutam, com paz e normalidade, da simplicidade e das incertezas da vida. H\u00e1, por\u00e9m, os que preferem as trevas, que n\u00e3o conseguem ser vistos como pessoas normais e respeitadoras e, por isso, n\u00e3o veem e n\u00e3o respeitam nada e nem ningu\u00e9m. S\u00e3o superiores e isso lhes basta. Seria esse o caso do ex-piloto Pedro Arthur Turra Basso, de 19 anos? Com certeza!<\/p>\n<p class=\"v1gmail-MsoBodyText\">O que mais explicaria seu animalesco e perverso gesto de espancar um adolescente de 16 anos, abandon\u00e1-lo agonizando e achar que cumpriu seu papel de macho mais forte e economicamente mais aquinhoado? O desrespeito ao pr\u00f3ximo \u00e9 capaz de fechar uma porta que nenhuma desculpa \u00e9 capaz de abrir de novo. Ao preferir desconhecer o dever e a justi\u00e7a para dar satisfa\u00e7\u00e3o ao orgulho da for\u00e7a do poder, Arthur Turra fechou a dele com tranca enferrujada, daquelas que, caso um dia seja aberta, ser\u00e1 para o desprezo de seus iguais.<\/p>\n<p class=\"v1gmail-MsoBodyText\">Arthur n\u00e3o apenas agrediu. Ele matou um semelhante e merece todo o rigor da lei. Em algum momento, o piloto assassino deve ter ouvido em fam\u00edlia que, na vida, tudo tem pre\u00e7o. Nela, n\u00e3o existe castigo, tampouco recompensa. Tudo \u00e9 resultado. O plantio \u00e9 livre, mas a colheita \u00e9 obrigat\u00f3ria. Portanto, a prov\u00e1vel condena\u00e7\u00e3o e o castigo da longa pris\u00e3o ser\u00e3o somente a consequ\u00eancia do mal que ele mesmo plantou. Com certeza o que Arthur Turra n\u00e3o ouviu em casa, na escola ou na rua \u00e9 que a vida \u00e9 como um restaurante: ningu\u00e9m vai embora sem pagar a d\u00edvida.<\/p>\n<p class=\"v1gmail-MsoBodyText\">A lei do retorno estabelece que aqui se faz, aqui se paga. O mais triste \u00e9 que quem n\u00e3o faz tamb\u00e9m paga. O menino agredido morreu por conta da sanha tir\u00e2nica de algu\u00e9m que n\u00e3o serve para viver em sociedade. Lamento por seus familiares, mas Arthur Turra n\u00e3o far\u00e1 falta \u00e0 comunidade. Ele fez seu n\u00famero, divertiu a alguns e principalmente a si mesmo. Chegou a hora dele sair de cena. Pelo menos deixar o cen\u00e1rio em que se achava o dono do mundo. O novo palco certamente o far\u00e1 perceber que toda araruta tem seu dia de mingau.<\/p>\n<p class=\"v1gmail-MsoBodyText\">N\u00e3o ser\u00e1 f\u00e1cil para a fam\u00edlia do menino assassinado virar a p\u00e1gina, refazer a mala e voltar a viver como se nada tivesse acontecido. Entretanto, coisas boas sempre acontecem para aqueles que sofrem, mas esperam. Arthur Turra n\u00e3o aprendeu, mas que os pais, irm\u00e3os, tios, primos e afins do adolescente saibam que a vida n\u00e3o \u00e9 encontrar a si mesmo. A vida \u00e9 criar a si mesmo. Quanto ao piloto Arthur Turra, a conclus\u00e3o \u00e9 simples:\u00a0 vida \u00e9 para quem sabe viver. Ele n\u00e3o soube, n\u00e3o sabe e jamais saber\u00e1.<\/p>\n<p>&#8230;&#8230;&#8230;.<\/p>\n<p><strong>Heliodoro Quaresma, jornalista aposentado, tem sua velha Remington como trof\u00e9u na estante da sala e usa um Notebook para escrever artigos para Notibras<\/strong><\/p>\n","protected":false},"excerpt":{"rendered":"<p>No Brasil dos meus tempos, a vida valia versos e can\u00e7\u00f5es inesquec\u00edveis. Hoje, ela vale um par de t\u00eanis, um celular, uma bike e, no pior dos cen\u00e1rios, um chiclete mascado. Foi-se a \u00e9poca em que os jovens tinham limites em casa, na escola e na rua. Fui um deles e, apesar de toda a [&hellip;]<\/p>\n","protected":false},"author":2,"featured_media":381219,"comment_status":"closed","ping_status":"closed","sticky":false,"template":"","format":"standard","meta":{"_acf_changed":false,"footnotes":""},"categories":[161],"tags":[95],"class_list":["post-382266","post","type-post","status-publish","format-standard","has-post-thumbnail","hentry","category-quadradinho-em-foco","tag-capa"],"acf":[],"yoast_head":"<!-- This site is optimized with the Yoast SEO plugin v27.2 - https:\/\/yoast.com\/product\/yoast-seo-wordpress\/ -->\n<title>Quem mata por um chiclete n\u00e3o serve para viver livre em sociedade - Notibras<\/title>\n<meta name=\"robots\" content=\"index, follow, max-snippet:-1, max-image-preview:large, max-video-preview:-1\" \/>\n<link rel=\"canonical\" href=\"https:\/\/www.notibras.com\/site\/quem-mata-por-um-chiclete-nao-serve-para-viver-livre-em-sociedade\/\" \/>\n<meta property=\"og:locale\" content=\"pt_BR\" \/>\n<meta property=\"og:type\" content=\"article\" \/>\n<meta property=\"og:title\" content=\"Quem mata por um chiclete n\u00e3o serve para viver livre em sociedade - Notibras\" \/>\n<meta property=\"og:description\" content=\"No Brasil dos meus tempos, a vida valia versos e can\u00e7\u00f5es inesquec\u00edveis. Hoje, ela vale um par de t\u00eanis, um celular, uma bike e, no pior dos cen\u00e1rios, um chiclete mascado. Foi-se a \u00e9poca em que os jovens tinham limites em casa, na escola e na rua. Fui um deles e, apesar de toda a [&hellip;]\" \/>\n<meta property=\"og:url\" content=\"https:\/\/www.notibras.com\/site\/quem-mata-por-um-chiclete-nao-serve-para-viver-livre-em-sociedade\/\" \/>\n<meta property=\"og:site_name\" content=\"Notibras\" \/>\n<meta property=\"article:publisher\" content=\"https:\/\/www.facebook.com\/notibras\/\" \/>\n<meta property=\"article:published_time\" content=\"2026-02-07T13:11:39+00:00\" \/>\n<meta property=\"article:modified_time\" content=\"2026-02-07T15:08:08+00:00\" \/>\n<meta property=\"og:image\" content=\"https:\/\/www.notibras.com\/site\/wp-content\/uploads\/2026\/01\/pedro-turra.webp\" \/>\n\t<meta property=\"og:image:width\" content=\"900\" \/>\n\t<meta property=\"og:image:height\" content=\"579\" \/>\n\t<meta property=\"og:image:type\" content=\"image\/webp\" \/>\n<meta name=\"author\" content=\"Reda\u00e7\u00e3o\" \/>\n<meta name=\"twitter:card\" content=\"summary_large_image\" \/>\n<meta name=\"twitter:creator\" content=\"@Notibras\" \/>\n<meta name=\"twitter:site\" content=\"@Notibras\" \/>\n<meta name=\"twitter:label1\" content=\"Escrito por\" \/>\n\t<meta name=\"twitter:data1\" content=\"Reda\u00e7\u00e3o\" \/>\n\t<meta name=\"twitter:label2\" content=\"Est. tempo de leitura\" \/>\n\t<meta name=\"twitter:data2\" content=\"4 minutos\" \/>\n<script type=\"application\/ld+json\" class=\"yoast-schema-graph\">{\"@context\":\"https:\/\/schema.org\",\"@graph\":[{\"@type\":\"Article\",\"@id\":\"https:\/\/www.notibras.com\/site\/quem-mata-por-um-chiclete-nao-serve-para-viver-livre-em-sociedade\/#article\",\"isPartOf\":{\"@id\":\"https:\/\/www.notibras.com\/site\/quem-mata-por-um-chiclete-nao-serve-para-viver-livre-em-sociedade\/\"},\"author\":{\"name\":\"Reda\u00e7\u00e3o\",\"@id\":\"https:\/\/www.notibras.com\/site\/#\/schema\/person\/36ab0979449956132d3e5b517ea76ac8\"},\"headline\":\"Quem mata por um chiclete n\u00e3o serve para viver livre em sociedade\",\"datePublished\":\"2026-02-07T13:11:39+00:00\",\"dateModified\":\"2026-02-07T15:08:08+00:00\",\"mainEntityOfPage\":{\"@id\":\"https:\/\/www.notibras.com\/site\/quem-mata-por-um-chiclete-nao-serve-para-viver-livre-em-sociedade\/\"},\"wordCount\":618,\"publisher\":{\"@id\":\"https:\/\/www.notibras.com\/site\/#organization\"},\"image\":{\"@id\":\"https:\/\/www.notibras.com\/site\/quem-mata-por-um-chiclete-nao-serve-para-viver-livre-em-sociedade\/#primaryimage\"},\"thumbnailUrl\":\"https:\/\/www.notibras.com\/site\/wp-content\/uploads\/2026\/01\/pedro-turra.webp\",\"keywords\":[\"capa\"],\"articleSection\":[\"Quadradinho em Foco\"],\"inLanguage\":\"pt-BR\"},{\"@type\":\"WebPage\",\"@id\":\"https:\/\/www.notibras.com\/site\/quem-mata-por-um-chiclete-nao-serve-para-viver-livre-em-sociedade\/\",\"url\":\"https:\/\/www.notibras.com\/site\/quem-mata-por-um-chiclete-nao-serve-para-viver-livre-em-sociedade\/\",\"name\":\"Quem mata por um chiclete n\u00e3o serve para viver livre em sociedade - Notibras\",\"isPartOf\":{\"@id\":\"https:\/\/www.notibras.com\/site\/#website\"},\"primaryImageOfPage\":{\"@id\":\"https:\/\/www.notibras.com\/site\/quem-mata-por-um-chiclete-nao-serve-para-viver-livre-em-sociedade\/#primaryimage\"},\"image\":{\"@id\":\"https:\/\/www.notibras.com\/site\/quem-mata-por-um-chiclete-nao-serve-para-viver-livre-em-sociedade\/#primaryimage\"},\"thumbnailUrl\":\"https:\/\/www.notibras.com\/site\/wp-content\/uploads\/2026\/01\/pedro-turra.webp\",\"datePublished\":\"2026-02-07T13:11:39+00:00\",\"dateModified\":\"2026-02-07T15:08:08+00:00\",\"breadcrumb\":{\"@id\":\"https:\/\/www.notibras.com\/site\/quem-mata-por-um-chiclete-nao-serve-para-viver-livre-em-sociedade\/#breadcrumb\"},\"inLanguage\":\"pt-BR\",\"potentialAction\":[{\"@type\":\"ReadAction\",\"target\":[\"https:\/\/www.notibras.com\/site\/quem-mata-por-um-chiclete-nao-serve-para-viver-livre-em-sociedade\/\"]}]},{\"@type\":\"ImageObject\",\"inLanguage\":\"pt-BR\",\"@id\":\"https:\/\/www.notibras.com\/site\/quem-mata-por-um-chiclete-nao-serve-para-viver-livre-em-sociedade\/#primaryimage\",\"url\":\"https:\/\/www.notibras.com\/site\/wp-content\/uploads\/2026\/01\/pedro-turra.webp\",\"contentUrl\":\"https:\/\/www.notibras.com\/site\/wp-content\/uploads\/2026\/01\/pedro-turra.webp\",\"width\":900,\"height\":579},{\"@type\":\"BreadcrumbList\",\"@id\":\"https:\/\/www.notibras.com\/site\/quem-mata-por-um-chiclete-nao-serve-para-viver-livre-em-sociedade\/#breadcrumb\",\"itemListElement\":[{\"@type\":\"ListItem\",\"position\":1,\"name\":\"In\u00edcio\",\"item\":\"https:\/\/www.notibras.com\/site\/\"},{\"@type\":\"ListItem\",\"position\":2,\"name\":\"Quem mata por um chiclete n\u00e3o serve para viver livre em sociedade\"}]},{\"@type\":\"WebSite\",\"@id\":\"https:\/\/www.notibras.com\/site\/#website\",\"url\":\"https:\/\/www.notibras.com\/site\/\",\"name\":\"Notibras\",\"description\":\"Not\u00edcias de Bras\u00edlia, do Brasil e do Mundo\",\"publisher\":{\"@id\":\"https:\/\/www.notibras.com\/site\/#organization\"},\"potentialAction\":[{\"@type\":\"SearchAction\",\"target\":{\"@type\":\"EntryPoint\",\"urlTemplate\":\"https:\/\/www.notibras.com\/site\/?s={search_term_string}\"},\"query-input\":{\"@type\":\"PropertyValueSpecification\",\"valueRequired\":true,\"valueName\":\"search_term_string\"}}],\"inLanguage\":\"pt-BR\"},{\"@type\":\"Organization\",\"@id\":\"https:\/\/www.notibras.com\/site\/#organization\",\"name\":\"Grupo Notibras de Comunica\u00e7\u00e3o\",\"url\":\"https:\/\/www.notibras.com\/site\/\",\"logo\":{\"@type\":\"ImageObject\",\"inLanguage\":\"pt-BR\",\"@id\":\"https:\/\/www.notibras.com\/site\/#\/schema\/logo\/image\/\",\"url\":\"https:\/\/www.notibras.com\/site\/wp-content\/uploads\/2023\/01\/notibras23.png\",\"contentUrl\":\"https:\/\/www.notibras.com\/site\/wp-content\/uploads\/2023\/01\/notibras23.png\",\"width\":350,\"height\":87,\"caption\":\"Grupo Notibras de Comunica\u00e7\u00e3o\"},\"image\":{\"@id\":\"https:\/\/www.notibras.com\/site\/#\/schema\/logo\/image\/\"},\"sameAs\":[\"https:\/\/www.facebook.com\/notibras\/\",\"https:\/\/x.com\/Notibras\",\"https:\/\/www.instagram.com\/notibras\/\"]},{\"@type\":\"Person\",\"@id\":\"https:\/\/www.notibras.com\/site\/#\/schema\/person\/36ab0979449956132d3e5b517ea76ac8\",\"name\":\"Reda\u00e7\u00e3o\",\"image\":{\"@type\":\"ImageObject\",\"inLanguage\":\"pt-BR\",\"@id\":\"https:\/\/secure.gravatar.com\/avatar\/e0a867bdedb85fd243eadf09663511f96fc81e0720a4a42581f334ad4303aa6b?s=96&d=mm&r=g\",\"url\":\"https:\/\/secure.gravatar.com\/avatar\/e0a867bdedb85fd243eadf09663511f96fc81e0720a4a42581f334ad4303aa6b?s=96&d=mm&r=g\",\"contentUrl\":\"https:\/\/secure.gravatar.com\/avatar\/e0a867bdedb85fd243eadf09663511f96fc81e0720a4a42581f334ad4303aa6b?s=96&d=mm&r=g\",\"caption\":\"Reda\u00e7\u00e3o\"}}]}<\/script>\n<!-- \/ Yoast SEO plugin. -->","yoast_head_json":{"title":"Quem mata por um chiclete n\u00e3o serve para viver livre em sociedade - Notibras","robots":{"index":"index","follow":"follow","max-snippet":"max-snippet:-1","max-image-preview":"max-image-preview:large","max-video-preview":"max-video-preview:-1"},"canonical":"https:\/\/www.notibras.com\/site\/quem-mata-por-um-chiclete-nao-serve-para-viver-livre-em-sociedade\/","og_locale":"pt_BR","og_type":"article","og_title":"Quem mata por um chiclete n\u00e3o serve para viver livre em sociedade - Notibras","og_description":"No Brasil dos meus tempos, a vida valia versos e can\u00e7\u00f5es inesquec\u00edveis. Hoje, ela vale um par de t\u00eanis, um celular, uma bike e, no pior dos cen\u00e1rios, um chiclete mascado. Foi-se a \u00e9poca em que os jovens tinham limites em casa, na escola e na rua. Fui um deles e, apesar de toda a [&hellip;]","og_url":"https:\/\/www.notibras.com\/site\/quem-mata-por-um-chiclete-nao-serve-para-viver-livre-em-sociedade\/","og_site_name":"Notibras","article_publisher":"https:\/\/www.facebook.com\/notibras\/","article_published_time":"2026-02-07T13:11:39+00:00","article_modified_time":"2026-02-07T15:08:08+00:00","og_image":[{"width":900,"height":579,"url":"https:\/\/www.notibras.com\/site\/wp-content\/uploads\/2026\/01\/pedro-turra.webp","type":"image\/webp"}],"author":"Reda\u00e7\u00e3o","twitter_card":"summary_large_image","twitter_creator":"@Notibras","twitter_site":"@Notibras","twitter_misc":{"Escrito por":"Reda\u00e7\u00e3o","Est. tempo de leitura":"4 minutos"},"schema":{"@context":"https:\/\/schema.org","@graph":[{"@type":"Article","@id":"https:\/\/www.notibras.com\/site\/quem-mata-por-um-chiclete-nao-serve-para-viver-livre-em-sociedade\/#article","isPartOf":{"@id":"https:\/\/www.notibras.com\/site\/quem-mata-por-um-chiclete-nao-serve-para-viver-livre-em-sociedade\/"},"author":{"name":"Reda\u00e7\u00e3o","@id":"https:\/\/www.notibras.com\/site\/#\/schema\/person\/36ab0979449956132d3e5b517ea76ac8"},"headline":"Quem mata por um chiclete n\u00e3o serve para viver livre em sociedade","datePublished":"2026-02-07T13:11:39+00:00","dateModified":"2026-02-07T15:08:08+00:00","mainEntityOfPage":{"@id":"https:\/\/www.notibras.com\/site\/quem-mata-por-um-chiclete-nao-serve-para-viver-livre-em-sociedade\/"},"wordCount":618,"publisher":{"@id":"https:\/\/www.notibras.com\/site\/#organization"},"image":{"@id":"https:\/\/www.notibras.com\/site\/quem-mata-por-um-chiclete-nao-serve-para-viver-livre-em-sociedade\/#primaryimage"},"thumbnailUrl":"https:\/\/www.notibras.com\/site\/wp-content\/uploads\/2026\/01\/pedro-turra.webp","keywords":["capa"],"articleSection":["Quadradinho em Foco"],"inLanguage":"pt-BR"},{"@type":"WebPage","@id":"https:\/\/www.notibras.com\/site\/quem-mata-por-um-chiclete-nao-serve-para-viver-livre-em-sociedade\/","url":"https:\/\/www.notibras.com\/site\/quem-mata-por-um-chiclete-nao-serve-para-viver-livre-em-sociedade\/","name":"Quem mata por um chiclete n\u00e3o serve para viver livre em sociedade - Notibras","isPartOf":{"@id":"https:\/\/www.notibras.com\/site\/#website"},"primaryImageOfPage":{"@id":"https:\/\/www.notibras.com\/site\/quem-mata-por-um-chiclete-nao-serve-para-viver-livre-em-sociedade\/#primaryimage"},"image":{"@id":"https:\/\/www.notibras.com\/site\/quem-mata-por-um-chiclete-nao-serve-para-viver-livre-em-sociedade\/#primaryimage"},"thumbnailUrl":"https:\/\/www.notibras.com\/site\/wp-content\/uploads\/2026\/01\/pedro-turra.webp","datePublished":"2026-02-07T13:11:39+00:00","dateModified":"2026-02-07T15:08:08+00:00","breadcrumb":{"@id":"https:\/\/www.notibras.com\/site\/quem-mata-por-um-chiclete-nao-serve-para-viver-livre-em-sociedade\/#breadcrumb"},"inLanguage":"pt-BR","potentialAction":[{"@type":"ReadAction","target":["https:\/\/www.notibras.com\/site\/quem-mata-por-um-chiclete-nao-serve-para-viver-livre-em-sociedade\/"]}]},{"@type":"ImageObject","inLanguage":"pt-BR","@id":"https:\/\/www.notibras.com\/site\/quem-mata-por-um-chiclete-nao-serve-para-viver-livre-em-sociedade\/#primaryimage","url":"https:\/\/www.notibras.com\/site\/wp-content\/uploads\/2026\/01\/pedro-turra.webp","contentUrl":"https:\/\/www.notibras.com\/site\/wp-content\/uploads\/2026\/01\/pedro-turra.webp","width":900,"height":579},{"@type":"BreadcrumbList","@id":"https:\/\/www.notibras.com\/site\/quem-mata-por-um-chiclete-nao-serve-para-viver-livre-em-sociedade\/#breadcrumb","itemListElement":[{"@type":"ListItem","position":1,"name":"In\u00edcio","item":"https:\/\/www.notibras.com\/site\/"},{"@type":"ListItem","position":2,"name":"Quem mata por um chiclete n\u00e3o serve para viver livre em sociedade"}]},{"@type":"WebSite","@id":"https:\/\/www.notibras.com\/site\/#website","url":"https:\/\/www.notibras.com\/site\/","name":"Notibras","description":"Not\u00edcias de Bras\u00edlia, do Brasil e do Mundo","publisher":{"@id":"https:\/\/www.notibras.com\/site\/#organization"},"potentialAction":[{"@type":"SearchAction","target":{"@type":"EntryPoint","urlTemplate":"https:\/\/www.notibras.com\/site\/?s={search_term_string}"},"query-input":{"@type":"PropertyValueSpecification","valueRequired":true,"valueName":"search_term_string"}}],"inLanguage":"pt-BR"},{"@type":"Organization","@id":"https:\/\/www.notibras.com\/site\/#organization","name":"Grupo Notibras de Comunica\u00e7\u00e3o","url":"https:\/\/www.notibras.com\/site\/","logo":{"@type":"ImageObject","inLanguage":"pt-BR","@id":"https:\/\/www.notibras.com\/site\/#\/schema\/logo\/image\/","url":"https:\/\/www.notibras.com\/site\/wp-content\/uploads\/2023\/01\/notibras23.png","contentUrl":"https:\/\/www.notibras.com\/site\/wp-content\/uploads\/2023\/01\/notibras23.png","width":350,"height":87,"caption":"Grupo Notibras de Comunica\u00e7\u00e3o"},"image":{"@id":"https:\/\/www.notibras.com\/site\/#\/schema\/logo\/image\/"},"sameAs":["https:\/\/www.facebook.com\/notibras\/","https:\/\/x.com\/Notibras","https:\/\/www.instagram.com\/notibras\/"]},{"@type":"Person","@id":"https:\/\/www.notibras.com\/site\/#\/schema\/person\/36ab0979449956132d3e5b517ea76ac8","name":"Reda\u00e7\u00e3o","image":{"@type":"ImageObject","inLanguage":"pt-BR","@id":"https:\/\/secure.gravatar.com\/avatar\/e0a867bdedb85fd243eadf09663511f96fc81e0720a4a42581f334ad4303aa6b?s=96&d=mm&r=g","url":"https:\/\/secure.gravatar.com\/avatar\/e0a867bdedb85fd243eadf09663511f96fc81e0720a4a42581f334ad4303aa6b?s=96&d=mm&r=g","contentUrl":"https:\/\/secure.gravatar.com\/avatar\/e0a867bdedb85fd243eadf09663511f96fc81e0720a4a42581f334ad4303aa6b?s=96&d=mm&r=g","caption":"Reda\u00e7\u00e3o"}}]}},"amp_enabled":true,"_links":{"self":[{"href":"https:\/\/www.notibras.com\/site\/wp-json\/wp\/v2\/posts\/382266","targetHints":{"allow":["GET"]}}],"collection":[{"href":"https:\/\/www.notibras.com\/site\/wp-json\/wp\/v2\/posts"}],"about":[{"href":"https:\/\/www.notibras.com\/site\/wp-json\/wp\/v2\/types\/post"}],"author":[{"embeddable":true,"href":"https:\/\/www.notibras.com\/site\/wp-json\/wp\/v2\/users\/2"}],"replies":[{"embeddable":true,"href":"https:\/\/www.notibras.com\/site\/wp-json\/wp\/v2\/comments?post=382266"}],"version-history":[{"count":3,"href":"https:\/\/www.notibras.com\/site\/wp-json\/wp\/v2\/posts\/382266\/revisions"}],"predecessor-version":[{"id":382270,"href":"https:\/\/www.notibras.com\/site\/wp-json\/wp\/v2\/posts\/382266\/revisions\/382270"}],"wp:featuredmedia":[{"embeddable":true,"href":"https:\/\/www.notibras.com\/site\/wp-json\/wp\/v2\/media\/381219"}],"wp:attachment":[{"href":"https:\/\/www.notibras.com\/site\/wp-json\/wp\/v2\/media?parent=382266"}],"wp:term":[{"taxonomy":"category","embeddable":true,"href":"https:\/\/www.notibras.com\/site\/wp-json\/wp\/v2\/categories?post=382266"},{"taxonomy":"post_tag","embeddable":true,"href":"https:\/\/www.notibras.com\/site\/wp-json\/wp\/v2\/tags?post=382266"}],"curies":[{"name":"wp","href":"https:\/\/api.w.org\/{rel}","templated":true}]}}