{"id":382271,"date":"2026-02-07T14:28:39","date_gmt":"2026-02-07T17:28:39","guid":{"rendered":"https:\/\/www.notibras.com\/site\/?p=382271"},"modified":"2026-02-07T14:31:25","modified_gmt":"2026-02-07T17:31:25","slug":"defesa-nega-que-ph-ex-presidente-do-brb-influa-na-nova-gestao","status":"publish","type":"post","link":"https:\/\/www.notibras.com\/site\/defesa-nega-que-ph-ex-presidente-do-brb-influa-na-nova-gestao\/","title":{"rendered":"Defesa nega que PH, ex-presidente do BRB, influa na nova gest\u00e3o"},"content":{"rendered":"<p>A defesa de Paulo Henrique Costa, por meio do advogado Cleber Lopes de Oliveira, manifestou, em nota, seu &#8216;mais firme rep\u00fadio&#8217; \u00e0s publica\u00e7\u00f5es que, sem qualquer base factual, tentam construir a narrativa de que o ex-presidente manteria influ\u00eancia sobre o Banco de Bras\u00edlia (BRB) ap\u00f3s o seu afastamento.<\/p>\n<p>Na interpreta\u00e7\u00e3o literal do texto divulgado por Cleber Lopes, trata-se de imputa\u00e7\u00e3o grave, irrespons\u00e1vel e divorciada da realidade. Desde que deixou o cargo, garante o advogado, Paulo Henrique Costa n\u00e3o exerce fun\u00e7\u00e3o na institui\u00e7\u00e3o, n\u00e3o participa de decis\u00f5es administrativas, n\u00e3o dirige, n\u00e3o sugere, n\u00e3o interfere e n\u00e3o mant\u00e9m qualquer v\u00ednculo de inger\u00eancia, formal ou informal, sobre a atual gest\u00e3o, dirigentes, empregados ou \u00e1reas t\u00e9cnicas.<\/p>\n<p>O entendimento \u00e9 o de que as mat\u00e9rias divulgadas apoiam-se exclusivamente em suposi\u00e7\u00f5es, ila\u00e7\u00f5es e interpreta\u00e7\u00f5es de terceiros. Isso porque n\u00e3o apresentam um \u00fanico documento, ato, mensagem ou testemunho id\u00f4neo que sustente a acusa\u00e7\u00e3o. E narrativas assim, &#8216;repetidas \u00e0 exaust\u00e3o, n\u00e3o se convertem em verdade&#8217;.<\/p>\n<p>O advogado Cleber Lopes manifesta preocupa\u00e7\u00e3o por avaliar que se tenta desqualificar a governan\u00e7a do BRB ao insinuar que a perman\u00eancia de quadros t\u00e9cnicos ou empregados concursados representaria obedi\u00eancia a um suposto &#8216;comando oculto&#8217;. Tal leitura, como vem sendo feita, afronta a institucionalidade do banco, diminui seus profissionais e ignora os mecanismos formais de controle, <em>compliance<\/em> e responsabilidade administrativa.<\/p>\n<p>Na opini\u00e3o do defensor de Paulo Henrique Costa, a liberdade de imprensa \u00e9 valor fundamental da democracia, mas n\u00e3o autoriza a propaga\u00e7\u00e3o de acusa\u00e7\u00f5es sem prova nem a produ\u00e7\u00e3o de danos reputacionais por meio de constru\u00e7\u00f5es ret\u00f3ricas. E quando esse limite \u00e9 ultrapassado, observa, &#8216;surgem consequ\u00eancias jur\u00eddicas&#8217;.<\/p>\n<p>A nota de Cleber Lopes encerra enfatizando que Paulo Henrique Costa mant\u00e9m plena confian\u00e7a no devido processo legal e na apura\u00e7\u00e3o objetiva dos fatos (numa refer\u00eancia espec\u00edfica ao caso BRB-Master) e pontua que &#8216;a verdade prevalecer\u00e1 sobre tentativas de explora\u00e7\u00e3o pol\u00edtica baseadas em fic\u00e7\u00f5es&#8217;.<\/p>\n<p>&#8230;&#8230;.<\/p>\n<p><strong>Marta Nobre \u00e9 Editora Executiva de Notibras<\/strong><\/p>\n","protected":false},"excerpt":{"rendered":"<p>A defesa de Paulo Henrique Costa, por meio do advogado Cleber Lopes de Oliveira, manifestou, em nota, seu &#8216;mais firme rep\u00fadio&#8217; \u00e0s publica\u00e7\u00f5es que, sem qualquer base factual, tentam construir a narrativa de que o ex-presidente manteria influ\u00eancia sobre o Banco de Bras\u00edlia (BRB) ap\u00f3s o seu afastamento. Na interpreta\u00e7\u00e3o literal do texto divulgado por [&hellip;]<\/p>\n","protected":false},"author":2,"featured_media":307439,"comment_status":"closed","ping_status":"closed","sticky":false,"template":"","format":"standard","meta":{"_acf_changed":false,"footnotes":""},"categories":[161],"tags":[95],"class_list":["post-382271","post","type-post","status-publish","format-standard","has-post-thumbnail","hentry","category-quadradinho-em-foco","tag-capa"],"acf":[],"yoast_head":"<!-- This site is optimized with the Yoast SEO plugin v27.2 - https:\/\/yoast.com\/product\/yoast-seo-wordpress\/ -->\n<title>Defesa nega que PH, ex-presidente do BRB, influa na nova gest\u00e3o - Notibras<\/title>\n<meta name=\"robots\" content=\"index, follow, max-snippet:-1, max-image-preview:large, max-video-preview:-1\" \/>\n<link rel=\"canonical\" href=\"https:\/\/www.notibras.com\/site\/defesa-nega-que-ph-ex-presidente-do-brb-influa-na-nova-gestao\/\" \/>\n<meta property=\"og:locale\" content=\"pt_BR\" \/>\n<meta property=\"og:type\" content=\"article\" \/>\n<meta property=\"og:title\" content=\"Defesa nega que PH, ex-presidente do BRB, influa na nova gest\u00e3o - Notibras\" \/>\n<meta property=\"og:description\" content=\"A defesa de Paulo Henrique Costa, por meio do advogado Cleber Lopes de Oliveira, manifestou, em nota, seu &#8216;mais firme rep\u00fadio&#8217; \u00e0s publica\u00e7\u00f5es que, sem qualquer base factual, tentam construir a narrativa de que o ex-presidente manteria influ\u00eancia sobre o Banco de Bras\u00edlia (BRB) ap\u00f3s o seu afastamento. Na interpreta\u00e7\u00e3o literal do texto divulgado por [&hellip;]\" \/>\n<meta property=\"og:url\" content=\"https:\/\/www.notibras.com\/site\/defesa-nega-que-ph-ex-presidente-do-brb-influa-na-nova-gestao\/\" \/>\n<meta property=\"og:site_name\" content=\"Notibras\" \/>\n<meta property=\"article:publisher\" content=\"https:\/\/www.facebook.com\/notibras\/\" \/>\n<meta property=\"article:published_time\" content=\"2026-02-07T17:28:39+00:00\" \/>\n<meta property=\"article:modified_time\" content=\"2026-02-07T17:31:25+00:00\" \/>\n<meta property=\"og:image\" content=\"https:\/\/www.notibras.com\/site\/wp-content\/uploads\/2023\/06\/phlide.jpg\" \/>\n\t<meta property=\"og:image:width\" content=\"1600\" \/>\n\t<meta property=\"og:image:height\" content=\"1066\" \/>\n\t<meta property=\"og:image:type\" content=\"image\/jpeg\" \/>\n<meta name=\"author\" content=\"Reda\u00e7\u00e3o\" \/>\n<meta name=\"twitter:card\" content=\"summary_large_image\" \/>\n<meta name=\"twitter:creator\" content=\"@Notibras\" \/>\n<meta name=\"twitter:site\" content=\"@Notibras\" \/>\n<meta name=\"twitter:label1\" content=\"Escrito por\" \/>\n\t<meta name=\"twitter:data1\" content=\"Reda\u00e7\u00e3o\" \/>\n\t<meta name=\"twitter:label2\" content=\"Est. tempo de leitura\" \/>\n\t<meta name=\"twitter:data2\" content=\"2 minutos\" \/>\n<script type=\"application\/ld+json\" class=\"yoast-schema-graph\">{\"@context\":\"https:\/\/schema.org\",\"@graph\":[{\"@type\":\"Article\",\"@id\":\"https:\/\/www.notibras.com\/site\/defesa-nega-que-ph-ex-presidente-do-brb-influa-na-nova-gestao\/#article\",\"isPartOf\":{\"@id\":\"https:\/\/www.notibras.com\/site\/defesa-nega-que-ph-ex-presidente-do-brb-influa-na-nova-gestao\/\"},\"author\":{\"name\":\"Reda\u00e7\u00e3o\",\"@id\":\"https:\/\/www.notibras.com\/site\/#\/schema\/person\/36ab0979449956132d3e5b517ea76ac8\"},\"headline\":\"Defesa nega que PH, ex-presidente do BRB, influa na nova gest\u00e3o\",\"datePublished\":\"2026-02-07T17:28:39+00:00\",\"dateModified\":\"2026-02-07T17:31:25+00:00\",\"mainEntityOfPage\":{\"@id\":\"https:\/\/www.notibras.com\/site\/defesa-nega-que-ph-ex-presidente-do-brb-influa-na-nova-gestao\/\"},\"wordCount\":374,\"publisher\":{\"@id\":\"https:\/\/www.notibras.com\/site\/#organization\"},\"image\":{\"@id\":\"https:\/\/www.notibras.com\/site\/defesa-nega-que-ph-ex-presidente-do-brb-influa-na-nova-gestao\/#primaryimage\"},\"thumbnailUrl\":\"https:\/\/www.notibras.com\/site\/wp-content\/uploads\/2023\/06\/phlide.jpg\",\"keywords\":[\"capa\"],\"articleSection\":[\"Quadradinho em Foco\"],\"inLanguage\":\"pt-BR\"},{\"@type\":\"WebPage\",\"@id\":\"https:\/\/www.notibras.com\/site\/defesa-nega-que-ph-ex-presidente-do-brb-influa-na-nova-gestao\/\",\"url\":\"https:\/\/www.notibras.com\/site\/defesa-nega-que-ph-ex-presidente-do-brb-influa-na-nova-gestao\/\",\"name\":\"Defesa nega que PH, ex-presidente do BRB, influa na nova gest\u00e3o - Notibras\",\"isPartOf\":{\"@id\":\"https:\/\/www.notibras.com\/site\/#website\"},\"primaryImageOfPage\":{\"@id\":\"https:\/\/www.notibras.com\/site\/defesa-nega-que-ph-ex-presidente-do-brb-influa-na-nova-gestao\/#primaryimage\"},\"image\":{\"@id\":\"https:\/\/www.notibras.com\/site\/defesa-nega-que-ph-ex-presidente-do-brb-influa-na-nova-gestao\/#primaryimage\"},\"thumbnailUrl\":\"https:\/\/www.notibras.com\/site\/wp-content\/uploads\/2023\/06\/phlide.jpg\",\"datePublished\":\"2026-02-07T17:28:39+00:00\",\"dateModified\":\"2026-02-07T17:31:25+00:00\",\"breadcrumb\":{\"@id\":\"https:\/\/www.notibras.com\/site\/defesa-nega-que-ph-ex-presidente-do-brb-influa-na-nova-gestao\/#breadcrumb\"},\"inLanguage\":\"pt-BR\",\"potentialAction\":[{\"@type\":\"ReadAction\",\"target\":[\"https:\/\/www.notibras.com\/site\/defesa-nega-que-ph-ex-presidente-do-brb-influa-na-nova-gestao\/\"]}]},{\"@type\":\"ImageObject\",\"inLanguage\":\"pt-BR\",\"@id\":\"https:\/\/www.notibras.com\/site\/defesa-nega-que-ph-ex-presidente-do-brb-influa-na-nova-gestao\/#primaryimage\",\"url\":\"https:\/\/www.notibras.com\/site\/wp-content\/uploads\/2023\/06\/phlide.jpg\",\"contentUrl\":\"https:\/\/www.notibras.com\/site\/wp-content\/uploads\/2023\/06\/phlide.jpg\",\"width\":1600,\"height\":1066},{\"@type\":\"BreadcrumbList\",\"@id\":\"https:\/\/www.notibras.com\/site\/defesa-nega-que-ph-ex-presidente-do-brb-influa-na-nova-gestao\/#breadcrumb\",\"itemListElement\":[{\"@type\":\"ListItem\",\"position\":1,\"name\":\"In\u00edcio\",\"item\":\"https:\/\/www.notibras.com\/site\/\"},{\"@type\":\"ListItem\",\"position\":2,\"name\":\"Defesa nega que PH, ex-presidente do BRB, influa na nova gest\u00e3o\"}]},{\"@type\":\"WebSite\",\"@id\":\"https:\/\/www.notibras.com\/site\/#website\",\"url\":\"https:\/\/www.notibras.com\/site\/\",\"name\":\"Notibras\",\"description\":\"Not\u00edcias de Bras\u00edlia, do Brasil e do Mundo\",\"publisher\":{\"@id\":\"https:\/\/www.notibras.com\/site\/#organization\"},\"potentialAction\":[{\"@type\":\"SearchAction\",\"target\":{\"@type\":\"EntryPoint\",\"urlTemplate\":\"https:\/\/www.notibras.com\/site\/?s={search_term_string}\"},\"query-input\":{\"@type\":\"PropertyValueSpecification\",\"valueRequired\":true,\"valueName\":\"search_term_string\"}}],\"inLanguage\":\"pt-BR\"},{\"@type\":\"Organization\",\"@id\":\"https:\/\/www.notibras.com\/site\/#organization\",\"name\":\"Grupo Notibras de Comunica\u00e7\u00e3o\",\"url\":\"https:\/\/www.notibras.com\/site\/\",\"logo\":{\"@type\":\"ImageObject\",\"inLanguage\":\"pt-BR\",\"@id\":\"https:\/\/www.notibras.com\/site\/#\/schema\/logo\/image\/\",\"url\":\"https:\/\/www.notibras.com\/site\/wp-content\/uploads\/2023\/01\/notibras23.png\",\"contentUrl\":\"https:\/\/www.notibras.com\/site\/wp-content\/uploads\/2023\/01\/notibras23.png\",\"width\":350,\"height\":87,\"caption\":\"Grupo Notibras de Comunica\u00e7\u00e3o\"},\"image\":{\"@id\":\"https:\/\/www.notibras.com\/site\/#\/schema\/logo\/image\/\"},\"sameAs\":[\"https:\/\/www.facebook.com\/notibras\/\",\"https:\/\/x.com\/Notibras\",\"https:\/\/www.instagram.com\/notibras\/\"]},{\"@type\":\"Person\",\"@id\":\"https:\/\/www.notibras.com\/site\/#\/schema\/person\/36ab0979449956132d3e5b517ea76ac8\",\"name\":\"Reda\u00e7\u00e3o\",\"image\":{\"@type\":\"ImageObject\",\"inLanguage\":\"pt-BR\",\"@id\":\"https:\/\/secure.gravatar.com\/avatar\/e0a867bdedb85fd243eadf09663511f96fc81e0720a4a42581f334ad4303aa6b?s=96&d=mm&r=g\",\"url\":\"https:\/\/secure.gravatar.com\/avatar\/e0a867bdedb85fd243eadf09663511f96fc81e0720a4a42581f334ad4303aa6b?s=96&d=mm&r=g\",\"contentUrl\":\"https:\/\/secure.gravatar.com\/avatar\/e0a867bdedb85fd243eadf09663511f96fc81e0720a4a42581f334ad4303aa6b?s=96&d=mm&r=g\",\"caption\":\"Reda\u00e7\u00e3o\"}}]}<\/script>\n<!-- \/ Yoast SEO plugin. -->","yoast_head_json":{"title":"Defesa nega que PH, ex-presidente do BRB, influa na nova gest\u00e3o - Notibras","robots":{"index":"index","follow":"follow","max-snippet":"max-snippet:-1","max-image-preview":"max-image-preview:large","max-video-preview":"max-video-preview:-1"},"canonical":"https:\/\/www.notibras.com\/site\/defesa-nega-que-ph-ex-presidente-do-brb-influa-na-nova-gestao\/","og_locale":"pt_BR","og_type":"article","og_title":"Defesa nega que PH, ex-presidente do BRB, influa na nova gest\u00e3o - Notibras","og_description":"A defesa de Paulo Henrique Costa, por meio do advogado Cleber Lopes de Oliveira, manifestou, em nota, seu &#8216;mais firme rep\u00fadio&#8217; \u00e0s publica\u00e7\u00f5es que, sem qualquer base factual, tentam construir a narrativa de que o ex-presidente manteria influ\u00eancia sobre o Banco de Bras\u00edlia (BRB) ap\u00f3s o seu afastamento. Na interpreta\u00e7\u00e3o literal do texto divulgado por [&hellip;]","og_url":"https:\/\/www.notibras.com\/site\/defesa-nega-que-ph-ex-presidente-do-brb-influa-na-nova-gestao\/","og_site_name":"Notibras","article_publisher":"https:\/\/www.facebook.com\/notibras\/","article_published_time":"2026-02-07T17:28:39+00:00","article_modified_time":"2026-02-07T17:31:25+00:00","og_image":[{"width":1600,"height":1066,"url":"https:\/\/www.notibras.com\/site\/wp-content\/uploads\/2023\/06\/phlide.jpg","type":"image\/jpeg"}],"author":"Reda\u00e7\u00e3o","twitter_card":"summary_large_image","twitter_creator":"@Notibras","twitter_site":"@Notibras","twitter_misc":{"Escrito por":"Reda\u00e7\u00e3o","Est. tempo de leitura":"2 minutos"},"schema":{"@context":"https:\/\/schema.org","@graph":[{"@type":"Article","@id":"https:\/\/www.notibras.com\/site\/defesa-nega-que-ph-ex-presidente-do-brb-influa-na-nova-gestao\/#article","isPartOf":{"@id":"https:\/\/www.notibras.com\/site\/defesa-nega-que-ph-ex-presidente-do-brb-influa-na-nova-gestao\/"},"author":{"name":"Reda\u00e7\u00e3o","@id":"https:\/\/www.notibras.com\/site\/#\/schema\/person\/36ab0979449956132d3e5b517ea76ac8"},"headline":"Defesa nega que PH, ex-presidente do BRB, influa na nova gest\u00e3o","datePublished":"2026-02-07T17:28:39+00:00","dateModified":"2026-02-07T17:31:25+00:00","mainEntityOfPage":{"@id":"https:\/\/www.notibras.com\/site\/defesa-nega-que-ph-ex-presidente-do-brb-influa-na-nova-gestao\/"},"wordCount":374,"publisher":{"@id":"https:\/\/www.notibras.com\/site\/#organization"},"image":{"@id":"https:\/\/www.notibras.com\/site\/defesa-nega-que-ph-ex-presidente-do-brb-influa-na-nova-gestao\/#primaryimage"},"thumbnailUrl":"https:\/\/www.notibras.com\/site\/wp-content\/uploads\/2023\/06\/phlide.jpg","keywords":["capa"],"articleSection":["Quadradinho em Foco"],"inLanguage":"pt-BR"},{"@type":"WebPage","@id":"https:\/\/www.notibras.com\/site\/defesa-nega-que-ph-ex-presidente-do-brb-influa-na-nova-gestao\/","url":"https:\/\/www.notibras.com\/site\/defesa-nega-que-ph-ex-presidente-do-brb-influa-na-nova-gestao\/","name":"Defesa nega que PH, ex-presidente do BRB, influa na nova gest\u00e3o - Notibras","isPartOf":{"@id":"https:\/\/www.notibras.com\/site\/#website"},"primaryImageOfPage":{"@id":"https:\/\/www.notibras.com\/site\/defesa-nega-que-ph-ex-presidente-do-brb-influa-na-nova-gestao\/#primaryimage"},"image":{"@id":"https:\/\/www.notibras.com\/site\/defesa-nega-que-ph-ex-presidente-do-brb-influa-na-nova-gestao\/#primaryimage"},"thumbnailUrl":"https:\/\/www.notibras.com\/site\/wp-content\/uploads\/2023\/06\/phlide.jpg","datePublished":"2026-02-07T17:28:39+00:00","dateModified":"2026-02-07T17:31:25+00:00","breadcrumb":{"@id":"https:\/\/www.notibras.com\/site\/defesa-nega-que-ph-ex-presidente-do-brb-influa-na-nova-gestao\/#breadcrumb"},"inLanguage":"pt-BR","potentialAction":[{"@type":"ReadAction","target":["https:\/\/www.notibras.com\/site\/defesa-nega-que-ph-ex-presidente-do-brb-influa-na-nova-gestao\/"]}]},{"@type":"ImageObject","inLanguage":"pt-BR","@id":"https:\/\/www.notibras.com\/site\/defesa-nega-que-ph-ex-presidente-do-brb-influa-na-nova-gestao\/#primaryimage","url":"https:\/\/www.notibras.com\/site\/wp-content\/uploads\/2023\/06\/phlide.jpg","contentUrl":"https:\/\/www.notibras.com\/site\/wp-content\/uploads\/2023\/06\/phlide.jpg","width":1600,"height":1066},{"@type":"BreadcrumbList","@id":"https:\/\/www.notibras.com\/site\/defesa-nega-que-ph-ex-presidente-do-brb-influa-na-nova-gestao\/#breadcrumb","itemListElement":[{"@type":"ListItem","position":1,"name":"In\u00edcio","item":"https:\/\/www.notibras.com\/site\/"},{"@type":"ListItem","position":2,"name":"Defesa nega que PH, ex-presidente do BRB, influa na nova gest\u00e3o"}]},{"@type":"WebSite","@id":"https:\/\/www.notibras.com\/site\/#website","url":"https:\/\/www.notibras.com\/site\/","name":"Notibras","description":"Not\u00edcias de Bras\u00edlia, do Brasil e do Mundo","publisher":{"@id":"https:\/\/www.notibras.com\/site\/#organization"},"potentialAction":[{"@type":"SearchAction","target":{"@type":"EntryPoint","urlTemplate":"https:\/\/www.notibras.com\/site\/?s={search_term_string}"},"query-input":{"@type":"PropertyValueSpecification","valueRequired":true,"valueName":"search_term_string"}}],"inLanguage":"pt-BR"},{"@type":"Organization","@id":"https:\/\/www.notibras.com\/site\/#organization","name":"Grupo Notibras de Comunica\u00e7\u00e3o","url":"https:\/\/www.notibras.com\/site\/","logo":{"@type":"ImageObject","inLanguage":"pt-BR","@id":"https:\/\/www.notibras.com\/site\/#\/schema\/logo\/image\/","url":"https:\/\/www.notibras.com\/site\/wp-content\/uploads\/2023\/01\/notibras23.png","contentUrl":"https:\/\/www.notibras.com\/site\/wp-content\/uploads\/2023\/01\/notibras23.png","width":350,"height":87,"caption":"Grupo Notibras de Comunica\u00e7\u00e3o"},"image":{"@id":"https:\/\/www.notibras.com\/site\/#\/schema\/logo\/image\/"},"sameAs":["https:\/\/www.facebook.com\/notibras\/","https:\/\/x.com\/Notibras","https:\/\/www.instagram.com\/notibras\/"]},{"@type":"Person","@id":"https:\/\/www.notibras.com\/site\/#\/schema\/person\/36ab0979449956132d3e5b517ea76ac8","name":"Reda\u00e7\u00e3o","image":{"@type":"ImageObject","inLanguage":"pt-BR","@id":"https:\/\/secure.gravatar.com\/avatar\/e0a867bdedb85fd243eadf09663511f96fc81e0720a4a42581f334ad4303aa6b?s=96&d=mm&r=g","url":"https:\/\/secure.gravatar.com\/avatar\/e0a867bdedb85fd243eadf09663511f96fc81e0720a4a42581f334ad4303aa6b?s=96&d=mm&r=g","contentUrl":"https:\/\/secure.gravatar.com\/avatar\/e0a867bdedb85fd243eadf09663511f96fc81e0720a4a42581f334ad4303aa6b?s=96&d=mm&r=g","caption":"Reda\u00e7\u00e3o"}}]}},"amp_enabled":true,"_links":{"self":[{"href":"https:\/\/www.notibras.com\/site\/wp-json\/wp\/v2\/posts\/382271","targetHints":{"allow":["GET"]}}],"collection":[{"href":"https:\/\/www.notibras.com\/site\/wp-json\/wp\/v2\/posts"}],"about":[{"href":"https:\/\/www.notibras.com\/site\/wp-json\/wp\/v2\/types\/post"}],"author":[{"embeddable":true,"href":"https:\/\/www.notibras.com\/site\/wp-json\/wp\/v2\/users\/2"}],"replies":[{"embeddable":true,"href":"https:\/\/www.notibras.com\/site\/wp-json\/wp\/v2\/comments?post=382271"}],"version-history":[{"count":3,"href":"https:\/\/www.notibras.com\/site\/wp-json\/wp\/v2\/posts\/382271\/revisions"}],"predecessor-version":[{"id":382274,"href":"https:\/\/www.notibras.com\/site\/wp-json\/wp\/v2\/posts\/382271\/revisions\/382274"}],"wp:featuredmedia":[{"embeddable":true,"href":"https:\/\/www.notibras.com\/site\/wp-json\/wp\/v2\/media\/307439"}],"wp:attachment":[{"href":"https:\/\/www.notibras.com\/site\/wp-json\/wp\/v2\/media?parent=382271"}],"wp:term":[{"taxonomy":"category","embeddable":true,"href":"https:\/\/www.notibras.com\/site\/wp-json\/wp\/v2\/categories?post=382271"},{"taxonomy":"post_tag","embeddable":true,"href":"https:\/\/www.notibras.com\/site\/wp-json\/wp\/v2\/tags?post=382271"}],"curies":[{"name":"wp","href":"https:\/\/api.w.org\/{rel}","templated":true}]}}