{"id":382275,"date":"2026-02-08T00:15:28","date_gmt":"2026-02-08T03:15:28","guid":{"rendered":"https:\/\/www.notibras.com\/site\/?p=382275"},"modified":"2026-02-07T23:27:00","modified_gmt":"2026-02-08T02:27:00","slug":"quarta-do-cidadao-passa-a-ser-realizada-na-ultima-quarta-feira-de-cada-mes","status":"publish","type":"post","link":"https:\/\/www.notibras.com\/site\/quarta-do-cidadao-passa-a-ser-realizada-na-ultima-quarta-feira-de-cada-mes\/","title":{"rendered":"Quarta do Cidad\u00e3o passa a ser realizada na \u00faltima quarta-feira de cada m\u00eas"},"content":{"rendered":"<p>A partir deste ano, a Quarta do Cidad\u00e3o da Defensoria P\u00fablica do Distrito Federal (DPDF) passar\u00e1 a ser realizada na \u00faltima quarta-feira de cada m\u00eas. A iniciativa, antes promovida na semana anterior, teve a data alterada para ampliar o acesso da popula\u00e7\u00e3o aos servi\u00e7os oferecidos. A primeira edi\u00e7\u00e3o de 2026 ser\u00e1 em 25 de fevereiro, das 8h \u00e0s 14h, em frente \u00e0 Biblioteca Nacional de Bras\u00edlia, na Esplanada dos Minist\u00e9rios.<\/p>\n<p>A a\u00e7\u00e3o tem como objetivo promover a inclus\u00e3o, a cidadania e a transforma\u00e7\u00e3o social, preferencialmente a homens em situa\u00e7\u00e3o de vulnerabilidade e seus familiares. Embora o foco seja o p\u00fablico masculino, a iniciativa \u00e9 inclusiva, garantindo que outros grupos tamb\u00e9m sejam beneficiados. Desde a primeira edi\u00e7\u00e3o, realizada em agosto de 2024, a Quarta do Cidad\u00e3o j\u00e1 registrou 8,7 mil atendimentos.<\/p>\n<p>A cada m\u00eas, a DPDF re\u00fane parceiros p\u00fablicos e privados, al\u00e9m de membros e servidores da institui\u00e7\u00e3o, para oferecer diversos servi\u00e7os, concentrando uma rede integrada em um \u00fanico dia e local. As assist\u00eancias incluem exames de DNA gratuitos, aux\u00edlio em d\u00edvidas alimentares e a\u00e7\u00f5es de cobran\u00e7a, bem como servi\u00e7os voltados \u00e0 sa\u00fade, ao bem-estar, ao ingresso no mercado de trabalho, \u00e0 cidadania, entre outros.<\/p>\n<p>Para o defensor p\u00fablico-geral, Celestino Chupel, a mudan\u00e7a refor\u00e7a o compromisso institucional com o acesso efetivo \u00e0 Justi\u00e7a. \u201cA adequa\u00e7\u00e3o da data da Quarta do Cidad\u00e3o \u00e9 uma medida estrat\u00e9gica para ampliar o alcance da iniciativa e garantir que mais pessoas em situa\u00e7\u00e3o de vulnerabilidade consigam acessar os servi\u00e7os da Defensoria. Nosso objetivo \u00e9 estar cada vez mais pr\u00f3ximos da popula\u00e7\u00e3o, oferecendo respostas concretas \u00e0s suas demandas\u201d, frisou.<\/p>\n<p>O chefe da Assessoria Especial da DPDF e coordenador da Quarta do Cidad\u00e3o, Celso Murilo de Britto, destaca o amadurecimento do projeto. \u201cAo longo das edi\u00e7\u00f5es, percebemos a necessidade de ajustar o calend\u00e1rio para potencializar a participa\u00e7\u00e3o do p\u00fablico e dos parceiros. A realiza\u00e7\u00e3o na \u00faltima quarta-feira de cada m\u00eas consolida a Quarta do Cidad\u00e3o como uma pol\u00edtica cont\u00ednua de atendimento integrado e cidadania\u201d, explicou.<\/p>\n<p>Para a defensora p\u00fablica e chefe do N\u00facleo de Assist\u00eancia Jur\u00eddica dos Juizados Criminais, C\u00edveis e de Viol\u00eancia Dom\u00e9stica de Bras\u00edlia, Patr\u00edcia Albuquerque Tavares, a a\u00e7\u00e3o tem impacto direto na vida das fam\u00edlias atendidas. \u201cA Quarta do Cidad\u00e3o vai al\u00e9m da presta\u00e7\u00e3o de servi\u00e7os pontuais. Ela cria um espa\u00e7o de escuta, orienta\u00e7\u00e3o e encaminhamento que, muitas vezes, representa o primeiro contato dessas pessoas com seus direitos, promovendo dignidade, prote\u00e7\u00e3o e fortalecimento de v\u00ednculos familiares\u201d, concluiu.<\/p>\n","protected":false},"excerpt":{"rendered":"<p>A partir deste ano, a Quarta do Cidad\u00e3o da Defensoria P\u00fablica do Distrito Federal (DPDF) passar\u00e1 a ser realizada na \u00faltima quarta-feira de cada m\u00eas. A iniciativa, antes promovida na semana anterior, teve a data alterada para ampliar o acesso da popula\u00e7\u00e3o aos servi\u00e7os oferecidos. A primeira edi\u00e7\u00e3o de 2026 ser\u00e1 em 25 de fevereiro, [&hellip;]<\/p>\n","protected":false},"author":21,"featured_media":382276,"comment_status":"closed","ping_status":"closed","sticky":false,"template":"","format":"standard","meta":{"_acf_changed":false,"footnotes":""},"categories":[161],"tags":[],"class_list":["post-382275","post","type-post","status-publish","format-standard","has-post-thumbnail","hentry","category-quadradinho-em-foco"],"acf":[],"yoast_head":"<!-- This site is optimized with the Yoast SEO plugin v27.2 - https:\/\/yoast.com\/product\/yoast-seo-wordpress\/ -->\n<title>Quarta do Cidad\u00e3o passa a ser realizada na \u00faltima quarta-feira de cada m\u00eas - Notibras<\/title>\n<meta name=\"robots\" content=\"index, follow, max-snippet:-1, max-image-preview:large, max-video-preview:-1\" \/>\n<link rel=\"canonical\" href=\"https:\/\/www.notibras.com\/site\/quarta-do-cidadao-passa-a-ser-realizada-na-ultima-quarta-feira-de-cada-mes\/\" \/>\n<meta property=\"og:locale\" content=\"pt_BR\" \/>\n<meta property=\"og:type\" content=\"article\" \/>\n<meta property=\"og:title\" content=\"Quarta do Cidad\u00e3o passa a ser realizada na \u00faltima quarta-feira de cada m\u00eas - Notibras\" \/>\n<meta property=\"og:description\" content=\"A partir deste ano, a Quarta do Cidad\u00e3o da Defensoria P\u00fablica do Distrito Federal (DPDF) passar\u00e1 a ser realizada na \u00faltima quarta-feira de cada m\u00eas. A iniciativa, antes promovida na semana anterior, teve a data alterada para ampliar o acesso da popula\u00e7\u00e3o aos servi\u00e7os oferecidos. A primeira edi\u00e7\u00e3o de 2026 ser\u00e1 em 25 de fevereiro, [&hellip;]\" \/>\n<meta property=\"og:url\" content=\"https:\/\/www.notibras.com\/site\/quarta-do-cidadao-passa-a-ser-realizada-na-ultima-quarta-feira-de-cada-mes\/\" \/>\n<meta property=\"og:site_name\" content=\"Notibras\" \/>\n<meta property=\"article:publisher\" content=\"https:\/\/www.facebook.com\/notibras\/\" \/>\n<meta property=\"article:published_time\" content=\"2026-02-08T03:15:28+00:00\" \/>\n<meta property=\"og:image\" content=\"https:\/\/www.notibras.com\/site\/wp-content\/uploads\/2026\/02\/quarta-do-cidadao-3-1.jpeg\" \/>\n\t<meta property=\"og:image:width\" content=\"1600\" \/>\n\t<meta property=\"og:image:height\" content=\"1066\" \/>\n\t<meta property=\"og:image:type\" content=\"image\/jpeg\" \/>\n<meta name=\"author\" content=\"Eduardo Mart\u00ednez\" \/>\n<meta name=\"twitter:card\" content=\"summary_large_image\" \/>\n<meta name=\"twitter:creator\" content=\"@Notibras\" \/>\n<meta name=\"twitter:site\" content=\"@Notibras\" \/>\n<meta name=\"twitter:label1\" content=\"Escrito por\" \/>\n\t<meta name=\"twitter:data1\" content=\"Eduardo Mart\u00ednez\" \/>\n\t<meta name=\"twitter:label2\" content=\"Est. tempo de leitura\" \/>\n\t<meta name=\"twitter:data2\" content=\"3 minutos\" \/>\n<script type=\"application\/ld+json\" class=\"yoast-schema-graph\">{\"@context\":\"https:\/\/schema.org\",\"@graph\":[{\"@type\":\"Article\",\"@id\":\"https:\/\/www.notibras.com\/site\/quarta-do-cidadao-passa-a-ser-realizada-na-ultima-quarta-feira-de-cada-mes\/#article\",\"isPartOf\":{\"@id\":\"https:\/\/www.notibras.com\/site\/quarta-do-cidadao-passa-a-ser-realizada-na-ultima-quarta-feira-de-cada-mes\/\"},\"author\":{\"name\":\"Eduardo Mart\u00ednez\",\"@id\":\"https:\/\/www.notibras.com\/site\/#\/schema\/person\/5b7fabf2aedc3ada2105f03b22b4d3dd\"},\"headline\":\"Quarta do Cidad\u00e3o passa a ser realizada na \u00faltima quarta-feira de cada m\u00eas\",\"datePublished\":\"2026-02-08T03:15:28+00:00\",\"mainEntityOfPage\":{\"@id\":\"https:\/\/www.notibras.com\/site\/quarta-do-cidadao-passa-a-ser-realizada-na-ultima-quarta-feira-de-cada-mes\/\"},\"wordCount\":475,\"publisher\":{\"@id\":\"https:\/\/www.notibras.com\/site\/#organization\"},\"image\":{\"@id\":\"https:\/\/www.notibras.com\/site\/quarta-do-cidadao-passa-a-ser-realizada-na-ultima-quarta-feira-de-cada-mes\/#primaryimage\"},\"thumbnailUrl\":\"https:\/\/www.notibras.com\/site\/wp-content\/uploads\/2026\/02\/quarta-do-cidadao-3-1.jpeg\",\"articleSection\":[\"Quadradinho em Foco\"],\"inLanguage\":\"pt-BR\"},{\"@type\":\"WebPage\",\"@id\":\"https:\/\/www.notibras.com\/site\/quarta-do-cidadao-passa-a-ser-realizada-na-ultima-quarta-feira-de-cada-mes\/\",\"url\":\"https:\/\/www.notibras.com\/site\/quarta-do-cidadao-passa-a-ser-realizada-na-ultima-quarta-feira-de-cada-mes\/\",\"name\":\"Quarta do Cidad\u00e3o passa a ser realizada na \u00faltima quarta-feira de cada m\u00eas - Notibras\",\"isPartOf\":{\"@id\":\"https:\/\/www.notibras.com\/site\/#website\"},\"primaryImageOfPage\":{\"@id\":\"https:\/\/www.notibras.com\/site\/quarta-do-cidadao-passa-a-ser-realizada-na-ultima-quarta-feira-de-cada-mes\/#primaryimage\"},\"image\":{\"@id\":\"https:\/\/www.notibras.com\/site\/quarta-do-cidadao-passa-a-ser-realizada-na-ultima-quarta-feira-de-cada-mes\/#primaryimage\"},\"thumbnailUrl\":\"https:\/\/www.notibras.com\/site\/wp-content\/uploads\/2026\/02\/quarta-do-cidadao-3-1.jpeg\",\"datePublished\":\"2026-02-08T03:15:28+00:00\",\"breadcrumb\":{\"@id\":\"https:\/\/www.notibras.com\/site\/quarta-do-cidadao-passa-a-ser-realizada-na-ultima-quarta-feira-de-cada-mes\/#breadcrumb\"},\"inLanguage\":\"pt-BR\",\"potentialAction\":[{\"@type\":\"ReadAction\",\"target\":[\"https:\/\/www.notibras.com\/site\/quarta-do-cidadao-passa-a-ser-realizada-na-ultima-quarta-feira-de-cada-mes\/\"]}]},{\"@type\":\"ImageObject\",\"inLanguage\":\"pt-BR\",\"@id\":\"https:\/\/www.notibras.com\/site\/quarta-do-cidadao-passa-a-ser-realizada-na-ultima-quarta-feira-de-cada-mes\/#primaryimage\",\"url\":\"https:\/\/www.notibras.com\/site\/wp-content\/uploads\/2026\/02\/quarta-do-cidadao-3-1.jpeg\",\"contentUrl\":\"https:\/\/www.notibras.com\/site\/wp-content\/uploads\/2026\/02\/quarta-do-cidadao-3-1.jpeg\",\"width\":1600,\"height\":1066},{\"@type\":\"BreadcrumbList\",\"@id\":\"https:\/\/www.notibras.com\/site\/quarta-do-cidadao-passa-a-ser-realizada-na-ultima-quarta-feira-de-cada-mes\/#breadcrumb\",\"itemListElement\":[{\"@type\":\"ListItem\",\"position\":1,\"name\":\"In\u00edcio\",\"item\":\"https:\/\/www.notibras.com\/site\/\"},{\"@type\":\"ListItem\",\"position\":2,\"name\":\"Quarta do Cidad\u00e3o passa a ser realizada na \u00faltima quarta-feira de cada m\u00eas\"}]},{\"@type\":\"WebSite\",\"@id\":\"https:\/\/www.notibras.com\/site\/#website\",\"url\":\"https:\/\/www.notibras.com\/site\/\",\"name\":\"Notibras\",\"description\":\"Not\u00edcias de Bras\u00edlia, do Brasil e do Mundo\",\"publisher\":{\"@id\":\"https:\/\/www.notibras.com\/site\/#organization\"},\"potentialAction\":[{\"@type\":\"SearchAction\",\"target\":{\"@type\":\"EntryPoint\",\"urlTemplate\":\"https:\/\/www.notibras.com\/site\/?s={search_term_string}\"},\"query-input\":{\"@type\":\"PropertyValueSpecification\",\"valueRequired\":true,\"valueName\":\"search_term_string\"}}],\"inLanguage\":\"pt-BR\"},{\"@type\":\"Organization\",\"@id\":\"https:\/\/www.notibras.com\/site\/#organization\",\"name\":\"Grupo Notibras de Comunica\u00e7\u00e3o\",\"url\":\"https:\/\/www.notibras.com\/site\/\",\"logo\":{\"@type\":\"ImageObject\",\"inLanguage\":\"pt-BR\",\"@id\":\"https:\/\/www.notibras.com\/site\/#\/schema\/logo\/image\/\",\"url\":\"https:\/\/www.notibras.com\/site\/wp-content\/uploads\/2023\/01\/notibras23.png\",\"contentUrl\":\"https:\/\/www.notibras.com\/site\/wp-content\/uploads\/2023\/01\/notibras23.png\",\"width\":350,\"height\":87,\"caption\":\"Grupo Notibras de Comunica\u00e7\u00e3o\"},\"image\":{\"@id\":\"https:\/\/www.notibras.com\/site\/#\/schema\/logo\/image\/\"},\"sameAs\":[\"https:\/\/www.facebook.com\/notibras\/\",\"https:\/\/x.com\/Notibras\",\"https:\/\/www.instagram.com\/notibras\/\"]},{\"@type\":\"Person\",\"@id\":\"https:\/\/www.notibras.com\/site\/#\/schema\/person\/5b7fabf2aedc3ada2105f03b22b4d3dd\",\"name\":\"Eduardo Mart\u00ednez\",\"image\":{\"@type\":\"ImageObject\",\"inLanguage\":\"pt-BR\",\"@id\":\"https:\/\/secure.gravatar.com\/avatar\/7902f906289926289cbcda644b5197c796b893c6ffd7b9a536a42d290f7704a0?s=96&d=mm&r=g\",\"url\":\"https:\/\/secure.gravatar.com\/avatar\/7902f906289926289cbcda644b5197c796b893c6ffd7b9a536a42d290f7704a0?s=96&d=mm&r=g\",\"contentUrl\":\"https:\/\/secure.gravatar.com\/avatar\/7902f906289926289cbcda644b5197c796b893c6ffd7b9a536a42d290f7704a0?s=96&d=mm&r=g\",\"caption\":\"Eduardo Mart\u00ednez\"}}]}<\/script>\n<!-- \/ Yoast SEO plugin. -->","yoast_head_json":{"title":"Quarta do Cidad\u00e3o passa a ser realizada na \u00faltima quarta-feira de cada m\u00eas - Notibras","robots":{"index":"index","follow":"follow","max-snippet":"max-snippet:-1","max-image-preview":"max-image-preview:large","max-video-preview":"max-video-preview:-1"},"canonical":"https:\/\/www.notibras.com\/site\/quarta-do-cidadao-passa-a-ser-realizada-na-ultima-quarta-feira-de-cada-mes\/","og_locale":"pt_BR","og_type":"article","og_title":"Quarta do Cidad\u00e3o passa a ser realizada na \u00faltima quarta-feira de cada m\u00eas - Notibras","og_description":"A partir deste ano, a Quarta do Cidad\u00e3o da Defensoria P\u00fablica do Distrito Federal (DPDF) passar\u00e1 a ser realizada na \u00faltima quarta-feira de cada m\u00eas. A iniciativa, antes promovida na semana anterior, teve a data alterada para ampliar o acesso da popula\u00e7\u00e3o aos servi\u00e7os oferecidos. A primeira edi\u00e7\u00e3o de 2026 ser\u00e1 em 25 de fevereiro, [&hellip;]","og_url":"https:\/\/www.notibras.com\/site\/quarta-do-cidadao-passa-a-ser-realizada-na-ultima-quarta-feira-de-cada-mes\/","og_site_name":"Notibras","article_publisher":"https:\/\/www.facebook.com\/notibras\/","article_published_time":"2026-02-08T03:15:28+00:00","og_image":[{"width":1600,"height":1066,"url":"https:\/\/www.notibras.com\/site\/wp-content\/uploads\/2026\/02\/quarta-do-cidadao-3-1.jpeg","type":"image\/jpeg"}],"author":"Eduardo Mart\u00ednez","twitter_card":"summary_large_image","twitter_creator":"@Notibras","twitter_site":"@Notibras","twitter_misc":{"Escrito por":"Eduardo Mart\u00ednez","Est. tempo de leitura":"3 minutos"},"schema":{"@context":"https:\/\/schema.org","@graph":[{"@type":"Article","@id":"https:\/\/www.notibras.com\/site\/quarta-do-cidadao-passa-a-ser-realizada-na-ultima-quarta-feira-de-cada-mes\/#article","isPartOf":{"@id":"https:\/\/www.notibras.com\/site\/quarta-do-cidadao-passa-a-ser-realizada-na-ultima-quarta-feira-de-cada-mes\/"},"author":{"name":"Eduardo Mart\u00ednez","@id":"https:\/\/www.notibras.com\/site\/#\/schema\/person\/5b7fabf2aedc3ada2105f03b22b4d3dd"},"headline":"Quarta do Cidad\u00e3o passa a ser realizada na \u00faltima quarta-feira de cada m\u00eas","datePublished":"2026-02-08T03:15:28+00:00","mainEntityOfPage":{"@id":"https:\/\/www.notibras.com\/site\/quarta-do-cidadao-passa-a-ser-realizada-na-ultima-quarta-feira-de-cada-mes\/"},"wordCount":475,"publisher":{"@id":"https:\/\/www.notibras.com\/site\/#organization"},"image":{"@id":"https:\/\/www.notibras.com\/site\/quarta-do-cidadao-passa-a-ser-realizada-na-ultima-quarta-feira-de-cada-mes\/#primaryimage"},"thumbnailUrl":"https:\/\/www.notibras.com\/site\/wp-content\/uploads\/2026\/02\/quarta-do-cidadao-3-1.jpeg","articleSection":["Quadradinho em Foco"],"inLanguage":"pt-BR"},{"@type":"WebPage","@id":"https:\/\/www.notibras.com\/site\/quarta-do-cidadao-passa-a-ser-realizada-na-ultima-quarta-feira-de-cada-mes\/","url":"https:\/\/www.notibras.com\/site\/quarta-do-cidadao-passa-a-ser-realizada-na-ultima-quarta-feira-de-cada-mes\/","name":"Quarta do Cidad\u00e3o passa a ser realizada na \u00faltima quarta-feira de cada m\u00eas - Notibras","isPartOf":{"@id":"https:\/\/www.notibras.com\/site\/#website"},"primaryImageOfPage":{"@id":"https:\/\/www.notibras.com\/site\/quarta-do-cidadao-passa-a-ser-realizada-na-ultima-quarta-feira-de-cada-mes\/#primaryimage"},"image":{"@id":"https:\/\/www.notibras.com\/site\/quarta-do-cidadao-passa-a-ser-realizada-na-ultima-quarta-feira-de-cada-mes\/#primaryimage"},"thumbnailUrl":"https:\/\/www.notibras.com\/site\/wp-content\/uploads\/2026\/02\/quarta-do-cidadao-3-1.jpeg","datePublished":"2026-02-08T03:15:28+00:00","breadcrumb":{"@id":"https:\/\/www.notibras.com\/site\/quarta-do-cidadao-passa-a-ser-realizada-na-ultima-quarta-feira-de-cada-mes\/#breadcrumb"},"inLanguage":"pt-BR","potentialAction":[{"@type":"ReadAction","target":["https:\/\/www.notibras.com\/site\/quarta-do-cidadao-passa-a-ser-realizada-na-ultima-quarta-feira-de-cada-mes\/"]}]},{"@type":"ImageObject","inLanguage":"pt-BR","@id":"https:\/\/www.notibras.com\/site\/quarta-do-cidadao-passa-a-ser-realizada-na-ultima-quarta-feira-de-cada-mes\/#primaryimage","url":"https:\/\/www.notibras.com\/site\/wp-content\/uploads\/2026\/02\/quarta-do-cidadao-3-1.jpeg","contentUrl":"https:\/\/www.notibras.com\/site\/wp-content\/uploads\/2026\/02\/quarta-do-cidadao-3-1.jpeg","width":1600,"height":1066},{"@type":"BreadcrumbList","@id":"https:\/\/www.notibras.com\/site\/quarta-do-cidadao-passa-a-ser-realizada-na-ultima-quarta-feira-de-cada-mes\/#breadcrumb","itemListElement":[{"@type":"ListItem","position":1,"name":"In\u00edcio","item":"https:\/\/www.notibras.com\/site\/"},{"@type":"ListItem","position":2,"name":"Quarta do Cidad\u00e3o passa a ser realizada na \u00faltima quarta-feira de cada m\u00eas"}]},{"@type":"WebSite","@id":"https:\/\/www.notibras.com\/site\/#website","url":"https:\/\/www.notibras.com\/site\/","name":"Notibras","description":"Not\u00edcias de Bras\u00edlia, do Brasil e do Mundo","publisher":{"@id":"https:\/\/www.notibras.com\/site\/#organization"},"potentialAction":[{"@type":"SearchAction","target":{"@type":"EntryPoint","urlTemplate":"https:\/\/www.notibras.com\/site\/?s={search_term_string}"},"query-input":{"@type":"PropertyValueSpecification","valueRequired":true,"valueName":"search_term_string"}}],"inLanguage":"pt-BR"},{"@type":"Organization","@id":"https:\/\/www.notibras.com\/site\/#organization","name":"Grupo Notibras de Comunica\u00e7\u00e3o","url":"https:\/\/www.notibras.com\/site\/","logo":{"@type":"ImageObject","inLanguage":"pt-BR","@id":"https:\/\/www.notibras.com\/site\/#\/schema\/logo\/image\/","url":"https:\/\/www.notibras.com\/site\/wp-content\/uploads\/2023\/01\/notibras23.png","contentUrl":"https:\/\/www.notibras.com\/site\/wp-content\/uploads\/2023\/01\/notibras23.png","width":350,"height":87,"caption":"Grupo Notibras de Comunica\u00e7\u00e3o"},"image":{"@id":"https:\/\/www.notibras.com\/site\/#\/schema\/logo\/image\/"},"sameAs":["https:\/\/www.facebook.com\/notibras\/","https:\/\/x.com\/Notibras","https:\/\/www.instagram.com\/notibras\/"]},{"@type":"Person","@id":"https:\/\/www.notibras.com\/site\/#\/schema\/person\/5b7fabf2aedc3ada2105f03b22b4d3dd","name":"Eduardo Mart\u00ednez","image":{"@type":"ImageObject","inLanguage":"pt-BR","@id":"https:\/\/secure.gravatar.com\/avatar\/7902f906289926289cbcda644b5197c796b893c6ffd7b9a536a42d290f7704a0?s=96&d=mm&r=g","url":"https:\/\/secure.gravatar.com\/avatar\/7902f906289926289cbcda644b5197c796b893c6ffd7b9a536a42d290f7704a0?s=96&d=mm&r=g","contentUrl":"https:\/\/secure.gravatar.com\/avatar\/7902f906289926289cbcda644b5197c796b893c6ffd7b9a536a42d290f7704a0?s=96&d=mm&r=g","caption":"Eduardo Mart\u00ednez"}}]}},"amp_enabled":true,"_links":{"self":[{"href":"https:\/\/www.notibras.com\/site\/wp-json\/wp\/v2\/posts\/382275","targetHints":{"allow":["GET"]}}],"collection":[{"href":"https:\/\/www.notibras.com\/site\/wp-json\/wp\/v2\/posts"}],"about":[{"href":"https:\/\/www.notibras.com\/site\/wp-json\/wp\/v2\/types\/post"}],"author":[{"embeddable":true,"href":"https:\/\/www.notibras.com\/site\/wp-json\/wp\/v2\/users\/21"}],"replies":[{"embeddable":true,"href":"https:\/\/www.notibras.com\/site\/wp-json\/wp\/v2\/comments?post=382275"}],"version-history":[{"count":2,"href":"https:\/\/www.notibras.com\/site\/wp-json\/wp\/v2\/posts\/382275\/revisions"}],"predecessor-version":[{"id":382278,"href":"https:\/\/www.notibras.com\/site\/wp-json\/wp\/v2\/posts\/382275\/revisions\/382278"}],"wp:featuredmedia":[{"embeddable":true,"href":"https:\/\/www.notibras.com\/site\/wp-json\/wp\/v2\/media\/382276"}],"wp:attachment":[{"href":"https:\/\/www.notibras.com\/site\/wp-json\/wp\/v2\/media?parent=382275"}],"wp:term":[{"taxonomy":"category","embeddable":true,"href":"https:\/\/www.notibras.com\/site\/wp-json\/wp\/v2\/categories?post=382275"},{"taxonomy":"post_tag","embeddable":true,"href":"https:\/\/www.notibras.com\/site\/wp-json\/wp\/v2\/tags?post=382275"}],"curies":[{"name":"wp","href":"https:\/\/api.w.org\/{rel}","templated":true}]}}