{"id":382280,"date":"2026-02-08T00:30:47","date_gmt":"2026-02-08T03:30:47","guid":{"rendered":"https:\/\/www.notibras.com\/site\/?p=382280"},"modified":"2026-02-07T23:38:20","modified_gmt":"2026-02-08T02:38:20","slug":"conscientizacao-e-prevencao-contra-o-abuso-infantil-no-pre-carnaval","status":"publish","type":"post","link":"https:\/\/www.notibras.com\/site\/conscientizacao-e-prevencao-contra-o-abuso-infantil-no-pre-carnaval\/","title":{"rendered":"Conscientiza\u00e7\u00e3o e preven\u00e7\u00e3o contra o abuso infantil no pr\u00e9-Carnaval"},"content":{"rendered":"<p>A campanha Crian\u00e7a n\u00e3o \u00e9 Adulto, da Secretaria de Justi\u00e7a e Cidadania do Distrito Federal (Sejus-DF), deu in\u00edcio \u00e0s a\u00e7\u00f5es educativas do DF Folia 2026 neste s\u00e1bado (7), ao levar conscientiza\u00e7\u00e3o e preven\u00e7\u00e3o ao abuso e ao trabalho infantil para o bloquinho Suvaquinho da Asa, no estacionamento do Espa\u00e7o Cultural Ibero-americano (antiga Funarte), no Eixo Monumental. A iniciativa refor\u00e7a a mensagem de que crian\u00e7a tem direito a viver plenamente a inf\u00e2ncia, com cuidado, respeito e prote\u00e7\u00e3o.<\/p>\n<p>A campanha estar\u00e1 presente nos blocos infantis do Carnaval de Bras\u00edlia com a\u00e7\u00f5es voltadas \u00e0 sensibiliza\u00e7\u00e3o do p\u00fablico, utilizando uma abordagem l\u00fadica e educativa para alcan\u00e7ar pais, respons\u00e1veis e crian\u00e7as. A proposta \u00e9 aproveitar o ambiente festivo do Carnaval para fortalecer a mobiliza\u00e7\u00e3o social em defesa dos direitos da crian\u00e7a e do adolescente.<\/p>\n<p>Durante a a\u00e7\u00e3o no Suvaquinho da Asa, servidores da Subsecretaria de Pol\u00edticas para Crian\u00e7as e Adolescentes distribu\u00edram adesivos com o slogan \u201ccrian\u00e7a n\u00e3o \u00e9 adulto\u201d ao p\u00fablico presente.<\/p>\n<p>A secret\u00e1ria de Justi\u00e7a e Cidadania, Marcela Passamani, destacou que a prote\u00e7\u00e3o das crian\u00e7as \u00e9 uma prioridade da pasta e refor\u00e7ou o cuidado coletivo durante o per\u00edodo carnavalesco. \u201cO Carnaval \u00e9 um momento de alegria, mas tamb\u00e9m de aten\u00e7\u00e3o e responsabilidade. Cuidar das nossas crian\u00e7as \u00e9 prioridade absoluta. Essa mobiliza\u00e7\u00e3o social contribui para fortalecer as a\u00e7\u00f5es de conscientiza\u00e7\u00e3o sobre os direitos da crian\u00e7a\u201d, afirmou.<\/p>\n<p>A subsecret\u00e1ria de Pol\u00edticas para Crian\u00e7as e Adolescentes, Maria do Socorro Lucena, refor\u00e7ou que o direito ao brincar precisa ser garantido em todos os espa\u00e7os. \u201cToda crian\u00e7a tem direito a brincar, a pular Carnaval e a se divertir, sempre sendo respeitada e protegida. A inf\u00e2ncia precisa ser preservada\u201d, completou.<\/p>\n<p>A advogada Cristiana Monteiro e o servidor p\u00fablico Carlos Vin\u00edcius Mota, moradores do Jardim Bot\u00e2nico, levaram pela primeira vez os filhos Bernardo e Eduardo para curtir o Carnaval em Bras\u00edlia. Para Cristiana, a campanha traz uma mensagem essencial. \u201c\u00c9 muito gratificante saber que existe essa preocupa\u00e7\u00e3o com pautas t\u00e3o importantes. A inf\u00e2ncia \u00e9 para ser vivida. Tudo no seu tempo; depois eles v\u00e3o ter muito tempo para serem adultos\u201d, afirmou.<\/p>\n<p>A moradora da Octogonal Caroline Leite tamb\u00e9m aprovou a iniciativa ao levar a filha Catarina, de 3 anos, para participar do Suvaquinho da Asa pela segunda vez. \u201cN\u00f3s adoramos o bloquinho, e acho muito importante esse combate ao trabalho infantil e tudo o que envolve a adultiza\u00e7\u00e3o das crian\u00e7as. A\u00e7\u00f5es como essa s\u00e3o fundamentais\u201d, disse.<\/p>\n<p><strong>Campanha segue nos blocos infantis<\/strong><\/p>\n<p>A campanha Crian\u00e7a n\u00e3o \u00e9 Adulto continuar\u00e1 presente nos blocos infantis do DF Folia 2026, ampliando o alcance da mensagem de conscientiza\u00e7\u00e3o e prote\u00e7\u00e3o dos direitos das crian\u00e7as.<\/p>\n<p><strong>Confira as datas:<\/strong><\/p>\n<p>14\/2 (14h \u00e0s 18h) \u2013 Parque Folia Kids, no Estacionamento 5 do Parque da Cidade;<\/p>\n<p>15\/2 (15h \u00e0s 18h) \u2013 Bloco Baratinha, no Estacionamento 12 do Parque da Cidade;<\/p>\n<p>16\/2 (9h \u00e0s 18h) \u2013 Grien Gr\u00eamio Recreativo Infantil da Express\u00e3o Nordestina \u2013 Pintinho de Bras\u00edlia, atr\u00e1s da Matriz da Caixa Econ\u00f4mica Federal;<\/p>\n<p>17\/2 (12h \u00e0s 20h) \u2013 Bloco Pacot\u00e3o, com concentra\u00e7\u00e3o na 302 Norte e trajeto pela contram\u00e3o da W3, sentido Gran Folia DF.<\/p>\n","protected":false},"excerpt":{"rendered":"<p>A campanha Crian\u00e7a n\u00e3o \u00e9 Adulto, da Secretaria de Justi\u00e7a e Cidadania do Distrito Federal (Sejus-DF), deu in\u00edcio \u00e0s a\u00e7\u00f5es educativas do DF Folia 2026 neste s\u00e1bado (7), ao levar conscientiza\u00e7\u00e3o e preven\u00e7\u00e3o ao abuso e ao trabalho infantil para o bloquinho Suvaquinho da Asa, no estacionamento do Espa\u00e7o Cultural Ibero-americano (antiga Funarte), no Eixo [&hellip;]<\/p>\n","protected":false},"author":21,"featured_media":382281,"comment_status":"closed","ping_status":"closed","sticky":false,"template":"","format":"standard","meta":{"_acf_changed":false,"footnotes":""},"categories":[161],"tags":[],"class_list":["post-382280","post","type-post","status-publish","format-standard","has-post-thumbnail","hentry","category-quadradinho-em-foco"],"acf":[],"yoast_head":"<!-- This site is optimized with the Yoast SEO plugin v27.2 - https:\/\/yoast.com\/product\/yoast-seo-wordpress\/ -->\n<title>Conscientiza\u00e7\u00e3o e preven\u00e7\u00e3o contra o abuso infantil no pr\u00e9-Carnaval - Notibras<\/title>\n<meta name=\"robots\" content=\"index, follow, max-snippet:-1, max-image-preview:large, max-video-preview:-1\" \/>\n<link rel=\"canonical\" href=\"https:\/\/www.notibras.com\/site\/conscientizacao-e-prevencao-contra-o-abuso-infantil-no-pre-carnaval\/\" \/>\n<meta property=\"og:locale\" content=\"pt_BR\" \/>\n<meta property=\"og:type\" content=\"article\" \/>\n<meta property=\"og:title\" content=\"Conscientiza\u00e7\u00e3o e preven\u00e7\u00e3o contra o abuso infantil no pr\u00e9-Carnaval - Notibras\" \/>\n<meta property=\"og:description\" content=\"A campanha Crian\u00e7a n\u00e3o \u00e9 Adulto, da Secretaria de Justi\u00e7a e Cidadania do Distrito Federal (Sejus-DF), deu in\u00edcio \u00e0s a\u00e7\u00f5es educativas do DF Folia 2026 neste s\u00e1bado (7), ao levar conscientiza\u00e7\u00e3o e preven\u00e7\u00e3o ao abuso e ao trabalho infantil para o bloquinho Suvaquinho da Asa, no estacionamento do Espa\u00e7o Cultural Ibero-americano (antiga Funarte), no Eixo [&hellip;]\" \/>\n<meta property=\"og:url\" content=\"https:\/\/www.notibras.com\/site\/conscientizacao-e-prevencao-contra-o-abuso-infantil-no-pre-carnaval\/\" \/>\n<meta property=\"og:site_name\" content=\"Notibras\" \/>\n<meta property=\"article:publisher\" content=\"https:\/\/www.facebook.com\/notibras\/\" \/>\n<meta property=\"article:published_time\" content=\"2026-02-08T03:30:47+00:00\" \/>\n<meta property=\"og:image\" content=\"https:\/\/www.notibras.com\/site\/wp-content\/uploads\/2026\/02\/WhatsApp-Image-2026-02-07-at-16.23.14.jpeg\" \/>\n\t<meta property=\"og:image:width\" content=\"1280\" \/>\n\t<meta property=\"og:image:height\" content=\"854\" \/>\n\t<meta property=\"og:image:type\" content=\"image\/jpeg\" \/>\n<meta name=\"author\" content=\"Eduardo Mart\u00ednez\" \/>\n<meta name=\"twitter:card\" content=\"summary_large_image\" \/>\n<meta name=\"twitter:creator\" content=\"@Notibras\" \/>\n<meta name=\"twitter:site\" content=\"@Notibras\" \/>\n<meta name=\"twitter:label1\" content=\"Escrito por\" \/>\n\t<meta name=\"twitter:data1\" content=\"Eduardo Mart\u00ednez\" \/>\n\t<meta name=\"twitter:label2\" content=\"Est. tempo de leitura\" \/>\n\t<meta name=\"twitter:data2\" content=\"4 minutos\" \/>\n<script type=\"application\/ld+json\" class=\"yoast-schema-graph\">{\"@context\":\"https:\/\/schema.org\",\"@graph\":[{\"@type\":\"Article\",\"@id\":\"https:\/\/www.notibras.com\/site\/conscientizacao-e-prevencao-contra-o-abuso-infantil-no-pre-carnaval\/#article\",\"isPartOf\":{\"@id\":\"https:\/\/www.notibras.com\/site\/conscientizacao-e-prevencao-contra-o-abuso-infantil-no-pre-carnaval\/\"},\"author\":{\"name\":\"Eduardo Mart\u00ednez\",\"@id\":\"https:\/\/www.notibras.com\/site\/#\/schema\/person\/5b7fabf2aedc3ada2105f03b22b4d3dd\"},\"headline\":\"Conscientiza\u00e7\u00e3o e preven\u00e7\u00e3o contra o abuso infantil no pr\u00e9-Carnaval\",\"datePublished\":\"2026-02-08T03:30:47+00:00\",\"mainEntityOfPage\":{\"@id\":\"https:\/\/www.notibras.com\/site\/conscientizacao-e-prevencao-contra-o-abuso-infantil-no-pre-carnaval\/\"},\"wordCount\":568,\"publisher\":{\"@id\":\"https:\/\/www.notibras.com\/site\/#organization\"},\"image\":{\"@id\":\"https:\/\/www.notibras.com\/site\/conscientizacao-e-prevencao-contra-o-abuso-infantil-no-pre-carnaval\/#primaryimage\"},\"thumbnailUrl\":\"https:\/\/www.notibras.com\/site\/wp-content\/uploads\/2026\/02\/WhatsApp-Image-2026-02-07-at-16.23.14.jpeg\",\"articleSection\":[\"Quadradinho em Foco\"],\"inLanguage\":\"pt-BR\"},{\"@type\":\"WebPage\",\"@id\":\"https:\/\/www.notibras.com\/site\/conscientizacao-e-prevencao-contra-o-abuso-infantil-no-pre-carnaval\/\",\"url\":\"https:\/\/www.notibras.com\/site\/conscientizacao-e-prevencao-contra-o-abuso-infantil-no-pre-carnaval\/\",\"name\":\"Conscientiza\u00e7\u00e3o e preven\u00e7\u00e3o contra o abuso infantil no pr\u00e9-Carnaval - Notibras\",\"isPartOf\":{\"@id\":\"https:\/\/www.notibras.com\/site\/#website\"},\"primaryImageOfPage\":{\"@id\":\"https:\/\/www.notibras.com\/site\/conscientizacao-e-prevencao-contra-o-abuso-infantil-no-pre-carnaval\/#primaryimage\"},\"image\":{\"@id\":\"https:\/\/www.notibras.com\/site\/conscientizacao-e-prevencao-contra-o-abuso-infantil-no-pre-carnaval\/#primaryimage\"},\"thumbnailUrl\":\"https:\/\/www.notibras.com\/site\/wp-content\/uploads\/2026\/02\/WhatsApp-Image-2026-02-07-at-16.23.14.jpeg\",\"datePublished\":\"2026-02-08T03:30:47+00:00\",\"breadcrumb\":{\"@id\":\"https:\/\/www.notibras.com\/site\/conscientizacao-e-prevencao-contra-o-abuso-infantil-no-pre-carnaval\/#breadcrumb\"},\"inLanguage\":\"pt-BR\",\"potentialAction\":[{\"@type\":\"ReadAction\",\"target\":[\"https:\/\/www.notibras.com\/site\/conscientizacao-e-prevencao-contra-o-abuso-infantil-no-pre-carnaval\/\"]}]},{\"@type\":\"ImageObject\",\"inLanguage\":\"pt-BR\",\"@id\":\"https:\/\/www.notibras.com\/site\/conscientizacao-e-prevencao-contra-o-abuso-infantil-no-pre-carnaval\/#primaryimage\",\"url\":\"https:\/\/www.notibras.com\/site\/wp-content\/uploads\/2026\/02\/WhatsApp-Image-2026-02-07-at-16.23.14.jpeg\",\"contentUrl\":\"https:\/\/www.notibras.com\/site\/wp-content\/uploads\/2026\/02\/WhatsApp-Image-2026-02-07-at-16.23.14.jpeg\",\"width\":1280,\"height\":854},{\"@type\":\"BreadcrumbList\",\"@id\":\"https:\/\/www.notibras.com\/site\/conscientizacao-e-prevencao-contra-o-abuso-infantil-no-pre-carnaval\/#breadcrumb\",\"itemListElement\":[{\"@type\":\"ListItem\",\"position\":1,\"name\":\"In\u00edcio\",\"item\":\"https:\/\/www.notibras.com\/site\/\"},{\"@type\":\"ListItem\",\"position\":2,\"name\":\"Conscientiza\u00e7\u00e3o e preven\u00e7\u00e3o contra o abuso infantil no pr\u00e9-Carnaval\"}]},{\"@type\":\"WebSite\",\"@id\":\"https:\/\/www.notibras.com\/site\/#website\",\"url\":\"https:\/\/www.notibras.com\/site\/\",\"name\":\"Notibras\",\"description\":\"Not\u00edcias de Bras\u00edlia, do Brasil e do Mundo\",\"publisher\":{\"@id\":\"https:\/\/www.notibras.com\/site\/#organization\"},\"potentialAction\":[{\"@type\":\"SearchAction\",\"target\":{\"@type\":\"EntryPoint\",\"urlTemplate\":\"https:\/\/www.notibras.com\/site\/?s={search_term_string}\"},\"query-input\":{\"@type\":\"PropertyValueSpecification\",\"valueRequired\":true,\"valueName\":\"search_term_string\"}}],\"inLanguage\":\"pt-BR\"},{\"@type\":\"Organization\",\"@id\":\"https:\/\/www.notibras.com\/site\/#organization\",\"name\":\"Grupo Notibras de Comunica\u00e7\u00e3o\",\"url\":\"https:\/\/www.notibras.com\/site\/\",\"logo\":{\"@type\":\"ImageObject\",\"inLanguage\":\"pt-BR\",\"@id\":\"https:\/\/www.notibras.com\/site\/#\/schema\/logo\/image\/\",\"url\":\"https:\/\/www.notibras.com\/site\/wp-content\/uploads\/2023\/01\/notibras23.png\",\"contentUrl\":\"https:\/\/www.notibras.com\/site\/wp-content\/uploads\/2023\/01\/notibras23.png\",\"width\":350,\"height\":87,\"caption\":\"Grupo Notibras de Comunica\u00e7\u00e3o\"},\"image\":{\"@id\":\"https:\/\/www.notibras.com\/site\/#\/schema\/logo\/image\/\"},\"sameAs\":[\"https:\/\/www.facebook.com\/notibras\/\",\"https:\/\/x.com\/Notibras\",\"https:\/\/www.instagram.com\/notibras\/\"]},{\"@type\":\"Person\",\"@id\":\"https:\/\/www.notibras.com\/site\/#\/schema\/person\/5b7fabf2aedc3ada2105f03b22b4d3dd\",\"name\":\"Eduardo Mart\u00ednez\",\"image\":{\"@type\":\"ImageObject\",\"inLanguage\":\"pt-BR\",\"@id\":\"https:\/\/secure.gravatar.com\/avatar\/7902f906289926289cbcda644b5197c796b893c6ffd7b9a536a42d290f7704a0?s=96&d=mm&r=g\",\"url\":\"https:\/\/secure.gravatar.com\/avatar\/7902f906289926289cbcda644b5197c796b893c6ffd7b9a536a42d290f7704a0?s=96&d=mm&r=g\",\"contentUrl\":\"https:\/\/secure.gravatar.com\/avatar\/7902f906289926289cbcda644b5197c796b893c6ffd7b9a536a42d290f7704a0?s=96&d=mm&r=g\",\"caption\":\"Eduardo Mart\u00ednez\"}}]}<\/script>\n<!-- \/ Yoast SEO plugin. -->","yoast_head_json":{"title":"Conscientiza\u00e7\u00e3o e preven\u00e7\u00e3o contra o abuso infantil no pr\u00e9-Carnaval - Notibras","robots":{"index":"index","follow":"follow","max-snippet":"max-snippet:-1","max-image-preview":"max-image-preview:large","max-video-preview":"max-video-preview:-1"},"canonical":"https:\/\/www.notibras.com\/site\/conscientizacao-e-prevencao-contra-o-abuso-infantil-no-pre-carnaval\/","og_locale":"pt_BR","og_type":"article","og_title":"Conscientiza\u00e7\u00e3o e preven\u00e7\u00e3o contra o abuso infantil no pr\u00e9-Carnaval - Notibras","og_description":"A campanha Crian\u00e7a n\u00e3o \u00e9 Adulto, da Secretaria de Justi\u00e7a e Cidadania do Distrito Federal (Sejus-DF), deu in\u00edcio \u00e0s a\u00e7\u00f5es educativas do DF Folia 2026 neste s\u00e1bado (7), ao levar conscientiza\u00e7\u00e3o e preven\u00e7\u00e3o ao abuso e ao trabalho infantil para o bloquinho Suvaquinho da Asa, no estacionamento do Espa\u00e7o Cultural Ibero-americano (antiga Funarte), no Eixo [&hellip;]","og_url":"https:\/\/www.notibras.com\/site\/conscientizacao-e-prevencao-contra-o-abuso-infantil-no-pre-carnaval\/","og_site_name":"Notibras","article_publisher":"https:\/\/www.facebook.com\/notibras\/","article_published_time":"2026-02-08T03:30:47+00:00","og_image":[{"width":1280,"height":854,"url":"https:\/\/www.notibras.com\/site\/wp-content\/uploads\/2026\/02\/WhatsApp-Image-2026-02-07-at-16.23.14.jpeg","type":"image\/jpeg"}],"author":"Eduardo Mart\u00ednez","twitter_card":"summary_large_image","twitter_creator":"@Notibras","twitter_site":"@Notibras","twitter_misc":{"Escrito por":"Eduardo Mart\u00ednez","Est. tempo de leitura":"4 minutos"},"schema":{"@context":"https:\/\/schema.org","@graph":[{"@type":"Article","@id":"https:\/\/www.notibras.com\/site\/conscientizacao-e-prevencao-contra-o-abuso-infantil-no-pre-carnaval\/#article","isPartOf":{"@id":"https:\/\/www.notibras.com\/site\/conscientizacao-e-prevencao-contra-o-abuso-infantil-no-pre-carnaval\/"},"author":{"name":"Eduardo Mart\u00ednez","@id":"https:\/\/www.notibras.com\/site\/#\/schema\/person\/5b7fabf2aedc3ada2105f03b22b4d3dd"},"headline":"Conscientiza\u00e7\u00e3o e preven\u00e7\u00e3o contra o abuso infantil no pr\u00e9-Carnaval","datePublished":"2026-02-08T03:30:47+00:00","mainEntityOfPage":{"@id":"https:\/\/www.notibras.com\/site\/conscientizacao-e-prevencao-contra-o-abuso-infantil-no-pre-carnaval\/"},"wordCount":568,"publisher":{"@id":"https:\/\/www.notibras.com\/site\/#organization"},"image":{"@id":"https:\/\/www.notibras.com\/site\/conscientizacao-e-prevencao-contra-o-abuso-infantil-no-pre-carnaval\/#primaryimage"},"thumbnailUrl":"https:\/\/www.notibras.com\/site\/wp-content\/uploads\/2026\/02\/WhatsApp-Image-2026-02-07-at-16.23.14.jpeg","articleSection":["Quadradinho em Foco"],"inLanguage":"pt-BR"},{"@type":"WebPage","@id":"https:\/\/www.notibras.com\/site\/conscientizacao-e-prevencao-contra-o-abuso-infantil-no-pre-carnaval\/","url":"https:\/\/www.notibras.com\/site\/conscientizacao-e-prevencao-contra-o-abuso-infantil-no-pre-carnaval\/","name":"Conscientiza\u00e7\u00e3o e preven\u00e7\u00e3o contra o abuso infantil no pr\u00e9-Carnaval - Notibras","isPartOf":{"@id":"https:\/\/www.notibras.com\/site\/#website"},"primaryImageOfPage":{"@id":"https:\/\/www.notibras.com\/site\/conscientizacao-e-prevencao-contra-o-abuso-infantil-no-pre-carnaval\/#primaryimage"},"image":{"@id":"https:\/\/www.notibras.com\/site\/conscientizacao-e-prevencao-contra-o-abuso-infantil-no-pre-carnaval\/#primaryimage"},"thumbnailUrl":"https:\/\/www.notibras.com\/site\/wp-content\/uploads\/2026\/02\/WhatsApp-Image-2026-02-07-at-16.23.14.jpeg","datePublished":"2026-02-08T03:30:47+00:00","breadcrumb":{"@id":"https:\/\/www.notibras.com\/site\/conscientizacao-e-prevencao-contra-o-abuso-infantil-no-pre-carnaval\/#breadcrumb"},"inLanguage":"pt-BR","potentialAction":[{"@type":"ReadAction","target":["https:\/\/www.notibras.com\/site\/conscientizacao-e-prevencao-contra-o-abuso-infantil-no-pre-carnaval\/"]}]},{"@type":"ImageObject","inLanguage":"pt-BR","@id":"https:\/\/www.notibras.com\/site\/conscientizacao-e-prevencao-contra-o-abuso-infantil-no-pre-carnaval\/#primaryimage","url":"https:\/\/www.notibras.com\/site\/wp-content\/uploads\/2026\/02\/WhatsApp-Image-2026-02-07-at-16.23.14.jpeg","contentUrl":"https:\/\/www.notibras.com\/site\/wp-content\/uploads\/2026\/02\/WhatsApp-Image-2026-02-07-at-16.23.14.jpeg","width":1280,"height":854},{"@type":"BreadcrumbList","@id":"https:\/\/www.notibras.com\/site\/conscientizacao-e-prevencao-contra-o-abuso-infantil-no-pre-carnaval\/#breadcrumb","itemListElement":[{"@type":"ListItem","position":1,"name":"In\u00edcio","item":"https:\/\/www.notibras.com\/site\/"},{"@type":"ListItem","position":2,"name":"Conscientiza\u00e7\u00e3o e preven\u00e7\u00e3o contra o abuso infantil no pr\u00e9-Carnaval"}]},{"@type":"WebSite","@id":"https:\/\/www.notibras.com\/site\/#website","url":"https:\/\/www.notibras.com\/site\/","name":"Notibras","description":"Not\u00edcias de Bras\u00edlia, do Brasil e do Mundo","publisher":{"@id":"https:\/\/www.notibras.com\/site\/#organization"},"potentialAction":[{"@type":"SearchAction","target":{"@type":"EntryPoint","urlTemplate":"https:\/\/www.notibras.com\/site\/?s={search_term_string}"},"query-input":{"@type":"PropertyValueSpecification","valueRequired":true,"valueName":"search_term_string"}}],"inLanguage":"pt-BR"},{"@type":"Organization","@id":"https:\/\/www.notibras.com\/site\/#organization","name":"Grupo Notibras de Comunica\u00e7\u00e3o","url":"https:\/\/www.notibras.com\/site\/","logo":{"@type":"ImageObject","inLanguage":"pt-BR","@id":"https:\/\/www.notibras.com\/site\/#\/schema\/logo\/image\/","url":"https:\/\/www.notibras.com\/site\/wp-content\/uploads\/2023\/01\/notibras23.png","contentUrl":"https:\/\/www.notibras.com\/site\/wp-content\/uploads\/2023\/01\/notibras23.png","width":350,"height":87,"caption":"Grupo Notibras de Comunica\u00e7\u00e3o"},"image":{"@id":"https:\/\/www.notibras.com\/site\/#\/schema\/logo\/image\/"},"sameAs":["https:\/\/www.facebook.com\/notibras\/","https:\/\/x.com\/Notibras","https:\/\/www.instagram.com\/notibras\/"]},{"@type":"Person","@id":"https:\/\/www.notibras.com\/site\/#\/schema\/person\/5b7fabf2aedc3ada2105f03b22b4d3dd","name":"Eduardo Mart\u00ednez","image":{"@type":"ImageObject","inLanguage":"pt-BR","@id":"https:\/\/secure.gravatar.com\/avatar\/7902f906289926289cbcda644b5197c796b893c6ffd7b9a536a42d290f7704a0?s=96&d=mm&r=g","url":"https:\/\/secure.gravatar.com\/avatar\/7902f906289926289cbcda644b5197c796b893c6ffd7b9a536a42d290f7704a0?s=96&d=mm&r=g","contentUrl":"https:\/\/secure.gravatar.com\/avatar\/7902f906289926289cbcda644b5197c796b893c6ffd7b9a536a42d290f7704a0?s=96&d=mm&r=g","caption":"Eduardo Mart\u00ednez"}}]}},"amp_enabled":true,"_links":{"self":[{"href":"https:\/\/www.notibras.com\/site\/wp-json\/wp\/v2\/posts\/382280","targetHints":{"allow":["GET"]}}],"collection":[{"href":"https:\/\/www.notibras.com\/site\/wp-json\/wp\/v2\/posts"}],"about":[{"href":"https:\/\/www.notibras.com\/site\/wp-json\/wp\/v2\/types\/post"}],"author":[{"embeddable":true,"href":"https:\/\/www.notibras.com\/site\/wp-json\/wp\/v2\/users\/21"}],"replies":[{"embeddable":true,"href":"https:\/\/www.notibras.com\/site\/wp-json\/wp\/v2\/comments?post=382280"}],"version-history":[{"count":4,"href":"https:\/\/www.notibras.com\/site\/wp-json\/wp\/v2\/posts\/382280\/revisions"}],"predecessor-version":[{"id":382285,"href":"https:\/\/www.notibras.com\/site\/wp-json\/wp\/v2\/posts\/382280\/revisions\/382285"}],"wp:featuredmedia":[{"embeddable":true,"href":"https:\/\/www.notibras.com\/site\/wp-json\/wp\/v2\/media\/382281"}],"wp:attachment":[{"href":"https:\/\/www.notibras.com\/site\/wp-json\/wp\/v2\/media?parent=382280"}],"wp:term":[{"taxonomy":"category","embeddable":true,"href":"https:\/\/www.notibras.com\/site\/wp-json\/wp\/v2\/categories?post=382280"},{"taxonomy":"post_tag","embeddable":true,"href":"https:\/\/www.notibras.com\/site\/wp-json\/wp\/v2\/tags?post=382280"}],"curies":[{"name":"wp","href":"https:\/\/api.w.org\/{rel}","templated":true}]}}