{"id":382286,"date":"2026-02-08T01:15:23","date_gmt":"2026-02-08T04:15:23","guid":{"rendered":"https:\/\/www.notibras.com\/site\/?p=382286"},"modified":"2026-02-08T00:22:59","modified_gmt":"2026-02-08T03:22:59","slug":"morre-adolescente-agredido-em-vicente-pires-apos-16-dias-internado","status":"publish","type":"post","link":"https:\/\/www.notibras.com\/site\/morre-adolescente-agredido-em-vicente-pires-apos-16-dias-internado\/","title":{"rendered":"Morre adolescente agredido em Vicente Pires ap\u00f3s 16 dias Internado"},"content":{"rendered":"<p>O adolescente de 16 anos, Rodrigo Castanheira, morreu neste s\u00e1bado (7) ap\u00f3s 16 dias internado em estado grav\u00edssimo em um hospital particular de \u00c1guas Claras, no Distrito Federal. Ele foi agredido pelo piloto Pedro Arthur Turra Basso, de 19 anos, ap\u00f3s uma briga por chiclete em Vicente Pires.<\/p>\n<p>A defesa de Pedro Turra afirmou que a fam\u00edlia do piloto &#8220;lamenta profundamente o falecimento de Rodrigo Castanheira&#8221;. O advogado da fam\u00edlia do adolescente, Albert Halex, afirmou que considera &#8220;inadmiss\u00edvel&#8221; a forma como o jovem foi morto e criticou pessoas que agem como &#8220;donas do mundo&#8221;, impulsionadas por sensa\u00e7\u00e3o de poder e impunidade.<\/p>\n<p>Pedro Turra cumpre pris\u00e3o preventiva no Centro de Deten\u00e7\u00e3o Provis\u00f3ria (CDP), no Complexo Penitenci\u00e1ria da Papuda, desde 2 de fevereiro. Ele \u00e9 investigado por deixar o adolescente em coma ap\u00f3s uma sequ\u00eancia de socos.<\/p>\n<p>A agress\u00e3o ocorreu no dia 23 de janeiro, quando Pedro Turra e o jovem de 16 anos se envolveram em uma briga. A confus\u00e3o come\u00e7ou por conta de uma brincadeira em que Pedro jogou um chiclete mascado na dire\u00e7\u00e3o de outra pessoa.<\/p>\n<p>Turra chegou a ser preso, mas foi solto ap\u00f3s pagar fian\u00e7a de R$ 24,3 mil. Ele foi desligado do quadro de pilotos da temporada 2026 da F\u00f3rmula Delta, na categoria escola. E voltou a ser preso preventivamente nesta sexta (30), por ordem da Justi\u00e7a.<\/p>\n<p>Pedro Turra j\u00e1 \u00e9 investigado por quatro den\u00fancias \u2013 duas delas de epis\u00f3dios anteriores que s\u00f3 foram levados \u00e0 pol\u00edcia ap\u00f3s a repercuss\u00e3o da briga recente. S\u00e3o tr\u00eas agress\u00f5es e uma tentativa de dar bebida a uma jovem menor de idade.<\/p>\n<p>A Pol\u00edcia Civil tamb\u00e9m apura outras quatro den\u00fancias envolvendo o piloto, incluindo agress\u00f5es anteriores que vieram \u00e0 tona ap\u00f3s a repercuss\u00e3o do caso.<\/p>\n<p>O Hospital Bras\u00edlia \u00c1guas Claras confirmou que, &#8220;apesar de todos os esfor\u00e7os da equipe m\u00e9dica, o quadro evoluiu para a perda completa e irrevers\u00edvel das fun\u00e7\u00f5es cerebrais&#8221;.<\/p>\n<p>A fam\u00edlia de Rodrigo Castanheira e o advogado Albert Halex pedem justi\u00e7a pelo jovem.<\/p>\n<p>Atualiza\u00e7\u00e3o: O caso deve passar de &#8216;les\u00e3o corporal grav\u00edssima&#8217; para &#8216;homic\u00eddio culposo&#8217;.<\/p>\n","protected":false},"excerpt":{"rendered":"<p>O adolescente de 16 anos, Rodrigo Castanheira, morreu neste s\u00e1bado (7) ap\u00f3s 16 dias internado em estado grav\u00edssimo em um hospital particular de \u00c1guas Claras, no Distrito Federal. Ele foi agredido pelo piloto Pedro Arthur Turra Basso, de 19 anos, ap\u00f3s uma briga por chiclete em Vicente Pires. A defesa de Pedro Turra afirmou que [&hellip;]<\/p>\n","protected":false},"author":21,"featured_media":382288,"comment_status":"closed","ping_status":"closed","sticky":false,"template":"","format":"standard","meta":{"_acf_changed":false,"footnotes":""},"categories":[161],"tags":[],"class_list":["post-382286","post","type-post","status-publish","format-standard","has-post-thumbnail","hentry","category-quadradinho-em-foco"],"acf":[],"yoast_head":"<!-- This site is optimized with the Yoast SEO plugin v27.2 - https:\/\/yoast.com\/product\/yoast-seo-wordpress\/ -->\n<title>Morre adolescente agredido em Vicente Pires ap\u00f3s 16 dias Internado - Notibras<\/title>\n<meta name=\"robots\" content=\"index, follow, max-snippet:-1, max-image-preview:large, max-video-preview:-1\" \/>\n<link rel=\"canonical\" href=\"https:\/\/www.notibras.com\/site\/morre-adolescente-agredido-em-vicente-pires-apos-16-dias-internado\/\" \/>\n<meta property=\"og:locale\" content=\"pt_BR\" \/>\n<meta property=\"og:type\" content=\"article\" \/>\n<meta property=\"og:title\" content=\"Morre adolescente agredido em Vicente Pires ap\u00f3s 16 dias Internado - Notibras\" \/>\n<meta property=\"og:description\" content=\"O adolescente de 16 anos, Rodrigo Castanheira, morreu neste s\u00e1bado (7) ap\u00f3s 16 dias internado em estado grav\u00edssimo em um hospital particular de \u00c1guas Claras, no Distrito Federal. Ele foi agredido pelo piloto Pedro Arthur Turra Basso, de 19 anos, ap\u00f3s uma briga por chiclete em Vicente Pires. A defesa de Pedro Turra afirmou que [&hellip;]\" \/>\n<meta property=\"og:url\" content=\"https:\/\/www.notibras.com\/site\/morre-adolescente-agredido-em-vicente-pires-apos-16-dias-internado\/\" \/>\n<meta property=\"og:site_name\" content=\"Notibras\" \/>\n<meta property=\"article:publisher\" content=\"https:\/\/www.facebook.com\/notibras\/\" \/>\n<meta property=\"article:published_time\" content=\"2026-02-08T04:15:23+00:00\" \/>\n<meta property=\"og:image\" content=\"https:\/\/www.notibras.com\/site\/wp-content\/uploads\/2026\/02\/WhatsApp-Image-2026-02-08-at-00.20.05.jpeg\" \/>\n\t<meta property=\"og:image:width\" content=\"984\" \/>\n\t<meta property=\"og:image:height\" content=\"554\" \/>\n\t<meta property=\"og:image:type\" content=\"image\/jpeg\" \/>\n<meta name=\"author\" content=\"Eduardo Mart\u00ednez\" \/>\n<meta name=\"twitter:card\" content=\"summary_large_image\" \/>\n<meta name=\"twitter:creator\" content=\"@Notibras\" \/>\n<meta name=\"twitter:site\" content=\"@Notibras\" \/>\n<meta name=\"twitter:label1\" content=\"Escrito por\" \/>\n\t<meta name=\"twitter:data1\" content=\"Eduardo Mart\u00ednez\" \/>\n\t<meta name=\"twitter:label2\" content=\"Est. tempo de leitura\" \/>\n\t<meta name=\"twitter:data2\" content=\"3 minutos\" \/>\n<script type=\"application\/ld+json\" class=\"yoast-schema-graph\">{\"@context\":\"https:\/\/schema.org\",\"@graph\":[{\"@type\":\"Article\",\"@id\":\"https:\/\/www.notibras.com\/site\/morre-adolescente-agredido-em-vicente-pires-apos-16-dias-internado\/#article\",\"isPartOf\":{\"@id\":\"https:\/\/www.notibras.com\/site\/morre-adolescente-agredido-em-vicente-pires-apos-16-dias-internado\/\"},\"author\":{\"name\":\"Eduardo Mart\u00ednez\",\"@id\":\"https:\/\/www.notibras.com\/site\/#\/schema\/person\/5b7fabf2aedc3ada2105f03b22b4d3dd\"},\"headline\":\"Morre adolescente agredido em Vicente Pires ap\u00f3s 16 dias Internado\",\"datePublished\":\"2026-02-08T04:15:23+00:00\",\"mainEntityOfPage\":{\"@id\":\"https:\/\/www.notibras.com\/site\/morre-adolescente-agredido-em-vicente-pires-apos-16-dias-internado\/\"},\"wordCount\":380,\"publisher\":{\"@id\":\"https:\/\/www.notibras.com\/site\/#organization\"},\"image\":{\"@id\":\"https:\/\/www.notibras.com\/site\/morre-adolescente-agredido-em-vicente-pires-apos-16-dias-internado\/#primaryimage\"},\"thumbnailUrl\":\"https:\/\/www.notibras.com\/site\/wp-content\/uploads\/2026\/02\/WhatsApp-Image-2026-02-08-at-00.20.05.jpeg\",\"articleSection\":[\"Quadradinho em Foco\"],\"inLanguage\":\"pt-BR\"},{\"@type\":\"WebPage\",\"@id\":\"https:\/\/www.notibras.com\/site\/morre-adolescente-agredido-em-vicente-pires-apos-16-dias-internado\/\",\"url\":\"https:\/\/www.notibras.com\/site\/morre-adolescente-agredido-em-vicente-pires-apos-16-dias-internado\/\",\"name\":\"Morre adolescente agredido em Vicente Pires ap\u00f3s 16 dias Internado - Notibras\",\"isPartOf\":{\"@id\":\"https:\/\/www.notibras.com\/site\/#website\"},\"primaryImageOfPage\":{\"@id\":\"https:\/\/www.notibras.com\/site\/morre-adolescente-agredido-em-vicente-pires-apos-16-dias-internado\/#primaryimage\"},\"image\":{\"@id\":\"https:\/\/www.notibras.com\/site\/morre-adolescente-agredido-em-vicente-pires-apos-16-dias-internado\/#primaryimage\"},\"thumbnailUrl\":\"https:\/\/www.notibras.com\/site\/wp-content\/uploads\/2026\/02\/WhatsApp-Image-2026-02-08-at-00.20.05.jpeg\",\"datePublished\":\"2026-02-08T04:15:23+00:00\",\"breadcrumb\":{\"@id\":\"https:\/\/www.notibras.com\/site\/morre-adolescente-agredido-em-vicente-pires-apos-16-dias-internado\/#breadcrumb\"},\"inLanguage\":\"pt-BR\",\"potentialAction\":[{\"@type\":\"ReadAction\",\"target\":[\"https:\/\/www.notibras.com\/site\/morre-adolescente-agredido-em-vicente-pires-apos-16-dias-internado\/\"]}]},{\"@type\":\"ImageObject\",\"inLanguage\":\"pt-BR\",\"@id\":\"https:\/\/www.notibras.com\/site\/morre-adolescente-agredido-em-vicente-pires-apos-16-dias-internado\/#primaryimage\",\"url\":\"https:\/\/www.notibras.com\/site\/wp-content\/uploads\/2026\/02\/WhatsApp-Image-2026-02-08-at-00.20.05.jpeg\",\"contentUrl\":\"https:\/\/www.notibras.com\/site\/wp-content\/uploads\/2026\/02\/WhatsApp-Image-2026-02-08-at-00.20.05.jpeg\",\"width\":984,\"height\":554},{\"@type\":\"BreadcrumbList\",\"@id\":\"https:\/\/www.notibras.com\/site\/morre-adolescente-agredido-em-vicente-pires-apos-16-dias-internado\/#breadcrumb\",\"itemListElement\":[{\"@type\":\"ListItem\",\"position\":1,\"name\":\"In\u00edcio\",\"item\":\"https:\/\/www.notibras.com\/site\/\"},{\"@type\":\"ListItem\",\"position\":2,\"name\":\"Morre adolescente agredido em Vicente Pires ap\u00f3s 16 dias Internado\"}]},{\"@type\":\"WebSite\",\"@id\":\"https:\/\/www.notibras.com\/site\/#website\",\"url\":\"https:\/\/www.notibras.com\/site\/\",\"name\":\"Notibras\",\"description\":\"Not\u00edcias de Bras\u00edlia, do Brasil e do Mundo\",\"publisher\":{\"@id\":\"https:\/\/www.notibras.com\/site\/#organization\"},\"potentialAction\":[{\"@type\":\"SearchAction\",\"target\":{\"@type\":\"EntryPoint\",\"urlTemplate\":\"https:\/\/www.notibras.com\/site\/?s={search_term_string}\"},\"query-input\":{\"@type\":\"PropertyValueSpecification\",\"valueRequired\":true,\"valueName\":\"search_term_string\"}}],\"inLanguage\":\"pt-BR\"},{\"@type\":\"Organization\",\"@id\":\"https:\/\/www.notibras.com\/site\/#organization\",\"name\":\"Grupo Notibras de Comunica\u00e7\u00e3o\",\"url\":\"https:\/\/www.notibras.com\/site\/\",\"logo\":{\"@type\":\"ImageObject\",\"inLanguage\":\"pt-BR\",\"@id\":\"https:\/\/www.notibras.com\/site\/#\/schema\/logo\/image\/\",\"url\":\"https:\/\/www.notibras.com\/site\/wp-content\/uploads\/2023\/01\/notibras23.png\",\"contentUrl\":\"https:\/\/www.notibras.com\/site\/wp-content\/uploads\/2023\/01\/notibras23.png\",\"width\":350,\"height\":87,\"caption\":\"Grupo Notibras de Comunica\u00e7\u00e3o\"},\"image\":{\"@id\":\"https:\/\/www.notibras.com\/site\/#\/schema\/logo\/image\/\"},\"sameAs\":[\"https:\/\/www.facebook.com\/notibras\/\",\"https:\/\/x.com\/Notibras\",\"https:\/\/www.instagram.com\/notibras\/\"]},{\"@type\":\"Person\",\"@id\":\"https:\/\/www.notibras.com\/site\/#\/schema\/person\/5b7fabf2aedc3ada2105f03b22b4d3dd\",\"name\":\"Eduardo Mart\u00ednez\",\"image\":{\"@type\":\"ImageObject\",\"inLanguage\":\"pt-BR\",\"@id\":\"https:\/\/secure.gravatar.com\/avatar\/7902f906289926289cbcda644b5197c796b893c6ffd7b9a536a42d290f7704a0?s=96&d=mm&r=g\",\"url\":\"https:\/\/secure.gravatar.com\/avatar\/7902f906289926289cbcda644b5197c796b893c6ffd7b9a536a42d290f7704a0?s=96&d=mm&r=g\",\"contentUrl\":\"https:\/\/secure.gravatar.com\/avatar\/7902f906289926289cbcda644b5197c796b893c6ffd7b9a536a42d290f7704a0?s=96&d=mm&r=g\",\"caption\":\"Eduardo Mart\u00ednez\"}}]}<\/script>\n<!-- \/ Yoast SEO plugin. -->","yoast_head_json":{"title":"Morre adolescente agredido em Vicente Pires ap\u00f3s 16 dias Internado - Notibras","robots":{"index":"index","follow":"follow","max-snippet":"max-snippet:-1","max-image-preview":"max-image-preview:large","max-video-preview":"max-video-preview:-1"},"canonical":"https:\/\/www.notibras.com\/site\/morre-adolescente-agredido-em-vicente-pires-apos-16-dias-internado\/","og_locale":"pt_BR","og_type":"article","og_title":"Morre adolescente agredido em Vicente Pires ap\u00f3s 16 dias Internado - Notibras","og_description":"O adolescente de 16 anos, Rodrigo Castanheira, morreu neste s\u00e1bado (7) ap\u00f3s 16 dias internado em estado grav\u00edssimo em um hospital particular de \u00c1guas Claras, no Distrito Federal. Ele foi agredido pelo piloto Pedro Arthur Turra Basso, de 19 anos, ap\u00f3s uma briga por chiclete em Vicente Pires. A defesa de Pedro Turra afirmou que [&hellip;]","og_url":"https:\/\/www.notibras.com\/site\/morre-adolescente-agredido-em-vicente-pires-apos-16-dias-internado\/","og_site_name":"Notibras","article_publisher":"https:\/\/www.facebook.com\/notibras\/","article_published_time":"2026-02-08T04:15:23+00:00","og_image":[{"width":984,"height":554,"url":"https:\/\/www.notibras.com\/site\/wp-content\/uploads\/2026\/02\/WhatsApp-Image-2026-02-08-at-00.20.05.jpeg","type":"image\/jpeg"}],"author":"Eduardo Mart\u00ednez","twitter_card":"summary_large_image","twitter_creator":"@Notibras","twitter_site":"@Notibras","twitter_misc":{"Escrito por":"Eduardo Mart\u00ednez","Est. tempo de leitura":"3 minutos"},"schema":{"@context":"https:\/\/schema.org","@graph":[{"@type":"Article","@id":"https:\/\/www.notibras.com\/site\/morre-adolescente-agredido-em-vicente-pires-apos-16-dias-internado\/#article","isPartOf":{"@id":"https:\/\/www.notibras.com\/site\/morre-adolescente-agredido-em-vicente-pires-apos-16-dias-internado\/"},"author":{"name":"Eduardo Mart\u00ednez","@id":"https:\/\/www.notibras.com\/site\/#\/schema\/person\/5b7fabf2aedc3ada2105f03b22b4d3dd"},"headline":"Morre adolescente agredido em Vicente Pires ap\u00f3s 16 dias Internado","datePublished":"2026-02-08T04:15:23+00:00","mainEntityOfPage":{"@id":"https:\/\/www.notibras.com\/site\/morre-adolescente-agredido-em-vicente-pires-apos-16-dias-internado\/"},"wordCount":380,"publisher":{"@id":"https:\/\/www.notibras.com\/site\/#organization"},"image":{"@id":"https:\/\/www.notibras.com\/site\/morre-adolescente-agredido-em-vicente-pires-apos-16-dias-internado\/#primaryimage"},"thumbnailUrl":"https:\/\/www.notibras.com\/site\/wp-content\/uploads\/2026\/02\/WhatsApp-Image-2026-02-08-at-00.20.05.jpeg","articleSection":["Quadradinho em Foco"],"inLanguage":"pt-BR"},{"@type":"WebPage","@id":"https:\/\/www.notibras.com\/site\/morre-adolescente-agredido-em-vicente-pires-apos-16-dias-internado\/","url":"https:\/\/www.notibras.com\/site\/morre-adolescente-agredido-em-vicente-pires-apos-16-dias-internado\/","name":"Morre adolescente agredido em Vicente Pires ap\u00f3s 16 dias Internado - Notibras","isPartOf":{"@id":"https:\/\/www.notibras.com\/site\/#website"},"primaryImageOfPage":{"@id":"https:\/\/www.notibras.com\/site\/morre-adolescente-agredido-em-vicente-pires-apos-16-dias-internado\/#primaryimage"},"image":{"@id":"https:\/\/www.notibras.com\/site\/morre-adolescente-agredido-em-vicente-pires-apos-16-dias-internado\/#primaryimage"},"thumbnailUrl":"https:\/\/www.notibras.com\/site\/wp-content\/uploads\/2026\/02\/WhatsApp-Image-2026-02-08-at-00.20.05.jpeg","datePublished":"2026-02-08T04:15:23+00:00","breadcrumb":{"@id":"https:\/\/www.notibras.com\/site\/morre-adolescente-agredido-em-vicente-pires-apos-16-dias-internado\/#breadcrumb"},"inLanguage":"pt-BR","potentialAction":[{"@type":"ReadAction","target":["https:\/\/www.notibras.com\/site\/morre-adolescente-agredido-em-vicente-pires-apos-16-dias-internado\/"]}]},{"@type":"ImageObject","inLanguage":"pt-BR","@id":"https:\/\/www.notibras.com\/site\/morre-adolescente-agredido-em-vicente-pires-apos-16-dias-internado\/#primaryimage","url":"https:\/\/www.notibras.com\/site\/wp-content\/uploads\/2026\/02\/WhatsApp-Image-2026-02-08-at-00.20.05.jpeg","contentUrl":"https:\/\/www.notibras.com\/site\/wp-content\/uploads\/2026\/02\/WhatsApp-Image-2026-02-08-at-00.20.05.jpeg","width":984,"height":554},{"@type":"BreadcrumbList","@id":"https:\/\/www.notibras.com\/site\/morre-adolescente-agredido-em-vicente-pires-apos-16-dias-internado\/#breadcrumb","itemListElement":[{"@type":"ListItem","position":1,"name":"In\u00edcio","item":"https:\/\/www.notibras.com\/site\/"},{"@type":"ListItem","position":2,"name":"Morre adolescente agredido em Vicente Pires ap\u00f3s 16 dias Internado"}]},{"@type":"WebSite","@id":"https:\/\/www.notibras.com\/site\/#website","url":"https:\/\/www.notibras.com\/site\/","name":"Notibras","description":"Not\u00edcias de Bras\u00edlia, do Brasil e do Mundo","publisher":{"@id":"https:\/\/www.notibras.com\/site\/#organization"},"potentialAction":[{"@type":"SearchAction","target":{"@type":"EntryPoint","urlTemplate":"https:\/\/www.notibras.com\/site\/?s={search_term_string}"},"query-input":{"@type":"PropertyValueSpecification","valueRequired":true,"valueName":"search_term_string"}}],"inLanguage":"pt-BR"},{"@type":"Organization","@id":"https:\/\/www.notibras.com\/site\/#organization","name":"Grupo Notibras de Comunica\u00e7\u00e3o","url":"https:\/\/www.notibras.com\/site\/","logo":{"@type":"ImageObject","inLanguage":"pt-BR","@id":"https:\/\/www.notibras.com\/site\/#\/schema\/logo\/image\/","url":"https:\/\/www.notibras.com\/site\/wp-content\/uploads\/2023\/01\/notibras23.png","contentUrl":"https:\/\/www.notibras.com\/site\/wp-content\/uploads\/2023\/01\/notibras23.png","width":350,"height":87,"caption":"Grupo Notibras de Comunica\u00e7\u00e3o"},"image":{"@id":"https:\/\/www.notibras.com\/site\/#\/schema\/logo\/image\/"},"sameAs":["https:\/\/www.facebook.com\/notibras\/","https:\/\/x.com\/Notibras","https:\/\/www.instagram.com\/notibras\/"]},{"@type":"Person","@id":"https:\/\/www.notibras.com\/site\/#\/schema\/person\/5b7fabf2aedc3ada2105f03b22b4d3dd","name":"Eduardo Mart\u00ednez","image":{"@type":"ImageObject","inLanguage":"pt-BR","@id":"https:\/\/secure.gravatar.com\/avatar\/7902f906289926289cbcda644b5197c796b893c6ffd7b9a536a42d290f7704a0?s=96&d=mm&r=g","url":"https:\/\/secure.gravatar.com\/avatar\/7902f906289926289cbcda644b5197c796b893c6ffd7b9a536a42d290f7704a0?s=96&d=mm&r=g","contentUrl":"https:\/\/secure.gravatar.com\/avatar\/7902f906289926289cbcda644b5197c796b893c6ffd7b9a536a42d290f7704a0?s=96&d=mm&r=g","caption":"Eduardo Mart\u00ednez"}}]}},"amp_enabled":true,"_links":{"self":[{"href":"https:\/\/www.notibras.com\/site\/wp-json\/wp\/v2\/posts\/382286","targetHints":{"allow":["GET"]}}],"collection":[{"href":"https:\/\/www.notibras.com\/site\/wp-json\/wp\/v2\/posts"}],"about":[{"href":"https:\/\/www.notibras.com\/site\/wp-json\/wp\/v2\/types\/post"}],"author":[{"embeddable":true,"href":"https:\/\/www.notibras.com\/site\/wp-json\/wp\/v2\/users\/21"}],"replies":[{"embeddable":true,"href":"https:\/\/www.notibras.com\/site\/wp-json\/wp\/v2\/comments?post=382286"}],"version-history":[{"count":3,"href":"https:\/\/www.notibras.com\/site\/wp-json\/wp\/v2\/posts\/382286\/revisions"}],"predecessor-version":[{"id":382290,"href":"https:\/\/www.notibras.com\/site\/wp-json\/wp\/v2\/posts\/382286\/revisions\/382290"}],"wp:featuredmedia":[{"embeddable":true,"href":"https:\/\/www.notibras.com\/site\/wp-json\/wp\/v2\/media\/382288"}],"wp:attachment":[{"href":"https:\/\/www.notibras.com\/site\/wp-json\/wp\/v2\/media?parent=382286"}],"wp:term":[{"taxonomy":"category","embeddable":true,"href":"https:\/\/www.notibras.com\/site\/wp-json\/wp\/v2\/categories?post=382286"},{"taxonomy":"post_tag","embeddable":true,"href":"https:\/\/www.notibras.com\/site\/wp-json\/wp\/v2\/tags?post=382286"}],"curies":[{"name":"wp","href":"https:\/\/api.w.org\/{rel}","templated":true}]}}