{"id":382292,"date":"2026-02-08T00:45:32","date_gmt":"2026-02-08T03:45:32","guid":{"rendered":"https:\/\/www.notibras.com\/site\/?p=382292"},"modified":"2026-02-08T00:29:07","modified_gmt":"2026-02-08T03:29:07","slug":"conheca-a-trilha-de-abelhas-nativas-do-cerrado","status":"publish","type":"post","link":"https:\/\/www.notibras.com\/site\/conheca-a-trilha-de-abelhas-nativas-do-cerrado\/","title":{"rendered":"Conhe\u00e7a a trilha de abelhas nativas do Cerrado"},"content":{"rendered":"<p>O Instituto Bras\u00edlia Ambiental promoveu neste s\u00e1bado (7), a inaugura\u00e7\u00e3o da trilha de abelhas nativas sem ferr\u00e3o, no Parque Ecol\u00f3gico Toror\u00f3, localizado na Regi\u00e3o Administrativa do Jardim Bot\u00e2nico. O projeto, idealizado por agentes de unidades de conserva\u00e7\u00e3o, tem o objetivo de conscientizar a comunidade quanto ao relevante papel desempenhado por esses insetos para a manuten\u00e7\u00e3o da flora do Cerrado.<\/p>\n<p>Durante a abertura do evento, o presidente do Bras\u00edlia Ambiental, R\u00f4ney Nemer, enalteceu o trabalho em conjunto para a concretiza\u00e7\u00e3o do projeto. \u201cAgrade\u00e7o a todos que se empenharam, sobretudo os agentes de parques, os brigadistas e os frequentadores, em uma grande parceria, para a consolida\u00e7\u00e3o desta trilha. Precisamos sempre de mais pessoas envolvidas em a\u00e7\u00f5es ambientais, semeando novas ideias, protegendo a natureza\u201d, disse.<\/p>\n<p>\u201cEsse projeto n\u00e3o apenas educa sobre a import\u00e2ncia dos agentes polinizadores, mas tamb\u00e9m demonstra que juntos, podemos cultivar um futuro mais sustent\u00e1vel, valorizando o que a natureza nos oferece e protegendo nossas riquezas naturais&#8221;, comentou a vice-governadora do Distrito Federal, Celina Le\u00e3o.<\/p>\n<p>\u201cEsse pequeno caminho faz parte da trilha da biodiversidade do Parque Ecol\u00f3gico do Toror\u00f3. Nele observamos a cultura de algumas esp\u00e9cies de abelhas sem ferr\u00f5es, a exemplo da jata\u00ed, manda\u00e7aia e uru\u00e7u-amarela. H\u00e1 tamb\u00e9m as abelhas solit\u00e1rias, que prestam relevantes servi\u00e7os ao bioma do Cerrado\u201d, afirma o agente de Unidades de Conserva\u00e7\u00e3o e Parques, Francisco Maciel, que elaborou o projeto com Wilson Silveira.<\/p>\n<p>Maciel acrescentou, ainda, que a trilha \u00e9 composta por um viveiro de orqu\u00eddeas baunilhas do Cerrado, que fazem conex\u00e3o com as abelhas que as polinizam. \u201c\u00c9 um momento interessante, pois demonstra a fun\u00e7\u00e3o de prote\u00e7\u00e3o e preserva\u00e7\u00e3o exercido pela unidade de conserva\u00e7\u00e3o e estabelece uma liga\u00e7\u00e3o com a sociedade mostrando o que h\u00e1 de belo neste bioma.\u201d<\/p>\n<p>Os participantes do evento percorreram o trajeto explicativo de 125 metros durante o qual puderam observar atentamente a cria\u00e7\u00e3o de variadas abelhas sem ferr\u00e3o, as suas caracter\u00edsticas e h\u00e1bitos e as esp\u00e9cies de baunilhas.<\/p>\n<p>Ao final do passeio, foi realizada a oficina de manejo das mel\u00edponas (abelhas nativas sem ferr\u00e3o), com o instrutor Geraldo Lira, na qual o p\u00fablico aprendeu como proceder e resguardar a presen\u00e7a desses insetos, pr\u00e1ticas com iscas, demonstra\u00e7\u00e3o dos diversos tipos de caixas para cria\u00e7\u00e3o, limpeza e manuten\u00e7\u00e3o, entre outros.<\/p>\n","protected":false},"excerpt":{"rendered":"<p>O Instituto Bras\u00edlia Ambiental promoveu neste s\u00e1bado (7), a inaugura\u00e7\u00e3o da trilha de abelhas nativas sem ferr\u00e3o, no Parque Ecol\u00f3gico Toror\u00f3, localizado na Regi\u00e3o Administrativa do Jardim Bot\u00e2nico. O projeto, idealizado por agentes de unidades de conserva\u00e7\u00e3o, tem o objetivo de conscientizar a comunidade quanto ao relevante papel desempenhado por esses insetos para a manuten\u00e7\u00e3o [&hellip;]<\/p>\n","protected":false},"author":21,"featured_media":382293,"comment_status":"closed","ping_status":"closed","sticky":false,"template":"","format":"standard","meta":{"_acf_changed":false,"footnotes":""},"categories":[161],"tags":[],"class_list":["post-382292","post","type-post","status-publish","format-standard","has-post-thumbnail","hentry","category-quadradinho-em-foco"],"acf":[],"yoast_head":"<!-- This site is optimized with the Yoast SEO plugin v27.2 - https:\/\/yoast.com\/product\/yoast-seo-wordpress\/ -->\n<title>Conhe\u00e7a a trilha de abelhas nativas do Cerrado - Notibras<\/title>\n<meta name=\"robots\" content=\"index, follow, max-snippet:-1, max-image-preview:large, max-video-preview:-1\" \/>\n<link rel=\"canonical\" href=\"https:\/\/www.notibras.com\/site\/conheca-a-trilha-de-abelhas-nativas-do-cerrado\/\" \/>\n<meta property=\"og:locale\" content=\"pt_BR\" \/>\n<meta property=\"og:type\" content=\"article\" \/>\n<meta property=\"og:title\" content=\"Conhe\u00e7a a trilha de abelhas nativas do Cerrado - Notibras\" \/>\n<meta property=\"og:description\" content=\"O Instituto Bras\u00edlia Ambiental promoveu neste s\u00e1bado (7), a inaugura\u00e7\u00e3o da trilha de abelhas nativas sem ferr\u00e3o, no Parque Ecol\u00f3gico Toror\u00f3, localizado na Regi\u00e3o Administrativa do Jardim Bot\u00e2nico. O projeto, idealizado por agentes de unidades de conserva\u00e7\u00e3o, tem o objetivo de conscientizar a comunidade quanto ao relevante papel desempenhado por esses insetos para a manuten\u00e7\u00e3o [&hellip;]\" \/>\n<meta property=\"og:url\" content=\"https:\/\/www.notibras.com\/site\/conheca-a-trilha-de-abelhas-nativas-do-cerrado\/\" \/>\n<meta property=\"og:site_name\" content=\"Notibras\" \/>\n<meta property=\"article:publisher\" content=\"https:\/\/www.facebook.com\/notibras\/\" \/>\n<meta property=\"article:published_time\" content=\"2026-02-08T03:45:32+00:00\" \/>\n<meta property=\"og:image\" content=\"https:\/\/www.notibras.com\/site\/wp-content\/uploads\/2026\/02\/WhatsApp-Image-2026-02-07-at-16.29.52.jpeg\" \/>\n\t<meta property=\"og:image:width\" content=\"640\" \/>\n\t<meta property=\"og:image:height\" content=\"427\" \/>\n\t<meta property=\"og:image:type\" content=\"image\/jpeg\" \/>\n<meta name=\"author\" content=\"Eduardo Mart\u00ednez\" \/>\n<meta name=\"twitter:card\" content=\"summary_large_image\" \/>\n<meta name=\"twitter:creator\" content=\"@Notibras\" \/>\n<meta name=\"twitter:site\" content=\"@Notibras\" \/>\n<meta name=\"twitter:label1\" content=\"Escrito por\" \/>\n\t<meta name=\"twitter:data1\" content=\"Eduardo Mart\u00ednez\" \/>\n\t<meta name=\"twitter:label2\" content=\"Est. tempo de leitura\" \/>\n\t<meta name=\"twitter:data2\" content=\"3 minutos\" \/>\n<script type=\"application\/ld+json\" class=\"yoast-schema-graph\">{\"@context\":\"https:\/\/schema.org\",\"@graph\":[{\"@type\":\"Article\",\"@id\":\"https:\/\/www.notibras.com\/site\/conheca-a-trilha-de-abelhas-nativas-do-cerrado\/#article\",\"isPartOf\":{\"@id\":\"https:\/\/www.notibras.com\/site\/conheca-a-trilha-de-abelhas-nativas-do-cerrado\/\"},\"author\":{\"name\":\"Eduardo Mart\u00ednez\",\"@id\":\"https:\/\/www.notibras.com\/site\/#\/schema\/person\/5b7fabf2aedc3ada2105f03b22b4d3dd\"},\"headline\":\"Conhe\u00e7a a trilha de abelhas nativas do Cerrado\",\"datePublished\":\"2026-02-08T03:45:32+00:00\",\"mainEntityOfPage\":{\"@id\":\"https:\/\/www.notibras.com\/site\/conheca-a-trilha-de-abelhas-nativas-do-cerrado\/\"},\"wordCount\":422,\"publisher\":{\"@id\":\"https:\/\/www.notibras.com\/site\/#organization\"},\"image\":{\"@id\":\"https:\/\/www.notibras.com\/site\/conheca-a-trilha-de-abelhas-nativas-do-cerrado\/#primaryimage\"},\"thumbnailUrl\":\"https:\/\/www.notibras.com\/site\/wp-content\/uploads\/2026\/02\/WhatsApp-Image-2026-02-07-at-16.29.52.jpeg\",\"articleSection\":[\"Quadradinho em Foco\"],\"inLanguage\":\"pt-BR\"},{\"@type\":\"WebPage\",\"@id\":\"https:\/\/www.notibras.com\/site\/conheca-a-trilha-de-abelhas-nativas-do-cerrado\/\",\"url\":\"https:\/\/www.notibras.com\/site\/conheca-a-trilha-de-abelhas-nativas-do-cerrado\/\",\"name\":\"Conhe\u00e7a a trilha de abelhas nativas do Cerrado - Notibras\",\"isPartOf\":{\"@id\":\"https:\/\/www.notibras.com\/site\/#website\"},\"primaryImageOfPage\":{\"@id\":\"https:\/\/www.notibras.com\/site\/conheca-a-trilha-de-abelhas-nativas-do-cerrado\/#primaryimage\"},\"image\":{\"@id\":\"https:\/\/www.notibras.com\/site\/conheca-a-trilha-de-abelhas-nativas-do-cerrado\/#primaryimage\"},\"thumbnailUrl\":\"https:\/\/www.notibras.com\/site\/wp-content\/uploads\/2026\/02\/WhatsApp-Image-2026-02-07-at-16.29.52.jpeg\",\"datePublished\":\"2026-02-08T03:45:32+00:00\",\"breadcrumb\":{\"@id\":\"https:\/\/www.notibras.com\/site\/conheca-a-trilha-de-abelhas-nativas-do-cerrado\/#breadcrumb\"},\"inLanguage\":\"pt-BR\",\"potentialAction\":[{\"@type\":\"ReadAction\",\"target\":[\"https:\/\/www.notibras.com\/site\/conheca-a-trilha-de-abelhas-nativas-do-cerrado\/\"]}]},{\"@type\":\"ImageObject\",\"inLanguage\":\"pt-BR\",\"@id\":\"https:\/\/www.notibras.com\/site\/conheca-a-trilha-de-abelhas-nativas-do-cerrado\/#primaryimage\",\"url\":\"https:\/\/www.notibras.com\/site\/wp-content\/uploads\/2026\/02\/WhatsApp-Image-2026-02-07-at-16.29.52.jpeg\",\"contentUrl\":\"https:\/\/www.notibras.com\/site\/wp-content\/uploads\/2026\/02\/WhatsApp-Image-2026-02-07-at-16.29.52.jpeg\",\"width\":640,\"height\":427},{\"@type\":\"BreadcrumbList\",\"@id\":\"https:\/\/www.notibras.com\/site\/conheca-a-trilha-de-abelhas-nativas-do-cerrado\/#breadcrumb\",\"itemListElement\":[{\"@type\":\"ListItem\",\"position\":1,\"name\":\"In\u00edcio\",\"item\":\"https:\/\/www.notibras.com\/site\/\"},{\"@type\":\"ListItem\",\"position\":2,\"name\":\"Conhe\u00e7a a trilha de abelhas nativas do Cerrado\"}]},{\"@type\":\"WebSite\",\"@id\":\"https:\/\/www.notibras.com\/site\/#website\",\"url\":\"https:\/\/www.notibras.com\/site\/\",\"name\":\"Notibras\",\"description\":\"Not\u00edcias de Bras\u00edlia, do Brasil e do Mundo\",\"publisher\":{\"@id\":\"https:\/\/www.notibras.com\/site\/#organization\"},\"potentialAction\":[{\"@type\":\"SearchAction\",\"target\":{\"@type\":\"EntryPoint\",\"urlTemplate\":\"https:\/\/www.notibras.com\/site\/?s={search_term_string}\"},\"query-input\":{\"@type\":\"PropertyValueSpecification\",\"valueRequired\":true,\"valueName\":\"search_term_string\"}}],\"inLanguage\":\"pt-BR\"},{\"@type\":\"Organization\",\"@id\":\"https:\/\/www.notibras.com\/site\/#organization\",\"name\":\"Grupo Notibras de Comunica\u00e7\u00e3o\",\"url\":\"https:\/\/www.notibras.com\/site\/\",\"logo\":{\"@type\":\"ImageObject\",\"inLanguage\":\"pt-BR\",\"@id\":\"https:\/\/www.notibras.com\/site\/#\/schema\/logo\/image\/\",\"url\":\"https:\/\/www.notibras.com\/site\/wp-content\/uploads\/2023\/01\/notibras23.png\",\"contentUrl\":\"https:\/\/www.notibras.com\/site\/wp-content\/uploads\/2023\/01\/notibras23.png\",\"width\":350,\"height\":87,\"caption\":\"Grupo Notibras de Comunica\u00e7\u00e3o\"},\"image\":{\"@id\":\"https:\/\/www.notibras.com\/site\/#\/schema\/logo\/image\/\"},\"sameAs\":[\"https:\/\/www.facebook.com\/notibras\/\",\"https:\/\/x.com\/Notibras\",\"https:\/\/www.instagram.com\/notibras\/\"]},{\"@type\":\"Person\",\"@id\":\"https:\/\/www.notibras.com\/site\/#\/schema\/person\/5b7fabf2aedc3ada2105f03b22b4d3dd\",\"name\":\"Eduardo Mart\u00ednez\",\"image\":{\"@type\":\"ImageObject\",\"inLanguage\":\"pt-BR\",\"@id\":\"https:\/\/secure.gravatar.com\/avatar\/7902f906289926289cbcda644b5197c796b893c6ffd7b9a536a42d290f7704a0?s=96&d=mm&r=g\",\"url\":\"https:\/\/secure.gravatar.com\/avatar\/7902f906289926289cbcda644b5197c796b893c6ffd7b9a536a42d290f7704a0?s=96&d=mm&r=g\",\"contentUrl\":\"https:\/\/secure.gravatar.com\/avatar\/7902f906289926289cbcda644b5197c796b893c6ffd7b9a536a42d290f7704a0?s=96&d=mm&r=g\",\"caption\":\"Eduardo Mart\u00ednez\"}}]}<\/script>\n<!-- \/ Yoast SEO plugin. -->","yoast_head_json":{"title":"Conhe\u00e7a a trilha de abelhas nativas do Cerrado - Notibras","robots":{"index":"index","follow":"follow","max-snippet":"max-snippet:-1","max-image-preview":"max-image-preview:large","max-video-preview":"max-video-preview:-1"},"canonical":"https:\/\/www.notibras.com\/site\/conheca-a-trilha-de-abelhas-nativas-do-cerrado\/","og_locale":"pt_BR","og_type":"article","og_title":"Conhe\u00e7a a trilha de abelhas nativas do Cerrado - Notibras","og_description":"O Instituto Bras\u00edlia Ambiental promoveu neste s\u00e1bado (7), a inaugura\u00e7\u00e3o da trilha de abelhas nativas sem ferr\u00e3o, no Parque Ecol\u00f3gico Toror\u00f3, localizado na Regi\u00e3o Administrativa do Jardim Bot\u00e2nico. O projeto, idealizado por agentes de unidades de conserva\u00e7\u00e3o, tem o objetivo de conscientizar a comunidade quanto ao relevante papel desempenhado por esses insetos para a manuten\u00e7\u00e3o [&hellip;]","og_url":"https:\/\/www.notibras.com\/site\/conheca-a-trilha-de-abelhas-nativas-do-cerrado\/","og_site_name":"Notibras","article_publisher":"https:\/\/www.facebook.com\/notibras\/","article_published_time":"2026-02-08T03:45:32+00:00","og_image":[{"width":640,"height":427,"url":"https:\/\/www.notibras.com\/site\/wp-content\/uploads\/2026\/02\/WhatsApp-Image-2026-02-07-at-16.29.52.jpeg","type":"image\/jpeg"}],"author":"Eduardo Mart\u00ednez","twitter_card":"summary_large_image","twitter_creator":"@Notibras","twitter_site":"@Notibras","twitter_misc":{"Escrito por":"Eduardo Mart\u00ednez","Est. tempo de leitura":"3 minutos"},"schema":{"@context":"https:\/\/schema.org","@graph":[{"@type":"Article","@id":"https:\/\/www.notibras.com\/site\/conheca-a-trilha-de-abelhas-nativas-do-cerrado\/#article","isPartOf":{"@id":"https:\/\/www.notibras.com\/site\/conheca-a-trilha-de-abelhas-nativas-do-cerrado\/"},"author":{"name":"Eduardo Mart\u00ednez","@id":"https:\/\/www.notibras.com\/site\/#\/schema\/person\/5b7fabf2aedc3ada2105f03b22b4d3dd"},"headline":"Conhe\u00e7a a trilha de abelhas nativas do Cerrado","datePublished":"2026-02-08T03:45:32+00:00","mainEntityOfPage":{"@id":"https:\/\/www.notibras.com\/site\/conheca-a-trilha-de-abelhas-nativas-do-cerrado\/"},"wordCount":422,"publisher":{"@id":"https:\/\/www.notibras.com\/site\/#organization"},"image":{"@id":"https:\/\/www.notibras.com\/site\/conheca-a-trilha-de-abelhas-nativas-do-cerrado\/#primaryimage"},"thumbnailUrl":"https:\/\/www.notibras.com\/site\/wp-content\/uploads\/2026\/02\/WhatsApp-Image-2026-02-07-at-16.29.52.jpeg","articleSection":["Quadradinho em Foco"],"inLanguage":"pt-BR"},{"@type":"WebPage","@id":"https:\/\/www.notibras.com\/site\/conheca-a-trilha-de-abelhas-nativas-do-cerrado\/","url":"https:\/\/www.notibras.com\/site\/conheca-a-trilha-de-abelhas-nativas-do-cerrado\/","name":"Conhe\u00e7a a trilha de abelhas nativas do Cerrado - Notibras","isPartOf":{"@id":"https:\/\/www.notibras.com\/site\/#website"},"primaryImageOfPage":{"@id":"https:\/\/www.notibras.com\/site\/conheca-a-trilha-de-abelhas-nativas-do-cerrado\/#primaryimage"},"image":{"@id":"https:\/\/www.notibras.com\/site\/conheca-a-trilha-de-abelhas-nativas-do-cerrado\/#primaryimage"},"thumbnailUrl":"https:\/\/www.notibras.com\/site\/wp-content\/uploads\/2026\/02\/WhatsApp-Image-2026-02-07-at-16.29.52.jpeg","datePublished":"2026-02-08T03:45:32+00:00","breadcrumb":{"@id":"https:\/\/www.notibras.com\/site\/conheca-a-trilha-de-abelhas-nativas-do-cerrado\/#breadcrumb"},"inLanguage":"pt-BR","potentialAction":[{"@type":"ReadAction","target":["https:\/\/www.notibras.com\/site\/conheca-a-trilha-de-abelhas-nativas-do-cerrado\/"]}]},{"@type":"ImageObject","inLanguage":"pt-BR","@id":"https:\/\/www.notibras.com\/site\/conheca-a-trilha-de-abelhas-nativas-do-cerrado\/#primaryimage","url":"https:\/\/www.notibras.com\/site\/wp-content\/uploads\/2026\/02\/WhatsApp-Image-2026-02-07-at-16.29.52.jpeg","contentUrl":"https:\/\/www.notibras.com\/site\/wp-content\/uploads\/2026\/02\/WhatsApp-Image-2026-02-07-at-16.29.52.jpeg","width":640,"height":427},{"@type":"BreadcrumbList","@id":"https:\/\/www.notibras.com\/site\/conheca-a-trilha-de-abelhas-nativas-do-cerrado\/#breadcrumb","itemListElement":[{"@type":"ListItem","position":1,"name":"In\u00edcio","item":"https:\/\/www.notibras.com\/site\/"},{"@type":"ListItem","position":2,"name":"Conhe\u00e7a a trilha de abelhas nativas do Cerrado"}]},{"@type":"WebSite","@id":"https:\/\/www.notibras.com\/site\/#website","url":"https:\/\/www.notibras.com\/site\/","name":"Notibras","description":"Not\u00edcias de Bras\u00edlia, do Brasil e do Mundo","publisher":{"@id":"https:\/\/www.notibras.com\/site\/#organization"},"potentialAction":[{"@type":"SearchAction","target":{"@type":"EntryPoint","urlTemplate":"https:\/\/www.notibras.com\/site\/?s={search_term_string}"},"query-input":{"@type":"PropertyValueSpecification","valueRequired":true,"valueName":"search_term_string"}}],"inLanguage":"pt-BR"},{"@type":"Organization","@id":"https:\/\/www.notibras.com\/site\/#organization","name":"Grupo Notibras de Comunica\u00e7\u00e3o","url":"https:\/\/www.notibras.com\/site\/","logo":{"@type":"ImageObject","inLanguage":"pt-BR","@id":"https:\/\/www.notibras.com\/site\/#\/schema\/logo\/image\/","url":"https:\/\/www.notibras.com\/site\/wp-content\/uploads\/2023\/01\/notibras23.png","contentUrl":"https:\/\/www.notibras.com\/site\/wp-content\/uploads\/2023\/01\/notibras23.png","width":350,"height":87,"caption":"Grupo Notibras de Comunica\u00e7\u00e3o"},"image":{"@id":"https:\/\/www.notibras.com\/site\/#\/schema\/logo\/image\/"},"sameAs":["https:\/\/www.facebook.com\/notibras\/","https:\/\/x.com\/Notibras","https:\/\/www.instagram.com\/notibras\/"]},{"@type":"Person","@id":"https:\/\/www.notibras.com\/site\/#\/schema\/person\/5b7fabf2aedc3ada2105f03b22b4d3dd","name":"Eduardo Mart\u00ednez","image":{"@type":"ImageObject","inLanguage":"pt-BR","@id":"https:\/\/secure.gravatar.com\/avatar\/7902f906289926289cbcda644b5197c796b893c6ffd7b9a536a42d290f7704a0?s=96&d=mm&r=g","url":"https:\/\/secure.gravatar.com\/avatar\/7902f906289926289cbcda644b5197c796b893c6ffd7b9a536a42d290f7704a0?s=96&d=mm&r=g","contentUrl":"https:\/\/secure.gravatar.com\/avatar\/7902f906289926289cbcda644b5197c796b893c6ffd7b9a536a42d290f7704a0?s=96&d=mm&r=g","caption":"Eduardo Mart\u00ednez"}}]}},"amp_enabled":true,"_links":{"self":[{"href":"https:\/\/www.notibras.com\/site\/wp-json\/wp\/v2\/posts\/382292","targetHints":{"allow":["GET"]}}],"collection":[{"href":"https:\/\/www.notibras.com\/site\/wp-json\/wp\/v2\/posts"}],"about":[{"href":"https:\/\/www.notibras.com\/site\/wp-json\/wp\/v2\/types\/post"}],"author":[{"embeddable":true,"href":"https:\/\/www.notibras.com\/site\/wp-json\/wp\/v2\/users\/21"}],"replies":[{"embeddable":true,"href":"https:\/\/www.notibras.com\/site\/wp-json\/wp\/v2\/comments?post=382292"}],"version-history":[{"count":2,"href":"https:\/\/www.notibras.com\/site\/wp-json\/wp\/v2\/posts\/382292\/revisions"}],"predecessor-version":[{"id":382295,"href":"https:\/\/www.notibras.com\/site\/wp-json\/wp\/v2\/posts\/382292\/revisions\/382295"}],"wp:featuredmedia":[{"embeddable":true,"href":"https:\/\/www.notibras.com\/site\/wp-json\/wp\/v2\/media\/382293"}],"wp:attachment":[{"href":"https:\/\/www.notibras.com\/site\/wp-json\/wp\/v2\/media?parent=382292"}],"wp:term":[{"taxonomy":"category","embeddable":true,"href":"https:\/\/www.notibras.com\/site\/wp-json\/wp\/v2\/categories?post=382292"},{"taxonomy":"post_tag","embeddable":true,"href":"https:\/\/www.notibras.com\/site\/wp-json\/wp\/v2\/tags?post=382292"}],"curies":[{"name":"wp","href":"https:\/\/api.w.org\/{rel}","templated":true}]}}