{"id":382296,"date":"2026-02-08T01:00:22","date_gmt":"2026-02-08T04:00:22","guid":{"rendered":"https:\/\/www.notibras.com\/site\/?p=382296"},"modified":"2026-02-08T00:45:12","modified_gmt":"2026-02-08T03:45:12","slug":"mais-de-8-mil-pacientes-procuraram-atendimento-odontologico-em-2025","status":"publish","type":"post","link":"https:\/\/www.notibras.com\/site\/mais-de-8-mil-pacientes-procuraram-atendimento-odontologico-em-2025\/","title":{"rendered":"Mais de 8 mil pacientes procuraram atendimento odontol\u00f3gico em 2025"},"content":{"rendered":"<p>Dor intensa, infec\u00e7\u00f5es, traumas e situa\u00e7\u00f5es que afetam diretamente a qualidade de vida encontram resposta imediata nas unidades de pronto atendimento (UPAs) do Distrito Federal. Entre os servi\u00e7os que se destacam no cuidado integral \u00e0 popula\u00e7\u00e3o est\u00e1 o atendimento odontol\u00f3gico de urg\u00eancia e emerg\u00eancia, um diferencial que refor\u00e7a o compromisso do Instituto de Gest\u00e3o Estrat\u00e9gica de Sa\u00fade do Distrito Federal (IgesDF) com um SUS mais humano, acess\u00edvel e resolutivo.<\/p>\n<p>Ao longo de 2025, as UPAs de Ceil\u00e2ndia 1, Samambaia, Sobradinho, N\u00facleo Bandeirante e Recanto das Emas realizaram 8.605 atendimentos odontol\u00f3gicos. Os n\u00fameros traduzem a import\u00e2ncia do servi\u00e7o e, mais do que estat\u00edsticas, representam pessoas que encontraram al\u00edvio para a dor e acolhimento em momentos de urg\u00eancia.<\/p>\n<p>Segundo o superintendente das UPAs, Francivaldo Soares, o atendimento odontol\u00f3gico integra de forma estrat\u00e9gica a Rede de Aten\u00e7\u00e3o \u00e0s Urg\u00eancias e Emerg\u00eancias. \u201cAs UPAs oferecem assist\u00eancia odontol\u00f3gica voltada exclusivamente para situa\u00e7\u00f5es que exigem interven\u00e7\u00e3o imediata, como dores intensas, infec\u00e7\u00f5es, abscessos, fraturas dent\u00e1rias e hemorragias. Isso garante cuidado r\u00e1pido, evita agravamentos e reduz a sobrecarga dos prontos-socorros hospitalares\u201d, explica.<\/p>\n<p>Os servi\u00e7os incluem procedimentos como drenagem de abscessos, extra\u00e7\u00e3o de dentes, tratamento de inflama\u00e7\u00f5es, abertura do dente para tratamento do nervo e realiza\u00e7\u00e3o de curativos, al\u00e9m de ajustes na mordida e retirada de objetos estranhos da boca e do rosto. Todo o atendimento \u00e9 realizado por equipes qualificadas, formadas por cirurgi\u00f5es-dentistas e t\u00e9cnicos em sa\u00fade bucal, com apoio de estrutura adequada, equipamentos e insumos necess\u00e1rios para garantir seguran\u00e7a e efic\u00e1cia.<\/p>\n<p>O fluxo de atendimento segue o mesmo padr\u00e3o das demais demandas da UPA. O paciente chega por demanda espont\u00e2nea, passa pelo acolhimento com classifica\u00e7\u00e3o de risco e, ao ser identificada a urg\u00eancia odontol\u00f3gica, \u00e9 encaminhado para o consult\u00f3rio. \u201cEsse processo garante que quem realmente precisa de atendimento imediato seja assistido com rapidez e seguran\u00e7a\u201d, destaca Francivaldo.<\/p>\n<p>Para o diretor de Aten\u00e7\u00e3o \u00e0 Sa\u00fade do IgesDF, Edson Gon\u00e7alves, garantir o atendimento odontol\u00f3gico de urg\u00eancia nas UPAs \u00e9 uma decis\u00e3o estrat\u00e9gica da assist\u00eancia. \u201cSitua\u00e7\u00f5es de dor, infec\u00e7\u00e3o e trauma exigem resposta imediata. Quando esse cuidado \u00e9 organizado dentro da rede, com equipe capacitada e protocolos definidos, o paciente recebe um atendimento mais seguro, resolutivo e humanizado\u201d, completa.<\/p>\n<p><strong>Quando a dor exige resposta imediata<\/strong><\/p>\n<p>Na UPA de Samambaia, o impacto do atendimento odontol\u00f3gico aparece no cuidado di\u00e1rio prestado \u00e0 popula\u00e7\u00e3o. A coordenadora multiprofissional Izabela de Moraes ressalta que o servi\u00e7o \u00e9 essencial para aliviar o sofrimento imediato e prevenir complica\u00e7\u00f5es graves. \u201cUma infec\u00e7\u00e3o dent\u00e1ria n\u00e3o tratada pode evoluir e colocar a vida do paciente em risco. Atuar rapidamente evita perdas dent\u00e1rias, interna\u00e7\u00f5es e agravos \u00e0 sa\u00fade geral\u201d, pontua.<\/p>\n<p>Maria Aparecida de Sousa, 47 anos, encontrou acolhimento em um momento delicado. \u201cCheguei com muita dor e fui rapidamente atendida. Sei que preciso de acompanhamento, mas a forma como fui tratada aqui me deu coragem para continuar cuidando da minha sa\u00fade\u201d, relata.<\/p>\n<p><strong>Cuidado que vai al\u00e9m da urg\u00eancia<\/strong><\/p>\n<p>Na UPA do Recanto das Emas, o atendimento odontol\u00f3gico tamb\u00e9m incorpora a\u00e7\u00f5es educativas. Ap\u00f3s uma experi\u00eancia positiva com pacientes em observa\u00e7\u00e3o m\u00e9dica, a equipe passou a repetir a iniciativa pelo menos duas vezes por semana, refor\u00e7ando a import\u00e2ncia da higiene bucal e dos cuidados preventivos.<\/p>\n<p>A dentista La\u00eds Kelly Guerra, uma das idealizadoras da a\u00e7\u00e3o, explica que o objetivo \u00e9 compreender a realidade de cada paciente. \u201cMesmo em situa\u00e7\u00f5es de urg\u00eancia, aproveitamos o momento para orientar sobre higiene bucal. Muitas pessoas nunca usaram fio dental ou passaram por um dentista. Garantir informa\u00e7\u00e3o tamb\u00e9m \u00e9 cuidar\u201d, afirma.<\/p>\n<p>A t\u00e9cnica em sa\u00fade bucal Evaine Nonato refor\u00e7a esse olhar humanizado: \u201cMuitos pacientes chegam desesperados, pedindo solu\u00e7\u00f5es dr\u00e1sticas. Nosso papel \u00e9 acolher, explicar o que pode ser feito naquele momento e encaminhar para a UBS quando \u00e9 necess\u00e1rio acompanhamento. Isso d\u00e1 seguran\u00e7a e continuidade ao cuidado.\u201d<\/p>\n<p>Para quem passa pelo atendimento, a diferen\u00e7a \u00e9 percebida na pr\u00e1tica. Alyne Veras, 32 anos, paciente atendida na UPA, relata a experi\u00eancia positiva. \u201cAqui na regi\u00e3o \u00e9 dif\u00edcil conseguir atendimento odontol\u00f3gico, ent\u00e3o ter esse servi\u00e7o na UPA faz toda a diferen\u00e7a. Fui atendida r\u00e1pido, com muito cuidado. Vim com dor no dente e sa\u00ed aliviada. Dou nota dez para a equipe\u201d, conta.<\/p>\n<p>Ao fortalecer o atendimento odontol\u00f3gico de urg\u00eancia nas UPAs, o IgesDF amplia o cuidado e qualifica a resposta da rede \u00e0s demandas imediatas. Para o superintendente das UPAs, Francivaldo Soares, esse modelo garante seguran\u00e7a e resolutividade. \u201cAo atender a urg\u00eancia no momento certo, evitamos agravamentos, reduzimos interna\u00e7\u00f5es e orientamos o paciente para o acompanhamento adequado na Aten\u00e7\u00e3o Prim\u00e1ria\u201d, destaca.<\/p>\n","protected":false},"excerpt":{"rendered":"<p>Dor intensa, infec\u00e7\u00f5es, traumas e situa\u00e7\u00f5es que afetam diretamente a qualidade de vida encontram resposta imediata nas unidades de pronto atendimento (UPAs) do Distrito Federal. Entre os servi\u00e7os que se destacam no cuidado integral \u00e0 popula\u00e7\u00e3o est\u00e1 o atendimento odontol\u00f3gico de urg\u00eancia e emerg\u00eancia, um diferencial que refor\u00e7a o compromisso do Instituto de Gest\u00e3o Estrat\u00e9gica [&hellip;]<\/p>\n","protected":false},"author":21,"featured_media":382297,"comment_status":"closed","ping_status":"closed","sticky":false,"template":"","format":"standard","meta":{"_acf_changed":false,"footnotes":""},"categories":[161],"tags":[],"class_list":["post-382296","post","type-post","status-publish","format-standard","has-post-thumbnail","hentry","category-quadradinho-em-foco"],"acf":[],"yoast_head":"<!-- This site is optimized with the Yoast SEO plugin v27.2 - https:\/\/yoast.com\/product\/yoast-seo-wordpress\/ -->\n<title>Mais de 8 mil pacientes procuraram atendimento odontol\u00f3gico em 2025 - Notibras<\/title>\n<meta name=\"robots\" content=\"index, follow, max-snippet:-1, max-image-preview:large, max-video-preview:-1\" \/>\n<link rel=\"canonical\" href=\"https:\/\/www.notibras.com\/site\/mais-de-8-mil-pacientes-procuraram-atendimento-odontologico-em-2025\/\" \/>\n<meta property=\"og:locale\" content=\"pt_BR\" \/>\n<meta property=\"og:type\" content=\"article\" \/>\n<meta property=\"og:title\" content=\"Mais de 8 mil pacientes procuraram atendimento odontol\u00f3gico em 2025 - Notibras\" \/>\n<meta property=\"og:description\" content=\"Dor intensa, infec\u00e7\u00f5es, traumas e situa\u00e7\u00f5es que afetam diretamente a qualidade de vida encontram resposta imediata nas unidades de pronto atendimento (UPAs) do Distrito Federal. Entre os servi\u00e7os que se destacam no cuidado integral \u00e0 popula\u00e7\u00e3o est\u00e1 o atendimento odontol\u00f3gico de urg\u00eancia e emerg\u00eancia, um diferencial que refor\u00e7a o compromisso do Instituto de Gest\u00e3o Estrat\u00e9gica [&hellip;]\" \/>\n<meta property=\"og:url\" content=\"https:\/\/www.notibras.com\/site\/mais-de-8-mil-pacientes-procuraram-atendimento-odontologico-em-2025\/\" \/>\n<meta property=\"og:site_name\" content=\"Notibras\" \/>\n<meta property=\"article:publisher\" content=\"https:\/\/www.facebook.com\/notibras\/\" \/>\n<meta property=\"article:published_time\" content=\"2026-02-08T04:00:22+00:00\" \/>\n<meta property=\"og:image\" content=\"https:\/\/www.notibras.com\/site\/wp-content\/uploads\/2026\/02\/Paciente-Maria-Aparecida-em-consulta-1-scaled.jpg\" \/>\n\t<meta property=\"og:image:width\" content=\"2560\" \/>\n\t<meta property=\"og:image:height\" content=\"1707\" \/>\n\t<meta property=\"og:image:type\" content=\"image\/jpeg\" \/>\n<meta name=\"author\" content=\"Eduardo Mart\u00ednez\" \/>\n<meta name=\"twitter:card\" content=\"summary_large_image\" \/>\n<meta name=\"twitter:creator\" content=\"@Notibras\" \/>\n<meta name=\"twitter:site\" content=\"@Notibras\" \/>\n<meta name=\"twitter:label1\" content=\"Escrito por\" \/>\n\t<meta name=\"twitter:data1\" content=\"Eduardo Mart\u00ednez\" \/>\n\t<meta name=\"twitter:label2\" content=\"Est. tempo de leitura\" \/>\n\t<meta name=\"twitter:data2\" content=\"5 minutos\" \/>\n<script type=\"application\/ld+json\" class=\"yoast-schema-graph\">{\"@context\":\"https:\/\/schema.org\",\"@graph\":[{\"@type\":\"Article\",\"@id\":\"https:\/\/www.notibras.com\/site\/mais-de-8-mil-pacientes-procuraram-atendimento-odontologico-em-2025\/#article\",\"isPartOf\":{\"@id\":\"https:\/\/www.notibras.com\/site\/mais-de-8-mil-pacientes-procuraram-atendimento-odontologico-em-2025\/\"},\"author\":{\"name\":\"Eduardo Mart\u00ednez\",\"@id\":\"https:\/\/www.notibras.com\/site\/#\/schema\/person\/5b7fabf2aedc3ada2105f03b22b4d3dd\"},\"headline\":\"Mais de 8 mil pacientes procuraram atendimento odontol\u00f3gico em 2025\",\"datePublished\":\"2026-02-08T04:00:22+00:00\",\"mainEntityOfPage\":{\"@id\":\"https:\/\/www.notibras.com\/site\/mais-de-8-mil-pacientes-procuraram-atendimento-odontologico-em-2025\/\"},\"wordCount\":843,\"publisher\":{\"@id\":\"https:\/\/www.notibras.com\/site\/#organization\"},\"image\":{\"@id\":\"https:\/\/www.notibras.com\/site\/mais-de-8-mil-pacientes-procuraram-atendimento-odontologico-em-2025\/#primaryimage\"},\"thumbnailUrl\":\"https:\/\/www.notibras.com\/site\/wp-content\/uploads\/2026\/02\/Paciente-Maria-Aparecida-em-consulta-1-scaled.jpg\",\"articleSection\":[\"Quadradinho em Foco\"],\"inLanguage\":\"pt-BR\"},{\"@type\":\"WebPage\",\"@id\":\"https:\/\/www.notibras.com\/site\/mais-de-8-mil-pacientes-procuraram-atendimento-odontologico-em-2025\/\",\"url\":\"https:\/\/www.notibras.com\/site\/mais-de-8-mil-pacientes-procuraram-atendimento-odontologico-em-2025\/\",\"name\":\"Mais de 8 mil pacientes procuraram atendimento odontol\u00f3gico em 2025 - Notibras\",\"isPartOf\":{\"@id\":\"https:\/\/www.notibras.com\/site\/#website\"},\"primaryImageOfPage\":{\"@id\":\"https:\/\/www.notibras.com\/site\/mais-de-8-mil-pacientes-procuraram-atendimento-odontologico-em-2025\/#primaryimage\"},\"image\":{\"@id\":\"https:\/\/www.notibras.com\/site\/mais-de-8-mil-pacientes-procuraram-atendimento-odontologico-em-2025\/#primaryimage\"},\"thumbnailUrl\":\"https:\/\/www.notibras.com\/site\/wp-content\/uploads\/2026\/02\/Paciente-Maria-Aparecida-em-consulta-1-scaled.jpg\",\"datePublished\":\"2026-02-08T04:00:22+00:00\",\"breadcrumb\":{\"@id\":\"https:\/\/www.notibras.com\/site\/mais-de-8-mil-pacientes-procuraram-atendimento-odontologico-em-2025\/#breadcrumb\"},\"inLanguage\":\"pt-BR\",\"potentialAction\":[{\"@type\":\"ReadAction\",\"target\":[\"https:\/\/www.notibras.com\/site\/mais-de-8-mil-pacientes-procuraram-atendimento-odontologico-em-2025\/\"]}]},{\"@type\":\"ImageObject\",\"inLanguage\":\"pt-BR\",\"@id\":\"https:\/\/www.notibras.com\/site\/mais-de-8-mil-pacientes-procuraram-atendimento-odontologico-em-2025\/#primaryimage\",\"url\":\"https:\/\/www.notibras.com\/site\/wp-content\/uploads\/2026\/02\/Paciente-Maria-Aparecida-em-consulta-1-scaled.jpg\",\"contentUrl\":\"https:\/\/www.notibras.com\/site\/wp-content\/uploads\/2026\/02\/Paciente-Maria-Aparecida-em-consulta-1-scaled.jpg\",\"width\":2560,\"height\":1707},{\"@type\":\"BreadcrumbList\",\"@id\":\"https:\/\/www.notibras.com\/site\/mais-de-8-mil-pacientes-procuraram-atendimento-odontologico-em-2025\/#breadcrumb\",\"itemListElement\":[{\"@type\":\"ListItem\",\"position\":1,\"name\":\"In\u00edcio\",\"item\":\"https:\/\/www.notibras.com\/site\/\"},{\"@type\":\"ListItem\",\"position\":2,\"name\":\"Mais de 8 mil pacientes procuraram atendimento odontol\u00f3gico em 2025\"}]},{\"@type\":\"WebSite\",\"@id\":\"https:\/\/www.notibras.com\/site\/#website\",\"url\":\"https:\/\/www.notibras.com\/site\/\",\"name\":\"Notibras\",\"description\":\"Not\u00edcias de Bras\u00edlia, do Brasil e do Mundo\",\"publisher\":{\"@id\":\"https:\/\/www.notibras.com\/site\/#organization\"},\"potentialAction\":[{\"@type\":\"SearchAction\",\"target\":{\"@type\":\"EntryPoint\",\"urlTemplate\":\"https:\/\/www.notibras.com\/site\/?s={search_term_string}\"},\"query-input\":{\"@type\":\"PropertyValueSpecification\",\"valueRequired\":true,\"valueName\":\"search_term_string\"}}],\"inLanguage\":\"pt-BR\"},{\"@type\":\"Organization\",\"@id\":\"https:\/\/www.notibras.com\/site\/#organization\",\"name\":\"Grupo Notibras de Comunica\u00e7\u00e3o\",\"url\":\"https:\/\/www.notibras.com\/site\/\",\"logo\":{\"@type\":\"ImageObject\",\"inLanguage\":\"pt-BR\",\"@id\":\"https:\/\/www.notibras.com\/site\/#\/schema\/logo\/image\/\",\"url\":\"https:\/\/www.notibras.com\/site\/wp-content\/uploads\/2023\/01\/notibras23.png\",\"contentUrl\":\"https:\/\/www.notibras.com\/site\/wp-content\/uploads\/2023\/01\/notibras23.png\",\"width\":350,\"height\":87,\"caption\":\"Grupo Notibras de Comunica\u00e7\u00e3o\"},\"image\":{\"@id\":\"https:\/\/www.notibras.com\/site\/#\/schema\/logo\/image\/\"},\"sameAs\":[\"https:\/\/www.facebook.com\/notibras\/\",\"https:\/\/x.com\/Notibras\",\"https:\/\/www.instagram.com\/notibras\/\"]},{\"@type\":\"Person\",\"@id\":\"https:\/\/www.notibras.com\/site\/#\/schema\/person\/5b7fabf2aedc3ada2105f03b22b4d3dd\",\"name\":\"Eduardo Mart\u00ednez\",\"image\":{\"@type\":\"ImageObject\",\"inLanguage\":\"pt-BR\",\"@id\":\"https:\/\/secure.gravatar.com\/avatar\/7902f906289926289cbcda644b5197c796b893c6ffd7b9a536a42d290f7704a0?s=96&d=mm&r=g\",\"url\":\"https:\/\/secure.gravatar.com\/avatar\/7902f906289926289cbcda644b5197c796b893c6ffd7b9a536a42d290f7704a0?s=96&d=mm&r=g\",\"contentUrl\":\"https:\/\/secure.gravatar.com\/avatar\/7902f906289926289cbcda644b5197c796b893c6ffd7b9a536a42d290f7704a0?s=96&d=mm&r=g\",\"caption\":\"Eduardo Mart\u00ednez\"}}]}<\/script>\n<!-- \/ Yoast SEO plugin. -->","yoast_head_json":{"title":"Mais de 8 mil pacientes procuraram atendimento odontol\u00f3gico em 2025 - Notibras","robots":{"index":"index","follow":"follow","max-snippet":"max-snippet:-1","max-image-preview":"max-image-preview:large","max-video-preview":"max-video-preview:-1"},"canonical":"https:\/\/www.notibras.com\/site\/mais-de-8-mil-pacientes-procuraram-atendimento-odontologico-em-2025\/","og_locale":"pt_BR","og_type":"article","og_title":"Mais de 8 mil pacientes procuraram atendimento odontol\u00f3gico em 2025 - Notibras","og_description":"Dor intensa, infec\u00e7\u00f5es, traumas e situa\u00e7\u00f5es que afetam diretamente a qualidade de vida encontram resposta imediata nas unidades de pronto atendimento (UPAs) do Distrito Federal. Entre os servi\u00e7os que se destacam no cuidado integral \u00e0 popula\u00e7\u00e3o est\u00e1 o atendimento odontol\u00f3gico de urg\u00eancia e emerg\u00eancia, um diferencial que refor\u00e7a o compromisso do Instituto de Gest\u00e3o Estrat\u00e9gica [&hellip;]","og_url":"https:\/\/www.notibras.com\/site\/mais-de-8-mil-pacientes-procuraram-atendimento-odontologico-em-2025\/","og_site_name":"Notibras","article_publisher":"https:\/\/www.facebook.com\/notibras\/","article_published_time":"2026-02-08T04:00:22+00:00","og_image":[{"width":2560,"height":1707,"url":"https:\/\/www.notibras.com\/site\/wp-content\/uploads\/2026\/02\/Paciente-Maria-Aparecida-em-consulta-1-scaled.jpg","type":"image\/jpeg"}],"author":"Eduardo Mart\u00ednez","twitter_card":"summary_large_image","twitter_creator":"@Notibras","twitter_site":"@Notibras","twitter_misc":{"Escrito por":"Eduardo Mart\u00ednez","Est. tempo de leitura":"5 minutos"},"schema":{"@context":"https:\/\/schema.org","@graph":[{"@type":"Article","@id":"https:\/\/www.notibras.com\/site\/mais-de-8-mil-pacientes-procuraram-atendimento-odontologico-em-2025\/#article","isPartOf":{"@id":"https:\/\/www.notibras.com\/site\/mais-de-8-mil-pacientes-procuraram-atendimento-odontologico-em-2025\/"},"author":{"name":"Eduardo Mart\u00ednez","@id":"https:\/\/www.notibras.com\/site\/#\/schema\/person\/5b7fabf2aedc3ada2105f03b22b4d3dd"},"headline":"Mais de 8 mil pacientes procuraram atendimento odontol\u00f3gico em 2025","datePublished":"2026-02-08T04:00:22+00:00","mainEntityOfPage":{"@id":"https:\/\/www.notibras.com\/site\/mais-de-8-mil-pacientes-procuraram-atendimento-odontologico-em-2025\/"},"wordCount":843,"publisher":{"@id":"https:\/\/www.notibras.com\/site\/#organization"},"image":{"@id":"https:\/\/www.notibras.com\/site\/mais-de-8-mil-pacientes-procuraram-atendimento-odontologico-em-2025\/#primaryimage"},"thumbnailUrl":"https:\/\/www.notibras.com\/site\/wp-content\/uploads\/2026\/02\/Paciente-Maria-Aparecida-em-consulta-1-scaled.jpg","articleSection":["Quadradinho em Foco"],"inLanguage":"pt-BR"},{"@type":"WebPage","@id":"https:\/\/www.notibras.com\/site\/mais-de-8-mil-pacientes-procuraram-atendimento-odontologico-em-2025\/","url":"https:\/\/www.notibras.com\/site\/mais-de-8-mil-pacientes-procuraram-atendimento-odontologico-em-2025\/","name":"Mais de 8 mil pacientes procuraram atendimento odontol\u00f3gico em 2025 - Notibras","isPartOf":{"@id":"https:\/\/www.notibras.com\/site\/#website"},"primaryImageOfPage":{"@id":"https:\/\/www.notibras.com\/site\/mais-de-8-mil-pacientes-procuraram-atendimento-odontologico-em-2025\/#primaryimage"},"image":{"@id":"https:\/\/www.notibras.com\/site\/mais-de-8-mil-pacientes-procuraram-atendimento-odontologico-em-2025\/#primaryimage"},"thumbnailUrl":"https:\/\/www.notibras.com\/site\/wp-content\/uploads\/2026\/02\/Paciente-Maria-Aparecida-em-consulta-1-scaled.jpg","datePublished":"2026-02-08T04:00:22+00:00","breadcrumb":{"@id":"https:\/\/www.notibras.com\/site\/mais-de-8-mil-pacientes-procuraram-atendimento-odontologico-em-2025\/#breadcrumb"},"inLanguage":"pt-BR","potentialAction":[{"@type":"ReadAction","target":["https:\/\/www.notibras.com\/site\/mais-de-8-mil-pacientes-procuraram-atendimento-odontologico-em-2025\/"]}]},{"@type":"ImageObject","inLanguage":"pt-BR","@id":"https:\/\/www.notibras.com\/site\/mais-de-8-mil-pacientes-procuraram-atendimento-odontologico-em-2025\/#primaryimage","url":"https:\/\/www.notibras.com\/site\/wp-content\/uploads\/2026\/02\/Paciente-Maria-Aparecida-em-consulta-1-scaled.jpg","contentUrl":"https:\/\/www.notibras.com\/site\/wp-content\/uploads\/2026\/02\/Paciente-Maria-Aparecida-em-consulta-1-scaled.jpg","width":2560,"height":1707},{"@type":"BreadcrumbList","@id":"https:\/\/www.notibras.com\/site\/mais-de-8-mil-pacientes-procuraram-atendimento-odontologico-em-2025\/#breadcrumb","itemListElement":[{"@type":"ListItem","position":1,"name":"In\u00edcio","item":"https:\/\/www.notibras.com\/site\/"},{"@type":"ListItem","position":2,"name":"Mais de 8 mil pacientes procuraram atendimento odontol\u00f3gico em 2025"}]},{"@type":"WebSite","@id":"https:\/\/www.notibras.com\/site\/#website","url":"https:\/\/www.notibras.com\/site\/","name":"Notibras","description":"Not\u00edcias de Bras\u00edlia, do Brasil e do Mundo","publisher":{"@id":"https:\/\/www.notibras.com\/site\/#organization"},"potentialAction":[{"@type":"SearchAction","target":{"@type":"EntryPoint","urlTemplate":"https:\/\/www.notibras.com\/site\/?s={search_term_string}"},"query-input":{"@type":"PropertyValueSpecification","valueRequired":true,"valueName":"search_term_string"}}],"inLanguage":"pt-BR"},{"@type":"Organization","@id":"https:\/\/www.notibras.com\/site\/#organization","name":"Grupo Notibras de Comunica\u00e7\u00e3o","url":"https:\/\/www.notibras.com\/site\/","logo":{"@type":"ImageObject","inLanguage":"pt-BR","@id":"https:\/\/www.notibras.com\/site\/#\/schema\/logo\/image\/","url":"https:\/\/www.notibras.com\/site\/wp-content\/uploads\/2023\/01\/notibras23.png","contentUrl":"https:\/\/www.notibras.com\/site\/wp-content\/uploads\/2023\/01\/notibras23.png","width":350,"height":87,"caption":"Grupo Notibras de Comunica\u00e7\u00e3o"},"image":{"@id":"https:\/\/www.notibras.com\/site\/#\/schema\/logo\/image\/"},"sameAs":["https:\/\/www.facebook.com\/notibras\/","https:\/\/x.com\/Notibras","https:\/\/www.instagram.com\/notibras\/"]},{"@type":"Person","@id":"https:\/\/www.notibras.com\/site\/#\/schema\/person\/5b7fabf2aedc3ada2105f03b22b4d3dd","name":"Eduardo Mart\u00ednez","image":{"@type":"ImageObject","inLanguage":"pt-BR","@id":"https:\/\/secure.gravatar.com\/avatar\/7902f906289926289cbcda644b5197c796b893c6ffd7b9a536a42d290f7704a0?s=96&d=mm&r=g","url":"https:\/\/secure.gravatar.com\/avatar\/7902f906289926289cbcda644b5197c796b893c6ffd7b9a536a42d290f7704a0?s=96&d=mm&r=g","contentUrl":"https:\/\/secure.gravatar.com\/avatar\/7902f906289926289cbcda644b5197c796b893c6ffd7b9a536a42d290f7704a0?s=96&d=mm&r=g","caption":"Eduardo Mart\u00ednez"}}]}},"amp_enabled":true,"_links":{"self":[{"href":"https:\/\/www.notibras.com\/site\/wp-json\/wp\/v2\/posts\/382296","targetHints":{"allow":["GET"]}}],"collection":[{"href":"https:\/\/www.notibras.com\/site\/wp-json\/wp\/v2\/posts"}],"about":[{"href":"https:\/\/www.notibras.com\/site\/wp-json\/wp\/v2\/types\/post"}],"author":[{"embeddable":true,"href":"https:\/\/www.notibras.com\/site\/wp-json\/wp\/v2\/users\/21"}],"replies":[{"embeddable":true,"href":"https:\/\/www.notibras.com\/site\/wp-json\/wp\/v2\/comments?post=382296"}],"version-history":[{"count":2,"href":"https:\/\/www.notibras.com\/site\/wp-json\/wp\/v2\/posts\/382296\/revisions"}],"predecessor-version":[{"id":382300,"href":"https:\/\/www.notibras.com\/site\/wp-json\/wp\/v2\/posts\/382296\/revisions\/382300"}],"wp:featuredmedia":[{"embeddable":true,"href":"https:\/\/www.notibras.com\/site\/wp-json\/wp\/v2\/media\/382297"}],"wp:attachment":[{"href":"https:\/\/www.notibras.com\/site\/wp-json\/wp\/v2\/media?parent=382296"}],"wp:term":[{"taxonomy":"category","embeddable":true,"href":"https:\/\/www.notibras.com\/site\/wp-json\/wp\/v2\/categories?post=382296"},{"taxonomy":"post_tag","embeddable":true,"href":"https:\/\/www.notibras.com\/site\/wp-json\/wp\/v2\/tags?post=382296"}],"curies":[{"name":"wp","href":"https:\/\/api.w.org\/{rel}","templated":true}]}}