{"id":382316,"date":"2026-02-09T02:00:55","date_gmt":"2026-02-09T05:00:55","guid":{"rendered":"https:\/\/www.notibras.com\/site\/?p=382316"},"modified":"2026-02-08T02:17:11","modified_gmt":"2026-02-08T05:17:11","slug":"uma-historia-de-familia","status":"publish","type":"post","link":"https:\/\/www.notibras.com\/site\/uma-historia-de-familia\/","title":{"rendered":"Uma hist\u00f3ria de fam\u00edlia"},"content":{"rendered":"<p>Tia Nice era, nas palavras de mam\u00e3e, uma mulher arretada. E, por esse motivo, sempre quis ser igual a ela, ainda mais porque imaginava que arretada era algo do tipo linda. E isso titia era.<\/p>\n<p>Quando estava com meus 12, 13 anos, meu pai me perguntou o que eu queria ser quando crescesse.<\/p>\n<p>\u2014 J\u00falia, voc\u00ea quer ser m\u00e9dica, engenheira ou advogada?<\/p>\n<p>\u2014 Quero ser que nem a tia Nice.<\/p>\n<p>Minha m\u00e3e, que estava ao lado, ficou exasperada:<\/p>\n<p>\u2014 Deixe de bobagem, menina! Pois tu quer ser quenga?<\/p>\n<p>Quenga. O que era quenga? Pelo tom da voz de mam\u00e3e, devia ser algo do tipo ladrona. Ou seria feia? N\u00e3o! Feia n\u00e3o era. Chata? Talvez minha m\u00e3e tivesse birra da irm\u00e3. Eu tamb\u00e9m tinha do Osvaldo, meu irm\u00e3o ca\u00e7ula. O moleque era dois anos mais novo e queria mandar em mim. V\u00ea se pode uma coisa dessas? Logo eu, que j\u00e1 tinha sido visitada pelas regras, e ele ainda mijava na cama.<\/p>\n<p>Outro que parecia ter rixa com tia Nice era vov\u00f4, que vivia dizendo que a filha n\u00e3o sa\u00edra aos seus. N\u00e3o sa\u00edra aos seus? O que isso significava exatamente. Na d\u00favida, perguntei para o Salom\u00e3o, meu irm\u00e3o mais velho.<\/p>\n<p>\u2014 Tem certeza?<\/p>\n<p>\u2014 Sim. Foi o que o vov\u00f4 falou.<\/p>\n<p>\u2014 Bem, isso \u00e9 simples. O que ele quis dizer \u00e9 que&#8230; Hum&#8230; Sabe, J\u00falia, eu sei, mas n\u00e3o t\u00f4 alembrando.<\/p>\n<p>Pensei em recorrer ao Osvaldo, mas desisti. E desde quando aquele mij\u00e3o iria saber. O jeito foi perguntar para minha m\u00e3e.<\/p>\n<p>\u2014 Quenga! J\u00e1 falei que tua tia \u00e9 quenga! E n\u00e3o me perturbe mais com essas perguntas, que tenho mais o que fazer.<\/p>\n<p>Quenga, ent\u00e3o, era a mesma coisa que n\u00e3o sa\u00edra aos seus. E isso acabou me causando um certo transtorno na escola, quando a professora de portugu\u00eas mandou toda a turma escrever algumas palavras sobre algu\u00e9m da fam\u00edlia. O Vicente perguntou se podia falar do cachorro.<\/p>\n<p>\u2014 N\u00e3o, Vicente. Fale da sua m\u00e3e ou do seu pai.<\/p>\n<p>Foi a\u00ed que aconteceu aquele sil\u00eancio na sala. \u00c9 que o pai do Vicente estava preso porque tinha matado a mulher. Ent\u00e3o, o Vicente nem tinha mais m\u00e3e. Quer dizer, minha m\u00e3e disse que ainta tinha, s\u00f3 que l\u00e1 no C\u00e9u.<\/p>\n<p>\u2014 L\u00e1 junto com as nuvens, mam\u00e3e?<\/p>\n<p>\u2014 Com Deus, J\u00falia.<\/p>\n<p>Bem, ent\u00e3o, a m\u00e3e da J\u00falia est\u00e1 com Deus.<\/p>\n<p>A professora parou diante do Vicente, que ficou com os olhos de cachoeira.<\/p>\n<p>\u2014 T\u00e1 bom, Vicente! Escreva sobre o seu cachorro.<\/p>\n<p>\u2014 O cachorro n\u00e3o \u00e9 meu, professora.<\/p>\n<p>\u2014 N\u00e3o? E de quem \u00e9?<\/p>\n<p>\u2014 Da J\u00falia.<\/p>\n<p>A\u00ed, a professora me perguntou se o Vicente poderia escrever uma hist\u00f3ria sobre o meu cachorro. Fiquei com pena do meu vizinho de rua e deixei.<\/p>\n<p>Depois de todos terminarem, a professora passou na carteira pegando folha a folha. Toda orgulhasa, estiquei a m\u00e3o e entreguei as minhas palavras, certa de que a professora iria adorar e me dar um dez. Todavia, parece que ela n\u00e3o gostou, pois aqui estou na dire\u00e7\u00e3o da escola, enquanto meus pais est\u00e3o conversando com diretora. O motivo? Hum, na verdade, at\u00e9 este momento n\u00e3o sei, mas desconfio que foi por causa das palavras que escrevi sobre tia Nice:<\/p>\n<p><em>Quando crescer, quero ser que nem a minha tia Nice porque ela \u00e9 quenga, que \u00e9 a mesma coisa que n\u00e3o sa\u00edra aos seus.<\/em><\/p>\n<p><strong>\u2026\u2026\u2026\u2026\u2026\u2026\u2026\u2026<\/strong><\/p>\n<p><strong>Eduardo Mart\u00ednez \u00e9 autor do livro \u201957 Contos e Cr\u00f4nicas por um Autor Muito Velho\u2019 (Vencedor do Pr\u00eamio Liter\u00e1rio Clarice Lispector \u2013 2025 na categoria livro de contos).<\/strong><\/p>\n<p><strong>Compre aqui<\/strong><\/p>\n<p><a href=\"https:\/\/www.joanineditora.com.br\/57-contos-e-cronicas-por-um-autor-muito-velho\"><strong>https:\/\/www.joanineditora.com.br\/57-contos-e-cronicas-por-um-autor-muito-velho<\/strong><\/a><\/p>\n","protected":false},"excerpt":{"rendered":"<p>Tia Nice era, nas palavras de mam\u00e3e, uma mulher arretada. E, por esse motivo, sempre quis ser igual a ela, ainda mais porque imaginava que arretada era algo do tipo linda. E isso titia era. Quando estava com meus 12, 13 anos, meu pai me perguntou o que eu queria ser quando crescesse. \u2014 J\u00falia, [&hellip;]<\/p>\n","protected":false},"author":21,"featured_media":382317,"comment_status":"closed","ping_status":"closed","sticky":false,"template":"","format":"standard","meta":{"_acf_changed":false,"footnotes":""},"categories":[161],"tags":[],"class_list":["post-382316","post","type-post","status-publish","format-standard","has-post-thumbnail","hentry","category-quadradinho-em-foco"],"acf":[],"yoast_head":"<!-- This site is optimized with the Yoast SEO plugin v27.2 - https:\/\/yoast.com\/product\/yoast-seo-wordpress\/ -->\n<title>Uma hist\u00f3ria de fam\u00edlia - Notibras<\/title>\n<meta name=\"robots\" content=\"index, follow, max-snippet:-1, max-image-preview:large, max-video-preview:-1\" \/>\n<link rel=\"canonical\" href=\"https:\/\/www.notibras.com\/site\/uma-historia-de-familia\/\" \/>\n<meta property=\"og:locale\" content=\"pt_BR\" \/>\n<meta property=\"og:type\" content=\"article\" \/>\n<meta property=\"og:title\" content=\"Uma hist\u00f3ria de fam\u00edlia - Notibras\" \/>\n<meta property=\"og:description\" content=\"Tia Nice era, nas palavras de mam\u00e3e, uma mulher arretada. E, por esse motivo, sempre quis ser igual a ela, ainda mais porque imaginava que arretada era algo do tipo linda. E isso titia era. Quando estava com meus 12, 13 anos, meu pai me perguntou o que eu queria ser quando crescesse. \u2014 J\u00falia, [&hellip;]\" \/>\n<meta property=\"og:url\" content=\"https:\/\/www.notibras.com\/site\/uma-historia-de-familia\/\" \/>\n<meta property=\"og:site_name\" content=\"Notibras\" \/>\n<meta property=\"article:publisher\" content=\"https:\/\/www.facebook.com\/notibras\/\" \/>\n<meta property=\"article:published_time\" content=\"2026-02-09T05:00:55+00:00\" \/>\n<meta property=\"og:image\" content=\"https:\/\/www.notibras.com\/site\/wp-content\/uploads\/2026\/02\/IMG_1001.jpg\" \/>\n\t<meta property=\"og:image:width\" content=\"950\" \/>\n\t<meta property=\"og:image:height\" content=\"904\" \/>\n\t<meta property=\"og:image:type\" content=\"image\/jpeg\" \/>\n<meta name=\"author\" content=\"Eduardo Mart\u00ednez\" \/>\n<meta name=\"twitter:card\" content=\"summary_large_image\" \/>\n<meta name=\"twitter:creator\" content=\"@Notibras\" \/>\n<meta name=\"twitter:site\" content=\"@Notibras\" \/>\n<meta name=\"twitter:label1\" content=\"Escrito por\" \/>\n\t<meta name=\"twitter:data1\" content=\"Eduardo Mart\u00ednez\" \/>\n\t<meta name=\"twitter:label2\" content=\"Est. tempo de leitura\" \/>\n\t<meta name=\"twitter:data2\" content=\"4 minutos\" \/>\n<script type=\"application\/ld+json\" class=\"yoast-schema-graph\">{\"@context\":\"https:\/\/schema.org\",\"@graph\":[{\"@type\":\"Article\",\"@id\":\"https:\/\/www.notibras.com\/site\/uma-historia-de-familia\/#article\",\"isPartOf\":{\"@id\":\"https:\/\/www.notibras.com\/site\/uma-historia-de-familia\/\"},\"author\":{\"name\":\"Eduardo Mart\u00ednez\",\"@id\":\"https:\/\/www.notibras.com\/site\/#\/schema\/person\/5b7fabf2aedc3ada2105f03b22b4d3dd\"},\"headline\":\"Uma hist\u00f3ria de fam\u00edlia\",\"datePublished\":\"2026-02-09T05:00:55+00:00\",\"mainEntityOfPage\":{\"@id\":\"https:\/\/www.notibras.com\/site\/uma-historia-de-familia\/\"},\"wordCount\":629,\"publisher\":{\"@id\":\"https:\/\/www.notibras.com\/site\/#organization\"},\"image\":{\"@id\":\"https:\/\/www.notibras.com\/site\/uma-historia-de-familia\/#primaryimage\"},\"thumbnailUrl\":\"https:\/\/www.notibras.com\/site\/wp-content\/uploads\/2026\/02\/IMG_1001.jpg\",\"articleSection\":[\"Quadradinho em Foco\"],\"inLanguage\":\"pt-BR\"},{\"@type\":\"WebPage\",\"@id\":\"https:\/\/www.notibras.com\/site\/uma-historia-de-familia\/\",\"url\":\"https:\/\/www.notibras.com\/site\/uma-historia-de-familia\/\",\"name\":\"Uma hist\u00f3ria de fam\u00edlia - Notibras\",\"isPartOf\":{\"@id\":\"https:\/\/www.notibras.com\/site\/#website\"},\"primaryImageOfPage\":{\"@id\":\"https:\/\/www.notibras.com\/site\/uma-historia-de-familia\/#primaryimage\"},\"image\":{\"@id\":\"https:\/\/www.notibras.com\/site\/uma-historia-de-familia\/#primaryimage\"},\"thumbnailUrl\":\"https:\/\/www.notibras.com\/site\/wp-content\/uploads\/2026\/02\/IMG_1001.jpg\",\"datePublished\":\"2026-02-09T05:00:55+00:00\",\"breadcrumb\":{\"@id\":\"https:\/\/www.notibras.com\/site\/uma-historia-de-familia\/#breadcrumb\"},\"inLanguage\":\"pt-BR\",\"potentialAction\":[{\"@type\":\"ReadAction\",\"target\":[\"https:\/\/www.notibras.com\/site\/uma-historia-de-familia\/\"]}]},{\"@type\":\"ImageObject\",\"inLanguage\":\"pt-BR\",\"@id\":\"https:\/\/www.notibras.com\/site\/uma-historia-de-familia\/#primaryimage\",\"url\":\"https:\/\/www.notibras.com\/site\/wp-content\/uploads\/2026\/02\/IMG_1001.jpg\",\"contentUrl\":\"https:\/\/www.notibras.com\/site\/wp-content\/uploads\/2026\/02\/IMG_1001.jpg\",\"width\":950,\"height\":904},{\"@type\":\"BreadcrumbList\",\"@id\":\"https:\/\/www.notibras.com\/site\/uma-historia-de-familia\/#breadcrumb\",\"itemListElement\":[{\"@type\":\"ListItem\",\"position\":1,\"name\":\"In\u00edcio\",\"item\":\"https:\/\/www.notibras.com\/site\/\"},{\"@type\":\"ListItem\",\"position\":2,\"name\":\"Uma hist\u00f3ria de fam\u00edlia\"}]},{\"@type\":\"WebSite\",\"@id\":\"https:\/\/www.notibras.com\/site\/#website\",\"url\":\"https:\/\/www.notibras.com\/site\/\",\"name\":\"Notibras\",\"description\":\"Not\u00edcias de Bras\u00edlia, do Brasil e do Mundo\",\"publisher\":{\"@id\":\"https:\/\/www.notibras.com\/site\/#organization\"},\"potentialAction\":[{\"@type\":\"SearchAction\",\"target\":{\"@type\":\"EntryPoint\",\"urlTemplate\":\"https:\/\/www.notibras.com\/site\/?s={search_term_string}\"},\"query-input\":{\"@type\":\"PropertyValueSpecification\",\"valueRequired\":true,\"valueName\":\"search_term_string\"}}],\"inLanguage\":\"pt-BR\"},{\"@type\":\"Organization\",\"@id\":\"https:\/\/www.notibras.com\/site\/#organization\",\"name\":\"Grupo Notibras de Comunica\u00e7\u00e3o\",\"url\":\"https:\/\/www.notibras.com\/site\/\",\"logo\":{\"@type\":\"ImageObject\",\"inLanguage\":\"pt-BR\",\"@id\":\"https:\/\/www.notibras.com\/site\/#\/schema\/logo\/image\/\",\"url\":\"https:\/\/www.notibras.com\/site\/wp-content\/uploads\/2023\/01\/notibras23.png\",\"contentUrl\":\"https:\/\/www.notibras.com\/site\/wp-content\/uploads\/2023\/01\/notibras23.png\",\"width\":350,\"height\":87,\"caption\":\"Grupo Notibras de Comunica\u00e7\u00e3o\"},\"image\":{\"@id\":\"https:\/\/www.notibras.com\/site\/#\/schema\/logo\/image\/\"},\"sameAs\":[\"https:\/\/www.facebook.com\/notibras\/\",\"https:\/\/x.com\/Notibras\",\"https:\/\/www.instagram.com\/notibras\/\"]},{\"@type\":\"Person\",\"@id\":\"https:\/\/www.notibras.com\/site\/#\/schema\/person\/5b7fabf2aedc3ada2105f03b22b4d3dd\",\"name\":\"Eduardo Mart\u00ednez\",\"image\":{\"@type\":\"ImageObject\",\"inLanguage\":\"pt-BR\",\"@id\":\"https:\/\/secure.gravatar.com\/avatar\/7902f906289926289cbcda644b5197c796b893c6ffd7b9a536a42d290f7704a0?s=96&d=mm&r=g\",\"url\":\"https:\/\/secure.gravatar.com\/avatar\/7902f906289926289cbcda644b5197c796b893c6ffd7b9a536a42d290f7704a0?s=96&d=mm&r=g\",\"contentUrl\":\"https:\/\/secure.gravatar.com\/avatar\/7902f906289926289cbcda644b5197c796b893c6ffd7b9a536a42d290f7704a0?s=96&d=mm&r=g\",\"caption\":\"Eduardo Mart\u00ednez\"}}]}<\/script>\n<!-- \/ Yoast SEO plugin. -->","yoast_head_json":{"title":"Uma hist\u00f3ria de fam\u00edlia - Notibras","robots":{"index":"index","follow":"follow","max-snippet":"max-snippet:-1","max-image-preview":"max-image-preview:large","max-video-preview":"max-video-preview:-1"},"canonical":"https:\/\/www.notibras.com\/site\/uma-historia-de-familia\/","og_locale":"pt_BR","og_type":"article","og_title":"Uma hist\u00f3ria de fam\u00edlia - Notibras","og_description":"Tia Nice era, nas palavras de mam\u00e3e, uma mulher arretada. E, por esse motivo, sempre quis ser igual a ela, ainda mais porque imaginava que arretada era algo do tipo linda. E isso titia era. Quando estava com meus 12, 13 anos, meu pai me perguntou o que eu queria ser quando crescesse. \u2014 J\u00falia, [&hellip;]","og_url":"https:\/\/www.notibras.com\/site\/uma-historia-de-familia\/","og_site_name":"Notibras","article_publisher":"https:\/\/www.facebook.com\/notibras\/","article_published_time":"2026-02-09T05:00:55+00:00","og_image":[{"width":950,"height":904,"url":"https:\/\/www.notibras.com\/site\/wp-content\/uploads\/2026\/02\/IMG_1001.jpg","type":"image\/jpeg"}],"author":"Eduardo Mart\u00ednez","twitter_card":"summary_large_image","twitter_creator":"@Notibras","twitter_site":"@Notibras","twitter_misc":{"Escrito por":"Eduardo Mart\u00ednez","Est. tempo de leitura":"4 minutos"},"schema":{"@context":"https:\/\/schema.org","@graph":[{"@type":"Article","@id":"https:\/\/www.notibras.com\/site\/uma-historia-de-familia\/#article","isPartOf":{"@id":"https:\/\/www.notibras.com\/site\/uma-historia-de-familia\/"},"author":{"name":"Eduardo Mart\u00ednez","@id":"https:\/\/www.notibras.com\/site\/#\/schema\/person\/5b7fabf2aedc3ada2105f03b22b4d3dd"},"headline":"Uma hist\u00f3ria de fam\u00edlia","datePublished":"2026-02-09T05:00:55+00:00","mainEntityOfPage":{"@id":"https:\/\/www.notibras.com\/site\/uma-historia-de-familia\/"},"wordCount":629,"publisher":{"@id":"https:\/\/www.notibras.com\/site\/#organization"},"image":{"@id":"https:\/\/www.notibras.com\/site\/uma-historia-de-familia\/#primaryimage"},"thumbnailUrl":"https:\/\/www.notibras.com\/site\/wp-content\/uploads\/2026\/02\/IMG_1001.jpg","articleSection":["Quadradinho em Foco"],"inLanguage":"pt-BR"},{"@type":"WebPage","@id":"https:\/\/www.notibras.com\/site\/uma-historia-de-familia\/","url":"https:\/\/www.notibras.com\/site\/uma-historia-de-familia\/","name":"Uma hist\u00f3ria de fam\u00edlia - Notibras","isPartOf":{"@id":"https:\/\/www.notibras.com\/site\/#website"},"primaryImageOfPage":{"@id":"https:\/\/www.notibras.com\/site\/uma-historia-de-familia\/#primaryimage"},"image":{"@id":"https:\/\/www.notibras.com\/site\/uma-historia-de-familia\/#primaryimage"},"thumbnailUrl":"https:\/\/www.notibras.com\/site\/wp-content\/uploads\/2026\/02\/IMG_1001.jpg","datePublished":"2026-02-09T05:00:55+00:00","breadcrumb":{"@id":"https:\/\/www.notibras.com\/site\/uma-historia-de-familia\/#breadcrumb"},"inLanguage":"pt-BR","potentialAction":[{"@type":"ReadAction","target":["https:\/\/www.notibras.com\/site\/uma-historia-de-familia\/"]}]},{"@type":"ImageObject","inLanguage":"pt-BR","@id":"https:\/\/www.notibras.com\/site\/uma-historia-de-familia\/#primaryimage","url":"https:\/\/www.notibras.com\/site\/wp-content\/uploads\/2026\/02\/IMG_1001.jpg","contentUrl":"https:\/\/www.notibras.com\/site\/wp-content\/uploads\/2026\/02\/IMG_1001.jpg","width":950,"height":904},{"@type":"BreadcrumbList","@id":"https:\/\/www.notibras.com\/site\/uma-historia-de-familia\/#breadcrumb","itemListElement":[{"@type":"ListItem","position":1,"name":"In\u00edcio","item":"https:\/\/www.notibras.com\/site\/"},{"@type":"ListItem","position":2,"name":"Uma hist\u00f3ria de fam\u00edlia"}]},{"@type":"WebSite","@id":"https:\/\/www.notibras.com\/site\/#website","url":"https:\/\/www.notibras.com\/site\/","name":"Notibras","description":"Not\u00edcias de Bras\u00edlia, do Brasil e do Mundo","publisher":{"@id":"https:\/\/www.notibras.com\/site\/#organization"},"potentialAction":[{"@type":"SearchAction","target":{"@type":"EntryPoint","urlTemplate":"https:\/\/www.notibras.com\/site\/?s={search_term_string}"},"query-input":{"@type":"PropertyValueSpecification","valueRequired":true,"valueName":"search_term_string"}}],"inLanguage":"pt-BR"},{"@type":"Organization","@id":"https:\/\/www.notibras.com\/site\/#organization","name":"Grupo Notibras de Comunica\u00e7\u00e3o","url":"https:\/\/www.notibras.com\/site\/","logo":{"@type":"ImageObject","inLanguage":"pt-BR","@id":"https:\/\/www.notibras.com\/site\/#\/schema\/logo\/image\/","url":"https:\/\/www.notibras.com\/site\/wp-content\/uploads\/2023\/01\/notibras23.png","contentUrl":"https:\/\/www.notibras.com\/site\/wp-content\/uploads\/2023\/01\/notibras23.png","width":350,"height":87,"caption":"Grupo Notibras de Comunica\u00e7\u00e3o"},"image":{"@id":"https:\/\/www.notibras.com\/site\/#\/schema\/logo\/image\/"},"sameAs":["https:\/\/www.facebook.com\/notibras\/","https:\/\/x.com\/Notibras","https:\/\/www.instagram.com\/notibras\/"]},{"@type":"Person","@id":"https:\/\/www.notibras.com\/site\/#\/schema\/person\/5b7fabf2aedc3ada2105f03b22b4d3dd","name":"Eduardo Mart\u00ednez","image":{"@type":"ImageObject","inLanguage":"pt-BR","@id":"https:\/\/secure.gravatar.com\/avatar\/7902f906289926289cbcda644b5197c796b893c6ffd7b9a536a42d290f7704a0?s=96&d=mm&r=g","url":"https:\/\/secure.gravatar.com\/avatar\/7902f906289926289cbcda644b5197c796b893c6ffd7b9a536a42d290f7704a0?s=96&d=mm&r=g","contentUrl":"https:\/\/secure.gravatar.com\/avatar\/7902f906289926289cbcda644b5197c796b893c6ffd7b9a536a42d290f7704a0?s=96&d=mm&r=g","caption":"Eduardo Mart\u00ednez"}}]}},"amp_enabled":true,"_links":{"self":[{"href":"https:\/\/www.notibras.com\/site\/wp-json\/wp\/v2\/posts\/382316","targetHints":{"allow":["GET"]}}],"collection":[{"href":"https:\/\/www.notibras.com\/site\/wp-json\/wp\/v2\/posts"}],"about":[{"href":"https:\/\/www.notibras.com\/site\/wp-json\/wp\/v2\/types\/post"}],"author":[{"embeddable":true,"href":"https:\/\/www.notibras.com\/site\/wp-json\/wp\/v2\/users\/21"}],"replies":[{"embeddable":true,"href":"https:\/\/www.notibras.com\/site\/wp-json\/wp\/v2\/comments?post=382316"}],"version-history":[{"count":2,"href":"https:\/\/www.notibras.com\/site\/wp-json\/wp\/v2\/posts\/382316\/revisions"}],"predecessor-version":[{"id":382319,"href":"https:\/\/www.notibras.com\/site\/wp-json\/wp\/v2\/posts\/382316\/revisions\/382319"}],"wp:featuredmedia":[{"embeddable":true,"href":"https:\/\/www.notibras.com\/site\/wp-json\/wp\/v2\/media\/382317"}],"wp:attachment":[{"href":"https:\/\/www.notibras.com\/site\/wp-json\/wp\/v2\/media?parent=382316"}],"wp:term":[{"taxonomy":"category","embeddable":true,"href":"https:\/\/www.notibras.com\/site\/wp-json\/wp\/v2\/categories?post=382316"},{"taxonomy":"post_tag","embeddable":true,"href":"https:\/\/www.notibras.com\/site\/wp-json\/wp\/v2\/tags?post=382316"}],"curies":[{"name":"wp","href":"https:\/\/api.w.org\/{rel}","templated":true}]}}