{"id":382377,"date":"2026-02-09T00:15:48","date_gmt":"2026-02-09T03:15:48","guid":{"rendered":"https:\/\/www.notibras.com\/site\/?p=382377"},"modified":"2026-02-08T20:57:16","modified_gmt":"2026-02-08T23:57:16","slug":"curso-gratuito-sobre-direitos-das-criancas-e-dos-adolescentes","status":"publish","type":"post","link":"https:\/\/www.notibras.com\/site\/curso-gratuito-sobre-direitos-das-criancas-e-dos-adolescentes\/","title":{"rendered":"Curso gratuito sobre direitos das crian\u00e7as e dos adolescentes"},"content":{"rendered":"<p>A Defensoria P\u00fablica do Distrito Federal (DPDF), lan\u00e7ou, nesta quinta-feira (5), o curso \u201cInf\u00e2ncias em perspectiva: prote\u00e7\u00e3o integral e o papel da Defensoria P\u00fablica do DF\u201d. As aulas s\u00e3o gratuitas e est\u00e3o dispon\u00edveis na plataforma de ensino a dist\u00e2ncia da Escola de Assist\u00eancia Jur\u00eddica da institui\u00e7\u00e3o (Easjur\/DPDF), a <a href=\"https:\/\/escolaead.defensoria.df.gov.br\/\">Easjur EaD<\/a>. O curso \u00e9 dividido em sete m\u00f3dulos e, ao final, os participantes recebem certifica\u00e7\u00e3o de dez horas\/aula.<\/p>\n<p>O objetivo \u00e9 propor um olhar sens\u00edvel e qualificado sobre a atua\u00e7\u00e3o da Defensoria P\u00fablica na \u00e1rea da inf\u00e2ncia e da juventude, destacando seu compromisso com a defesa de direitos e a promo\u00e7\u00e3o do desenvolvimento pleno de crian\u00e7as e adolescentes. A forma\u00e7\u00e3o apresenta conceitos fundamentais sobre a prote\u00e7\u00e3o integral, aprofunda o entendimento sobre os direitos infantojuvenis e evidencia a import\u00e2ncia da rede de prote\u00e7\u00e3o, dos servi\u00e7os de acolhimento e dos processos de ado\u00e7\u00e3o como instrumentos para assegurar seguran\u00e7a, cuidado e conviv\u00eancia familiar.<\/p>\n<p>A capacita\u00e7\u00e3o conta com materiais did\u00e1ticos exclusivos, entre os quais a edi\u00e7\u00e3o da s\u00e9rie \u201c<a href=\"https:\/\/escola.defensoria.df.gov.br\/wp-content\/uploads\/2025\/06\/Infancia-e-Juventude-Voce-nao-sabe-A-Defensoria-te-ensina.pdf\">Voc\u00ea n\u00e3o sabe? A Defensoria te ensina<\/a>\u201d, que conta com 50 perguntas e respostas did\u00e1ticas envolvendo a viv\u00eancia da DPDF na atua\u00e7\u00e3o di\u00e1ria. Al\u00e9m disso, consta da lista de materiais a vers\u00e3o com jurisprud\u00eancia da publica\u00e7\u00e3o.<\/p>\n<p>O curso \u00e9 ministrado pelos defensores p\u00fablicos do DF Emmanuela Saboya, ex-Subdefensora P\u00fablica-Geral e atualmente lotada no Superior Tribunal de Justi\u00e7a (STJ); Juliana Leandra de Lima Lopes, Karini Abritta e Leandra Vilela Silva Paroneto, do N\u00facleo de Assist\u00eancia Jur\u00eddica da Inf\u00e2ncia e Juventude; Cec\u00edlia \u00c1vila, com atua\u00e7\u00e3o em Varas de Fam\u00edlia, \u00d3rf\u00e3os e Sucess\u00f5es, do NAJ Ceil\u00e2ndia; e Sergio Domingos, chefe de gabinete da DPDF com mais de 20 anos de atua\u00e7\u00e3o junto \u00e0 Vara da Inf\u00e2ncia; e pela psic\u00f3loga Ana Maria Mendes Brand\u00e3o, do NAJ Inf\u00e2ncia e Juventude.<\/p>\n<p>Para o defensor p\u00fablico-geral, Celestino Chupel, a iniciativa refor\u00e7a o compromisso da institui\u00e7\u00e3o com a prote\u00e7\u00e3o integral de crian\u00e7as e adolescentes. \u201cA Defensoria P\u00fablica tem papel essencial na garantia desses direitos, especialmente dos jovens em situa\u00e7\u00e3o de maior vulnerabilidade. Ao lan\u00e7ar um curso aberto e gratuito sobre o tema, reafirmamos nosso compromisso com a forma\u00e7\u00e3o qualificada, a difus\u00e3o do conhecimento e o fortalecimento da rede de prote\u00e7\u00e3o infantojuvenil\u201d, destacou.<\/p>\n<p>O defensor p\u00fablico e diretor da Easjur\/DPDF, Evenin \u00c1vila, ressalta o papel formativo da iniciativa e a import\u00e2ncia da educa\u00e7\u00e3o em direitos. \u201cO curso foi pensado para oferecer uma uma forma\u00e7\u00e3o s\u00f3lida e acess\u00edvel sobre os direitos da inf\u00e2ncia e da juventude, reunindo a experi\u00eancia pr\u00e1tica de defensores p\u00fablicos e profissionais que atuam diretamente na \u00e1rea. A educa\u00e7\u00e3o em direitos \u00e9 uma ferramenta essencial para fortalecer a rede de prote\u00e7\u00e3o e qualificar a atua\u00e7\u00e3o institucional e social\u201d, finalizou.<\/p>\n","protected":false},"excerpt":{"rendered":"<p>A Defensoria P\u00fablica do Distrito Federal (DPDF), lan\u00e7ou, nesta quinta-feira (5), o curso \u201cInf\u00e2ncias em perspectiva: prote\u00e7\u00e3o integral e o papel da Defensoria P\u00fablica do DF\u201d. As aulas s\u00e3o gratuitas e est\u00e3o dispon\u00edveis na plataforma de ensino a dist\u00e2ncia da Escola de Assist\u00eancia Jur\u00eddica da institui\u00e7\u00e3o (Easjur\/DPDF), a Easjur EaD. O curso \u00e9 dividido em [&hellip;]<\/p>\n","protected":false},"author":21,"featured_media":382378,"comment_status":"closed","ping_status":"closed","sticky":false,"template":"","format":"standard","meta":{"_acf_changed":false,"footnotes":""},"categories":[161],"tags":[],"class_list":["post-382377","post","type-post","status-publish","format-standard","has-post-thumbnail","hentry","category-quadradinho-em-foco"],"acf":[],"yoast_head":"<!-- This site is optimized with the Yoast SEO plugin v27.2 - https:\/\/yoast.com\/product\/yoast-seo-wordpress\/ -->\n<title>Curso gratuito sobre direitos das crian\u00e7as e dos adolescentes - Notibras<\/title>\n<meta name=\"robots\" content=\"index, follow, max-snippet:-1, max-image-preview:large, max-video-preview:-1\" \/>\n<link rel=\"canonical\" href=\"https:\/\/www.notibras.com\/site\/curso-gratuito-sobre-direitos-das-criancas-e-dos-adolescentes\/\" \/>\n<meta property=\"og:locale\" content=\"pt_BR\" \/>\n<meta property=\"og:type\" content=\"article\" \/>\n<meta property=\"og:title\" content=\"Curso gratuito sobre direitos das crian\u00e7as e dos adolescentes - Notibras\" \/>\n<meta property=\"og:description\" content=\"A Defensoria P\u00fablica do Distrito Federal (DPDF), lan\u00e7ou, nesta quinta-feira (5), o curso \u201cInf\u00e2ncias em perspectiva: prote\u00e7\u00e3o integral e o papel da Defensoria P\u00fablica do DF\u201d. As aulas s\u00e3o gratuitas e est\u00e3o dispon\u00edveis na plataforma de ensino a dist\u00e2ncia da Escola de Assist\u00eancia Jur\u00eddica da institui\u00e7\u00e3o (Easjur\/DPDF), a Easjur EaD. O curso \u00e9 dividido em [&hellip;]\" \/>\n<meta property=\"og:url\" content=\"https:\/\/www.notibras.com\/site\/curso-gratuito-sobre-direitos-das-criancas-e-dos-adolescentes\/\" \/>\n<meta property=\"og:site_name\" content=\"Notibras\" \/>\n<meta property=\"article:publisher\" content=\"https:\/\/www.facebook.com\/notibras\/\" \/>\n<meta property=\"article:published_time\" content=\"2026-02-09T03:15:48+00:00\" \/>\n<meta property=\"og:image\" content=\"https:\/\/www.notibras.com\/site\/wp-content\/uploads\/2026\/02\/14.11.-DPDF.-.jpg\" \/>\n\t<meta property=\"og:image:width\" content=\"1024\" \/>\n\t<meta property=\"og:image:height\" content=\"576\" \/>\n\t<meta property=\"og:image:type\" content=\"image\/jpeg\" \/>\n<meta name=\"author\" content=\"Eduardo Mart\u00ednez\" \/>\n<meta name=\"twitter:card\" content=\"summary_large_image\" \/>\n<meta name=\"twitter:creator\" content=\"@Notibras\" \/>\n<meta name=\"twitter:site\" content=\"@Notibras\" \/>\n<meta name=\"twitter:label1\" content=\"Escrito por\" \/>\n\t<meta name=\"twitter:data1\" content=\"Eduardo Mart\u00ednez\" \/>\n\t<meta name=\"twitter:label2\" content=\"Est. tempo de leitura\" \/>\n\t<meta name=\"twitter:data2\" content=\"3 minutos\" \/>\n<script type=\"application\/ld+json\" class=\"yoast-schema-graph\">{\"@context\":\"https:\/\/schema.org\",\"@graph\":[{\"@type\":\"Article\",\"@id\":\"https:\/\/www.notibras.com\/site\/curso-gratuito-sobre-direitos-das-criancas-e-dos-adolescentes\/#article\",\"isPartOf\":{\"@id\":\"https:\/\/www.notibras.com\/site\/curso-gratuito-sobre-direitos-das-criancas-e-dos-adolescentes\/\"},\"author\":{\"name\":\"Eduardo Mart\u00ednez\",\"@id\":\"https:\/\/www.notibras.com\/site\/#\/schema\/person\/5b7fabf2aedc3ada2105f03b22b4d3dd\"},\"headline\":\"Curso gratuito sobre direitos das crian\u00e7as e dos adolescentes\",\"datePublished\":\"2026-02-09T03:15:48+00:00\",\"mainEntityOfPage\":{\"@id\":\"https:\/\/www.notibras.com\/site\/curso-gratuito-sobre-direitos-das-criancas-e-dos-adolescentes\/\"},\"wordCount\":523,\"publisher\":{\"@id\":\"https:\/\/www.notibras.com\/site\/#organization\"},\"image\":{\"@id\":\"https:\/\/www.notibras.com\/site\/curso-gratuito-sobre-direitos-das-criancas-e-dos-adolescentes\/#primaryimage\"},\"thumbnailUrl\":\"https:\/\/www.notibras.com\/site\/wp-content\/uploads\/2026\/02\/14.11.-DPDF.-.jpg\",\"articleSection\":[\"Quadradinho em Foco\"],\"inLanguage\":\"pt-BR\"},{\"@type\":\"WebPage\",\"@id\":\"https:\/\/www.notibras.com\/site\/curso-gratuito-sobre-direitos-das-criancas-e-dos-adolescentes\/\",\"url\":\"https:\/\/www.notibras.com\/site\/curso-gratuito-sobre-direitos-das-criancas-e-dos-adolescentes\/\",\"name\":\"Curso gratuito sobre direitos das crian\u00e7as e dos adolescentes - Notibras\",\"isPartOf\":{\"@id\":\"https:\/\/www.notibras.com\/site\/#website\"},\"primaryImageOfPage\":{\"@id\":\"https:\/\/www.notibras.com\/site\/curso-gratuito-sobre-direitos-das-criancas-e-dos-adolescentes\/#primaryimage\"},\"image\":{\"@id\":\"https:\/\/www.notibras.com\/site\/curso-gratuito-sobre-direitos-das-criancas-e-dos-adolescentes\/#primaryimage\"},\"thumbnailUrl\":\"https:\/\/www.notibras.com\/site\/wp-content\/uploads\/2026\/02\/14.11.-DPDF.-.jpg\",\"datePublished\":\"2026-02-09T03:15:48+00:00\",\"breadcrumb\":{\"@id\":\"https:\/\/www.notibras.com\/site\/curso-gratuito-sobre-direitos-das-criancas-e-dos-adolescentes\/#breadcrumb\"},\"inLanguage\":\"pt-BR\",\"potentialAction\":[{\"@type\":\"ReadAction\",\"target\":[\"https:\/\/www.notibras.com\/site\/curso-gratuito-sobre-direitos-das-criancas-e-dos-adolescentes\/\"]}]},{\"@type\":\"ImageObject\",\"inLanguage\":\"pt-BR\",\"@id\":\"https:\/\/www.notibras.com\/site\/curso-gratuito-sobre-direitos-das-criancas-e-dos-adolescentes\/#primaryimage\",\"url\":\"https:\/\/www.notibras.com\/site\/wp-content\/uploads\/2026\/02\/14.11.-DPDF.-.jpg\",\"contentUrl\":\"https:\/\/www.notibras.com\/site\/wp-content\/uploads\/2026\/02\/14.11.-DPDF.-.jpg\",\"width\":1024,\"height\":576},{\"@type\":\"BreadcrumbList\",\"@id\":\"https:\/\/www.notibras.com\/site\/curso-gratuito-sobre-direitos-das-criancas-e-dos-adolescentes\/#breadcrumb\",\"itemListElement\":[{\"@type\":\"ListItem\",\"position\":1,\"name\":\"In\u00edcio\",\"item\":\"https:\/\/www.notibras.com\/site\/\"},{\"@type\":\"ListItem\",\"position\":2,\"name\":\"Curso gratuito sobre direitos das crian\u00e7as e dos adolescentes\"}]},{\"@type\":\"WebSite\",\"@id\":\"https:\/\/www.notibras.com\/site\/#website\",\"url\":\"https:\/\/www.notibras.com\/site\/\",\"name\":\"Notibras\",\"description\":\"Not\u00edcias de Bras\u00edlia, do Brasil e do Mundo\",\"publisher\":{\"@id\":\"https:\/\/www.notibras.com\/site\/#organization\"},\"potentialAction\":[{\"@type\":\"SearchAction\",\"target\":{\"@type\":\"EntryPoint\",\"urlTemplate\":\"https:\/\/www.notibras.com\/site\/?s={search_term_string}\"},\"query-input\":{\"@type\":\"PropertyValueSpecification\",\"valueRequired\":true,\"valueName\":\"search_term_string\"}}],\"inLanguage\":\"pt-BR\"},{\"@type\":\"Organization\",\"@id\":\"https:\/\/www.notibras.com\/site\/#organization\",\"name\":\"Grupo Notibras de Comunica\u00e7\u00e3o\",\"url\":\"https:\/\/www.notibras.com\/site\/\",\"logo\":{\"@type\":\"ImageObject\",\"inLanguage\":\"pt-BR\",\"@id\":\"https:\/\/www.notibras.com\/site\/#\/schema\/logo\/image\/\",\"url\":\"https:\/\/www.notibras.com\/site\/wp-content\/uploads\/2023\/01\/notibras23.png\",\"contentUrl\":\"https:\/\/www.notibras.com\/site\/wp-content\/uploads\/2023\/01\/notibras23.png\",\"width\":350,\"height\":87,\"caption\":\"Grupo Notibras de Comunica\u00e7\u00e3o\"},\"image\":{\"@id\":\"https:\/\/www.notibras.com\/site\/#\/schema\/logo\/image\/\"},\"sameAs\":[\"https:\/\/www.facebook.com\/notibras\/\",\"https:\/\/x.com\/Notibras\",\"https:\/\/www.instagram.com\/notibras\/\"]},{\"@type\":\"Person\",\"@id\":\"https:\/\/www.notibras.com\/site\/#\/schema\/person\/5b7fabf2aedc3ada2105f03b22b4d3dd\",\"name\":\"Eduardo Mart\u00ednez\",\"image\":{\"@type\":\"ImageObject\",\"inLanguage\":\"pt-BR\",\"@id\":\"https:\/\/secure.gravatar.com\/avatar\/7902f906289926289cbcda644b5197c796b893c6ffd7b9a536a42d290f7704a0?s=96&d=mm&r=g\",\"url\":\"https:\/\/secure.gravatar.com\/avatar\/7902f906289926289cbcda644b5197c796b893c6ffd7b9a536a42d290f7704a0?s=96&d=mm&r=g\",\"contentUrl\":\"https:\/\/secure.gravatar.com\/avatar\/7902f906289926289cbcda644b5197c796b893c6ffd7b9a536a42d290f7704a0?s=96&d=mm&r=g\",\"caption\":\"Eduardo Mart\u00ednez\"}}]}<\/script>\n<!-- \/ Yoast SEO plugin. -->","yoast_head_json":{"title":"Curso gratuito sobre direitos das crian\u00e7as e dos adolescentes - Notibras","robots":{"index":"index","follow":"follow","max-snippet":"max-snippet:-1","max-image-preview":"max-image-preview:large","max-video-preview":"max-video-preview:-1"},"canonical":"https:\/\/www.notibras.com\/site\/curso-gratuito-sobre-direitos-das-criancas-e-dos-adolescentes\/","og_locale":"pt_BR","og_type":"article","og_title":"Curso gratuito sobre direitos das crian\u00e7as e dos adolescentes - Notibras","og_description":"A Defensoria P\u00fablica do Distrito Federal (DPDF), lan\u00e7ou, nesta quinta-feira (5), o curso \u201cInf\u00e2ncias em perspectiva: prote\u00e7\u00e3o integral e o papel da Defensoria P\u00fablica do DF\u201d. As aulas s\u00e3o gratuitas e est\u00e3o dispon\u00edveis na plataforma de ensino a dist\u00e2ncia da Escola de Assist\u00eancia Jur\u00eddica da institui\u00e7\u00e3o (Easjur\/DPDF), a Easjur EaD. O curso \u00e9 dividido em [&hellip;]","og_url":"https:\/\/www.notibras.com\/site\/curso-gratuito-sobre-direitos-das-criancas-e-dos-adolescentes\/","og_site_name":"Notibras","article_publisher":"https:\/\/www.facebook.com\/notibras\/","article_published_time":"2026-02-09T03:15:48+00:00","og_image":[{"width":1024,"height":576,"url":"https:\/\/www.notibras.com\/site\/wp-content\/uploads\/2026\/02\/14.11.-DPDF.-.jpg","type":"image\/jpeg"}],"author":"Eduardo Mart\u00ednez","twitter_card":"summary_large_image","twitter_creator":"@Notibras","twitter_site":"@Notibras","twitter_misc":{"Escrito por":"Eduardo Mart\u00ednez","Est. tempo de leitura":"3 minutos"},"schema":{"@context":"https:\/\/schema.org","@graph":[{"@type":"Article","@id":"https:\/\/www.notibras.com\/site\/curso-gratuito-sobre-direitos-das-criancas-e-dos-adolescentes\/#article","isPartOf":{"@id":"https:\/\/www.notibras.com\/site\/curso-gratuito-sobre-direitos-das-criancas-e-dos-adolescentes\/"},"author":{"name":"Eduardo Mart\u00ednez","@id":"https:\/\/www.notibras.com\/site\/#\/schema\/person\/5b7fabf2aedc3ada2105f03b22b4d3dd"},"headline":"Curso gratuito sobre direitos das crian\u00e7as e dos adolescentes","datePublished":"2026-02-09T03:15:48+00:00","mainEntityOfPage":{"@id":"https:\/\/www.notibras.com\/site\/curso-gratuito-sobre-direitos-das-criancas-e-dos-adolescentes\/"},"wordCount":523,"publisher":{"@id":"https:\/\/www.notibras.com\/site\/#organization"},"image":{"@id":"https:\/\/www.notibras.com\/site\/curso-gratuito-sobre-direitos-das-criancas-e-dos-adolescentes\/#primaryimage"},"thumbnailUrl":"https:\/\/www.notibras.com\/site\/wp-content\/uploads\/2026\/02\/14.11.-DPDF.-.jpg","articleSection":["Quadradinho em Foco"],"inLanguage":"pt-BR"},{"@type":"WebPage","@id":"https:\/\/www.notibras.com\/site\/curso-gratuito-sobre-direitos-das-criancas-e-dos-adolescentes\/","url":"https:\/\/www.notibras.com\/site\/curso-gratuito-sobre-direitos-das-criancas-e-dos-adolescentes\/","name":"Curso gratuito sobre direitos das crian\u00e7as e dos adolescentes - Notibras","isPartOf":{"@id":"https:\/\/www.notibras.com\/site\/#website"},"primaryImageOfPage":{"@id":"https:\/\/www.notibras.com\/site\/curso-gratuito-sobre-direitos-das-criancas-e-dos-adolescentes\/#primaryimage"},"image":{"@id":"https:\/\/www.notibras.com\/site\/curso-gratuito-sobre-direitos-das-criancas-e-dos-adolescentes\/#primaryimage"},"thumbnailUrl":"https:\/\/www.notibras.com\/site\/wp-content\/uploads\/2026\/02\/14.11.-DPDF.-.jpg","datePublished":"2026-02-09T03:15:48+00:00","breadcrumb":{"@id":"https:\/\/www.notibras.com\/site\/curso-gratuito-sobre-direitos-das-criancas-e-dos-adolescentes\/#breadcrumb"},"inLanguage":"pt-BR","potentialAction":[{"@type":"ReadAction","target":["https:\/\/www.notibras.com\/site\/curso-gratuito-sobre-direitos-das-criancas-e-dos-adolescentes\/"]}]},{"@type":"ImageObject","inLanguage":"pt-BR","@id":"https:\/\/www.notibras.com\/site\/curso-gratuito-sobre-direitos-das-criancas-e-dos-adolescentes\/#primaryimage","url":"https:\/\/www.notibras.com\/site\/wp-content\/uploads\/2026\/02\/14.11.-DPDF.-.jpg","contentUrl":"https:\/\/www.notibras.com\/site\/wp-content\/uploads\/2026\/02\/14.11.-DPDF.-.jpg","width":1024,"height":576},{"@type":"BreadcrumbList","@id":"https:\/\/www.notibras.com\/site\/curso-gratuito-sobre-direitos-das-criancas-e-dos-adolescentes\/#breadcrumb","itemListElement":[{"@type":"ListItem","position":1,"name":"In\u00edcio","item":"https:\/\/www.notibras.com\/site\/"},{"@type":"ListItem","position":2,"name":"Curso gratuito sobre direitos das crian\u00e7as e dos adolescentes"}]},{"@type":"WebSite","@id":"https:\/\/www.notibras.com\/site\/#website","url":"https:\/\/www.notibras.com\/site\/","name":"Notibras","description":"Not\u00edcias de Bras\u00edlia, do Brasil e do Mundo","publisher":{"@id":"https:\/\/www.notibras.com\/site\/#organization"},"potentialAction":[{"@type":"SearchAction","target":{"@type":"EntryPoint","urlTemplate":"https:\/\/www.notibras.com\/site\/?s={search_term_string}"},"query-input":{"@type":"PropertyValueSpecification","valueRequired":true,"valueName":"search_term_string"}}],"inLanguage":"pt-BR"},{"@type":"Organization","@id":"https:\/\/www.notibras.com\/site\/#organization","name":"Grupo Notibras de Comunica\u00e7\u00e3o","url":"https:\/\/www.notibras.com\/site\/","logo":{"@type":"ImageObject","inLanguage":"pt-BR","@id":"https:\/\/www.notibras.com\/site\/#\/schema\/logo\/image\/","url":"https:\/\/www.notibras.com\/site\/wp-content\/uploads\/2023\/01\/notibras23.png","contentUrl":"https:\/\/www.notibras.com\/site\/wp-content\/uploads\/2023\/01\/notibras23.png","width":350,"height":87,"caption":"Grupo Notibras de Comunica\u00e7\u00e3o"},"image":{"@id":"https:\/\/www.notibras.com\/site\/#\/schema\/logo\/image\/"},"sameAs":["https:\/\/www.facebook.com\/notibras\/","https:\/\/x.com\/Notibras","https:\/\/www.instagram.com\/notibras\/"]},{"@type":"Person","@id":"https:\/\/www.notibras.com\/site\/#\/schema\/person\/5b7fabf2aedc3ada2105f03b22b4d3dd","name":"Eduardo Mart\u00ednez","image":{"@type":"ImageObject","inLanguage":"pt-BR","@id":"https:\/\/secure.gravatar.com\/avatar\/7902f906289926289cbcda644b5197c796b893c6ffd7b9a536a42d290f7704a0?s=96&d=mm&r=g","url":"https:\/\/secure.gravatar.com\/avatar\/7902f906289926289cbcda644b5197c796b893c6ffd7b9a536a42d290f7704a0?s=96&d=mm&r=g","contentUrl":"https:\/\/secure.gravatar.com\/avatar\/7902f906289926289cbcda644b5197c796b893c6ffd7b9a536a42d290f7704a0?s=96&d=mm&r=g","caption":"Eduardo Mart\u00ednez"}}]}},"amp_enabled":true,"_links":{"self":[{"href":"https:\/\/www.notibras.com\/site\/wp-json\/wp\/v2\/posts\/382377","targetHints":{"allow":["GET"]}}],"collection":[{"href":"https:\/\/www.notibras.com\/site\/wp-json\/wp\/v2\/posts"}],"about":[{"href":"https:\/\/www.notibras.com\/site\/wp-json\/wp\/v2\/types\/post"}],"author":[{"embeddable":true,"href":"https:\/\/www.notibras.com\/site\/wp-json\/wp\/v2\/users\/21"}],"replies":[{"embeddable":true,"href":"https:\/\/www.notibras.com\/site\/wp-json\/wp\/v2\/comments?post=382377"}],"version-history":[{"count":2,"href":"https:\/\/www.notibras.com\/site\/wp-json\/wp\/v2\/posts\/382377\/revisions"}],"predecessor-version":[{"id":382380,"href":"https:\/\/www.notibras.com\/site\/wp-json\/wp\/v2\/posts\/382377\/revisions\/382380"}],"wp:featuredmedia":[{"embeddable":true,"href":"https:\/\/www.notibras.com\/site\/wp-json\/wp\/v2\/media\/382378"}],"wp:attachment":[{"href":"https:\/\/www.notibras.com\/site\/wp-json\/wp\/v2\/media?parent=382377"}],"wp:term":[{"taxonomy":"category","embeddable":true,"href":"https:\/\/www.notibras.com\/site\/wp-json\/wp\/v2\/categories?post=382377"},{"taxonomy":"post_tag","embeddable":true,"href":"https:\/\/www.notibras.com\/site\/wp-json\/wp\/v2\/tags?post=382377"}],"curies":[{"name":"wp","href":"https:\/\/api.w.org\/{rel}","templated":true}]}}