{"id":382393,"date":"2026-02-09T00:30:17","date_gmt":"2026-02-09T03:30:17","guid":{"rendered":"https:\/\/www.notibras.com\/site\/?p=382393"},"modified":"2026-02-08T21:52:03","modified_gmt":"2026-02-09T00:52:03","slug":"cepi-tucano-alivia-rotina-de-familias-e-promove-o-desenvolvimento-de-criancas","status":"publish","type":"post","link":"https:\/\/www.notibras.com\/site\/cepi-tucano-alivia-rotina-de-familias-e-promove-o-desenvolvimento-de-criancas\/","title":{"rendered":"Cepi Tucano alivia rotina de fam\u00edlias e promove o desenvolvimento de crian\u00e7as"},"content":{"rendered":"<p>A feirante Mirella Duarte trabalha das 7h \u00e0s 17h. Em meio \u00e0 rotina de m\u00e3e e trabalhadora, ela v\u00ea o Centro de Educa\u00e7\u00e3o da Primeira Inf\u00e2ncia (Cepi) Tucano, em Planaltina, como o apoio necess\u00e1rio para conciliar o trabalho dela com a educa\u00e7\u00e3o e o desenvolvimento psicomotor do filho. Antes do Cepi, Mirella s\u00f3 tinha uma op\u00e7\u00e3o para manter a renda e cuidar do menino. \u201cSem creche, eu levava ele comigo para a feira e precisava que ele ficasse quietinho\u201d, relata.<\/p>\n<p>Entre caixas, clientes, pesagem e mercadoria, o celular virou a distra\u00e7\u00e3o necess\u00e1ria para que a crian\u00e7a a deixasse trabalhar. \u201cEu o deixava se distraindo com a tela para atender o p\u00fablico. Depois percebi que isso estava atrasando o desenvolvimento dele.\u201d Segundo ela, o filho apresentou atraso na fala por causa do excesso de telas.<\/p>\n<p>O menino est\u00e1 no segundo ano no Cepi Tucano, recebe cinco refei\u00e7\u00f5es ao dia, convive com outras crian\u00e7as e teve acompanhamento por meio do Projeto Legado, parceria da creche com equipe de fonoaudi\u00f3loga e assistente social. Mirella conta que a evolu\u00e7\u00e3o dele foi not\u00f3ria. \u201cAntes e depois da creche s\u00e3o dois mundos. Ele fala mais, interage, aprende. Para n\u00f3s, m\u00e3es, isso \u00e9 um acalento. A gente deixa aqui com confian\u00e7a e vai trabalhar em paz\u201d, afirma. \u201c\u00c9 um divisor de \u00e1guas. Entrego meu filho e trabalho tranquila sabendo que ele est\u00e1 bem cuidado\u201d, acrescenta. \u201cN\u00e3o tenho nada a reclamar. \u00c9 s\u00e9rio, organizado e acolhe meu filho com carinho. O atendimento com fonoaudi\u00f3loga pelo Projeto Legado deu resultado. Hoje vejo a evolu\u00e7\u00e3o dele\u201d, comenta.<\/p>\n<p>A hist\u00f3ria de Mirella n\u00e3o \u00e9 um fato isolado. Inaugurado h\u00e1 pouco mais de dois anos, o Cepi Tucano vem mudando a rotina de m\u00e3es, pais e crian\u00e7as da regi\u00e3o. O espa\u00e7o atende a 198 crian\u00e7as de quatro meses a 3 anos, em tempo integral, com jornada das 7h \u00e0s 17h. Os alunos est\u00e3o distribu\u00eddos em dez turmas.<\/p>\n<p><strong>Investimento, estrutura e acolhimento<\/strong><\/p>\n<p>A unidade \u00e9 resultado do investimento de R$ 4,1 milh\u00f5es da Secretaria de Educa\u00e7\u00e3o do Distrito Federal (SEE-DF) com o Fundo Nacional de Desenvolvimento da Educa\u00e7\u00e3o (FNDE). O pr\u00e9dio segue modelo padr\u00e3o tipo 1, com 4,7 mil m\u00b2 de \u00e1rea total e 1,3 mil m\u00b2 de \u00e1rea constru\u00edda. S\u00e3o dez salas, lact\u00e1rio, p\u00e1tio coberto, cozinha, refeit\u00f3rio, sol\u00e1rio, secretaria, dire\u00e7\u00e3o, almoxarifado, playground, parquinho, sala de professores, rouparia, lavanderia, despensa, banheiros e estacionamento.<\/p>\n<p>O diretor Ademar Luiz Nascimento conta que acompanha a chegada das crian\u00e7as diariamente.\u201cEu mesmo fico no port\u00e3o acolhendo cada crian\u00e7a e cada pai. \u00c9 quando conhe\u00e7o a fam\u00edlia e ou\u00e7o o retorno sobre o trabalho do Cepi\u201d, afirma.<\/p>\n<p>A unidade tem 43 funcion\u00e1rios, entre eles 10 professoras e 18 monitoras. Os ber\u00e7\u00e1rios 1 e 2 e os maternais 1 contam com duas monitoras e uma professora; nos maternais 2, atuam uma professora e uma monitora.<\/p>\n<p>Segundo o diretor, o impacto na comunidade \u00e9 vis\u00edvel. \u201cOs pais precisam trabalhar e, muitas vezes, n\u00e3o tinham onde deixar os filhos com seguran\u00e7a. O Cepi veio em boa hora\u201d, afirma. Ele explica que a entrada de alunos \u00e9 feita exclusivamente por encaminhamento da Regional de Ensino, ap\u00f3s cadastro pelo n\u00famero 156. Ao concluir o maternal 2, as crian\u00e7as s\u00e3o direcionadas a escolas indicadas pela rede p\u00fablica.<\/p>\n<p><strong>Mudan\u00e7a concreta na vida das fam\u00edlias<\/strong><\/p>\n<p>A fot\u00f3grafa Felliane Almeida matriculou o filho mais velho no Cepi Tucano quando ele tinha 11 meses. Para ela e o marido, a creche se tornou pe\u00e7a essencial na vida da fam\u00edlia. \u201c\u00c9 o terceiro membro do nosso casamento\u201d, brinca.<\/p>\n<p>Com a chegada da filha beb\u00ea, a inten\u00e7\u00e3o \u00e9 repetir o caminho. \u201cEu pretendo que a Antonella venha para c\u00e1, porque o desenvolvimento do meu primeiro filho foi muito bom. Tanto cognitivo quanto a intera\u00e7\u00e3o com outras crian\u00e7as. Foi essencial\u201d, avalia a m\u00e3e.<\/p>\n<p>Felliane ressalta que, al\u00e9m de cuidado t\u00e9cnico, existe v\u00ednculo afetivo. \u201cA gente precisa, mas tamb\u00e9m gosta. Ele chega em casa com coisa nova, com m\u00fasica nova. Ele sente saudade da \u2018tia\u2019 no fim de semana. Isso s\u00f3 acontece porque ele recebe amor aqui dentro.\u201d<\/p>\n<p>Para Felliane, o progresso do filho no Cepi veio em etapas marcantes. \u201cO Jo\u00e3o deu os primeiros passos aqui. O desfralde come\u00e7ou aqui. Ele perguntava pela professora, pelos colegas. Criou v\u00ednculo mesmo.\u201d<\/p>\n<p>A confian\u00e7a no atendimento tamb\u00e9m pesa na decis\u00e3o de matricular a ca\u00e7ula. Para Felliane, qualidade profissional e afeto caminham juntos. \u201cEles entregam carinho. A gente sabe o que acontece, tem retorno. \u00c9 suporte, \u00e9 educa\u00e7\u00e3o e \u00e9 amor\u201d, enumera.<\/p>\n","protected":false},"excerpt":{"rendered":"<p>A feirante Mirella Duarte trabalha das 7h \u00e0s 17h. Em meio \u00e0 rotina de m\u00e3e e trabalhadora, ela v\u00ea o Centro de Educa\u00e7\u00e3o da Primeira Inf\u00e2ncia (Cepi) Tucano, em Planaltina, como o apoio necess\u00e1rio para conciliar o trabalho dela com a educa\u00e7\u00e3o e o desenvolvimento psicomotor do filho. Antes do Cepi, Mirella s\u00f3 tinha uma [&hellip;]<\/p>\n","protected":false},"author":21,"featured_media":382394,"comment_status":"closed","ping_status":"closed","sticky":false,"template":"","format":"standard","meta":{"_acf_changed":false,"footnotes":""},"categories":[161],"tags":[],"class_list":["post-382393","post","type-post","status-publish","format-standard","has-post-thumbnail","hentry","category-quadradinho-em-foco"],"acf":[],"yoast_head":"<!-- This site is optimized with the Yoast SEO plugin v27.2 - https:\/\/yoast.com\/product\/yoast-seo-wordpress\/ -->\n<title>Cepi Tucano alivia rotina de fam\u00edlias e promove o desenvolvimento de crian\u00e7as - Notibras<\/title>\n<meta name=\"robots\" content=\"index, follow, max-snippet:-1, max-image-preview:large, max-video-preview:-1\" \/>\n<link rel=\"canonical\" href=\"https:\/\/www.notibras.com\/site\/cepi-tucano-alivia-rotina-de-familias-e-promove-o-desenvolvimento-de-criancas\/\" \/>\n<meta property=\"og:locale\" content=\"pt_BR\" \/>\n<meta property=\"og:type\" content=\"article\" \/>\n<meta property=\"og:title\" content=\"Cepi Tucano alivia rotina de fam\u00edlias e promove o desenvolvimento de crian\u00e7as - Notibras\" \/>\n<meta property=\"og:description\" content=\"A feirante Mirella Duarte trabalha das 7h \u00e0s 17h. Em meio \u00e0 rotina de m\u00e3e e trabalhadora, ela v\u00ea o Centro de Educa\u00e7\u00e3o da Primeira Inf\u00e2ncia (Cepi) Tucano, em Planaltina, como o apoio necess\u00e1rio para conciliar o trabalho dela com a educa\u00e7\u00e3o e o desenvolvimento psicomotor do filho. Antes do Cepi, Mirella s\u00f3 tinha uma [&hellip;]\" \/>\n<meta property=\"og:url\" content=\"https:\/\/www.notibras.com\/site\/cepi-tucano-alivia-rotina-de-familias-e-promove-o-desenvolvimento-de-criancas\/\" \/>\n<meta property=\"og:site_name\" content=\"Notibras\" \/>\n<meta property=\"article:publisher\" content=\"https:\/\/www.facebook.com\/notibras\/\" \/>\n<meta property=\"article:published_time\" content=\"2026-02-09T03:30:17+00:00\" \/>\n<meta property=\"og:image\" content=\"https:\/\/www.notibras.com\/site\/wp-content\/uploads\/2026\/02\/Mirella-Duarte-mae-1.jpg.jpeg\" \/>\n\t<meta property=\"og:image:width\" content=\"2210\" \/>\n\t<meta property=\"og:image:height\" content=\"1473\" \/>\n\t<meta property=\"og:image:type\" content=\"image\/jpeg\" \/>\n<meta name=\"author\" content=\"Eduardo Mart\u00ednez\" \/>\n<meta name=\"twitter:card\" content=\"summary_large_image\" \/>\n<meta name=\"twitter:creator\" content=\"@Notibras\" \/>\n<meta name=\"twitter:site\" content=\"@Notibras\" \/>\n<meta name=\"twitter:label1\" content=\"Escrito por\" \/>\n\t<meta name=\"twitter:data1\" content=\"Eduardo Mart\u00ednez\" \/>\n\t<meta name=\"twitter:label2\" content=\"Est. tempo de leitura\" \/>\n\t<meta name=\"twitter:data2\" content=\"5 minutos\" \/>\n<script type=\"application\/ld+json\" class=\"yoast-schema-graph\">{\"@context\":\"https:\/\/schema.org\",\"@graph\":[{\"@type\":\"Article\",\"@id\":\"https:\/\/www.notibras.com\/site\/cepi-tucano-alivia-rotina-de-familias-e-promove-o-desenvolvimento-de-criancas\/#article\",\"isPartOf\":{\"@id\":\"https:\/\/www.notibras.com\/site\/cepi-tucano-alivia-rotina-de-familias-e-promove-o-desenvolvimento-de-criancas\/\"},\"author\":{\"name\":\"Eduardo Mart\u00ednez\",\"@id\":\"https:\/\/www.notibras.com\/site\/#\/schema\/person\/5b7fabf2aedc3ada2105f03b22b4d3dd\"},\"headline\":\"Cepi Tucano alivia rotina de fam\u00edlias e promove o desenvolvimento de crian\u00e7as\",\"datePublished\":\"2026-02-09T03:30:17+00:00\",\"mainEntityOfPage\":{\"@id\":\"https:\/\/www.notibras.com\/site\/cepi-tucano-alivia-rotina-de-familias-e-promove-o-desenvolvimento-de-criancas\/\"},\"wordCount\":803,\"publisher\":{\"@id\":\"https:\/\/www.notibras.com\/site\/#organization\"},\"image\":{\"@id\":\"https:\/\/www.notibras.com\/site\/cepi-tucano-alivia-rotina-de-familias-e-promove-o-desenvolvimento-de-criancas\/#primaryimage\"},\"thumbnailUrl\":\"https:\/\/www.notibras.com\/site\/wp-content\/uploads\/2026\/02\/Mirella-Duarte-mae-1.jpg.jpeg\",\"articleSection\":[\"Quadradinho em Foco\"],\"inLanguage\":\"pt-BR\"},{\"@type\":\"WebPage\",\"@id\":\"https:\/\/www.notibras.com\/site\/cepi-tucano-alivia-rotina-de-familias-e-promove-o-desenvolvimento-de-criancas\/\",\"url\":\"https:\/\/www.notibras.com\/site\/cepi-tucano-alivia-rotina-de-familias-e-promove-o-desenvolvimento-de-criancas\/\",\"name\":\"Cepi Tucano alivia rotina de fam\u00edlias e promove o desenvolvimento de crian\u00e7as - Notibras\",\"isPartOf\":{\"@id\":\"https:\/\/www.notibras.com\/site\/#website\"},\"primaryImageOfPage\":{\"@id\":\"https:\/\/www.notibras.com\/site\/cepi-tucano-alivia-rotina-de-familias-e-promove-o-desenvolvimento-de-criancas\/#primaryimage\"},\"image\":{\"@id\":\"https:\/\/www.notibras.com\/site\/cepi-tucano-alivia-rotina-de-familias-e-promove-o-desenvolvimento-de-criancas\/#primaryimage\"},\"thumbnailUrl\":\"https:\/\/www.notibras.com\/site\/wp-content\/uploads\/2026\/02\/Mirella-Duarte-mae-1.jpg.jpeg\",\"datePublished\":\"2026-02-09T03:30:17+00:00\",\"breadcrumb\":{\"@id\":\"https:\/\/www.notibras.com\/site\/cepi-tucano-alivia-rotina-de-familias-e-promove-o-desenvolvimento-de-criancas\/#breadcrumb\"},\"inLanguage\":\"pt-BR\",\"potentialAction\":[{\"@type\":\"ReadAction\",\"target\":[\"https:\/\/www.notibras.com\/site\/cepi-tucano-alivia-rotina-de-familias-e-promove-o-desenvolvimento-de-criancas\/\"]}]},{\"@type\":\"ImageObject\",\"inLanguage\":\"pt-BR\",\"@id\":\"https:\/\/www.notibras.com\/site\/cepi-tucano-alivia-rotina-de-familias-e-promove-o-desenvolvimento-de-criancas\/#primaryimage\",\"url\":\"https:\/\/www.notibras.com\/site\/wp-content\/uploads\/2026\/02\/Mirella-Duarte-mae-1.jpg.jpeg\",\"contentUrl\":\"https:\/\/www.notibras.com\/site\/wp-content\/uploads\/2026\/02\/Mirella-Duarte-mae-1.jpg.jpeg\",\"width\":2210,\"height\":1473},{\"@type\":\"BreadcrumbList\",\"@id\":\"https:\/\/www.notibras.com\/site\/cepi-tucano-alivia-rotina-de-familias-e-promove-o-desenvolvimento-de-criancas\/#breadcrumb\",\"itemListElement\":[{\"@type\":\"ListItem\",\"position\":1,\"name\":\"In\u00edcio\",\"item\":\"https:\/\/www.notibras.com\/site\/\"},{\"@type\":\"ListItem\",\"position\":2,\"name\":\"Cepi Tucano alivia rotina de fam\u00edlias e promove o desenvolvimento de crian\u00e7as\"}]},{\"@type\":\"WebSite\",\"@id\":\"https:\/\/www.notibras.com\/site\/#website\",\"url\":\"https:\/\/www.notibras.com\/site\/\",\"name\":\"Notibras\",\"description\":\"Not\u00edcias de Bras\u00edlia, do Brasil e do Mundo\",\"publisher\":{\"@id\":\"https:\/\/www.notibras.com\/site\/#organization\"},\"potentialAction\":[{\"@type\":\"SearchAction\",\"target\":{\"@type\":\"EntryPoint\",\"urlTemplate\":\"https:\/\/www.notibras.com\/site\/?s={search_term_string}\"},\"query-input\":{\"@type\":\"PropertyValueSpecification\",\"valueRequired\":true,\"valueName\":\"search_term_string\"}}],\"inLanguage\":\"pt-BR\"},{\"@type\":\"Organization\",\"@id\":\"https:\/\/www.notibras.com\/site\/#organization\",\"name\":\"Grupo Notibras de Comunica\u00e7\u00e3o\",\"url\":\"https:\/\/www.notibras.com\/site\/\",\"logo\":{\"@type\":\"ImageObject\",\"inLanguage\":\"pt-BR\",\"@id\":\"https:\/\/www.notibras.com\/site\/#\/schema\/logo\/image\/\",\"url\":\"https:\/\/www.notibras.com\/site\/wp-content\/uploads\/2023\/01\/notibras23.png\",\"contentUrl\":\"https:\/\/www.notibras.com\/site\/wp-content\/uploads\/2023\/01\/notibras23.png\",\"width\":350,\"height\":87,\"caption\":\"Grupo Notibras de Comunica\u00e7\u00e3o\"},\"image\":{\"@id\":\"https:\/\/www.notibras.com\/site\/#\/schema\/logo\/image\/\"},\"sameAs\":[\"https:\/\/www.facebook.com\/notibras\/\",\"https:\/\/x.com\/Notibras\",\"https:\/\/www.instagram.com\/notibras\/\"]},{\"@type\":\"Person\",\"@id\":\"https:\/\/www.notibras.com\/site\/#\/schema\/person\/5b7fabf2aedc3ada2105f03b22b4d3dd\",\"name\":\"Eduardo Mart\u00ednez\",\"image\":{\"@type\":\"ImageObject\",\"inLanguage\":\"pt-BR\",\"@id\":\"https:\/\/secure.gravatar.com\/avatar\/7902f906289926289cbcda644b5197c796b893c6ffd7b9a536a42d290f7704a0?s=96&d=mm&r=g\",\"url\":\"https:\/\/secure.gravatar.com\/avatar\/7902f906289926289cbcda644b5197c796b893c6ffd7b9a536a42d290f7704a0?s=96&d=mm&r=g\",\"contentUrl\":\"https:\/\/secure.gravatar.com\/avatar\/7902f906289926289cbcda644b5197c796b893c6ffd7b9a536a42d290f7704a0?s=96&d=mm&r=g\",\"caption\":\"Eduardo Mart\u00ednez\"}}]}<\/script>\n<!-- \/ Yoast SEO plugin. -->","yoast_head_json":{"title":"Cepi Tucano alivia rotina de fam\u00edlias e promove o desenvolvimento de crian\u00e7as - Notibras","robots":{"index":"index","follow":"follow","max-snippet":"max-snippet:-1","max-image-preview":"max-image-preview:large","max-video-preview":"max-video-preview:-1"},"canonical":"https:\/\/www.notibras.com\/site\/cepi-tucano-alivia-rotina-de-familias-e-promove-o-desenvolvimento-de-criancas\/","og_locale":"pt_BR","og_type":"article","og_title":"Cepi Tucano alivia rotina de fam\u00edlias e promove o desenvolvimento de crian\u00e7as - Notibras","og_description":"A feirante Mirella Duarte trabalha das 7h \u00e0s 17h. Em meio \u00e0 rotina de m\u00e3e e trabalhadora, ela v\u00ea o Centro de Educa\u00e7\u00e3o da Primeira Inf\u00e2ncia (Cepi) Tucano, em Planaltina, como o apoio necess\u00e1rio para conciliar o trabalho dela com a educa\u00e7\u00e3o e o desenvolvimento psicomotor do filho. Antes do Cepi, Mirella s\u00f3 tinha uma [&hellip;]","og_url":"https:\/\/www.notibras.com\/site\/cepi-tucano-alivia-rotina-de-familias-e-promove-o-desenvolvimento-de-criancas\/","og_site_name":"Notibras","article_publisher":"https:\/\/www.facebook.com\/notibras\/","article_published_time":"2026-02-09T03:30:17+00:00","og_image":[{"width":2210,"height":1473,"url":"https:\/\/www.notibras.com\/site\/wp-content\/uploads\/2026\/02\/Mirella-Duarte-mae-1.jpg.jpeg","type":"image\/jpeg"}],"author":"Eduardo Mart\u00ednez","twitter_card":"summary_large_image","twitter_creator":"@Notibras","twitter_site":"@Notibras","twitter_misc":{"Escrito por":"Eduardo Mart\u00ednez","Est. tempo de leitura":"5 minutos"},"schema":{"@context":"https:\/\/schema.org","@graph":[{"@type":"Article","@id":"https:\/\/www.notibras.com\/site\/cepi-tucano-alivia-rotina-de-familias-e-promove-o-desenvolvimento-de-criancas\/#article","isPartOf":{"@id":"https:\/\/www.notibras.com\/site\/cepi-tucano-alivia-rotina-de-familias-e-promove-o-desenvolvimento-de-criancas\/"},"author":{"name":"Eduardo Mart\u00ednez","@id":"https:\/\/www.notibras.com\/site\/#\/schema\/person\/5b7fabf2aedc3ada2105f03b22b4d3dd"},"headline":"Cepi Tucano alivia rotina de fam\u00edlias e promove o desenvolvimento de crian\u00e7as","datePublished":"2026-02-09T03:30:17+00:00","mainEntityOfPage":{"@id":"https:\/\/www.notibras.com\/site\/cepi-tucano-alivia-rotina-de-familias-e-promove-o-desenvolvimento-de-criancas\/"},"wordCount":803,"publisher":{"@id":"https:\/\/www.notibras.com\/site\/#organization"},"image":{"@id":"https:\/\/www.notibras.com\/site\/cepi-tucano-alivia-rotina-de-familias-e-promove-o-desenvolvimento-de-criancas\/#primaryimage"},"thumbnailUrl":"https:\/\/www.notibras.com\/site\/wp-content\/uploads\/2026\/02\/Mirella-Duarte-mae-1.jpg.jpeg","articleSection":["Quadradinho em Foco"],"inLanguage":"pt-BR"},{"@type":"WebPage","@id":"https:\/\/www.notibras.com\/site\/cepi-tucano-alivia-rotina-de-familias-e-promove-o-desenvolvimento-de-criancas\/","url":"https:\/\/www.notibras.com\/site\/cepi-tucano-alivia-rotina-de-familias-e-promove-o-desenvolvimento-de-criancas\/","name":"Cepi Tucano alivia rotina de fam\u00edlias e promove o desenvolvimento de crian\u00e7as - Notibras","isPartOf":{"@id":"https:\/\/www.notibras.com\/site\/#website"},"primaryImageOfPage":{"@id":"https:\/\/www.notibras.com\/site\/cepi-tucano-alivia-rotina-de-familias-e-promove-o-desenvolvimento-de-criancas\/#primaryimage"},"image":{"@id":"https:\/\/www.notibras.com\/site\/cepi-tucano-alivia-rotina-de-familias-e-promove-o-desenvolvimento-de-criancas\/#primaryimage"},"thumbnailUrl":"https:\/\/www.notibras.com\/site\/wp-content\/uploads\/2026\/02\/Mirella-Duarte-mae-1.jpg.jpeg","datePublished":"2026-02-09T03:30:17+00:00","breadcrumb":{"@id":"https:\/\/www.notibras.com\/site\/cepi-tucano-alivia-rotina-de-familias-e-promove-o-desenvolvimento-de-criancas\/#breadcrumb"},"inLanguage":"pt-BR","potentialAction":[{"@type":"ReadAction","target":["https:\/\/www.notibras.com\/site\/cepi-tucano-alivia-rotina-de-familias-e-promove-o-desenvolvimento-de-criancas\/"]}]},{"@type":"ImageObject","inLanguage":"pt-BR","@id":"https:\/\/www.notibras.com\/site\/cepi-tucano-alivia-rotina-de-familias-e-promove-o-desenvolvimento-de-criancas\/#primaryimage","url":"https:\/\/www.notibras.com\/site\/wp-content\/uploads\/2026\/02\/Mirella-Duarte-mae-1.jpg.jpeg","contentUrl":"https:\/\/www.notibras.com\/site\/wp-content\/uploads\/2026\/02\/Mirella-Duarte-mae-1.jpg.jpeg","width":2210,"height":1473},{"@type":"BreadcrumbList","@id":"https:\/\/www.notibras.com\/site\/cepi-tucano-alivia-rotina-de-familias-e-promove-o-desenvolvimento-de-criancas\/#breadcrumb","itemListElement":[{"@type":"ListItem","position":1,"name":"In\u00edcio","item":"https:\/\/www.notibras.com\/site\/"},{"@type":"ListItem","position":2,"name":"Cepi Tucano alivia rotina de fam\u00edlias e promove o desenvolvimento de crian\u00e7as"}]},{"@type":"WebSite","@id":"https:\/\/www.notibras.com\/site\/#website","url":"https:\/\/www.notibras.com\/site\/","name":"Notibras","description":"Not\u00edcias de Bras\u00edlia, do Brasil e do Mundo","publisher":{"@id":"https:\/\/www.notibras.com\/site\/#organization"},"potentialAction":[{"@type":"SearchAction","target":{"@type":"EntryPoint","urlTemplate":"https:\/\/www.notibras.com\/site\/?s={search_term_string}"},"query-input":{"@type":"PropertyValueSpecification","valueRequired":true,"valueName":"search_term_string"}}],"inLanguage":"pt-BR"},{"@type":"Organization","@id":"https:\/\/www.notibras.com\/site\/#organization","name":"Grupo Notibras de Comunica\u00e7\u00e3o","url":"https:\/\/www.notibras.com\/site\/","logo":{"@type":"ImageObject","inLanguage":"pt-BR","@id":"https:\/\/www.notibras.com\/site\/#\/schema\/logo\/image\/","url":"https:\/\/www.notibras.com\/site\/wp-content\/uploads\/2023\/01\/notibras23.png","contentUrl":"https:\/\/www.notibras.com\/site\/wp-content\/uploads\/2023\/01\/notibras23.png","width":350,"height":87,"caption":"Grupo Notibras de Comunica\u00e7\u00e3o"},"image":{"@id":"https:\/\/www.notibras.com\/site\/#\/schema\/logo\/image\/"},"sameAs":["https:\/\/www.facebook.com\/notibras\/","https:\/\/x.com\/Notibras","https:\/\/www.instagram.com\/notibras\/"]},{"@type":"Person","@id":"https:\/\/www.notibras.com\/site\/#\/schema\/person\/5b7fabf2aedc3ada2105f03b22b4d3dd","name":"Eduardo Mart\u00ednez","image":{"@type":"ImageObject","inLanguage":"pt-BR","@id":"https:\/\/secure.gravatar.com\/avatar\/7902f906289926289cbcda644b5197c796b893c6ffd7b9a536a42d290f7704a0?s=96&d=mm&r=g","url":"https:\/\/secure.gravatar.com\/avatar\/7902f906289926289cbcda644b5197c796b893c6ffd7b9a536a42d290f7704a0?s=96&d=mm&r=g","contentUrl":"https:\/\/secure.gravatar.com\/avatar\/7902f906289926289cbcda644b5197c796b893c6ffd7b9a536a42d290f7704a0?s=96&d=mm&r=g","caption":"Eduardo Mart\u00ednez"}}]}},"amp_enabled":true,"_links":{"self":[{"href":"https:\/\/www.notibras.com\/site\/wp-json\/wp\/v2\/posts\/382393","targetHints":{"allow":["GET"]}}],"collection":[{"href":"https:\/\/www.notibras.com\/site\/wp-json\/wp\/v2\/posts"}],"about":[{"href":"https:\/\/www.notibras.com\/site\/wp-json\/wp\/v2\/types\/post"}],"author":[{"embeddable":true,"href":"https:\/\/www.notibras.com\/site\/wp-json\/wp\/v2\/users\/21"}],"replies":[{"embeddable":true,"href":"https:\/\/www.notibras.com\/site\/wp-json\/wp\/v2\/comments?post=382393"}],"version-history":[{"count":2,"href":"https:\/\/www.notibras.com\/site\/wp-json\/wp\/v2\/posts\/382393\/revisions"}],"predecessor-version":[{"id":382396,"href":"https:\/\/www.notibras.com\/site\/wp-json\/wp\/v2\/posts\/382393\/revisions\/382396"}],"wp:featuredmedia":[{"embeddable":true,"href":"https:\/\/www.notibras.com\/site\/wp-json\/wp\/v2\/media\/382394"}],"wp:attachment":[{"href":"https:\/\/www.notibras.com\/site\/wp-json\/wp\/v2\/media?parent=382393"}],"wp:term":[{"taxonomy":"category","embeddable":true,"href":"https:\/\/www.notibras.com\/site\/wp-json\/wp\/v2\/categories?post=382393"},{"taxonomy":"post_tag","embeddable":true,"href":"https:\/\/www.notibras.com\/site\/wp-json\/wp\/v2\/tags?post=382393"}],"curies":[{"name":"wp","href":"https:\/\/api.w.org\/{rel}","templated":true}]}}