{"id":382397,"date":"2026-02-09T00:45:49","date_gmt":"2026-02-09T03:45:49","guid":{"rendered":"https:\/\/www.notibras.com\/site\/?p=382397"},"modified":"2026-02-08T22:19:22","modified_gmt":"2026-02-09T01:19:22","slug":"449-vagas-de-emprego-disponiveis-nesta-segunda-9","status":"publish","type":"post","link":"https:\/\/www.notibras.com\/site\/449-vagas-de-emprego-disponiveis-nesta-segunda-9\/","title":{"rendered":"449 vagas de emprego dispon\u00edveis nesta segunda (9)"},"content":{"rendered":"<p>As ag\u00eancias do trabalhador do Distrito Federal est\u00e3o com <a href=\"https:\/\/sedet.df.gov.br\/quadro-de-vagas\">449 oportunidades profissionais<\/a> dispon\u00edveis nesta segunda-feira (9). Os maiores sal\u00e1rios s\u00e3o para uma vaga de mec\u00e2nico de autom\u00f3veis e caminh\u00f5es no Guar\u00e1 (R$ 4,6 mil) e para uma de auxiliar de linha de produ\u00e7\u00e3o em Brazl\u00e2ndia (R$ 4 mil), ambas com exig\u00eancia de experi\u00eancia e escolaridade. Tamb\u00e9m se destacam os valores encontrados em tr\u00eas chances para motorista de caminh\u00e3o (R$ 2.713,92) e em uma para top\u00f3grafo (R$ 2.786,21), exclusiva para pessoas com defici\u00eancia, no Guar\u00e1.<\/p>\n<p>Al\u00e9m disso, est\u00e3o abertas 95 oportunidades para repositor de mercadorias, 91 para operador de caixa, 50 para atendente de lojas, 45 para a\u00e7ougueiro, 30 para fiscal de preven\u00e7\u00e3o de perdas, entre outras. Os postos ficam em \u00c1guas Claras, Samambaia, Recanto das Emas, Sobradinho, Planaltina, Plano Piloto, Guar\u00e1 e sem ponto fixo de atua\u00e7\u00e3o. Os sal\u00e1rios partem de R$ 1.621. H\u00e1, ainda, 20 vagas para est\u00e1gio como auxiliar administrativo em Planaltina e Sobradinho, com oferta de R$ 163,25 por semana.<\/p>\n<p>Todos os postos oferecem benef\u00edcios. Para participar dos processos seletivos, basta cadastrar o curr\u00edculo no aplicativo da Carteira de Trabalho Digital (CTPS) ou ir a <a href=\"https:\/\/sedet.df.gov.br\/telefone-das-unidades-2\">uma das 16 ag\u00eancias do trabalhador<\/a>, das 8h \u00e0s 17h, durante a semana. Mesmo que nenhuma das chances do dia seja atraente ao candidato, o cadastro vale para oportunidades futuras, j\u00e1 que o sistema cruza dados dos concorrentes com o perfil que as empresas procuram.<\/p>\n<p>Empregadores e empreendedores que desejem ofertar vagas ou utilizar o espa\u00e7o das ag\u00eancias do trabalhador para as entrevistas podem se cadastrar pessoalmente nas unidades ou pelo e-mail gcv@sedet.df.gov.br. Pode ser utilizado, ainda, o <a href=\"https:\/\/sedet.df.gov.br\/canal-do-empregador\">Canal do Empregador<\/a>, no site da Secretaria de Desenvolvimento Econ\u00f4mico, Trabalho e Renda (Sedet)<\/p>\n","protected":false},"excerpt":{"rendered":"<p>As ag\u00eancias do trabalhador do Distrito Federal est\u00e3o com 449 oportunidades profissionais dispon\u00edveis nesta segunda-feira (9). Os maiores sal\u00e1rios s\u00e3o para uma vaga de mec\u00e2nico de autom\u00f3veis e caminh\u00f5es no Guar\u00e1 (R$ 4,6 mil) e para uma de auxiliar de linha de produ\u00e7\u00e3o em Brazl\u00e2ndia (R$ 4 mil), ambas com exig\u00eancia de experi\u00eancia e escolaridade. [&hellip;]<\/p>\n","protected":false},"author":21,"featured_media":381746,"comment_status":"closed","ping_status":"closed","sticky":false,"template":"","format":"standard","meta":{"_acf_changed":false,"footnotes":""},"categories":[161],"tags":[],"class_list":["post-382397","post","type-post","status-publish","format-standard","has-post-thumbnail","hentry","category-quadradinho-em-foco"],"acf":[],"yoast_head":"<!-- This site is optimized with the Yoast SEO plugin v27.2 - https:\/\/yoast.com\/product\/yoast-seo-wordpress\/ -->\n<title>449 vagas de emprego dispon\u00edveis nesta segunda (9) - Notibras<\/title>\n<meta name=\"robots\" content=\"index, follow, max-snippet:-1, max-image-preview:large, max-video-preview:-1\" \/>\n<link rel=\"canonical\" href=\"https:\/\/www.notibras.com\/site\/449-vagas-de-emprego-disponiveis-nesta-segunda-9\/\" \/>\n<meta property=\"og:locale\" content=\"pt_BR\" \/>\n<meta property=\"og:type\" content=\"article\" \/>\n<meta property=\"og:title\" content=\"449 vagas de emprego dispon\u00edveis nesta segunda (9) - Notibras\" \/>\n<meta property=\"og:description\" content=\"As ag\u00eancias do trabalhador do Distrito Federal est\u00e3o com 449 oportunidades profissionais dispon\u00edveis nesta segunda-feira (9). Os maiores sal\u00e1rios s\u00e3o para uma vaga de mec\u00e2nico de autom\u00f3veis e caminh\u00f5es no Guar\u00e1 (R$ 4,6 mil) e para uma de auxiliar de linha de produ\u00e7\u00e3o em Brazl\u00e2ndia (R$ 4 mil), ambas com exig\u00eancia de experi\u00eancia e escolaridade. [&hellip;]\" \/>\n<meta property=\"og:url\" content=\"https:\/\/www.notibras.com\/site\/449-vagas-de-emprego-disponiveis-nesta-segunda-9\/\" \/>\n<meta property=\"og:site_name\" content=\"Notibras\" \/>\n<meta property=\"article:publisher\" content=\"https:\/\/www.facebook.com\/notibras\/\" \/>\n<meta property=\"article:published_time\" content=\"2026-02-09T03:45:49+00:00\" \/>\n<meta property=\"og:image\" content=\"https:\/\/www.notibras.com\/site\/wp-content\/uploads\/2026\/02\/WhatsApp-Image-2026-02-03-at-02.40.31.jpeg\" \/>\n\t<meta property=\"og:image:width\" content=\"952\" \/>\n\t<meta property=\"og:image:height\" content=\"744\" \/>\n\t<meta property=\"og:image:type\" content=\"image\/jpeg\" \/>\n<meta name=\"author\" content=\"Eduardo Mart\u00ednez\" \/>\n<meta name=\"twitter:card\" content=\"summary_large_image\" \/>\n<meta name=\"twitter:creator\" content=\"@Notibras\" \/>\n<meta name=\"twitter:site\" content=\"@Notibras\" \/>\n<meta name=\"twitter:label1\" content=\"Escrito por\" \/>\n\t<meta name=\"twitter:data1\" content=\"Eduardo Mart\u00ednez\" \/>\n\t<meta name=\"twitter:label2\" content=\"Est. tempo de leitura\" \/>\n\t<meta name=\"twitter:data2\" content=\"2 minutos\" \/>\n<script type=\"application\/ld+json\" class=\"yoast-schema-graph\">{\"@context\":\"https:\/\/schema.org\",\"@graph\":[{\"@type\":\"Article\",\"@id\":\"https:\/\/www.notibras.com\/site\/449-vagas-de-emprego-disponiveis-nesta-segunda-9\/#article\",\"isPartOf\":{\"@id\":\"https:\/\/www.notibras.com\/site\/449-vagas-de-emprego-disponiveis-nesta-segunda-9\/\"},\"author\":{\"name\":\"Eduardo Mart\u00ednez\",\"@id\":\"https:\/\/www.notibras.com\/site\/#\/schema\/person\/5b7fabf2aedc3ada2105f03b22b4d3dd\"},\"headline\":\"449 vagas de emprego dispon\u00edveis nesta segunda (9)\",\"datePublished\":\"2026-02-09T03:45:49+00:00\",\"mainEntityOfPage\":{\"@id\":\"https:\/\/www.notibras.com\/site\/449-vagas-de-emprego-disponiveis-nesta-segunda-9\/\"},\"wordCount\":306,\"publisher\":{\"@id\":\"https:\/\/www.notibras.com\/site\/#organization\"},\"image\":{\"@id\":\"https:\/\/www.notibras.com\/site\/449-vagas-de-emprego-disponiveis-nesta-segunda-9\/#primaryimage\"},\"thumbnailUrl\":\"https:\/\/www.notibras.com\/site\/wp-content\/uploads\/2026\/02\/WhatsApp-Image-2026-02-03-at-02.40.31.jpeg\",\"articleSection\":[\"Quadradinho em Foco\"],\"inLanguage\":\"pt-BR\"},{\"@type\":\"WebPage\",\"@id\":\"https:\/\/www.notibras.com\/site\/449-vagas-de-emprego-disponiveis-nesta-segunda-9\/\",\"url\":\"https:\/\/www.notibras.com\/site\/449-vagas-de-emprego-disponiveis-nesta-segunda-9\/\",\"name\":\"449 vagas de emprego dispon\u00edveis nesta segunda (9) - Notibras\",\"isPartOf\":{\"@id\":\"https:\/\/www.notibras.com\/site\/#website\"},\"primaryImageOfPage\":{\"@id\":\"https:\/\/www.notibras.com\/site\/449-vagas-de-emprego-disponiveis-nesta-segunda-9\/#primaryimage\"},\"image\":{\"@id\":\"https:\/\/www.notibras.com\/site\/449-vagas-de-emprego-disponiveis-nesta-segunda-9\/#primaryimage\"},\"thumbnailUrl\":\"https:\/\/www.notibras.com\/site\/wp-content\/uploads\/2026\/02\/WhatsApp-Image-2026-02-03-at-02.40.31.jpeg\",\"datePublished\":\"2026-02-09T03:45:49+00:00\",\"breadcrumb\":{\"@id\":\"https:\/\/www.notibras.com\/site\/449-vagas-de-emprego-disponiveis-nesta-segunda-9\/#breadcrumb\"},\"inLanguage\":\"pt-BR\",\"potentialAction\":[{\"@type\":\"ReadAction\",\"target\":[\"https:\/\/www.notibras.com\/site\/449-vagas-de-emprego-disponiveis-nesta-segunda-9\/\"]}]},{\"@type\":\"ImageObject\",\"inLanguage\":\"pt-BR\",\"@id\":\"https:\/\/www.notibras.com\/site\/449-vagas-de-emprego-disponiveis-nesta-segunda-9\/#primaryimage\",\"url\":\"https:\/\/www.notibras.com\/site\/wp-content\/uploads\/2026\/02\/WhatsApp-Image-2026-02-03-at-02.40.31.jpeg\",\"contentUrl\":\"https:\/\/www.notibras.com\/site\/wp-content\/uploads\/2026\/02\/WhatsApp-Image-2026-02-03-at-02.40.31.jpeg\",\"width\":952,\"height\":744},{\"@type\":\"BreadcrumbList\",\"@id\":\"https:\/\/www.notibras.com\/site\/449-vagas-de-emprego-disponiveis-nesta-segunda-9\/#breadcrumb\",\"itemListElement\":[{\"@type\":\"ListItem\",\"position\":1,\"name\":\"In\u00edcio\",\"item\":\"https:\/\/www.notibras.com\/site\/\"},{\"@type\":\"ListItem\",\"position\":2,\"name\":\"449 vagas de emprego dispon\u00edveis nesta segunda (9)\"}]},{\"@type\":\"WebSite\",\"@id\":\"https:\/\/www.notibras.com\/site\/#website\",\"url\":\"https:\/\/www.notibras.com\/site\/\",\"name\":\"Notibras\",\"description\":\"Not\u00edcias de Bras\u00edlia, do Brasil e do Mundo\",\"publisher\":{\"@id\":\"https:\/\/www.notibras.com\/site\/#organization\"},\"potentialAction\":[{\"@type\":\"SearchAction\",\"target\":{\"@type\":\"EntryPoint\",\"urlTemplate\":\"https:\/\/www.notibras.com\/site\/?s={search_term_string}\"},\"query-input\":{\"@type\":\"PropertyValueSpecification\",\"valueRequired\":true,\"valueName\":\"search_term_string\"}}],\"inLanguage\":\"pt-BR\"},{\"@type\":\"Organization\",\"@id\":\"https:\/\/www.notibras.com\/site\/#organization\",\"name\":\"Grupo Notibras de Comunica\u00e7\u00e3o\",\"url\":\"https:\/\/www.notibras.com\/site\/\",\"logo\":{\"@type\":\"ImageObject\",\"inLanguage\":\"pt-BR\",\"@id\":\"https:\/\/www.notibras.com\/site\/#\/schema\/logo\/image\/\",\"url\":\"https:\/\/www.notibras.com\/site\/wp-content\/uploads\/2023\/01\/notibras23.png\",\"contentUrl\":\"https:\/\/www.notibras.com\/site\/wp-content\/uploads\/2023\/01\/notibras23.png\",\"width\":350,\"height\":87,\"caption\":\"Grupo Notibras de Comunica\u00e7\u00e3o\"},\"image\":{\"@id\":\"https:\/\/www.notibras.com\/site\/#\/schema\/logo\/image\/\"},\"sameAs\":[\"https:\/\/www.facebook.com\/notibras\/\",\"https:\/\/x.com\/Notibras\",\"https:\/\/www.instagram.com\/notibras\/\"]},{\"@type\":\"Person\",\"@id\":\"https:\/\/www.notibras.com\/site\/#\/schema\/person\/5b7fabf2aedc3ada2105f03b22b4d3dd\",\"name\":\"Eduardo Mart\u00ednez\",\"image\":{\"@type\":\"ImageObject\",\"inLanguage\":\"pt-BR\",\"@id\":\"https:\/\/secure.gravatar.com\/avatar\/7902f906289926289cbcda644b5197c796b893c6ffd7b9a536a42d290f7704a0?s=96&d=mm&r=g\",\"url\":\"https:\/\/secure.gravatar.com\/avatar\/7902f906289926289cbcda644b5197c796b893c6ffd7b9a536a42d290f7704a0?s=96&d=mm&r=g\",\"contentUrl\":\"https:\/\/secure.gravatar.com\/avatar\/7902f906289926289cbcda644b5197c796b893c6ffd7b9a536a42d290f7704a0?s=96&d=mm&r=g\",\"caption\":\"Eduardo Mart\u00ednez\"}}]}<\/script>\n<!-- \/ Yoast SEO plugin. -->","yoast_head_json":{"title":"449 vagas de emprego dispon\u00edveis nesta segunda (9) - Notibras","robots":{"index":"index","follow":"follow","max-snippet":"max-snippet:-1","max-image-preview":"max-image-preview:large","max-video-preview":"max-video-preview:-1"},"canonical":"https:\/\/www.notibras.com\/site\/449-vagas-de-emprego-disponiveis-nesta-segunda-9\/","og_locale":"pt_BR","og_type":"article","og_title":"449 vagas de emprego dispon\u00edveis nesta segunda (9) - Notibras","og_description":"As ag\u00eancias do trabalhador do Distrito Federal est\u00e3o com 449 oportunidades profissionais dispon\u00edveis nesta segunda-feira (9). Os maiores sal\u00e1rios s\u00e3o para uma vaga de mec\u00e2nico de autom\u00f3veis e caminh\u00f5es no Guar\u00e1 (R$ 4,6 mil) e para uma de auxiliar de linha de produ\u00e7\u00e3o em Brazl\u00e2ndia (R$ 4 mil), ambas com exig\u00eancia de experi\u00eancia e escolaridade. [&hellip;]","og_url":"https:\/\/www.notibras.com\/site\/449-vagas-de-emprego-disponiveis-nesta-segunda-9\/","og_site_name":"Notibras","article_publisher":"https:\/\/www.facebook.com\/notibras\/","article_published_time":"2026-02-09T03:45:49+00:00","og_image":[{"width":952,"height":744,"url":"https:\/\/www.notibras.com\/site\/wp-content\/uploads\/2026\/02\/WhatsApp-Image-2026-02-03-at-02.40.31.jpeg","type":"image\/jpeg"}],"author":"Eduardo Mart\u00ednez","twitter_card":"summary_large_image","twitter_creator":"@Notibras","twitter_site":"@Notibras","twitter_misc":{"Escrito por":"Eduardo Mart\u00ednez","Est. tempo de leitura":"2 minutos"},"schema":{"@context":"https:\/\/schema.org","@graph":[{"@type":"Article","@id":"https:\/\/www.notibras.com\/site\/449-vagas-de-emprego-disponiveis-nesta-segunda-9\/#article","isPartOf":{"@id":"https:\/\/www.notibras.com\/site\/449-vagas-de-emprego-disponiveis-nesta-segunda-9\/"},"author":{"name":"Eduardo Mart\u00ednez","@id":"https:\/\/www.notibras.com\/site\/#\/schema\/person\/5b7fabf2aedc3ada2105f03b22b4d3dd"},"headline":"449 vagas de emprego dispon\u00edveis nesta segunda (9)","datePublished":"2026-02-09T03:45:49+00:00","mainEntityOfPage":{"@id":"https:\/\/www.notibras.com\/site\/449-vagas-de-emprego-disponiveis-nesta-segunda-9\/"},"wordCount":306,"publisher":{"@id":"https:\/\/www.notibras.com\/site\/#organization"},"image":{"@id":"https:\/\/www.notibras.com\/site\/449-vagas-de-emprego-disponiveis-nesta-segunda-9\/#primaryimage"},"thumbnailUrl":"https:\/\/www.notibras.com\/site\/wp-content\/uploads\/2026\/02\/WhatsApp-Image-2026-02-03-at-02.40.31.jpeg","articleSection":["Quadradinho em Foco"],"inLanguage":"pt-BR"},{"@type":"WebPage","@id":"https:\/\/www.notibras.com\/site\/449-vagas-de-emprego-disponiveis-nesta-segunda-9\/","url":"https:\/\/www.notibras.com\/site\/449-vagas-de-emprego-disponiveis-nesta-segunda-9\/","name":"449 vagas de emprego dispon\u00edveis nesta segunda (9) - Notibras","isPartOf":{"@id":"https:\/\/www.notibras.com\/site\/#website"},"primaryImageOfPage":{"@id":"https:\/\/www.notibras.com\/site\/449-vagas-de-emprego-disponiveis-nesta-segunda-9\/#primaryimage"},"image":{"@id":"https:\/\/www.notibras.com\/site\/449-vagas-de-emprego-disponiveis-nesta-segunda-9\/#primaryimage"},"thumbnailUrl":"https:\/\/www.notibras.com\/site\/wp-content\/uploads\/2026\/02\/WhatsApp-Image-2026-02-03-at-02.40.31.jpeg","datePublished":"2026-02-09T03:45:49+00:00","breadcrumb":{"@id":"https:\/\/www.notibras.com\/site\/449-vagas-de-emprego-disponiveis-nesta-segunda-9\/#breadcrumb"},"inLanguage":"pt-BR","potentialAction":[{"@type":"ReadAction","target":["https:\/\/www.notibras.com\/site\/449-vagas-de-emprego-disponiveis-nesta-segunda-9\/"]}]},{"@type":"ImageObject","inLanguage":"pt-BR","@id":"https:\/\/www.notibras.com\/site\/449-vagas-de-emprego-disponiveis-nesta-segunda-9\/#primaryimage","url":"https:\/\/www.notibras.com\/site\/wp-content\/uploads\/2026\/02\/WhatsApp-Image-2026-02-03-at-02.40.31.jpeg","contentUrl":"https:\/\/www.notibras.com\/site\/wp-content\/uploads\/2026\/02\/WhatsApp-Image-2026-02-03-at-02.40.31.jpeg","width":952,"height":744},{"@type":"BreadcrumbList","@id":"https:\/\/www.notibras.com\/site\/449-vagas-de-emprego-disponiveis-nesta-segunda-9\/#breadcrumb","itemListElement":[{"@type":"ListItem","position":1,"name":"In\u00edcio","item":"https:\/\/www.notibras.com\/site\/"},{"@type":"ListItem","position":2,"name":"449 vagas de emprego dispon\u00edveis nesta segunda (9)"}]},{"@type":"WebSite","@id":"https:\/\/www.notibras.com\/site\/#website","url":"https:\/\/www.notibras.com\/site\/","name":"Notibras","description":"Not\u00edcias de Bras\u00edlia, do Brasil e do Mundo","publisher":{"@id":"https:\/\/www.notibras.com\/site\/#organization"},"potentialAction":[{"@type":"SearchAction","target":{"@type":"EntryPoint","urlTemplate":"https:\/\/www.notibras.com\/site\/?s={search_term_string}"},"query-input":{"@type":"PropertyValueSpecification","valueRequired":true,"valueName":"search_term_string"}}],"inLanguage":"pt-BR"},{"@type":"Organization","@id":"https:\/\/www.notibras.com\/site\/#organization","name":"Grupo Notibras de Comunica\u00e7\u00e3o","url":"https:\/\/www.notibras.com\/site\/","logo":{"@type":"ImageObject","inLanguage":"pt-BR","@id":"https:\/\/www.notibras.com\/site\/#\/schema\/logo\/image\/","url":"https:\/\/www.notibras.com\/site\/wp-content\/uploads\/2023\/01\/notibras23.png","contentUrl":"https:\/\/www.notibras.com\/site\/wp-content\/uploads\/2023\/01\/notibras23.png","width":350,"height":87,"caption":"Grupo Notibras de Comunica\u00e7\u00e3o"},"image":{"@id":"https:\/\/www.notibras.com\/site\/#\/schema\/logo\/image\/"},"sameAs":["https:\/\/www.facebook.com\/notibras\/","https:\/\/x.com\/Notibras","https:\/\/www.instagram.com\/notibras\/"]},{"@type":"Person","@id":"https:\/\/www.notibras.com\/site\/#\/schema\/person\/5b7fabf2aedc3ada2105f03b22b4d3dd","name":"Eduardo Mart\u00ednez","image":{"@type":"ImageObject","inLanguage":"pt-BR","@id":"https:\/\/secure.gravatar.com\/avatar\/7902f906289926289cbcda644b5197c796b893c6ffd7b9a536a42d290f7704a0?s=96&d=mm&r=g","url":"https:\/\/secure.gravatar.com\/avatar\/7902f906289926289cbcda644b5197c796b893c6ffd7b9a536a42d290f7704a0?s=96&d=mm&r=g","contentUrl":"https:\/\/secure.gravatar.com\/avatar\/7902f906289926289cbcda644b5197c796b893c6ffd7b9a536a42d290f7704a0?s=96&d=mm&r=g","caption":"Eduardo Mart\u00ednez"}}]}},"amp_enabled":true,"_links":{"self":[{"href":"https:\/\/www.notibras.com\/site\/wp-json\/wp\/v2\/posts\/382397","targetHints":{"allow":["GET"]}}],"collection":[{"href":"https:\/\/www.notibras.com\/site\/wp-json\/wp\/v2\/posts"}],"about":[{"href":"https:\/\/www.notibras.com\/site\/wp-json\/wp\/v2\/types\/post"}],"author":[{"embeddable":true,"href":"https:\/\/www.notibras.com\/site\/wp-json\/wp\/v2\/users\/21"}],"replies":[{"embeddable":true,"href":"https:\/\/www.notibras.com\/site\/wp-json\/wp\/v2\/comments?post=382397"}],"version-history":[{"count":3,"href":"https:\/\/www.notibras.com\/site\/wp-json\/wp\/v2\/posts\/382397\/revisions"}],"predecessor-version":[{"id":382400,"href":"https:\/\/www.notibras.com\/site\/wp-json\/wp\/v2\/posts\/382397\/revisions\/382400"}],"wp:featuredmedia":[{"embeddable":true,"href":"https:\/\/www.notibras.com\/site\/wp-json\/wp\/v2\/media\/381746"}],"wp:attachment":[{"href":"https:\/\/www.notibras.com\/site\/wp-json\/wp\/v2\/media?parent=382397"}],"wp:term":[{"taxonomy":"category","embeddable":true,"href":"https:\/\/www.notibras.com\/site\/wp-json\/wp\/v2\/categories?post=382397"},{"taxonomy":"post_tag","embeddable":true,"href":"https:\/\/www.notibras.com\/site\/wp-json\/wp\/v2\/tags?post=382397"}],"curies":[{"name":"wp","href":"https:\/\/api.w.org\/{rel}","templated":true}]}}