{"id":38245,"date":"2015-02-26T00:58:56","date_gmt":"2015-02-26T03:58:56","guid":{"rendered":"http:\/\/www.notibras.com\/site\/?p=38245"},"modified":"2015-02-26T00:58:56","modified_gmt":"2015-02-26T03:58:56","slug":"galo-perde-em-casa-e-fica-em-situacao-complicada-no-grupo-1","status":"publish","type":"post","link":"https:\/\/www.notibras.com\/site\/galo-perde-em-casa-e-fica-em-situacao-complicada-no-grupo-1\/","title":{"rendered":"Galo perde em casa e fica em situa\u00e7\u00e3o complicada no Grupo 1"},"content":{"rendered":"<p>Distante do time que encantou a Am\u00e9rica do Sul aliando ra\u00e7a e t\u00e9cnica refinada para ser campe\u00e3o da Ta\u00e7a Libertadores h\u00e1 dois anos, o Atl\u00e9tico-MG desta vez uniu nervosismo e erros bobos para perder para o Atlas por 1 a 0 na Arena Independ\u00eancia, acumulando duas derrotas em dois jogos nesta edi\u00e7\u00e3o do torneio continental.<\/p>\n<p>Pressionado pelo rev\u00e9s diante do Colo-Colo pelo placar 2 a 0 na estreia, em Santiago, na semana passada, o campe\u00e3o continental de 2013 n\u00e3o correspondeu \u00e0s expectativas. Para piorar, a torcida, impaciente, pegou no p\u00e9 de jogadores como o lateral Patric, o zagueiro Edcarlos e o atacante Andr\u00e9, que foram os que mais erraram.<\/p>\n<p>Com isso, o &#8220;fator Horto&#8221;, onde a equipe mineira obteve 90 vit\u00f3rias em 118 partidas desde 2011, quando passou a mandar os jogos no Independ\u00eancia, n\u00e3o foi suficiente para evitar o trope\u00e7o. Ao contr\u00e1rio, o time sofreu a sexta derrota no local.<\/p>\n<p>O resultado deixa o Atl\u00e9tico na lanterna da chave, sem ponto algum. O Atlas tem tr\u00eas, assim como Colo-Colo e Independiente Santa F\u00e9, que se enfrentar\u00e3o nesta quinta-feira em Bogot\u00e1. E \u00e9 justamente na capital colombiana, contra o atual campe\u00e3o nacional, que o vencedor da \u00faltima Copa do Brasil ter\u00e1 que buscar a reabilita\u00e7\u00e3o, no dia 18 de mar\u00e7o.<\/p>\n<p>Levir Culpi vem tendo que quebrar a cabe\u00e7a para montar a equipe do Galo. Os principais problemas s\u00e3o a lateral esquerda e a posi\u00e7\u00e3o de centroavante, na qual tanto os titulares, Douglas e Lucas Pratto, quanto os reservas, Pedro Botelho J\u00f4, est\u00e3o vetados pelo departamento m\u00e9dico. Com isso, Lucas C\u00e2ndido, que n\u00e3o jogava h\u00e1 um ano, e Andr\u00e9 foram escalados. O lateral-direito Marcos Rocha tamb\u00e9m ficaram fora.<\/p>\n<p>No Atlas, a grande atra\u00e7\u00e3o foi o atacante brasileiro Keno, que se destacou defendendo o Santa Cruz na segunda divis\u00e3o do Brasileir\u00e3o e foi contratado em janeiro.<\/p>\n<p>A equipe visitante entrou em campo com tr\u00eas prop\u00f3sitos b\u00e1sicos: defender, catimbar e contra-atacar. Mas foi o time mexicano que teve as primeiras boas chances da partida. Aos quatro minutos do primeiro tempo, Millar deixou dois marcadores na saudade e tirou tinta da trave esquerda. Aos oito, Caballero ganhou de Patric e bateu perto do mesmo poste.<\/p>\n<p>A partir da\u00ed, o Galo teve o controle das a\u00e7\u00f5es, mas demonstrou certo nervosismo e cometeu erros bobos. Luan levou perigo duas vezes em um minuto, entre os 17 e os 18. Na primeira, em cobran\u00e7a de falta, o goleiro Vilar encaixou; na segunda, o arqueiro deu um presente nos p\u00e9s do meia-atacante, que, contudo, finalizou cruzado para fora.<\/p>\n<p>Sem conseguir invadir a \u00e1rea advers\u00e1ria no ch\u00e3o, o Atl\u00e9tico apostou em jogadas a\u00e9reas. Leonardo Silva tentou de cabe\u00e7a pelo menos tr\u00eas vezes antes de ser substitu\u00eddo por Edcarlos por uma les\u00e3o em um dedo da m\u00e3o esquerda. Na melhor delas, aos 25, Villar, que joga com a camisa 3, defendeu em dois tempos.<\/p>\n<p>A equipe da casa tentava se organizar em busca do gol, mas continuava tensa e falhando no momento de concluir. Aos 32 minutos, D\u00e1tolo bateu falta e o goleiro rebateu nas costas de Andr\u00e9. De frente para o gol, o centroavante n\u00e3o viu a bola, se enrolou todo e protagonizou um lance bizarro, cedendo tiro de meta.<\/p>\n<p>O desespero fazia com que a defesa do Galo ficasse com espa\u00e7os, mas o Atlas quase n\u00e3o atacava. Numa das poucas escapadas do time mexicano, Keno desceu pela direita e levantou buscando Caballero, mas Victor saiu bem e defendeu firme.<\/p>\n<p>Levir sacou Leandro Donizete no intervalo e mandou a campo o colombiano C\u00e1rdenas, que estreou na derrota para o Am\u00e9rica-MG no \u00faltimo domingo, pelo Campeonato Mineiro. O time voltou com tudo, e incomodou logo aos quatro minutos, quando Maicosuel abriu para Lucas C\u00e2ndido, que emendou de primeira e obrigou Vilar a fazer grande interven\u00e7\u00e3o.<\/p>\n<p>A press\u00e3o do Galo era intensa, e Andr\u00e9 balan\u00e7ou a rede aos sete minutos, depois que Edcarlos ajeitou de cabe\u00e7a, mas a arbitragem marcou impedimento. O centroavante ainda recebeu outras duas vezes em sequ\u00eancia, aos oito e aos nove, mas girou e chutou pra fora em uma e n\u00e3o alcan\u00e7ou na outra.<\/p>\n<blockquote><p>Quietinho na dele, o Atlas sa\u00eda apenas na boa, e Victor teve que intervir aos 16 minutos. Keno aproveita sobra depois de cruzamento de Rodr\u00edguez, saiu do defensor e soltou a bomba. O camisa 1 espalmou e evitou que o placar fosse aberto.<\/p><\/blockquote>\n<p>N\u00e3o era dia da linha de frente do Galo. Aos 23, C\u00e1rdenas lan\u00e7ou de longe na cabe\u00e7a de Maicosuel, que, nas costas da zaga, ajeitou para o meio, mas ningu\u00e9m conseguiu completar. Logo na sequ\u00eancia da jogada, o drama aumentou. Medina arriscou da entrada da \u00e1rea, num belo arremate de primeira, e carimbou o travess\u00e3o de Victor.<\/p>\n<p>Sem acertar, o time anfitri\u00e3o levou mais um susto aos 27, e seu &#8220;santo protetor&#8221; teve que salvar. Tamb\u00e9m de cara para o gol, aproveitando cruzamento da direita, P\u00e9rez resvalou, e Victor defendeu com a boca.<\/p>\n<p>Mais na base do abafa que da organiza\u00e7\u00e3o, o Atl\u00e9tico atacou novamente aos 38. D\u00e1tolo foi acionado na ponta esquerda e fez o chuveirinho na segunda trave at\u00e9 Andr\u00e9, que mandou na rede, mas pelo lado de fora.<\/p>\n<p>O drama enfim virou tristeza aos 41 minutos, quando o Atlas marcou o \u00fanico gol da partida. Edcarlos errou na linha de impedimento, Su\u00e1rez, que entrou no segundo tempo no lugar de Keno, avan\u00e7ou sozinho pelo meio e tocou na sa\u00edda de Victor, que nem por um milagre defenderia.<\/p>\n<p>Parte do torcedor atleticano abandonou o time e nem mesmo viu a \u00faltima tentativa. Aos 48 minutos, D\u00e1tolo teve falta para cobrar na direita e levantou. Victor, que foi para \u00e1rea, at\u00e9 foi tocado, mas exagerou na queda e protagonizou uma cena digna de com\u00e9dia pastel\u00e3o. O \u00e1rbitro n\u00e3o marcou a infra\u00e7\u00e3o e encerrou a partida em seguida.<\/p>\n","protected":false},"excerpt":{"rendered":"<p>Distante do time que encantou a Am\u00e9rica do Sul aliando ra\u00e7a e t\u00e9cnica refinada para ser campe\u00e3o da Ta\u00e7a Libertadores h\u00e1 dois anos, o Atl\u00e9tico-MG desta vez uniu nervosismo e erros bobos para perder para o Atlas por 1 a 0 na Arena Independ\u00eancia, acumulando duas derrotas em dois jogos nesta edi\u00e7\u00e3o do torneio continental. [&hellip;]<\/p>\n","protected":false},"author":2,"featured_media":38246,"comment_status":"open","ping_status":"closed","sticky":false,"template":"","format":"standard","meta":{"_acf_changed":false,"footnotes":""},"categories":[19,29],"tags":[],"class_list":["post-38245","post","type-post","status-publish","format-standard","has-post-thumbnail","hentry","category-esportes","category-futebol"],"acf":[],"yoast_head":"<!-- This site is optimized with the Yoast SEO plugin v27.2 - https:\/\/yoast.com\/product\/yoast-seo-wordpress\/ -->\n<title>Galo perde em casa e fica em situa\u00e7\u00e3o complicada no Grupo 1 - Notibras<\/title>\n<meta name=\"robots\" content=\"index, follow, max-snippet:-1, max-image-preview:large, max-video-preview:-1\" \/>\n<link rel=\"canonical\" href=\"https:\/\/www.notibras.com\/site\/galo-perde-em-casa-e-fica-em-situacao-complicada-no-grupo-1\/\" \/>\n<meta property=\"og:locale\" content=\"pt_BR\" \/>\n<meta property=\"og:type\" content=\"article\" \/>\n<meta property=\"og:title\" content=\"Galo perde em casa e fica em situa\u00e7\u00e3o complicada no Grupo 1 - Notibras\" \/>\n<meta property=\"og:description\" content=\"Distante do time que encantou a Am\u00e9rica do Sul aliando ra\u00e7a e t\u00e9cnica refinada para ser campe\u00e3o da Ta\u00e7a Libertadores h\u00e1 dois anos, o Atl\u00e9tico-MG desta vez uniu nervosismo e erros bobos para perder para o Atlas por 1 a 0 na Arena Independ\u00eancia, acumulando duas derrotas em dois jogos nesta edi\u00e7\u00e3o do torneio continental. [&hellip;]\" \/>\n<meta property=\"og:url\" content=\"https:\/\/www.notibras.com\/site\/galo-perde-em-casa-e-fica-em-situacao-complicada-no-grupo-1\/\" \/>\n<meta property=\"og:site_name\" content=\"Notibras\" \/>\n<meta property=\"article:publisher\" content=\"https:\/\/www.facebook.com\/notibras\/\" \/>\n<meta property=\"article:published_time\" content=\"2015-02-26T03:58:56+00:00\" \/>\n<meta property=\"og:image\" content=\"https:\/\/www.notibras.com\/site\/wp-content\/uploads\/2015\/02\/galo1.jpg\" \/>\n\t<meta property=\"og:image:width\" content=\"460\" \/>\n\t<meta property=\"og:image:height\" content=\"307\" \/>\n\t<meta property=\"og:image:type\" content=\"image\/jpeg\" \/>\n<meta name=\"author\" content=\"Reda\u00e7\u00e3o\" \/>\n<meta name=\"twitter:card\" content=\"summary_large_image\" \/>\n<meta name=\"twitter:creator\" content=\"@Notibras\" \/>\n<meta name=\"twitter:site\" content=\"@Notibras\" \/>\n<meta name=\"twitter:label1\" content=\"Escrito por\" \/>\n\t<meta name=\"twitter:data1\" content=\"Reda\u00e7\u00e3o\" \/>\n\t<meta name=\"twitter:label2\" content=\"Est. tempo de leitura\" \/>\n\t<meta name=\"twitter:data2\" content=\"5 minutos\" \/>\n<script type=\"application\/ld+json\" class=\"yoast-schema-graph\">{\"@context\":\"https:\/\/schema.org\",\"@graph\":[{\"@type\":\"Article\",\"@id\":\"https:\/\/www.notibras.com\/site\/galo-perde-em-casa-e-fica-em-situacao-complicada-no-grupo-1\/#article\",\"isPartOf\":{\"@id\":\"https:\/\/www.notibras.com\/site\/galo-perde-em-casa-e-fica-em-situacao-complicada-no-grupo-1\/\"},\"author\":{\"name\":\"Reda\u00e7\u00e3o\",\"@id\":\"https:\/\/www.notibras.com\/site\/#\/schema\/person\/36ab0979449956132d3e5b517ea76ac8\"},\"headline\":\"Galo perde em casa e fica em situa\u00e7\u00e3o complicada no Grupo 1\",\"datePublished\":\"2015-02-26T03:58:56+00:00\",\"mainEntityOfPage\":{\"@id\":\"https:\/\/www.notibras.com\/site\/galo-perde-em-casa-e-fica-em-situacao-complicada-no-grupo-1\/\"},\"wordCount\":1033,\"commentCount\":0,\"publisher\":{\"@id\":\"https:\/\/www.notibras.com\/site\/#organization\"},\"image\":{\"@id\":\"https:\/\/www.notibras.com\/site\/galo-perde-em-casa-e-fica-em-situacao-complicada-no-grupo-1\/#primaryimage\"},\"thumbnailUrl\":\"https:\/\/www.notibras.com\/site\/wp-content\/uploads\/2015\/02\/galo1.jpg\",\"articleSection\":[\"Esportes\",\"Futebol\"],\"inLanguage\":\"pt-BR\",\"potentialAction\":[{\"@type\":\"CommentAction\",\"name\":\"Comment\",\"target\":[\"https:\/\/www.notibras.com\/site\/galo-perde-em-casa-e-fica-em-situacao-complicada-no-grupo-1\/#respond\"]}]},{\"@type\":\"WebPage\",\"@id\":\"https:\/\/www.notibras.com\/site\/galo-perde-em-casa-e-fica-em-situacao-complicada-no-grupo-1\/\",\"url\":\"https:\/\/www.notibras.com\/site\/galo-perde-em-casa-e-fica-em-situacao-complicada-no-grupo-1\/\",\"name\":\"Galo perde em casa e fica em situa\u00e7\u00e3o complicada no Grupo 1 - Notibras\",\"isPartOf\":{\"@id\":\"https:\/\/www.notibras.com\/site\/#website\"},\"primaryImageOfPage\":{\"@id\":\"https:\/\/www.notibras.com\/site\/galo-perde-em-casa-e-fica-em-situacao-complicada-no-grupo-1\/#primaryimage\"},\"image\":{\"@id\":\"https:\/\/www.notibras.com\/site\/galo-perde-em-casa-e-fica-em-situacao-complicada-no-grupo-1\/#primaryimage\"},\"thumbnailUrl\":\"https:\/\/www.notibras.com\/site\/wp-content\/uploads\/2015\/02\/galo1.jpg\",\"datePublished\":\"2015-02-26T03:58:56+00:00\",\"breadcrumb\":{\"@id\":\"https:\/\/www.notibras.com\/site\/galo-perde-em-casa-e-fica-em-situacao-complicada-no-grupo-1\/#breadcrumb\"},\"inLanguage\":\"pt-BR\",\"potentialAction\":[{\"@type\":\"ReadAction\",\"target\":[\"https:\/\/www.notibras.com\/site\/galo-perde-em-casa-e-fica-em-situacao-complicada-no-grupo-1\/\"]}]},{\"@type\":\"ImageObject\",\"inLanguage\":\"pt-BR\",\"@id\":\"https:\/\/www.notibras.com\/site\/galo-perde-em-casa-e-fica-em-situacao-complicada-no-grupo-1\/#primaryimage\",\"url\":\"https:\/\/www.notibras.com\/site\/wp-content\/uploads\/2015\/02\/galo1.jpg\",\"contentUrl\":\"https:\/\/www.notibras.com\/site\/wp-content\/uploads\/2015\/02\/galo1.jpg\",\"width\":460,\"height\":307},{\"@type\":\"BreadcrumbList\",\"@id\":\"https:\/\/www.notibras.com\/site\/galo-perde-em-casa-e-fica-em-situacao-complicada-no-grupo-1\/#breadcrumb\",\"itemListElement\":[{\"@type\":\"ListItem\",\"position\":1,\"name\":\"In\u00edcio\",\"item\":\"https:\/\/www.notibras.com\/site\/\"},{\"@type\":\"ListItem\",\"position\":2,\"name\":\"Galo perde em casa e fica em situa\u00e7\u00e3o complicada no Grupo 1\"}]},{\"@type\":\"WebSite\",\"@id\":\"https:\/\/www.notibras.com\/site\/#website\",\"url\":\"https:\/\/www.notibras.com\/site\/\",\"name\":\"Notibras\",\"description\":\"Not\u00edcias de Bras\u00edlia, do Brasil e do Mundo\",\"publisher\":{\"@id\":\"https:\/\/www.notibras.com\/site\/#organization\"},\"potentialAction\":[{\"@type\":\"SearchAction\",\"target\":{\"@type\":\"EntryPoint\",\"urlTemplate\":\"https:\/\/www.notibras.com\/site\/?s={search_term_string}\"},\"query-input\":{\"@type\":\"PropertyValueSpecification\",\"valueRequired\":true,\"valueName\":\"search_term_string\"}}],\"inLanguage\":\"pt-BR\"},{\"@type\":\"Organization\",\"@id\":\"https:\/\/www.notibras.com\/site\/#organization\",\"name\":\"Grupo Notibras de Comunica\u00e7\u00e3o\",\"url\":\"https:\/\/www.notibras.com\/site\/\",\"logo\":{\"@type\":\"ImageObject\",\"inLanguage\":\"pt-BR\",\"@id\":\"https:\/\/www.notibras.com\/site\/#\/schema\/logo\/image\/\",\"url\":\"https:\/\/www.notibras.com\/site\/wp-content\/uploads\/2023\/01\/notibras23.png\",\"contentUrl\":\"https:\/\/www.notibras.com\/site\/wp-content\/uploads\/2023\/01\/notibras23.png\",\"width\":350,\"height\":87,\"caption\":\"Grupo Notibras de Comunica\u00e7\u00e3o\"},\"image\":{\"@id\":\"https:\/\/www.notibras.com\/site\/#\/schema\/logo\/image\/\"},\"sameAs\":[\"https:\/\/www.facebook.com\/notibras\/\",\"https:\/\/x.com\/Notibras\",\"https:\/\/www.instagram.com\/notibras\/\"]},{\"@type\":\"Person\",\"@id\":\"https:\/\/www.notibras.com\/site\/#\/schema\/person\/36ab0979449956132d3e5b517ea76ac8\",\"name\":\"Reda\u00e7\u00e3o\",\"image\":{\"@type\":\"ImageObject\",\"inLanguage\":\"pt-BR\",\"@id\":\"https:\/\/secure.gravatar.com\/avatar\/e0a867bdedb85fd243eadf09663511f96fc81e0720a4a42581f334ad4303aa6b?s=96&d=mm&r=g\",\"url\":\"https:\/\/secure.gravatar.com\/avatar\/e0a867bdedb85fd243eadf09663511f96fc81e0720a4a42581f334ad4303aa6b?s=96&d=mm&r=g\",\"contentUrl\":\"https:\/\/secure.gravatar.com\/avatar\/e0a867bdedb85fd243eadf09663511f96fc81e0720a4a42581f334ad4303aa6b?s=96&d=mm&r=g\",\"caption\":\"Reda\u00e7\u00e3o\"}}]}<\/script>\n<!-- \/ Yoast SEO plugin. -->","yoast_head_json":{"title":"Galo perde em casa e fica em situa\u00e7\u00e3o complicada no Grupo 1 - Notibras","robots":{"index":"index","follow":"follow","max-snippet":"max-snippet:-1","max-image-preview":"max-image-preview:large","max-video-preview":"max-video-preview:-1"},"canonical":"https:\/\/www.notibras.com\/site\/galo-perde-em-casa-e-fica-em-situacao-complicada-no-grupo-1\/","og_locale":"pt_BR","og_type":"article","og_title":"Galo perde em casa e fica em situa\u00e7\u00e3o complicada no Grupo 1 - Notibras","og_description":"Distante do time que encantou a Am\u00e9rica do Sul aliando ra\u00e7a e t\u00e9cnica refinada para ser campe\u00e3o da Ta\u00e7a Libertadores h\u00e1 dois anos, o Atl\u00e9tico-MG desta vez uniu nervosismo e erros bobos para perder para o Atlas por 1 a 0 na Arena Independ\u00eancia, acumulando duas derrotas em dois jogos nesta edi\u00e7\u00e3o do torneio continental. [&hellip;]","og_url":"https:\/\/www.notibras.com\/site\/galo-perde-em-casa-e-fica-em-situacao-complicada-no-grupo-1\/","og_site_name":"Notibras","article_publisher":"https:\/\/www.facebook.com\/notibras\/","article_published_time":"2015-02-26T03:58:56+00:00","og_image":[{"width":460,"height":307,"url":"https:\/\/www.notibras.com\/site\/wp-content\/uploads\/2015\/02\/galo1.jpg","type":"image\/jpeg"}],"author":"Reda\u00e7\u00e3o","twitter_card":"summary_large_image","twitter_creator":"@Notibras","twitter_site":"@Notibras","twitter_misc":{"Escrito por":"Reda\u00e7\u00e3o","Est. tempo de leitura":"5 minutos"},"schema":{"@context":"https:\/\/schema.org","@graph":[{"@type":"Article","@id":"https:\/\/www.notibras.com\/site\/galo-perde-em-casa-e-fica-em-situacao-complicada-no-grupo-1\/#article","isPartOf":{"@id":"https:\/\/www.notibras.com\/site\/galo-perde-em-casa-e-fica-em-situacao-complicada-no-grupo-1\/"},"author":{"name":"Reda\u00e7\u00e3o","@id":"https:\/\/www.notibras.com\/site\/#\/schema\/person\/36ab0979449956132d3e5b517ea76ac8"},"headline":"Galo perde em casa e fica em situa\u00e7\u00e3o complicada no Grupo 1","datePublished":"2015-02-26T03:58:56+00:00","mainEntityOfPage":{"@id":"https:\/\/www.notibras.com\/site\/galo-perde-em-casa-e-fica-em-situacao-complicada-no-grupo-1\/"},"wordCount":1033,"commentCount":0,"publisher":{"@id":"https:\/\/www.notibras.com\/site\/#organization"},"image":{"@id":"https:\/\/www.notibras.com\/site\/galo-perde-em-casa-e-fica-em-situacao-complicada-no-grupo-1\/#primaryimage"},"thumbnailUrl":"https:\/\/www.notibras.com\/site\/wp-content\/uploads\/2015\/02\/galo1.jpg","articleSection":["Esportes","Futebol"],"inLanguage":"pt-BR","potentialAction":[{"@type":"CommentAction","name":"Comment","target":["https:\/\/www.notibras.com\/site\/galo-perde-em-casa-e-fica-em-situacao-complicada-no-grupo-1\/#respond"]}]},{"@type":"WebPage","@id":"https:\/\/www.notibras.com\/site\/galo-perde-em-casa-e-fica-em-situacao-complicada-no-grupo-1\/","url":"https:\/\/www.notibras.com\/site\/galo-perde-em-casa-e-fica-em-situacao-complicada-no-grupo-1\/","name":"Galo perde em casa e fica em situa\u00e7\u00e3o complicada no Grupo 1 - Notibras","isPartOf":{"@id":"https:\/\/www.notibras.com\/site\/#website"},"primaryImageOfPage":{"@id":"https:\/\/www.notibras.com\/site\/galo-perde-em-casa-e-fica-em-situacao-complicada-no-grupo-1\/#primaryimage"},"image":{"@id":"https:\/\/www.notibras.com\/site\/galo-perde-em-casa-e-fica-em-situacao-complicada-no-grupo-1\/#primaryimage"},"thumbnailUrl":"https:\/\/www.notibras.com\/site\/wp-content\/uploads\/2015\/02\/galo1.jpg","datePublished":"2015-02-26T03:58:56+00:00","breadcrumb":{"@id":"https:\/\/www.notibras.com\/site\/galo-perde-em-casa-e-fica-em-situacao-complicada-no-grupo-1\/#breadcrumb"},"inLanguage":"pt-BR","potentialAction":[{"@type":"ReadAction","target":["https:\/\/www.notibras.com\/site\/galo-perde-em-casa-e-fica-em-situacao-complicada-no-grupo-1\/"]}]},{"@type":"ImageObject","inLanguage":"pt-BR","@id":"https:\/\/www.notibras.com\/site\/galo-perde-em-casa-e-fica-em-situacao-complicada-no-grupo-1\/#primaryimage","url":"https:\/\/www.notibras.com\/site\/wp-content\/uploads\/2015\/02\/galo1.jpg","contentUrl":"https:\/\/www.notibras.com\/site\/wp-content\/uploads\/2015\/02\/galo1.jpg","width":460,"height":307},{"@type":"BreadcrumbList","@id":"https:\/\/www.notibras.com\/site\/galo-perde-em-casa-e-fica-em-situacao-complicada-no-grupo-1\/#breadcrumb","itemListElement":[{"@type":"ListItem","position":1,"name":"In\u00edcio","item":"https:\/\/www.notibras.com\/site\/"},{"@type":"ListItem","position":2,"name":"Galo perde em casa e fica em situa\u00e7\u00e3o complicada no Grupo 1"}]},{"@type":"WebSite","@id":"https:\/\/www.notibras.com\/site\/#website","url":"https:\/\/www.notibras.com\/site\/","name":"Notibras","description":"Not\u00edcias de Bras\u00edlia, do Brasil e do Mundo","publisher":{"@id":"https:\/\/www.notibras.com\/site\/#organization"},"potentialAction":[{"@type":"SearchAction","target":{"@type":"EntryPoint","urlTemplate":"https:\/\/www.notibras.com\/site\/?s={search_term_string}"},"query-input":{"@type":"PropertyValueSpecification","valueRequired":true,"valueName":"search_term_string"}}],"inLanguage":"pt-BR"},{"@type":"Organization","@id":"https:\/\/www.notibras.com\/site\/#organization","name":"Grupo Notibras de Comunica\u00e7\u00e3o","url":"https:\/\/www.notibras.com\/site\/","logo":{"@type":"ImageObject","inLanguage":"pt-BR","@id":"https:\/\/www.notibras.com\/site\/#\/schema\/logo\/image\/","url":"https:\/\/www.notibras.com\/site\/wp-content\/uploads\/2023\/01\/notibras23.png","contentUrl":"https:\/\/www.notibras.com\/site\/wp-content\/uploads\/2023\/01\/notibras23.png","width":350,"height":87,"caption":"Grupo Notibras de Comunica\u00e7\u00e3o"},"image":{"@id":"https:\/\/www.notibras.com\/site\/#\/schema\/logo\/image\/"},"sameAs":["https:\/\/www.facebook.com\/notibras\/","https:\/\/x.com\/Notibras","https:\/\/www.instagram.com\/notibras\/"]},{"@type":"Person","@id":"https:\/\/www.notibras.com\/site\/#\/schema\/person\/36ab0979449956132d3e5b517ea76ac8","name":"Reda\u00e7\u00e3o","image":{"@type":"ImageObject","inLanguage":"pt-BR","@id":"https:\/\/secure.gravatar.com\/avatar\/e0a867bdedb85fd243eadf09663511f96fc81e0720a4a42581f334ad4303aa6b?s=96&d=mm&r=g","url":"https:\/\/secure.gravatar.com\/avatar\/e0a867bdedb85fd243eadf09663511f96fc81e0720a4a42581f334ad4303aa6b?s=96&d=mm&r=g","contentUrl":"https:\/\/secure.gravatar.com\/avatar\/e0a867bdedb85fd243eadf09663511f96fc81e0720a4a42581f334ad4303aa6b?s=96&d=mm&r=g","caption":"Reda\u00e7\u00e3o"}}]}},"amp_enabled":true,"_links":{"self":[{"href":"https:\/\/www.notibras.com\/site\/wp-json\/wp\/v2\/posts\/38245","targetHints":{"allow":["GET"]}}],"collection":[{"href":"https:\/\/www.notibras.com\/site\/wp-json\/wp\/v2\/posts"}],"about":[{"href":"https:\/\/www.notibras.com\/site\/wp-json\/wp\/v2\/types\/post"}],"author":[{"embeddable":true,"href":"https:\/\/www.notibras.com\/site\/wp-json\/wp\/v2\/users\/2"}],"replies":[{"embeddable":true,"href":"https:\/\/www.notibras.com\/site\/wp-json\/wp\/v2\/comments?post=38245"}],"version-history":[{"count":0,"href":"https:\/\/www.notibras.com\/site\/wp-json\/wp\/v2\/posts\/38245\/revisions"}],"wp:featuredmedia":[{"embeddable":true,"href":"https:\/\/www.notibras.com\/site\/wp-json\/wp\/v2\/media\/38246"}],"wp:attachment":[{"href":"https:\/\/www.notibras.com\/site\/wp-json\/wp\/v2\/media?parent=38245"}],"wp:term":[{"taxonomy":"category","embeddable":true,"href":"https:\/\/www.notibras.com\/site\/wp-json\/wp\/v2\/categories?post=38245"},{"taxonomy":"post_tag","embeddable":true,"href":"https:\/\/www.notibras.com\/site\/wp-json\/wp\/v2\/tags?post=38245"}],"curies":[{"name":"wp","href":"https:\/\/api.w.org\/{rel}","templated":true}]}}