{"id":38248,"date":"2015-02-26T01:06:27","date_gmt":"2015-02-26T04:06:27","guid":{"rendered":"http:\/\/www.notibras.com\/site\/?p=38248"},"modified":"2015-02-26T01:06:27","modified_gmt":"2015-02-26T04:06:27","slug":"cruzeiro-se-segura-na-atitude-e-arranca-um-0-a-0-na-bolivia","status":"publish","type":"post","link":"https:\/\/www.notibras.com\/site\/cruzeiro-se-segura-na-atitude-e-arranca-um-0-a-0-na-bolivia\/","title":{"rendered":"Cruzeiro se segura na atitude e arranca um 0 a 0 na Bol\u00edvia"},"content":{"rendered":"<p>Os 2.790 mil metros de altitude de Sucre n\u00e3o foram um grande problema para o Cruzeiro, que conseguiu se igualar ao advers\u00e1rio fisicamente, mas a Raposa criou pouco e acabou estreando na Ta\u00e7a Libertadores com um empate sem gols com o Universitario no Est\u00e1dio Ol\u00edmpico P\u00e1tria.<\/p>\n<p>O goleiro F\u00e1bio, que viveu uma noite especial e se tornou o segundo jogador que mais defendeu a equipe mineira na hist\u00f3ria, n\u00e3o teve muito trabalho, mas os visitantes tamb\u00e9m n\u00e3o estiveram muito inspirados na frente. O centroavante Leandro Dami\u00e3o foi quem mais apareceu, com cinco finaliza\u00e7\u00f5es, mas n\u00e3o conseguiu balan\u00e7ar a rede.<\/p>\n<p>Dessa forma, Cruzeiro e Universitario de Sucre largam com um ponto cada no grupo 3 da Libertadores, mesmo n\u00famero de Hurac\u00e1n e Mineros de Guayana, que ficaram no 2 a 2 nesta ter\u00e7a-feira na Argentina.<\/p>\n<p>O pr\u00f3ximo compromisso do atual bicampe\u00e3o brasileiro no torneio continental \u00e9 receber o time argentino no Mineir\u00e3o na pr\u00f3xima ter\u00e7a-feira. No mesmo dia, o representante boliviano irar \u00e0 Venezuela encarar o Mineros.<\/p>\n<p>O \u00fanico desfalque da Raposa em Sucre foi o lateral-direito Mayke, que, machucado, deu lugar a Fabiano. Por outro lado, o goleiro F\u00e1bio se recuperou e p\u00f4de estar em campo para entrar para hist\u00f3ria do clube mineiro. O goleiro chegou a 611 partidas, ultrapassou Dirceu Lopes e se tornou o segundo jogador que mais vestiu a camisa celeste, atr\u00e1s apenas de Z\u00e9 Carlos, com 623.<\/p>\n<p>O Universitario vive crise, com a demiss\u00e3o de quatro jogadores. Oscar Ribera, Diego Rivero e Diego Sandoval, que foram titulares na derrota para o Sport Boys por 2 a 1 no \u00faltimo domingo, pelo Campeonato Boliviano, al\u00e9m de Cristian \u00c1rabe, que entrou no segundo tempo nessa ocasi\u00e3o, foram desligados do elenco nesta segunda.<\/p>\n<p>Tentando usar a altitude a seu favor, Leandro Dami\u00e3o fez a primeira finaliza\u00e7\u00e3o da partida aos seis minutos do primeiro tempo, arriscando de longe. A bola passou perto da trave esquerda.<\/p>\n<p>Mesmo jogando fora de casa, o Cruzeiro conseguia fazer jogo equilibrado, mas tamb\u00e9m era incomodado. Aos dez minutos, Bejarano fez o chuveirinho e a defesa n\u00e3o afastou, mas, para sorte do campe\u00e3o brasileiro, Palavicini n\u00e3o alcan\u00e7ou.<\/p>\n<blockquote><p>Dami\u00e3o, que antes havia usado a altitude a favor, desta vez &#8220;perdeu&#8221; para ela. Aos 18, De Arrascaeta enfiou na direita para Willian, que cruzou. A bola ganhou velocidade inesperada, e o camisa 9 n\u00e3o conseguiu completar. A resposta dos donos da casa veio dois minutos depois, em uma bomba de longe de De la Cuesta. F\u00e1bio defendeu como deu e ainda contou com a ajuda da trave.<\/p><\/blockquote>\n<p>De la Cuesta apareceu no ataque mais uma vez aos 30 e fez parte de um lance pol\u00eamico. O meia acionou Bejarano, que, dentro da \u00e1rea, recebeu combate de Paulo Andr\u00e9 e pediu p\u00eanalti, mas o \u00e1rbitro n\u00e3o deu. Aos 36, Ribera tentou de fora, mas F\u00e1bio, atento, encaixou.<\/p>\n<p>Quase todas as jogadas de ataque do Universitario passavam por Bejarano, que ia bem, mas o restante do time n\u00e3o o acompanhava. Aos 46, o meia deu um drible da vaca em Fabiano e colocou na cabe\u00e7a de Palavacini. Livre na pequena \u00e1rea, o centroavante mandou para fora.<\/p>\n<p>O intervalo n\u00e3o mudou o panorama do duelo, e os dois times buscavam o ataque. Logo aos seis minutos, De Arrascaeta demonstrou toda sua vis\u00e3o de jogo e serviu Dami\u00e3o, que deixou Filipetto sentado com um drible desconcertante, mas bateu para fora.<\/p>\n<p>Aos 13, F\u00e1bio, que vinha participando pouco, teve que trabalhar. Depois do cruzamento da esquerda, a defesa n\u00e3o afastou e Castro concluiu desviado. O goleiro ia sendo encoberto, mas se esticou todo e deu um tapinha para fora.<\/p>\n<p>Criticado por n\u00e3o ter correspondido com a camisa do Santos na \u00faltima temporada, Dami\u00e3o demonstrou pelo menos esfor\u00e7o com a camisa celeste. Aos 16, Fabiano fez o chuveirinho e o centroavante cabeceou tirando do goleiro Robles, mas tamb\u00e9m tirou do gol.<\/p>\n<p>Sentindo que o time ia se cansando, Marcelo Oliveira sacou De Arrascaeta para a entrada de Judivan. Aos 24 minutos, a revela\u00e7\u00e3o da base cruzeirense acelerou pela esquerda, entrou na \u00e1rea e chutou cruzado para fora.<\/p>\n<p>O \u00faltimo a sair no campe\u00e3o brasileiro foi Willian, que, entretanto, antes de dar lugar a Joel, ainda tentou um \u00faltimo chute. Depois de bate-rebate na \u00e1rea, ele ficou com a sobra e assustou Robles.<\/p>\n<p>Se a entrada de Judivan fez bem ao Cruzeiro, a de Joel foi prejudicial e durou apenas seis minutos. Aos 38, Dami\u00e3o dividiu com Camacho, o camaron\u00eas chegou com os dois p\u00e9s pelo alto no tornozelo do lateral advers\u00e1rio e foi expulso com cart\u00e3o vermelho direto.<\/p>\n<p>N\u00e3o houve muito tempo para o Universitario exercer uma press\u00e3o. Talvez, nem se tivesse tempo, a equipe da casa teria futebol para isso. A Raposa, a essa altura satisfeita com o resultado, evitou correr riscos e esperou o apito final.<\/p>\n","protected":false},"excerpt":{"rendered":"<p>Os 2.790 mil metros de altitude de Sucre n\u00e3o foram um grande problema para o Cruzeiro, que conseguiu se igualar ao advers\u00e1rio fisicamente, mas a Raposa criou pouco e acabou estreando na Ta\u00e7a Libertadores com um empate sem gols com o Universitario no Est\u00e1dio Ol\u00edmpico P\u00e1tria. O goleiro F\u00e1bio, que viveu uma noite especial e [&hellip;]<\/p>\n","protected":false},"author":2,"featured_media":38249,"comment_status":"open","ping_status":"closed","sticky":false,"template":"","format":"standard","meta":{"_acf_changed":false,"footnotes":""},"categories":[19,29],"tags":[],"class_list":["post-38248","post","type-post","status-publish","format-standard","has-post-thumbnail","hentry","category-esportes","category-futebol"],"acf":[],"yoast_head":"<!-- This site is optimized with the Yoast SEO plugin v27.2 - https:\/\/yoast.com\/product\/yoast-seo-wordpress\/ -->\n<title>Cruzeiro se segura na atitude e arranca um 0 a 0 na Bol\u00edvia - Notibras<\/title>\n<meta name=\"robots\" content=\"index, follow, max-snippet:-1, max-image-preview:large, max-video-preview:-1\" \/>\n<link rel=\"canonical\" href=\"https:\/\/www.notibras.com\/site\/cruzeiro-se-segura-na-atitude-e-arranca-um-0-a-0-na-bolivia\/\" \/>\n<meta property=\"og:locale\" content=\"pt_BR\" \/>\n<meta property=\"og:type\" content=\"article\" \/>\n<meta property=\"og:title\" content=\"Cruzeiro se segura na atitude e arranca um 0 a 0 na Bol\u00edvia - Notibras\" \/>\n<meta property=\"og:description\" content=\"Os 2.790 mil metros de altitude de Sucre n\u00e3o foram um grande problema para o Cruzeiro, que conseguiu se igualar ao advers\u00e1rio fisicamente, mas a Raposa criou pouco e acabou estreando na Ta\u00e7a Libertadores com um empate sem gols com o Universitario no Est\u00e1dio Ol\u00edmpico P\u00e1tria. O goleiro F\u00e1bio, que viveu uma noite especial e [&hellip;]\" \/>\n<meta property=\"og:url\" content=\"https:\/\/www.notibras.com\/site\/cruzeiro-se-segura-na-atitude-e-arranca-um-0-a-0-na-bolivia\/\" \/>\n<meta property=\"og:site_name\" content=\"Notibras\" \/>\n<meta property=\"article:publisher\" content=\"https:\/\/www.facebook.com\/notibras\/\" \/>\n<meta property=\"article:published_time\" content=\"2015-02-26T04:06:27+00:00\" \/>\n<meta property=\"og:image\" content=\"https:\/\/www.notibras.com\/site\/wp-content\/uploads\/2015\/02\/cruzeiro.jpg\" \/>\n\t<meta property=\"og:image:width\" content=\"460\" \/>\n\t<meta property=\"og:image:height\" content=\"328\" \/>\n\t<meta property=\"og:image:type\" content=\"image\/jpeg\" \/>\n<meta name=\"author\" content=\"Reda\u00e7\u00e3o\" \/>\n<meta name=\"twitter:card\" content=\"summary_large_image\" \/>\n<meta name=\"twitter:creator\" content=\"@Notibras\" \/>\n<meta name=\"twitter:site\" content=\"@Notibras\" \/>\n<meta name=\"twitter:label1\" content=\"Escrito por\" \/>\n\t<meta name=\"twitter:data1\" content=\"Reda\u00e7\u00e3o\" \/>\n\t<meta name=\"twitter:label2\" content=\"Est. tempo de leitura\" \/>\n\t<meta name=\"twitter:data2\" content=\"4 minutos\" \/>\n<script type=\"application\/ld+json\" class=\"yoast-schema-graph\">{\"@context\":\"https:\/\/schema.org\",\"@graph\":[{\"@type\":\"Article\",\"@id\":\"https:\/\/www.notibras.com\/site\/cruzeiro-se-segura-na-atitude-e-arranca-um-0-a-0-na-bolivia\/#article\",\"isPartOf\":{\"@id\":\"https:\/\/www.notibras.com\/site\/cruzeiro-se-segura-na-atitude-e-arranca-um-0-a-0-na-bolivia\/\"},\"author\":{\"name\":\"Reda\u00e7\u00e3o\",\"@id\":\"https:\/\/www.notibras.com\/site\/#\/schema\/person\/36ab0979449956132d3e5b517ea76ac8\"},\"headline\":\"Cruzeiro se segura na atitude e arranca um 0 a 0 na Bol\u00edvia\",\"datePublished\":\"2015-02-26T04:06:27+00:00\",\"mainEntityOfPage\":{\"@id\":\"https:\/\/www.notibras.com\/site\/cruzeiro-se-segura-na-atitude-e-arranca-um-0-a-0-na-bolivia\/\"},\"wordCount\":851,\"commentCount\":0,\"publisher\":{\"@id\":\"https:\/\/www.notibras.com\/site\/#organization\"},\"image\":{\"@id\":\"https:\/\/www.notibras.com\/site\/cruzeiro-se-segura-na-atitude-e-arranca-um-0-a-0-na-bolivia\/#primaryimage\"},\"thumbnailUrl\":\"https:\/\/www.notibras.com\/site\/wp-content\/uploads\/2015\/02\/cruzeiro.jpg\",\"articleSection\":[\"Esportes\",\"Futebol\"],\"inLanguage\":\"pt-BR\",\"potentialAction\":[{\"@type\":\"CommentAction\",\"name\":\"Comment\",\"target\":[\"https:\/\/www.notibras.com\/site\/cruzeiro-se-segura-na-atitude-e-arranca-um-0-a-0-na-bolivia\/#respond\"]}]},{\"@type\":\"WebPage\",\"@id\":\"https:\/\/www.notibras.com\/site\/cruzeiro-se-segura-na-atitude-e-arranca-um-0-a-0-na-bolivia\/\",\"url\":\"https:\/\/www.notibras.com\/site\/cruzeiro-se-segura-na-atitude-e-arranca-um-0-a-0-na-bolivia\/\",\"name\":\"Cruzeiro se segura na atitude e arranca um 0 a 0 na Bol\u00edvia - Notibras\",\"isPartOf\":{\"@id\":\"https:\/\/www.notibras.com\/site\/#website\"},\"primaryImageOfPage\":{\"@id\":\"https:\/\/www.notibras.com\/site\/cruzeiro-se-segura-na-atitude-e-arranca-um-0-a-0-na-bolivia\/#primaryimage\"},\"image\":{\"@id\":\"https:\/\/www.notibras.com\/site\/cruzeiro-se-segura-na-atitude-e-arranca-um-0-a-0-na-bolivia\/#primaryimage\"},\"thumbnailUrl\":\"https:\/\/www.notibras.com\/site\/wp-content\/uploads\/2015\/02\/cruzeiro.jpg\",\"datePublished\":\"2015-02-26T04:06:27+00:00\",\"breadcrumb\":{\"@id\":\"https:\/\/www.notibras.com\/site\/cruzeiro-se-segura-na-atitude-e-arranca-um-0-a-0-na-bolivia\/#breadcrumb\"},\"inLanguage\":\"pt-BR\",\"potentialAction\":[{\"@type\":\"ReadAction\",\"target\":[\"https:\/\/www.notibras.com\/site\/cruzeiro-se-segura-na-atitude-e-arranca-um-0-a-0-na-bolivia\/\"]}]},{\"@type\":\"ImageObject\",\"inLanguage\":\"pt-BR\",\"@id\":\"https:\/\/www.notibras.com\/site\/cruzeiro-se-segura-na-atitude-e-arranca-um-0-a-0-na-bolivia\/#primaryimage\",\"url\":\"https:\/\/www.notibras.com\/site\/wp-content\/uploads\/2015\/02\/cruzeiro.jpg\",\"contentUrl\":\"https:\/\/www.notibras.com\/site\/wp-content\/uploads\/2015\/02\/cruzeiro.jpg\",\"width\":460,\"height\":328},{\"@type\":\"BreadcrumbList\",\"@id\":\"https:\/\/www.notibras.com\/site\/cruzeiro-se-segura-na-atitude-e-arranca-um-0-a-0-na-bolivia\/#breadcrumb\",\"itemListElement\":[{\"@type\":\"ListItem\",\"position\":1,\"name\":\"In\u00edcio\",\"item\":\"https:\/\/www.notibras.com\/site\/\"},{\"@type\":\"ListItem\",\"position\":2,\"name\":\"Cruzeiro se segura na atitude e arranca um 0 a 0 na Bol\u00edvia\"}]},{\"@type\":\"WebSite\",\"@id\":\"https:\/\/www.notibras.com\/site\/#website\",\"url\":\"https:\/\/www.notibras.com\/site\/\",\"name\":\"Notibras\",\"description\":\"Not\u00edcias de Bras\u00edlia, do Brasil e do Mundo\",\"publisher\":{\"@id\":\"https:\/\/www.notibras.com\/site\/#organization\"},\"potentialAction\":[{\"@type\":\"SearchAction\",\"target\":{\"@type\":\"EntryPoint\",\"urlTemplate\":\"https:\/\/www.notibras.com\/site\/?s={search_term_string}\"},\"query-input\":{\"@type\":\"PropertyValueSpecification\",\"valueRequired\":true,\"valueName\":\"search_term_string\"}}],\"inLanguage\":\"pt-BR\"},{\"@type\":\"Organization\",\"@id\":\"https:\/\/www.notibras.com\/site\/#organization\",\"name\":\"Grupo Notibras de Comunica\u00e7\u00e3o\",\"url\":\"https:\/\/www.notibras.com\/site\/\",\"logo\":{\"@type\":\"ImageObject\",\"inLanguage\":\"pt-BR\",\"@id\":\"https:\/\/www.notibras.com\/site\/#\/schema\/logo\/image\/\",\"url\":\"https:\/\/www.notibras.com\/site\/wp-content\/uploads\/2023\/01\/notibras23.png\",\"contentUrl\":\"https:\/\/www.notibras.com\/site\/wp-content\/uploads\/2023\/01\/notibras23.png\",\"width\":350,\"height\":87,\"caption\":\"Grupo Notibras de Comunica\u00e7\u00e3o\"},\"image\":{\"@id\":\"https:\/\/www.notibras.com\/site\/#\/schema\/logo\/image\/\"},\"sameAs\":[\"https:\/\/www.facebook.com\/notibras\/\",\"https:\/\/x.com\/Notibras\",\"https:\/\/www.instagram.com\/notibras\/\"]},{\"@type\":\"Person\",\"@id\":\"https:\/\/www.notibras.com\/site\/#\/schema\/person\/36ab0979449956132d3e5b517ea76ac8\",\"name\":\"Reda\u00e7\u00e3o\",\"image\":{\"@type\":\"ImageObject\",\"inLanguage\":\"pt-BR\",\"@id\":\"https:\/\/secure.gravatar.com\/avatar\/e0a867bdedb85fd243eadf09663511f96fc81e0720a4a42581f334ad4303aa6b?s=96&d=mm&r=g\",\"url\":\"https:\/\/secure.gravatar.com\/avatar\/e0a867bdedb85fd243eadf09663511f96fc81e0720a4a42581f334ad4303aa6b?s=96&d=mm&r=g\",\"contentUrl\":\"https:\/\/secure.gravatar.com\/avatar\/e0a867bdedb85fd243eadf09663511f96fc81e0720a4a42581f334ad4303aa6b?s=96&d=mm&r=g\",\"caption\":\"Reda\u00e7\u00e3o\"}}]}<\/script>\n<!-- \/ Yoast SEO plugin. -->","yoast_head_json":{"title":"Cruzeiro se segura na atitude e arranca um 0 a 0 na Bol\u00edvia - Notibras","robots":{"index":"index","follow":"follow","max-snippet":"max-snippet:-1","max-image-preview":"max-image-preview:large","max-video-preview":"max-video-preview:-1"},"canonical":"https:\/\/www.notibras.com\/site\/cruzeiro-se-segura-na-atitude-e-arranca-um-0-a-0-na-bolivia\/","og_locale":"pt_BR","og_type":"article","og_title":"Cruzeiro se segura na atitude e arranca um 0 a 0 na Bol\u00edvia - Notibras","og_description":"Os 2.790 mil metros de altitude de Sucre n\u00e3o foram um grande problema para o Cruzeiro, que conseguiu se igualar ao advers\u00e1rio fisicamente, mas a Raposa criou pouco e acabou estreando na Ta\u00e7a Libertadores com um empate sem gols com o Universitario no Est\u00e1dio Ol\u00edmpico P\u00e1tria. O goleiro F\u00e1bio, que viveu uma noite especial e [&hellip;]","og_url":"https:\/\/www.notibras.com\/site\/cruzeiro-se-segura-na-atitude-e-arranca-um-0-a-0-na-bolivia\/","og_site_name":"Notibras","article_publisher":"https:\/\/www.facebook.com\/notibras\/","article_published_time":"2015-02-26T04:06:27+00:00","og_image":[{"width":460,"height":328,"url":"https:\/\/www.notibras.com\/site\/wp-content\/uploads\/2015\/02\/cruzeiro.jpg","type":"image\/jpeg"}],"author":"Reda\u00e7\u00e3o","twitter_card":"summary_large_image","twitter_creator":"@Notibras","twitter_site":"@Notibras","twitter_misc":{"Escrito por":"Reda\u00e7\u00e3o","Est. tempo de leitura":"4 minutos"},"schema":{"@context":"https:\/\/schema.org","@graph":[{"@type":"Article","@id":"https:\/\/www.notibras.com\/site\/cruzeiro-se-segura-na-atitude-e-arranca-um-0-a-0-na-bolivia\/#article","isPartOf":{"@id":"https:\/\/www.notibras.com\/site\/cruzeiro-se-segura-na-atitude-e-arranca-um-0-a-0-na-bolivia\/"},"author":{"name":"Reda\u00e7\u00e3o","@id":"https:\/\/www.notibras.com\/site\/#\/schema\/person\/36ab0979449956132d3e5b517ea76ac8"},"headline":"Cruzeiro se segura na atitude e arranca um 0 a 0 na Bol\u00edvia","datePublished":"2015-02-26T04:06:27+00:00","mainEntityOfPage":{"@id":"https:\/\/www.notibras.com\/site\/cruzeiro-se-segura-na-atitude-e-arranca-um-0-a-0-na-bolivia\/"},"wordCount":851,"commentCount":0,"publisher":{"@id":"https:\/\/www.notibras.com\/site\/#organization"},"image":{"@id":"https:\/\/www.notibras.com\/site\/cruzeiro-se-segura-na-atitude-e-arranca-um-0-a-0-na-bolivia\/#primaryimage"},"thumbnailUrl":"https:\/\/www.notibras.com\/site\/wp-content\/uploads\/2015\/02\/cruzeiro.jpg","articleSection":["Esportes","Futebol"],"inLanguage":"pt-BR","potentialAction":[{"@type":"CommentAction","name":"Comment","target":["https:\/\/www.notibras.com\/site\/cruzeiro-se-segura-na-atitude-e-arranca-um-0-a-0-na-bolivia\/#respond"]}]},{"@type":"WebPage","@id":"https:\/\/www.notibras.com\/site\/cruzeiro-se-segura-na-atitude-e-arranca-um-0-a-0-na-bolivia\/","url":"https:\/\/www.notibras.com\/site\/cruzeiro-se-segura-na-atitude-e-arranca-um-0-a-0-na-bolivia\/","name":"Cruzeiro se segura na atitude e arranca um 0 a 0 na Bol\u00edvia - Notibras","isPartOf":{"@id":"https:\/\/www.notibras.com\/site\/#website"},"primaryImageOfPage":{"@id":"https:\/\/www.notibras.com\/site\/cruzeiro-se-segura-na-atitude-e-arranca-um-0-a-0-na-bolivia\/#primaryimage"},"image":{"@id":"https:\/\/www.notibras.com\/site\/cruzeiro-se-segura-na-atitude-e-arranca-um-0-a-0-na-bolivia\/#primaryimage"},"thumbnailUrl":"https:\/\/www.notibras.com\/site\/wp-content\/uploads\/2015\/02\/cruzeiro.jpg","datePublished":"2015-02-26T04:06:27+00:00","breadcrumb":{"@id":"https:\/\/www.notibras.com\/site\/cruzeiro-se-segura-na-atitude-e-arranca-um-0-a-0-na-bolivia\/#breadcrumb"},"inLanguage":"pt-BR","potentialAction":[{"@type":"ReadAction","target":["https:\/\/www.notibras.com\/site\/cruzeiro-se-segura-na-atitude-e-arranca-um-0-a-0-na-bolivia\/"]}]},{"@type":"ImageObject","inLanguage":"pt-BR","@id":"https:\/\/www.notibras.com\/site\/cruzeiro-se-segura-na-atitude-e-arranca-um-0-a-0-na-bolivia\/#primaryimage","url":"https:\/\/www.notibras.com\/site\/wp-content\/uploads\/2015\/02\/cruzeiro.jpg","contentUrl":"https:\/\/www.notibras.com\/site\/wp-content\/uploads\/2015\/02\/cruzeiro.jpg","width":460,"height":328},{"@type":"BreadcrumbList","@id":"https:\/\/www.notibras.com\/site\/cruzeiro-se-segura-na-atitude-e-arranca-um-0-a-0-na-bolivia\/#breadcrumb","itemListElement":[{"@type":"ListItem","position":1,"name":"In\u00edcio","item":"https:\/\/www.notibras.com\/site\/"},{"@type":"ListItem","position":2,"name":"Cruzeiro se segura na atitude e arranca um 0 a 0 na Bol\u00edvia"}]},{"@type":"WebSite","@id":"https:\/\/www.notibras.com\/site\/#website","url":"https:\/\/www.notibras.com\/site\/","name":"Notibras","description":"Not\u00edcias de Bras\u00edlia, do Brasil e do Mundo","publisher":{"@id":"https:\/\/www.notibras.com\/site\/#organization"},"potentialAction":[{"@type":"SearchAction","target":{"@type":"EntryPoint","urlTemplate":"https:\/\/www.notibras.com\/site\/?s={search_term_string}"},"query-input":{"@type":"PropertyValueSpecification","valueRequired":true,"valueName":"search_term_string"}}],"inLanguage":"pt-BR"},{"@type":"Organization","@id":"https:\/\/www.notibras.com\/site\/#organization","name":"Grupo Notibras de Comunica\u00e7\u00e3o","url":"https:\/\/www.notibras.com\/site\/","logo":{"@type":"ImageObject","inLanguage":"pt-BR","@id":"https:\/\/www.notibras.com\/site\/#\/schema\/logo\/image\/","url":"https:\/\/www.notibras.com\/site\/wp-content\/uploads\/2023\/01\/notibras23.png","contentUrl":"https:\/\/www.notibras.com\/site\/wp-content\/uploads\/2023\/01\/notibras23.png","width":350,"height":87,"caption":"Grupo Notibras de Comunica\u00e7\u00e3o"},"image":{"@id":"https:\/\/www.notibras.com\/site\/#\/schema\/logo\/image\/"},"sameAs":["https:\/\/www.facebook.com\/notibras\/","https:\/\/x.com\/Notibras","https:\/\/www.instagram.com\/notibras\/"]},{"@type":"Person","@id":"https:\/\/www.notibras.com\/site\/#\/schema\/person\/36ab0979449956132d3e5b517ea76ac8","name":"Reda\u00e7\u00e3o","image":{"@type":"ImageObject","inLanguage":"pt-BR","@id":"https:\/\/secure.gravatar.com\/avatar\/e0a867bdedb85fd243eadf09663511f96fc81e0720a4a42581f334ad4303aa6b?s=96&d=mm&r=g","url":"https:\/\/secure.gravatar.com\/avatar\/e0a867bdedb85fd243eadf09663511f96fc81e0720a4a42581f334ad4303aa6b?s=96&d=mm&r=g","contentUrl":"https:\/\/secure.gravatar.com\/avatar\/e0a867bdedb85fd243eadf09663511f96fc81e0720a4a42581f334ad4303aa6b?s=96&d=mm&r=g","caption":"Reda\u00e7\u00e3o"}}]}},"amp_enabled":true,"_links":{"self":[{"href":"https:\/\/www.notibras.com\/site\/wp-json\/wp\/v2\/posts\/38248","targetHints":{"allow":["GET"]}}],"collection":[{"href":"https:\/\/www.notibras.com\/site\/wp-json\/wp\/v2\/posts"}],"about":[{"href":"https:\/\/www.notibras.com\/site\/wp-json\/wp\/v2\/types\/post"}],"author":[{"embeddable":true,"href":"https:\/\/www.notibras.com\/site\/wp-json\/wp\/v2\/users\/2"}],"replies":[{"embeddable":true,"href":"https:\/\/www.notibras.com\/site\/wp-json\/wp\/v2\/comments?post=38248"}],"version-history":[{"count":0,"href":"https:\/\/www.notibras.com\/site\/wp-json\/wp\/v2\/posts\/38248\/revisions"}],"wp:featuredmedia":[{"embeddable":true,"href":"https:\/\/www.notibras.com\/site\/wp-json\/wp\/v2\/media\/38249"}],"wp:attachment":[{"href":"https:\/\/www.notibras.com\/site\/wp-json\/wp\/v2\/media?parent=38248"}],"wp:term":[{"taxonomy":"category","embeddable":true,"href":"https:\/\/www.notibras.com\/site\/wp-json\/wp\/v2\/categories?post=38248"},{"taxonomy":"post_tag","embeddable":true,"href":"https:\/\/www.notibras.com\/site\/wp-json\/wp\/v2\/tags?post=38248"}],"curies":[{"name":"wp","href":"https:\/\/api.w.org\/{rel}","templated":true}]}}