{"id":382606,"date":"2026-02-11T02:00:31","date_gmt":"2026-02-11T05:00:31","guid":{"rendered":"https:\/\/www.notibras.com\/site\/?p=382606"},"modified":"2026-02-10T01:39:51","modified_gmt":"2026-02-10T04:39:51","slug":"cleiton-e-o-imbroglio-com-o-papai-noel","status":"publish","type":"post","link":"https:\/\/www.notibras.com\/site\/cleiton-e-o-imbroglio-com-o-papai-noel\/","title":{"rendered":"Cleiton e o imbr\u00f3glio com o Papai Noel"},"content":{"rendered":"<p>Cleiton, ao contr\u00e1rio dos colegas de banco, n\u00e3o tinha lembran\u00e7as da \u00e9poca de inf\u00e2ncia, ainda mais quando o assunto era o Natal. Tamb\u00e9m, n\u00e3o era para menos, pois o sujeito passou a inf\u00e2ncia se culpando por nunca ter recebido nem mesmo uma m\u00edsero carrinho de pl\u00e1stico do Papai Noel. E olha que ele mandava a sua carta com antecipa\u00e7\u00e3o para que o Bom Velhinho tivesse tempo de fabricar o presente.<\/p>\n<p>\u2014 Mam\u00e3e, eu sou um menino mau?<\/p>\n<p>\u2014 Mau? Por qu\u00ea, Cleiton?<\/p>\n<p>\u2014 Nunca ganhei nenhum presente do Papai Noel.<\/p>\n<p>Sem coragem para expor a flagrante mis\u00e9ria para o menino, a mulher preferiu se embrenhar por outro caminho.<\/p>\n<p>\u2014 Tamb\u00e9m, meu filho, com esses garranchos, quem \u00e9 que entende? Voc\u00ea precisa melhorar a sua letra.<\/p>\n<p>A artimanha funcionou at\u00e9 que Cleiton, j\u00e1 mais grandinho, descobriu que Papai Noel n\u00e3o existe. Pelo menos, o rapaz ficou com a letra mais bonita da turma, o que lhe rendia elogios de todos os professores. E esse parece ter sido o incentivo que o fez n\u00e3o desistir de estudar, tanto \u00e9 que foi um dos raros alunos daquela escola que conseguiu melhorar de vida.<\/p>\n<p>Banco do Brasil. Pois \u00e9, aos 25 anos, saiu de vendedor de cachorro-quente para funcion\u00e1rio do Banco do Brasil. N\u00e3o ficou rico, obviamente, mas passou a ganhar o suficiente para comprar ao menos um presente de Natal para si, mas n\u00e3o para a m\u00e3e, que falecera prematuramente de c\u00e2ncer de mama pouco depois de ver o filho tomar posse no novo emprego.<\/p>\n<p>O homem recebeu apoio dos poucos parentes e raros amigos. Vida que segue. E foi assim que seguiu a vida do Cleiton. Mas Natal era data de se fechar que nem ostra. E n\u00e3o havia santo que fizesse o gajo entrar no amigo-oculto do trabalho no final de ano.<\/p>\n<p>\u2014 Mas por qu\u00ea, Cleiton? Todo mundo vai participar?<\/p>\n<p>\u2014 N\u00e3o gosto, Sandoval.<\/p>\n<p>\u2014 N\u00e3o gosta? Mas \u00e9 Natal!<\/p>\n<p>\u2014 Por isso mesmo.<\/p>\n<p>\u2014 N\u00e3o gosta de Natal?<\/p>\n<p>\u2014 N\u00e3o.<\/p>\n<p>\u2014 Ah, t\u00e1! Ent\u00e3o, desculpe.<\/p>\n<p>\u2014 Tudo bem.<\/p>\n<p>Quando Cleiton j\u00e1 estava saindo, eis que o Sandoval, curioso que era, quis saber o motivo.<\/p>\n<p>\u2014 \u00c9 por causa da religi\u00e3o? Voc\u00ea \u00e9 da Umbanda ou do Candombl\u00e9?<\/p>\n<p>\u2014 N\u00e3o. Tenho a letra mais linda do mundo.<\/p>\n<p><strong>\u2026\u2026\u2026\u2026\u2026\u2026\u2026\u2026<\/strong><\/p>\n<p><strong>Eduardo Mart\u00ednez \u00e9 autor do livro \u201957 Contos e Cr\u00f4nicas por um Autor Muito Velho\u2019 (Vencedor do Pr\u00eamio Liter\u00e1rio Clarice Lispector \u2013 2025 na categoria livro de contos).<\/strong><\/p>\n<p><strong>Compre aqui<\/strong><\/p>\n<p><a href=\"https:\/\/www.joanineditora.com.br\/57-contos-e-cronicas-por-um-autor-muito-velho\"><strong>https:\/\/www.joanineditora.com.br\/57-contos-e-cronicas-por-um-autor-muito-velho<\/strong><\/a><\/p>\n","protected":false},"excerpt":{"rendered":"<p>Cleiton, ao contr\u00e1rio dos colegas de banco, n\u00e3o tinha lembran\u00e7as da \u00e9poca de inf\u00e2ncia, ainda mais quando o assunto era o Natal. Tamb\u00e9m, n\u00e3o era para menos, pois o sujeito passou a inf\u00e2ncia se culpando por nunca ter recebido nem mesmo uma m\u00edsero carrinho de pl\u00e1stico do Papai Noel. E olha que ele mandava a [&hellip;]<\/p>\n","protected":false},"author":21,"featured_media":382607,"comment_status":"closed","ping_status":"closed","sticky":false,"template":"","format":"standard","meta":{"_acf_changed":false,"footnotes":""},"categories":[161],"tags":[],"class_list":["post-382606","post","type-post","status-publish","format-standard","has-post-thumbnail","hentry","category-quadradinho-em-foco"],"acf":[],"yoast_head":"<!-- This site is optimized with the Yoast SEO plugin v27.2 - https:\/\/yoast.com\/product\/yoast-seo-wordpress\/ -->\n<title>Cleiton e o imbr\u00f3glio com o Papai Noel - Notibras<\/title>\n<meta name=\"robots\" content=\"index, follow, max-snippet:-1, max-image-preview:large, max-video-preview:-1\" \/>\n<link rel=\"canonical\" href=\"https:\/\/www.notibras.com\/site\/cleiton-e-o-imbroglio-com-o-papai-noel\/\" \/>\n<meta property=\"og:locale\" content=\"pt_BR\" \/>\n<meta property=\"og:type\" content=\"article\" \/>\n<meta property=\"og:title\" content=\"Cleiton e o imbr\u00f3glio com o Papai Noel - Notibras\" \/>\n<meta property=\"og:description\" content=\"Cleiton, ao contr\u00e1rio dos colegas de banco, n\u00e3o tinha lembran\u00e7as da \u00e9poca de inf\u00e2ncia, ainda mais quando o assunto era o Natal. Tamb\u00e9m, n\u00e3o era para menos, pois o sujeito passou a inf\u00e2ncia se culpando por nunca ter recebido nem mesmo uma m\u00edsero carrinho de pl\u00e1stico do Papai Noel. E olha que ele mandava a [&hellip;]\" \/>\n<meta property=\"og:url\" content=\"https:\/\/www.notibras.com\/site\/cleiton-e-o-imbroglio-com-o-papai-noel\/\" \/>\n<meta property=\"og:site_name\" content=\"Notibras\" \/>\n<meta property=\"article:publisher\" content=\"https:\/\/www.facebook.com\/notibras\/\" \/>\n<meta property=\"article:published_time\" content=\"2026-02-11T05:00:31+00:00\" \/>\n<meta property=\"og:image\" content=\"https:\/\/www.notibras.com\/site\/wp-content\/uploads\/2026\/02\/852bd970-9b02-45e8-a59c-ca3fb0afbcee.jpg\" \/>\n\t<meta property=\"og:image:width\" content=\"1023\" \/>\n\t<meta property=\"og:image:height\" content=\"950\" \/>\n\t<meta property=\"og:image:type\" content=\"image\/jpeg\" \/>\n<meta name=\"author\" content=\"Eduardo Mart\u00ednez\" \/>\n<meta name=\"twitter:card\" content=\"summary_large_image\" \/>\n<meta name=\"twitter:creator\" content=\"@Notibras\" \/>\n<meta name=\"twitter:site\" content=\"@Notibras\" \/>\n<meta name=\"twitter:label1\" content=\"Escrito por\" \/>\n\t<meta name=\"twitter:data1\" content=\"Eduardo Mart\u00ednez\" \/>\n\t<meta name=\"twitter:label2\" content=\"Est. tempo de leitura\" \/>\n\t<meta name=\"twitter:data2\" content=\"3 minutos\" \/>\n<script type=\"application\/ld+json\" class=\"yoast-schema-graph\">{\"@context\":\"https:\/\/schema.org\",\"@graph\":[{\"@type\":\"Article\",\"@id\":\"https:\/\/www.notibras.com\/site\/cleiton-e-o-imbroglio-com-o-papai-noel\/#article\",\"isPartOf\":{\"@id\":\"https:\/\/www.notibras.com\/site\/cleiton-e-o-imbroglio-com-o-papai-noel\/\"},\"author\":{\"name\":\"Eduardo Mart\u00ednez\",\"@id\":\"https:\/\/www.notibras.com\/site\/#\/schema\/person\/5b7fabf2aedc3ada2105f03b22b4d3dd\"},\"headline\":\"Cleiton e o imbr\u00f3glio com o Papai Noel\",\"datePublished\":\"2026-02-11T05:00:31+00:00\",\"mainEntityOfPage\":{\"@id\":\"https:\/\/www.notibras.com\/site\/cleiton-e-o-imbroglio-com-o-papai-noel\/\"},\"wordCount\":429,\"publisher\":{\"@id\":\"https:\/\/www.notibras.com\/site\/#organization\"},\"image\":{\"@id\":\"https:\/\/www.notibras.com\/site\/cleiton-e-o-imbroglio-com-o-papai-noel\/#primaryimage\"},\"thumbnailUrl\":\"https:\/\/www.notibras.com\/site\/wp-content\/uploads\/2026\/02\/852bd970-9b02-45e8-a59c-ca3fb0afbcee.jpg\",\"articleSection\":[\"Quadradinho em Foco\"],\"inLanguage\":\"pt-BR\"},{\"@type\":\"WebPage\",\"@id\":\"https:\/\/www.notibras.com\/site\/cleiton-e-o-imbroglio-com-o-papai-noel\/\",\"url\":\"https:\/\/www.notibras.com\/site\/cleiton-e-o-imbroglio-com-o-papai-noel\/\",\"name\":\"Cleiton e o imbr\u00f3glio com o Papai Noel - Notibras\",\"isPartOf\":{\"@id\":\"https:\/\/www.notibras.com\/site\/#website\"},\"primaryImageOfPage\":{\"@id\":\"https:\/\/www.notibras.com\/site\/cleiton-e-o-imbroglio-com-o-papai-noel\/#primaryimage\"},\"image\":{\"@id\":\"https:\/\/www.notibras.com\/site\/cleiton-e-o-imbroglio-com-o-papai-noel\/#primaryimage\"},\"thumbnailUrl\":\"https:\/\/www.notibras.com\/site\/wp-content\/uploads\/2026\/02\/852bd970-9b02-45e8-a59c-ca3fb0afbcee.jpg\",\"datePublished\":\"2026-02-11T05:00:31+00:00\",\"breadcrumb\":{\"@id\":\"https:\/\/www.notibras.com\/site\/cleiton-e-o-imbroglio-com-o-papai-noel\/#breadcrumb\"},\"inLanguage\":\"pt-BR\",\"potentialAction\":[{\"@type\":\"ReadAction\",\"target\":[\"https:\/\/www.notibras.com\/site\/cleiton-e-o-imbroglio-com-o-papai-noel\/\"]}]},{\"@type\":\"ImageObject\",\"inLanguage\":\"pt-BR\",\"@id\":\"https:\/\/www.notibras.com\/site\/cleiton-e-o-imbroglio-com-o-papai-noel\/#primaryimage\",\"url\":\"https:\/\/www.notibras.com\/site\/wp-content\/uploads\/2026\/02\/852bd970-9b02-45e8-a59c-ca3fb0afbcee.jpg\",\"contentUrl\":\"https:\/\/www.notibras.com\/site\/wp-content\/uploads\/2026\/02\/852bd970-9b02-45e8-a59c-ca3fb0afbcee.jpg\",\"width\":1023,\"height\":950},{\"@type\":\"BreadcrumbList\",\"@id\":\"https:\/\/www.notibras.com\/site\/cleiton-e-o-imbroglio-com-o-papai-noel\/#breadcrumb\",\"itemListElement\":[{\"@type\":\"ListItem\",\"position\":1,\"name\":\"In\u00edcio\",\"item\":\"https:\/\/www.notibras.com\/site\/\"},{\"@type\":\"ListItem\",\"position\":2,\"name\":\"Cleiton e o imbr\u00f3glio com o Papai Noel\"}]},{\"@type\":\"WebSite\",\"@id\":\"https:\/\/www.notibras.com\/site\/#website\",\"url\":\"https:\/\/www.notibras.com\/site\/\",\"name\":\"Notibras\",\"description\":\"Not\u00edcias de Bras\u00edlia, do Brasil e do Mundo\",\"publisher\":{\"@id\":\"https:\/\/www.notibras.com\/site\/#organization\"},\"potentialAction\":[{\"@type\":\"SearchAction\",\"target\":{\"@type\":\"EntryPoint\",\"urlTemplate\":\"https:\/\/www.notibras.com\/site\/?s={search_term_string}\"},\"query-input\":{\"@type\":\"PropertyValueSpecification\",\"valueRequired\":true,\"valueName\":\"search_term_string\"}}],\"inLanguage\":\"pt-BR\"},{\"@type\":\"Organization\",\"@id\":\"https:\/\/www.notibras.com\/site\/#organization\",\"name\":\"Grupo Notibras de Comunica\u00e7\u00e3o\",\"url\":\"https:\/\/www.notibras.com\/site\/\",\"logo\":{\"@type\":\"ImageObject\",\"inLanguage\":\"pt-BR\",\"@id\":\"https:\/\/www.notibras.com\/site\/#\/schema\/logo\/image\/\",\"url\":\"https:\/\/www.notibras.com\/site\/wp-content\/uploads\/2023\/01\/notibras23.png\",\"contentUrl\":\"https:\/\/www.notibras.com\/site\/wp-content\/uploads\/2023\/01\/notibras23.png\",\"width\":350,\"height\":87,\"caption\":\"Grupo Notibras de Comunica\u00e7\u00e3o\"},\"image\":{\"@id\":\"https:\/\/www.notibras.com\/site\/#\/schema\/logo\/image\/\"},\"sameAs\":[\"https:\/\/www.facebook.com\/notibras\/\",\"https:\/\/x.com\/Notibras\",\"https:\/\/www.instagram.com\/notibras\/\"]},{\"@type\":\"Person\",\"@id\":\"https:\/\/www.notibras.com\/site\/#\/schema\/person\/5b7fabf2aedc3ada2105f03b22b4d3dd\",\"name\":\"Eduardo Mart\u00ednez\",\"image\":{\"@type\":\"ImageObject\",\"inLanguage\":\"pt-BR\",\"@id\":\"https:\/\/secure.gravatar.com\/avatar\/7902f906289926289cbcda644b5197c796b893c6ffd7b9a536a42d290f7704a0?s=96&d=mm&r=g\",\"url\":\"https:\/\/secure.gravatar.com\/avatar\/7902f906289926289cbcda644b5197c796b893c6ffd7b9a536a42d290f7704a0?s=96&d=mm&r=g\",\"contentUrl\":\"https:\/\/secure.gravatar.com\/avatar\/7902f906289926289cbcda644b5197c796b893c6ffd7b9a536a42d290f7704a0?s=96&d=mm&r=g\",\"caption\":\"Eduardo Mart\u00ednez\"}}]}<\/script>\n<!-- \/ Yoast SEO plugin. -->","yoast_head_json":{"title":"Cleiton e o imbr\u00f3glio com o Papai Noel - Notibras","robots":{"index":"index","follow":"follow","max-snippet":"max-snippet:-1","max-image-preview":"max-image-preview:large","max-video-preview":"max-video-preview:-1"},"canonical":"https:\/\/www.notibras.com\/site\/cleiton-e-o-imbroglio-com-o-papai-noel\/","og_locale":"pt_BR","og_type":"article","og_title":"Cleiton e o imbr\u00f3glio com o Papai Noel - Notibras","og_description":"Cleiton, ao contr\u00e1rio dos colegas de banco, n\u00e3o tinha lembran\u00e7as da \u00e9poca de inf\u00e2ncia, ainda mais quando o assunto era o Natal. Tamb\u00e9m, n\u00e3o era para menos, pois o sujeito passou a inf\u00e2ncia se culpando por nunca ter recebido nem mesmo uma m\u00edsero carrinho de pl\u00e1stico do Papai Noel. E olha que ele mandava a [&hellip;]","og_url":"https:\/\/www.notibras.com\/site\/cleiton-e-o-imbroglio-com-o-papai-noel\/","og_site_name":"Notibras","article_publisher":"https:\/\/www.facebook.com\/notibras\/","article_published_time":"2026-02-11T05:00:31+00:00","og_image":[{"width":1023,"height":950,"url":"https:\/\/www.notibras.com\/site\/wp-content\/uploads\/2026\/02\/852bd970-9b02-45e8-a59c-ca3fb0afbcee.jpg","type":"image\/jpeg"}],"author":"Eduardo Mart\u00ednez","twitter_card":"summary_large_image","twitter_creator":"@Notibras","twitter_site":"@Notibras","twitter_misc":{"Escrito por":"Eduardo Mart\u00ednez","Est. tempo de leitura":"3 minutos"},"schema":{"@context":"https:\/\/schema.org","@graph":[{"@type":"Article","@id":"https:\/\/www.notibras.com\/site\/cleiton-e-o-imbroglio-com-o-papai-noel\/#article","isPartOf":{"@id":"https:\/\/www.notibras.com\/site\/cleiton-e-o-imbroglio-com-o-papai-noel\/"},"author":{"name":"Eduardo Mart\u00ednez","@id":"https:\/\/www.notibras.com\/site\/#\/schema\/person\/5b7fabf2aedc3ada2105f03b22b4d3dd"},"headline":"Cleiton e o imbr\u00f3glio com o Papai Noel","datePublished":"2026-02-11T05:00:31+00:00","mainEntityOfPage":{"@id":"https:\/\/www.notibras.com\/site\/cleiton-e-o-imbroglio-com-o-papai-noel\/"},"wordCount":429,"publisher":{"@id":"https:\/\/www.notibras.com\/site\/#organization"},"image":{"@id":"https:\/\/www.notibras.com\/site\/cleiton-e-o-imbroglio-com-o-papai-noel\/#primaryimage"},"thumbnailUrl":"https:\/\/www.notibras.com\/site\/wp-content\/uploads\/2026\/02\/852bd970-9b02-45e8-a59c-ca3fb0afbcee.jpg","articleSection":["Quadradinho em Foco"],"inLanguage":"pt-BR"},{"@type":"WebPage","@id":"https:\/\/www.notibras.com\/site\/cleiton-e-o-imbroglio-com-o-papai-noel\/","url":"https:\/\/www.notibras.com\/site\/cleiton-e-o-imbroglio-com-o-papai-noel\/","name":"Cleiton e o imbr\u00f3glio com o Papai Noel - Notibras","isPartOf":{"@id":"https:\/\/www.notibras.com\/site\/#website"},"primaryImageOfPage":{"@id":"https:\/\/www.notibras.com\/site\/cleiton-e-o-imbroglio-com-o-papai-noel\/#primaryimage"},"image":{"@id":"https:\/\/www.notibras.com\/site\/cleiton-e-o-imbroglio-com-o-papai-noel\/#primaryimage"},"thumbnailUrl":"https:\/\/www.notibras.com\/site\/wp-content\/uploads\/2026\/02\/852bd970-9b02-45e8-a59c-ca3fb0afbcee.jpg","datePublished":"2026-02-11T05:00:31+00:00","breadcrumb":{"@id":"https:\/\/www.notibras.com\/site\/cleiton-e-o-imbroglio-com-o-papai-noel\/#breadcrumb"},"inLanguage":"pt-BR","potentialAction":[{"@type":"ReadAction","target":["https:\/\/www.notibras.com\/site\/cleiton-e-o-imbroglio-com-o-papai-noel\/"]}]},{"@type":"ImageObject","inLanguage":"pt-BR","@id":"https:\/\/www.notibras.com\/site\/cleiton-e-o-imbroglio-com-o-papai-noel\/#primaryimage","url":"https:\/\/www.notibras.com\/site\/wp-content\/uploads\/2026\/02\/852bd970-9b02-45e8-a59c-ca3fb0afbcee.jpg","contentUrl":"https:\/\/www.notibras.com\/site\/wp-content\/uploads\/2026\/02\/852bd970-9b02-45e8-a59c-ca3fb0afbcee.jpg","width":1023,"height":950},{"@type":"BreadcrumbList","@id":"https:\/\/www.notibras.com\/site\/cleiton-e-o-imbroglio-com-o-papai-noel\/#breadcrumb","itemListElement":[{"@type":"ListItem","position":1,"name":"In\u00edcio","item":"https:\/\/www.notibras.com\/site\/"},{"@type":"ListItem","position":2,"name":"Cleiton e o imbr\u00f3glio com o Papai Noel"}]},{"@type":"WebSite","@id":"https:\/\/www.notibras.com\/site\/#website","url":"https:\/\/www.notibras.com\/site\/","name":"Notibras","description":"Not\u00edcias de Bras\u00edlia, do Brasil e do Mundo","publisher":{"@id":"https:\/\/www.notibras.com\/site\/#organization"},"potentialAction":[{"@type":"SearchAction","target":{"@type":"EntryPoint","urlTemplate":"https:\/\/www.notibras.com\/site\/?s={search_term_string}"},"query-input":{"@type":"PropertyValueSpecification","valueRequired":true,"valueName":"search_term_string"}}],"inLanguage":"pt-BR"},{"@type":"Organization","@id":"https:\/\/www.notibras.com\/site\/#organization","name":"Grupo Notibras de Comunica\u00e7\u00e3o","url":"https:\/\/www.notibras.com\/site\/","logo":{"@type":"ImageObject","inLanguage":"pt-BR","@id":"https:\/\/www.notibras.com\/site\/#\/schema\/logo\/image\/","url":"https:\/\/www.notibras.com\/site\/wp-content\/uploads\/2023\/01\/notibras23.png","contentUrl":"https:\/\/www.notibras.com\/site\/wp-content\/uploads\/2023\/01\/notibras23.png","width":350,"height":87,"caption":"Grupo Notibras de Comunica\u00e7\u00e3o"},"image":{"@id":"https:\/\/www.notibras.com\/site\/#\/schema\/logo\/image\/"},"sameAs":["https:\/\/www.facebook.com\/notibras\/","https:\/\/x.com\/Notibras","https:\/\/www.instagram.com\/notibras\/"]},{"@type":"Person","@id":"https:\/\/www.notibras.com\/site\/#\/schema\/person\/5b7fabf2aedc3ada2105f03b22b4d3dd","name":"Eduardo Mart\u00ednez","image":{"@type":"ImageObject","inLanguage":"pt-BR","@id":"https:\/\/secure.gravatar.com\/avatar\/7902f906289926289cbcda644b5197c796b893c6ffd7b9a536a42d290f7704a0?s=96&d=mm&r=g","url":"https:\/\/secure.gravatar.com\/avatar\/7902f906289926289cbcda644b5197c796b893c6ffd7b9a536a42d290f7704a0?s=96&d=mm&r=g","contentUrl":"https:\/\/secure.gravatar.com\/avatar\/7902f906289926289cbcda644b5197c796b893c6ffd7b9a536a42d290f7704a0?s=96&d=mm&r=g","caption":"Eduardo Mart\u00ednez"}}]}},"amp_enabled":true,"_links":{"self":[{"href":"https:\/\/www.notibras.com\/site\/wp-json\/wp\/v2\/posts\/382606","targetHints":{"allow":["GET"]}}],"collection":[{"href":"https:\/\/www.notibras.com\/site\/wp-json\/wp\/v2\/posts"}],"about":[{"href":"https:\/\/www.notibras.com\/site\/wp-json\/wp\/v2\/types\/post"}],"author":[{"embeddable":true,"href":"https:\/\/www.notibras.com\/site\/wp-json\/wp\/v2\/users\/21"}],"replies":[{"embeddable":true,"href":"https:\/\/www.notibras.com\/site\/wp-json\/wp\/v2\/comments?post=382606"}],"version-history":[{"count":4,"href":"https:\/\/www.notibras.com\/site\/wp-json\/wp\/v2\/posts\/382606\/revisions"}],"predecessor-version":[{"id":382611,"href":"https:\/\/www.notibras.com\/site\/wp-json\/wp\/v2\/posts\/382606\/revisions\/382611"}],"wp:featuredmedia":[{"embeddable":true,"href":"https:\/\/www.notibras.com\/site\/wp-json\/wp\/v2\/media\/382607"}],"wp:attachment":[{"href":"https:\/\/www.notibras.com\/site\/wp-json\/wp\/v2\/media?parent=382606"}],"wp:term":[{"taxonomy":"category","embeddable":true,"href":"https:\/\/www.notibras.com\/site\/wp-json\/wp\/v2\/categories?post=382606"},{"taxonomy":"post_tag","embeddable":true,"href":"https:\/\/www.notibras.com\/site\/wp-json\/wp\/v2\/tags?post=382606"}],"curies":[{"name":"wp","href":"https:\/\/api.w.org\/{rel}","templated":true}]}}