{"id":382672,"date":"2026-02-11T00:15:58","date_gmt":"2026-02-11T03:15:58","guid":{"rendered":"https:\/\/www.notibras.com\/site\/?p=382672"},"modified":"2026-02-10T22:26:36","modified_gmt":"2026-02-11T01:26:36","slug":"pesquisa-traca-panorama-socioeconomico-do-entorno","status":"publish","type":"post","link":"https:\/\/www.notibras.com\/site\/pesquisa-traca-panorama-socioeconomico-do-entorno\/","title":{"rendered":"Pesquisa tra\u00e7a panorama socioecon\u00f4mico do Entorno"},"content":{"rendered":"<p>O recorte dos dados da Pesquisa Distrital por Amostra de Domic\u00edlios ampliada (Pdad-A), 2024, realizada pelo Instituto de Pesquisa e Estat\u00edstica do Distrito Federal (IPEDF), apresenta um diagn\u00f3stico demogr\u00e1fico, social, econ\u00f4mico e territorial da \u00c1rea Metropolitana de Bras\u00edlia (AMB), abrangendo o Distrito Federal e a \u00e1rea urbana de 12 munic\u00edpios goianos. As informa\u00e7\u00f5es s\u00e3o fundamentais para o planejamento e o acompanhamento de pol\u00edticas p\u00fablicas.<\/p>\n<p>\u201cA Pdad Ampliada se consolida como uma ferramenta essencial para a gest\u00e3o p\u00fablica, ao fornecer informa\u00e7\u00f5es qualificadas que subsidiam a formula\u00e7\u00e3o, o monitoramento e a avalia\u00e7\u00e3o de pol\u00edticas voltadas \u00e0 \u00c1rea Metropolitana de Bras\u00edlia e a toda a regi\u00e3o\u201d, destaca o diretor-presidente do IPEDF, Manoel Clementino.<\/p>\n<p>De acordo com os dados da pesquisa, a \u00c1rea Metropolitana de Bras\u00edlia re\u00fane 4.255.225 moradores e 1.806.637 domic\u00edlios. Foram contabilizados 1.272.409 moradores e 571.635 domic\u00edlios na \u00e1rea urbana dos 12 munic\u00edpios goianos circunvizinhos, que formam a Periferia Metropolitana de Bras\u00edlia (PMB).<\/p>\n<p>Os resultados da pesquisa apontam os munic\u00edpios de \u00c1guas Lindas de Goi\u00e1s, Luzi\u00e2nia e Valpara\u00edso de Goi\u00e1s com as maiores quantidades de moradores e domic\u00edlios.<\/p>\n<p>Outro destaque \u00e9 o munic\u00edpio de \u00c1guas Lindas de Goi\u00e1s, com a popula\u00e7\u00e3o mais jovem (29,6 anos) e com o segundo maior percentual de moradores casados (49,3%). Padre Bernardo possui o maior percentual de pessoas negras (71,5%), e Formosa, o maior percentual de cat\u00f3licos (64,3%).<\/p>\n<p>Quanto \u00e0s caracter\u00edsticas dos domic\u00edlios, os destaques ficam com Planaltina de Goi\u00e1s, com o maior percentual de domic\u00edlios pr\u00f3prios (76,7%) e de m\u00e3es solo (22,1%). Os lares formados por casal com filhos s\u00e3o destaque em \u00c1guas Lindas de Goi\u00e1s (42,8%), que tamb\u00e9m apresentam o maior percentual de animais de estima\u00e7\u00e3o (74%).<\/p>\n<p>Para a diretora de Estat\u00edstica e Pesquisas Socioecon\u00f4micas do IPEDF, Francisca Lucena, os dados da pesquisa apoiam os gestores, tanto do DF quanto dos 12 munic\u00edpios pesquisados, a partir do dimensionamento populacional dos munic\u00edpios, das necessidades e da intera\u00e7\u00e3o entre os territ\u00f3rios. \u201cOs resultados apontam, por exemplo, entre as pessoas ocupadas ou que frequentam escola, se ocorre deslocamento para outros munic\u00edpios, diariamente, ou se as atividades s\u00e3o realizadas no munic\u00edpio de resid\u00eancia\u201d, afirma. Conhecer os cen\u00e1rios e necessidades \u00e9 fundamental para o desenho e a oferta de servi\u00e7os adequados \u00e0s necessidades da popula\u00e7\u00e3o pelos gestores.<\/p>\n<p>Para o secret\u00e1rio do Entorno do Governo do Distrito Federal, Cristian Viana, a regi\u00e3o do Entorno exerce um papel estrat\u00e9gico no desenvolvimento social e econ\u00f4mico, especialmente pela proximidade com Bras\u00edlia, o que exige aten\u00e7\u00e3o especial \u00e0s demandas locais. \u201cO fortalecimento das pol\u00edticas p\u00fablicas voltadas para essa \u00e1rea \u00e9 essencial para garantir melhores condi\u00e7\u00f5es de vida \u00e0 popula\u00e7\u00e3o que diariamente se desloca para o Distrito Federal em busca de trabalho, educa\u00e7\u00e3o, sa\u00fade e lazer\u201d, afirma.<\/p>\n","protected":false},"excerpt":{"rendered":"<p>O recorte dos dados da Pesquisa Distrital por Amostra de Domic\u00edlios ampliada (Pdad-A), 2024, realizada pelo Instituto de Pesquisa e Estat\u00edstica do Distrito Federal (IPEDF), apresenta um diagn\u00f3stico demogr\u00e1fico, social, econ\u00f4mico e territorial da \u00c1rea Metropolitana de Bras\u00edlia (AMB), abrangendo o Distrito Federal e a \u00e1rea urbana de 12 munic\u00edpios goianos. As informa\u00e7\u00f5es s\u00e3o fundamentais [&hellip;]<\/p>\n","protected":false},"author":21,"featured_media":382673,"comment_status":"closed","ping_status":"closed","sticky":false,"template":"","format":"standard","meta":{"_acf_changed":false,"footnotes":""},"categories":[161],"tags":[],"class_list":["post-382672","post","type-post","status-publish","format-standard","has-post-thumbnail","hentry","category-quadradinho-em-foco"],"acf":[],"yoast_head":"<!-- This site is optimized with the Yoast SEO plugin v27.2 - https:\/\/yoast.com\/product\/yoast-seo-wordpress\/ -->\n<title>Pesquisa tra\u00e7a panorama socioecon\u00f4mico do Entorno - Notibras<\/title>\n<meta name=\"robots\" content=\"index, follow, max-snippet:-1, max-image-preview:large, max-video-preview:-1\" \/>\n<link rel=\"canonical\" href=\"https:\/\/www.notibras.com\/site\/pesquisa-traca-panorama-socioeconomico-do-entorno\/\" \/>\n<meta property=\"og:locale\" content=\"pt_BR\" \/>\n<meta property=\"og:type\" content=\"article\" \/>\n<meta property=\"og:title\" content=\"Pesquisa tra\u00e7a panorama socioecon\u00f4mico do Entorno - Notibras\" \/>\n<meta property=\"og:description\" content=\"O recorte dos dados da Pesquisa Distrital por Amostra de Domic\u00edlios ampliada (Pdad-A), 2024, realizada pelo Instituto de Pesquisa e Estat\u00edstica do Distrito Federal (IPEDF), apresenta um diagn\u00f3stico demogr\u00e1fico, social, econ\u00f4mico e territorial da \u00c1rea Metropolitana de Bras\u00edlia (AMB), abrangendo o Distrito Federal e a \u00e1rea urbana de 12 munic\u00edpios goianos. As informa\u00e7\u00f5es s\u00e3o fundamentais [&hellip;]\" \/>\n<meta property=\"og:url\" content=\"https:\/\/www.notibras.com\/site\/pesquisa-traca-panorama-socioeconomico-do-entorno\/\" \/>\n<meta property=\"og:site_name\" content=\"Notibras\" \/>\n<meta property=\"article:publisher\" content=\"https:\/\/www.facebook.com\/notibras\/\" \/>\n<meta property=\"article:published_time\" content=\"2026-02-11T03:15:58+00:00\" \/>\n<meta property=\"og:image\" content=\"https:\/\/www.notibras.com\/site\/wp-content\/uploads\/2026\/02\/WhatsApp-Image-2026-02-10-at-22.11.27.jpeg\" \/>\n\t<meta property=\"og:image:width\" content=\"1280\" \/>\n\t<meta property=\"og:image:height\" content=\"873\" \/>\n\t<meta property=\"og:image:type\" content=\"image\/jpeg\" \/>\n<meta name=\"author\" content=\"Eduardo Mart\u00ednez\" \/>\n<meta name=\"twitter:card\" content=\"summary_large_image\" \/>\n<meta name=\"twitter:creator\" content=\"@Notibras\" \/>\n<meta name=\"twitter:site\" content=\"@Notibras\" \/>\n<meta name=\"twitter:label1\" content=\"Escrito por\" \/>\n\t<meta name=\"twitter:data1\" content=\"Eduardo Mart\u00ednez\" \/>\n\t<meta name=\"twitter:label2\" content=\"Est. tempo de leitura\" \/>\n\t<meta name=\"twitter:data2\" content=\"3 minutos\" \/>\n<script type=\"application\/ld+json\" class=\"yoast-schema-graph\">{\"@context\":\"https:\/\/schema.org\",\"@graph\":[{\"@type\":\"Article\",\"@id\":\"https:\/\/www.notibras.com\/site\/pesquisa-traca-panorama-socioeconomico-do-entorno\/#article\",\"isPartOf\":{\"@id\":\"https:\/\/www.notibras.com\/site\/pesquisa-traca-panorama-socioeconomico-do-entorno\/\"},\"author\":{\"name\":\"Eduardo Mart\u00ednez\",\"@id\":\"https:\/\/www.notibras.com\/site\/#\/schema\/person\/5b7fabf2aedc3ada2105f03b22b4d3dd\"},\"headline\":\"Pesquisa tra\u00e7a panorama socioecon\u00f4mico do Entorno\",\"datePublished\":\"2026-02-11T03:15:58+00:00\",\"mainEntityOfPage\":{\"@id\":\"https:\/\/www.notibras.com\/site\/pesquisa-traca-panorama-socioeconomico-do-entorno\/\"},\"wordCount\":498,\"publisher\":{\"@id\":\"https:\/\/www.notibras.com\/site\/#organization\"},\"image\":{\"@id\":\"https:\/\/www.notibras.com\/site\/pesquisa-traca-panorama-socioeconomico-do-entorno\/#primaryimage\"},\"thumbnailUrl\":\"https:\/\/www.notibras.com\/site\/wp-content\/uploads\/2026\/02\/WhatsApp-Image-2026-02-10-at-22.11.27.jpeg\",\"articleSection\":[\"Quadradinho em Foco\"],\"inLanguage\":\"pt-BR\"},{\"@type\":\"WebPage\",\"@id\":\"https:\/\/www.notibras.com\/site\/pesquisa-traca-panorama-socioeconomico-do-entorno\/\",\"url\":\"https:\/\/www.notibras.com\/site\/pesquisa-traca-panorama-socioeconomico-do-entorno\/\",\"name\":\"Pesquisa tra\u00e7a panorama socioecon\u00f4mico do Entorno - Notibras\",\"isPartOf\":{\"@id\":\"https:\/\/www.notibras.com\/site\/#website\"},\"primaryImageOfPage\":{\"@id\":\"https:\/\/www.notibras.com\/site\/pesquisa-traca-panorama-socioeconomico-do-entorno\/#primaryimage\"},\"image\":{\"@id\":\"https:\/\/www.notibras.com\/site\/pesquisa-traca-panorama-socioeconomico-do-entorno\/#primaryimage\"},\"thumbnailUrl\":\"https:\/\/www.notibras.com\/site\/wp-content\/uploads\/2026\/02\/WhatsApp-Image-2026-02-10-at-22.11.27.jpeg\",\"datePublished\":\"2026-02-11T03:15:58+00:00\",\"breadcrumb\":{\"@id\":\"https:\/\/www.notibras.com\/site\/pesquisa-traca-panorama-socioeconomico-do-entorno\/#breadcrumb\"},\"inLanguage\":\"pt-BR\",\"potentialAction\":[{\"@type\":\"ReadAction\",\"target\":[\"https:\/\/www.notibras.com\/site\/pesquisa-traca-panorama-socioeconomico-do-entorno\/\"]}]},{\"@type\":\"ImageObject\",\"inLanguage\":\"pt-BR\",\"@id\":\"https:\/\/www.notibras.com\/site\/pesquisa-traca-panorama-socioeconomico-do-entorno\/#primaryimage\",\"url\":\"https:\/\/www.notibras.com\/site\/wp-content\/uploads\/2026\/02\/WhatsApp-Image-2026-02-10-at-22.11.27.jpeg\",\"contentUrl\":\"https:\/\/www.notibras.com\/site\/wp-content\/uploads\/2026\/02\/WhatsApp-Image-2026-02-10-at-22.11.27.jpeg\",\"width\":1280,\"height\":873},{\"@type\":\"BreadcrumbList\",\"@id\":\"https:\/\/www.notibras.com\/site\/pesquisa-traca-panorama-socioeconomico-do-entorno\/#breadcrumb\",\"itemListElement\":[{\"@type\":\"ListItem\",\"position\":1,\"name\":\"In\u00edcio\",\"item\":\"https:\/\/www.notibras.com\/site\/\"},{\"@type\":\"ListItem\",\"position\":2,\"name\":\"Pesquisa tra\u00e7a panorama socioecon\u00f4mico do Entorno\"}]},{\"@type\":\"WebSite\",\"@id\":\"https:\/\/www.notibras.com\/site\/#website\",\"url\":\"https:\/\/www.notibras.com\/site\/\",\"name\":\"Notibras\",\"description\":\"Not\u00edcias de Bras\u00edlia, do Brasil e do Mundo\",\"publisher\":{\"@id\":\"https:\/\/www.notibras.com\/site\/#organization\"},\"potentialAction\":[{\"@type\":\"SearchAction\",\"target\":{\"@type\":\"EntryPoint\",\"urlTemplate\":\"https:\/\/www.notibras.com\/site\/?s={search_term_string}\"},\"query-input\":{\"@type\":\"PropertyValueSpecification\",\"valueRequired\":true,\"valueName\":\"search_term_string\"}}],\"inLanguage\":\"pt-BR\"},{\"@type\":\"Organization\",\"@id\":\"https:\/\/www.notibras.com\/site\/#organization\",\"name\":\"Grupo Notibras de Comunica\u00e7\u00e3o\",\"url\":\"https:\/\/www.notibras.com\/site\/\",\"logo\":{\"@type\":\"ImageObject\",\"inLanguage\":\"pt-BR\",\"@id\":\"https:\/\/www.notibras.com\/site\/#\/schema\/logo\/image\/\",\"url\":\"https:\/\/www.notibras.com\/site\/wp-content\/uploads\/2023\/01\/notibras23.png\",\"contentUrl\":\"https:\/\/www.notibras.com\/site\/wp-content\/uploads\/2023\/01\/notibras23.png\",\"width\":350,\"height\":87,\"caption\":\"Grupo Notibras de Comunica\u00e7\u00e3o\"},\"image\":{\"@id\":\"https:\/\/www.notibras.com\/site\/#\/schema\/logo\/image\/\"},\"sameAs\":[\"https:\/\/www.facebook.com\/notibras\/\",\"https:\/\/x.com\/Notibras\",\"https:\/\/www.instagram.com\/notibras\/\"]},{\"@type\":\"Person\",\"@id\":\"https:\/\/www.notibras.com\/site\/#\/schema\/person\/5b7fabf2aedc3ada2105f03b22b4d3dd\",\"name\":\"Eduardo Mart\u00ednez\",\"image\":{\"@type\":\"ImageObject\",\"inLanguage\":\"pt-BR\",\"@id\":\"https:\/\/secure.gravatar.com\/avatar\/7902f906289926289cbcda644b5197c796b893c6ffd7b9a536a42d290f7704a0?s=96&d=mm&r=g\",\"url\":\"https:\/\/secure.gravatar.com\/avatar\/7902f906289926289cbcda644b5197c796b893c6ffd7b9a536a42d290f7704a0?s=96&d=mm&r=g\",\"contentUrl\":\"https:\/\/secure.gravatar.com\/avatar\/7902f906289926289cbcda644b5197c796b893c6ffd7b9a536a42d290f7704a0?s=96&d=mm&r=g\",\"caption\":\"Eduardo Mart\u00ednez\"}}]}<\/script>\n<!-- \/ Yoast SEO plugin. -->","yoast_head_json":{"title":"Pesquisa tra\u00e7a panorama socioecon\u00f4mico do Entorno - Notibras","robots":{"index":"index","follow":"follow","max-snippet":"max-snippet:-1","max-image-preview":"max-image-preview:large","max-video-preview":"max-video-preview:-1"},"canonical":"https:\/\/www.notibras.com\/site\/pesquisa-traca-panorama-socioeconomico-do-entorno\/","og_locale":"pt_BR","og_type":"article","og_title":"Pesquisa tra\u00e7a panorama socioecon\u00f4mico do Entorno - Notibras","og_description":"O recorte dos dados da Pesquisa Distrital por Amostra de Domic\u00edlios ampliada (Pdad-A), 2024, realizada pelo Instituto de Pesquisa e Estat\u00edstica do Distrito Federal (IPEDF), apresenta um diagn\u00f3stico demogr\u00e1fico, social, econ\u00f4mico e territorial da \u00c1rea Metropolitana de Bras\u00edlia (AMB), abrangendo o Distrito Federal e a \u00e1rea urbana de 12 munic\u00edpios goianos. As informa\u00e7\u00f5es s\u00e3o fundamentais [&hellip;]","og_url":"https:\/\/www.notibras.com\/site\/pesquisa-traca-panorama-socioeconomico-do-entorno\/","og_site_name":"Notibras","article_publisher":"https:\/\/www.facebook.com\/notibras\/","article_published_time":"2026-02-11T03:15:58+00:00","og_image":[{"width":1280,"height":873,"url":"https:\/\/www.notibras.com\/site\/wp-content\/uploads\/2026\/02\/WhatsApp-Image-2026-02-10-at-22.11.27.jpeg","type":"image\/jpeg"}],"author":"Eduardo Mart\u00ednez","twitter_card":"summary_large_image","twitter_creator":"@Notibras","twitter_site":"@Notibras","twitter_misc":{"Escrito por":"Eduardo Mart\u00ednez","Est. tempo de leitura":"3 minutos"},"schema":{"@context":"https:\/\/schema.org","@graph":[{"@type":"Article","@id":"https:\/\/www.notibras.com\/site\/pesquisa-traca-panorama-socioeconomico-do-entorno\/#article","isPartOf":{"@id":"https:\/\/www.notibras.com\/site\/pesquisa-traca-panorama-socioeconomico-do-entorno\/"},"author":{"name":"Eduardo Mart\u00ednez","@id":"https:\/\/www.notibras.com\/site\/#\/schema\/person\/5b7fabf2aedc3ada2105f03b22b4d3dd"},"headline":"Pesquisa tra\u00e7a panorama socioecon\u00f4mico do Entorno","datePublished":"2026-02-11T03:15:58+00:00","mainEntityOfPage":{"@id":"https:\/\/www.notibras.com\/site\/pesquisa-traca-panorama-socioeconomico-do-entorno\/"},"wordCount":498,"publisher":{"@id":"https:\/\/www.notibras.com\/site\/#organization"},"image":{"@id":"https:\/\/www.notibras.com\/site\/pesquisa-traca-panorama-socioeconomico-do-entorno\/#primaryimage"},"thumbnailUrl":"https:\/\/www.notibras.com\/site\/wp-content\/uploads\/2026\/02\/WhatsApp-Image-2026-02-10-at-22.11.27.jpeg","articleSection":["Quadradinho em Foco"],"inLanguage":"pt-BR"},{"@type":"WebPage","@id":"https:\/\/www.notibras.com\/site\/pesquisa-traca-panorama-socioeconomico-do-entorno\/","url":"https:\/\/www.notibras.com\/site\/pesquisa-traca-panorama-socioeconomico-do-entorno\/","name":"Pesquisa tra\u00e7a panorama socioecon\u00f4mico do Entorno - Notibras","isPartOf":{"@id":"https:\/\/www.notibras.com\/site\/#website"},"primaryImageOfPage":{"@id":"https:\/\/www.notibras.com\/site\/pesquisa-traca-panorama-socioeconomico-do-entorno\/#primaryimage"},"image":{"@id":"https:\/\/www.notibras.com\/site\/pesquisa-traca-panorama-socioeconomico-do-entorno\/#primaryimage"},"thumbnailUrl":"https:\/\/www.notibras.com\/site\/wp-content\/uploads\/2026\/02\/WhatsApp-Image-2026-02-10-at-22.11.27.jpeg","datePublished":"2026-02-11T03:15:58+00:00","breadcrumb":{"@id":"https:\/\/www.notibras.com\/site\/pesquisa-traca-panorama-socioeconomico-do-entorno\/#breadcrumb"},"inLanguage":"pt-BR","potentialAction":[{"@type":"ReadAction","target":["https:\/\/www.notibras.com\/site\/pesquisa-traca-panorama-socioeconomico-do-entorno\/"]}]},{"@type":"ImageObject","inLanguage":"pt-BR","@id":"https:\/\/www.notibras.com\/site\/pesquisa-traca-panorama-socioeconomico-do-entorno\/#primaryimage","url":"https:\/\/www.notibras.com\/site\/wp-content\/uploads\/2026\/02\/WhatsApp-Image-2026-02-10-at-22.11.27.jpeg","contentUrl":"https:\/\/www.notibras.com\/site\/wp-content\/uploads\/2026\/02\/WhatsApp-Image-2026-02-10-at-22.11.27.jpeg","width":1280,"height":873},{"@type":"BreadcrumbList","@id":"https:\/\/www.notibras.com\/site\/pesquisa-traca-panorama-socioeconomico-do-entorno\/#breadcrumb","itemListElement":[{"@type":"ListItem","position":1,"name":"In\u00edcio","item":"https:\/\/www.notibras.com\/site\/"},{"@type":"ListItem","position":2,"name":"Pesquisa tra\u00e7a panorama socioecon\u00f4mico do Entorno"}]},{"@type":"WebSite","@id":"https:\/\/www.notibras.com\/site\/#website","url":"https:\/\/www.notibras.com\/site\/","name":"Notibras","description":"Not\u00edcias de Bras\u00edlia, do Brasil e do Mundo","publisher":{"@id":"https:\/\/www.notibras.com\/site\/#organization"},"potentialAction":[{"@type":"SearchAction","target":{"@type":"EntryPoint","urlTemplate":"https:\/\/www.notibras.com\/site\/?s={search_term_string}"},"query-input":{"@type":"PropertyValueSpecification","valueRequired":true,"valueName":"search_term_string"}}],"inLanguage":"pt-BR"},{"@type":"Organization","@id":"https:\/\/www.notibras.com\/site\/#organization","name":"Grupo Notibras de Comunica\u00e7\u00e3o","url":"https:\/\/www.notibras.com\/site\/","logo":{"@type":"ImageObject","inLanguage":"pt-BR","@id":"https:\/\/www.notibras.com\/site\/#\/schema\/logo\/image\/","url":"https:\/\/www.notibras.com\/site\/wp-content\/uploads\/2023\/01\/notibras23.png","contentUrl":"https:\/\/www.notibras.com\/site\/wp-content\/uploads\/2023\/01\/notibras23.png","width":350,"height":87,"caption":"Grupo Notibras de Comunica\u00e7\u00e3o"},"image":{"@id":"https:\/\/www.notibras.com\/site\/#\/schema\/logo\/image\/"},"sameAs":["https:\/\/www.facebook.com\/notibras\/","https:\/\/x.com\/Notibras","https:\/\/www.instagram.com\/notibras\/"]},{"@type":"Person","@id":"https:\/\/www.notibras.com\/site\/#\/schema\/person\/5b7fabf2aedc3ada2105f03b22b4d3dd","name":"Eduardo Mart\u00ednez","image":{"@type":"ImageObject","inLanguage":"pt-BR","@id":"https:\/\/secure.gravatar.com\/avatar\/7902f906289926289cbcda644b5197c796b893c6ffd7b9a536a42d290f7704a0?s=96&d=mm&r=g","url":"https:\/\/secure.gravatar.com\/avatar\/7902f906289926289cbcda644b5197c796b893c6ffd7b9a536a42d290f7704a0?s=96&d=mm&r=g","contentUrl":"https:\/\/secure.gravatar.com\/avatar\/7902f906289926289cbcda644b5197c796b893c6ffd7b9a536a42d290f7704a0?s=96&d=mm&r=g","caption":"Eduardo Mart\u00ednez"}}]}},"amp_enabled":true,"_links":{"self":[{"href":"https:\/\/www.notibras.com\/site\/wp-json\/wp\/v2\/posts\/382672","targetHints":{"allow":["GET"]}}],"collection":[{"href":"https:\/\/www.notibras.com\/site\/wp-json\/wp\/v2\/posts"}],"about":[{"href":"https:\/\/www.notibras.com\/site\/wp-json\/wp\/v2\/types\/post"}],"author":[{"embeddable":true,"href":"https:\/\/www.notibras.com\/site\/wp-json\/wp\/v2\/users\/21"}],"replies":[{"embeddable":true,"href":"https:\/\/www.notibras.com\/site\/wp-json\/wp\/v2\/comments?post=382672"}],"version-history":[{"count":3,"href":"https:\/\/www.notibras.com\/site\/wp-json\/wp\/v2\/posts\/382672\/revisions"}],"predecessor-version":[{"id":382676,"href":"https:\/\/www.notibras.com\/site\/wp-json\/wp\/v2\/posts\/382672\/revisions\/382676"}],"wp:featuredmedia":[{"embeddable":true,"href":"https:\/\/www.notibras.com\/site\/wp-json\/wp\/v2\/media\/382673"}],"wp:attachment":[{"href":"https:\/\/www.notibras.com\/site\/wp-json\/wp\/v2\/media?parent=382672"}],"wp:term":[{"taxonomy":"category","embeddable":true,"href":"https:\/\/www.notibras.com\/site\/wp-json\/wp\/v2\/categories?post=382672"},{"taxonomy":"post_tag","embeddable":true,"href":"https:\/\/www.notibras.com\/site\/wp-json\/wp\/v2\/tags?post=382672"}],"curies":[{"name":"wp","href":"https:\/\/api.w.org\/{rel}","templated":true}]}}