{"id":382677,"date":"2026-02-11T00:30:46","date_gmt":"2026-02-11T03:30:46","guid":{"rendered":"https:\/\/www.notibras.com\/site\/?p=382677"},"modified":"2026-02-10T22:33:52","modified_gmt":"2026-02-11T01:33:52","slug":"seguranca-tera-efetivo-ampliado-e-acoes-especiais-de-protecao-as-mulheres","status":"publish","type":"post","link":"https:\/\/www.notibras.com\/site\/seguranca-tera-efetivo-ampliado-e-acoes-especiais-de-protecao-as-mulheres\/","title":{"rendered":"Seguran\u00e7a ter\u00e1 efetivo ampliado e a\u00e7\u00f5es especiais de prote\u00e7\u00e3o \u00e0s mulheres"},"content":{"rendered":"<p>A Pol\u00edcia Militar do Distrito Federal (PMDF) manter\u00e1 o emprego di\u00e1rio de policiamento nos eventos do Plano Piloto e demais regi\u00f5es administrativas durante o Carnaval 2026. O policiamento ser\u00e1 refor\u00e7ado com viaturas e efetivos a p\u00e9, do in\u00edcio at\u00e9 a dispers\u00e3o do p\u00fablico, atuando em m\u00faltiplas camadas de seguran\u00e7a nas \u00e1reas de maior concentra\u00e7\u00e3o de foli\u00f5es. \u201c\u00c9 importante ressaltar que a Opera\u00e7\u00e3o Carnaval \u00e9 um evento \u00e0 parte e n\u00e3o compromete o policiamento de rotina\u201d, explica o chefe do Departamento de Opera\u00e7\u00f5es da corpora\u00e7\u00e3o, coronel Wesley Santos.<\/p>\n<p>A PMDF destaca que o planejamento do Carnaval 2026 teve in\u00edcio ainda antes da virada do ano de 2025 para 2026, com foco na identifica\u00e7\u00e3o e mitiga\u00e7\u00e3o de riscos e na realiza\u00e7\u00e3o de briefings, com cerca de 200 oficiais respons\u00e1veis pelo comando das fra\u00e7\u00f5es de tropa no terreno. O planejamento \u00e9 sustentado pelo emprego de informa\u00e7\u00f5es, an\u00e1lise de dados e ado\u00e7\u00e3o das melhores pr\u00e1ticas operacionais, priorizando t\u00e9cnica, profissionalismo e efici\u00eancia.<\/p>\n<p>Durante o per\u00edodo carnavalesco, policiais militares ser\u00e3o empregados diariamente em todo o Distrito Federal, com policiamento a p\u00e9, motorizado e especializado, incluindo efetivos do Patamo, Rotam, Policiamento Montado e do Batalh\u00e3o de Policiamento com C\u00e3es (BPC\u00e3es), especialmente nas linhas de revista, com o objetivo de retirar objetos que possam comprometer a seguran\u00e7a como armas brancas, drogas, armas de fogo e muni\u00e7\u00f5es. \u201cAs linhas de revista s\u00e3o essenciais para garantir a seguran\u00e7a dos foli\u00f5es, e a colabora\u00e7\u00e3o do p\u00fablico \u00e9 fundamental para termos um Carnaval seguro, especialmente nas \u00e1reas centrais\u201d, ressalta o coronel Wesley Santos.<\/p>\n<p>Haver\u00e1 v\u00e1rios pontos de abordagem e revista em diferentes territ\u00f3rios carnavalescos, com intuito de prevenir a pr\u00e1tica de il\u00edcitos. O policiamento tamb\u00e9m ser\u00e1 refor\u00e7ado em esta\u00e7\u00f5es do metr\u00f4 e na Rodovi\u00e1ria do Plano Piloto, em parceria com \u00f3rg\u00e3os de mobilidade urbana, locais que concentram grande fluxo de pessoas, sobretudo na dispers\u00e3o dos eventos.<\/p>\n<p><strong>Sala Lil\u00e1s<\/strong><\/p>\n<p>Como parte do planejamento operacional, a PMDF implementar\u00e1 a Sala Lil\u00e1s Itinerante, espa\u00e7o de atendimento especializado e humanizado, voltado ao acolhimento de mulheres que eventualmente sejam v\u00edtimas de viol\u00eancia de g\u00eanero durante as festividades. Integrada \u00e0 opera\u00e7\u00e3o, a iniciativa garante escuta qualificada, orienta\u00e7\u00e3o e encaminhamento adequado, reafirmando o compromisso da corpora\u00e7\u00e3o com a prote\u00e7\u00e3o das mulheres e o enfrentamento \u00e0 viol\u00eancia de g\u00eanero em grandes eventos.<\/p>\n<p>A Sala Lil\u00e1s contar\u00e1 com equipes especializadas do Policiamento de Preven\u00e7\u00e3o Orientada \u00e0 Viol\u00eancia Dom\u00e9stica (Provid), formadas por policiais capacitados para o atendimento t\u00e9cnico e humanizado. O espa\u00e7o funcionar\u00e1 em articula\u00e7\u00e3o com outros \u00f3rg\u00e3os do Governo do Distrito Federal (GDF), fortalecendo a rede de prote\u00e7\u00e3o, al\u00e9m de promover a\u00e7\u00f5es preventivas, est\u00edmulo \u00e0 den\u00fancia e acompanhamento das v\u00edtimas, contribuindo para um Carnaval mais seguro, inclusivo e respeitoso para o p\u00fablico feminino.<\/p>\n<p>Haver\u00e1 v\u00e1rios pontos de abordagem e revista em diferentes territ\u00f3rios carnavalescos, com intuito de prevenir a pr\u00e1tica de il\u00edcitos<br \/>\nA Opera\u00e7\u00e3o Carnaval 2026 contar\u00e1 ainda com emprego ampliado de tecnologia. A PMDF utilizar\u00e1 drones equipados com c\u00e2meras termais e transmiss\u00e3o em tempo real para o comando da opera\u00e7\u00e3o, al\u00e9m de sistemas integrados de identifica\u00e7\u00e3o de pessoas com mandados de pris\u00e3o em aberto, em parceria com a Secretaria de Seguran\u00e7a P\u00fablica (SSP-DF).<\/p>\n<p>Por meio do sistema pr\u00f3prio da corpora\u00e7\u00e3o e da l\u00f3gica de alertas do Sentinela Candanga, equipes poder\u00e3o agir com rapidez na identifica\u00e7\u00e3o e captura de foragidos da Justi\u00e7a, especialmente nas \u00e1reas centrais de Bras\u00edlia e em centros das regi\u00f5es administrativas. \u201cEstamos mobilizando um grande esfor\u00e7o operacional, com efetivo ampliado, uso intensivo de tecnologia e planejamento antecipado orientado por dados, para que toda a popula\u00e7\u00e3o do Distrito Federal possa aproveitar o Carnaval com tranquilidade, seguran\u00e7a e respeito\u201d, concluiu o coronel Wesley Santos.<\/p>\n","protected":false},"excerpt":{"rendered":"<p>A Pol\u00edcia Militar do Distrito Federal (PMDF) manter\u00e1 o emprego di\u00e1rio de policiamento nos eventos do Plano Piloto e demais regi\u00f5es administrativas durante o Carnaval 2026. O policiamento ser\u00e1 refor\u00e7ado com viaturas e efetivos a p\u00e9, do in\u00edcio at\u00e9 a dispers\u00e3o do p\u00fablico, atuando em m\u00faltiplas camadas de seguran\u00e7a nas \u00e1reas de maior concentra\u00e7\u00e3o de [&hellip;]<\/p>\n","protected":false},"author":21,"featured_media":382678,"comment_status":"closed","ping_status":"closed","sticky":false,"template":"","format":"standard","meta":{"_acf_changed":false,"footnotes":""},"categories":[161],"tags":[],"class_list":["post-382677","post","type-post","status-publish","format-standard","has-post-thumbnail","hentry","category-quadradinho-em-foco"],"acf":[],"yoast_head":"<!-- This site is optimized with the Yoast SEO plugin v27.2 - https:\/\/yoast.com\/product\/yoast-seo-wordpress\/ -->\n<title>Seguran\u00e7a ter\u00e1 efetivo ampliado e a\u00e7\u00f5es especiais de prote\u00e7\u00e3o \u00e0s mulheres - Notibras<\/title>\n<meta name=\"robots\" content=\"index, follow, max-snippet:-1, max-image-preview:large, max-video-preview:-1\" \/>\n<link rel=\"canonical\" href=\"https:\/\/www.notibras.com\/site\/seguranca-tera-efetivo-ampliado-e-acoes-especiais-de-protecao-as-mulheres\/\" \/>\n<meta property=\"og:locale\" content=\"pt_BR\" \/>\n<meta property=\"og:type\" content=\"article\" \/>\n<meta property=\"og:title\" content=\"Seguran\u00e7a ter\u00e1 efetivo ampliado e a\u00e7\u00f5es especiais de prote\u00e7\u00e3o \u00e0s mulheres - Notibras\" \/>\n<meta property=\"og:description\" content=\"A Pol\u00edcia Militar do Distrito Federal (PMDF) manter\u00e1 o emprego di\u00e1rio de policiamento nos eventos do Plano Piloto e demais regi\u00f5es administrativas durante o Carnaval 2026. O policiamento ser\u00e1 refor\u00e7ado com viaturas e efetivos a p\u00e9, do in\u00edcio at\u00e9 a dispers\u00e3o do p\u00fablico, atuando em m\u00faltiplas camadas de seguran\u00e7a nas \u00e1reas de maior concentra\u00e7\u00e3o de [&hellip;]\" \/>\n<meta property=\"og:url\" content=\"https:\/\/www.notibras.com\/site\/seguranca-tera-efetivo-ampliado-e-acoes-especiais-de-protecao-as-mulheres\/\" \/>\n<meta property=\"og:site_name\" content=\"Notibras\" \/>\n<meta property=\"article:publisher\" content=\"https:\/\/www.facebook.com\/notibras\/\" \/>\n<meta property=\"article:published_time\" content=\"2026-02-11T03:30:46+00:00\" \/>\n<meta property=\"og:image\" content=\"https:\/\/www.notibras.com\/site\/wp-content\/uploads\/2026\/02\/Mateus-Candido-00108-1-scaled.jpg\" \/>\n\t<meta property=\"og:image:width\" content=\"2560\" \/>\n\t<meta property=\"og:image:height\" content=\"1707\" \/>\n\t<meta property=\"og:image:type\" content=\"image\/jpeg\" \/>\n<meta name=\"author\" content=\"Eduardo Mart\u00ednez\" \/>\n<meta name=\"twitter:card\" content=\"summary_large_image\" \/>\n<meta name=\"twitter:creator\" content=\"@Notibras\" \/>\n<meta name=\"twitter:site\" content=\"@Notibras\" \/>\n<meta name=\"twitter:label1\" content=\"Escrito por\" \/>\n\t<meta name=\"twitter:data1\" content=\"Eduardo Mart\u00ednez\" \/>\n\t<meta name=\"twitter:label2\" content=\"Est. tempo de leitura\" \/>\n\t<meta name=\"twitter:data2\" content=\"4 minutos\" \/>\n<script type=\"application\/ld+json\" class=\"yoast-schema-graph\">{\"@context\":\"https:\/\/schema.org\",\"@graph\":[{\"@type\":\"Article\",\"@id\":\"https:\/\/www.notibras.com\/site\/seguranca-tera-efetivo-ampliado-e-acoes-especiais-de-protecao-as-mulheres\/#article\",\"isPartOf\":{\"@id\":\"https:\/\/www.notibras.com\/site\/seguranca-tera-efetivo-ampliado-e-acoes-especiais-de-protecao-as-mulheres\/\"},\"author\":{\"name\":\"Eduardo Mart\u00ednez\",\"@id\":\"https:\/\/www.notibras.com\/site\/#\/schema\/person\/5b7fabf2aedc3ada2105f03b22b4d3dd\"},\"headline\":\"Seguran\u00e7a ter\u00e1 efetivo ampliado e a\u00e7\u00f5es especiais de prote\u00e7\u00e3o \u00e0s mulheres\",\"datePublished\":\"2026-02-11T03:30:46+00:00\",\"mainEntityOfPage\":{\"@id\":\"https:\/\/www.notibras.com\/site\/seguranca-tera-efetivo-ampliado-e-acoes-especiais-de-protecao-as-mulheres\/\"},\"wordCount\":693,\"publisher\":{\"@id\":\"https:\/\/www.notibras.com\/site\/#organization\"},\"image\":{\"@id\":\"https:\/\/www.notibras.com\/site\/seguranca-tera-efetivo-ampliado-e-acoes-especiais-de-protecao-as-mulheres\/#primaryimage\"},\"thumbnailUrl\":\"https:\/\/www.notibras.com\/site\/wp-content\/uploads\/2026\/02\/Mateus-Candido-00108-1-scaled.jpg\",\"articleSection\":[\"Quadradinho em Foco\"],\"inLanguage\":\"pt-BR\"},{\"@type\":\"WebPage\",\"@id\":\"https:\/\/www.notibras.com\/site\/seguranca-tera-efetivo-ampliado-e-acoes-especiais-de-protecao-as-mulheres\/\",\"url\":\"https:\/\/www.notibras.com\/site\/seguranca-tera-efetivo-ampliado-e-acoes-especiais-de-protecao-as-mulheres\/\",\"name\":\"Seguran\u00e7a ter\u00e1 efetivo ampliado e a\u00e7\u00f5es especiais de prote\u00e7\u00e3o \u00e0s mulheres - Notibras\",\"isPartOf\":{\"@id\":\"https:\/\/www.notibras.com\/site\/#website\"},\"primaryImageOfPage\":{\"@id\":\"https:\/\/www.notibras.com\/site\/seguranca-tera-efetivo-ampliado-e-acoes-especiais-de-protecao-as-mulheres\/#primaryimage\"},\"image\":{\"@id\":\"https:\/\/www.notibras.com\/site\/seguranca-tera-efetivo-ampliado-e-acoes-especiais-de-protecao-as-mulheres\/#primaryimage\"},\"thumbnailUrl\":\"https:\/\/www.notibras.com\/site\/wp-content\/uploads\/2026\/02\/Mateus-Candido-00108-1-scaled.jpg\",\"datePublished\":\"2026-02-11T03:30:46+00:00\",\"breadcrumb\":{\"@id\":\"https:\/\/www.notibras.com\/site\/seguranca-tera-efetivo-ampliado-e-acoes-especiais-de-protecao-as-mulheres\/#breadcrumb\"},\"inLanguage\":\"pt-BR\",\"potentialAction\":[{\"@type\":\"ReadAction\",\"target\":[\"https:\/\/www.notibras.com\/site\/seguranca-tera-efetivo-ampliado-e-acoes-especiais-de-protecao-as-mulheres\/\"]}]},{\"@type\":\"ImageObject\",\"inLanguage\":\"pt-BR\",\"@id\":\"https:\/\/www.notibras.com\/site\/seguranca-tera-efetivo-ampliado-e-acoes-especiais-de-protecao-as-mulheres\/#primaryimage\",\"url\":\"https:\/\/www.notibras.com\/site\/wp-content\/uploads\/2026\/02\/Mateus-Candido-00108-1-scaled.jpg\",\"contentUrl\":\"https:\/\/www.notibras.com\/site\/wp-content\/uploads\/2026\/02\/Mateus-Candido-00108-1-scaled.jpg\",\"width\":2560,\"height\":1707},{\"@type\":\"BreadcrumbList\",\"@id\":\"https:\/\/www.notibras.com\/site\/seguranca-tera-efetivo-ampliado-e-acoes-especiais-de-protecao-as-mulheres\/#breadcrumb\",\"itemListElement\":[{\"@type\":\"ListItem\",\"position\":1,\"name\":\"In\u00edcio\",\"item\":\"https:\/\/www.notibras.com\/site\/\"},{\"@type\":\"ListItem\",\"position\":2,\"name\":\"Seguran\u00e7a ter\u00e1 efetivo ampliado e a\u00e7\u00f5es especiais de prote\u00e7\u00e3o \u00e0s mulheres\"}]},{\"@type\":\"WebSite\",\"@id\":\"https:\/\/www.notibras.com\/site\/#website\",\"url\":\"https:\/\/www.notibras.com\/site\/\",\"name\":\"Notibras\",\"description\":\"Not\u00edcias de Bras\u00edlia, do Brasil e do Mundo\",\"publisher\":{\"@id\":\"https:\/\/www.notibras.com\/site\/#organization\"},\"potentialAction\":[{\"@type\":\"SearchAction\",\"target\":{\"@type\":\"EntryPoint\",\"urlTemplate\":\"https:\/\/www.notibras.com\/site\/?s={search_term_string}\"},\"query-input\":{\"@type\":\"PropertyValueSpecification\",\"valueRequired\":true,\"valueName\":\"search_term_string\"}}],\"inLanguage\":\"pt-BR\"},{\"@type\":\"Organization\",\"@id\":\"https:\/\/www.notibras.com\/site\/#organization\",\"name\":\"Grupo Notibras de Comunica\u00e7\u00e3o\",\"url\":\"https:\/\/www.notibras.com\/site\/\",\"logo\":{\"@type\":\"ImageObject\",\"inLanguage\":\"pt-BR\",\"@id\":\"https:\/\/www.notibras.com\/site\/#\/schema\/logo\/image\/\",\"url\":\"https:\/\/www.notibras.com\/site\/wp-content\/uploads\/2023\/01\/notibras23.png\",\"contentUrl\":\"https:\/\/www.notibras.com\/site\/wp-content\/uploads\/2023\/01\/notibras23.png\",\"width\":350,\"height\":87,\"caption\":\"Grupo Notibras de Comunica\u00e7\u00e3o\"},\"image\":{\"@id\":\"https:\/\/www.notibras.com\/site\/#\/schema\/logo\/image\/\"},\"sameAs\":[\"https:\/\/www.facebook.com\/notibras\/\",\"https:\/\/x.com\/Notibras\",\"https:\/\/www.instagram.com\/notibras\/\"]},{\"@type\":\"Person\",\"@id\":\"https:\/\/www.notibras.com\/site\/#\/schema\/person\/5b7fabf2aedc3ada2105f03b22b4d3dd\",\"name\":\"Eduardo Mart\u00ednez\",\"image\":{\"@type\":\"ImageObject\",\"inLanguage\":\"pt-BR\",\"@id\":\"https:\/\/secure.gravatar.com\/avatar\/7902f906289926289cbcda644b5197c796b893c6ffd7b9a536a42d290f7704a0?s=96&d=mm&r=g\",\"url\":\"https:\/\/secure.gravatar.com\/avatar\/7902f906289926289cbcda644b5197c796b893c6ffd7b9a536a42d290f7704a0?s=96&d=mm&r=g\",\"contentUrl\":\"https:\/\/secure.gravatar.com\/avatar\/7902f906289926289cbcda644b5197c796b893c6ffd7b9a536a42d290f7704a0?s=96&d=mm&r=g\",\"caption\":\"Eduardo Mart\u00ednez\"}}]}<\/script>\n<!-- \/ Yoast SEO plugin. -->","yoast_head_json":{"title":"Seguran\u00e7a ter\u00e1 efetivo ampliado e a\u00e7\u00f5es especiais de prote\u00e7\u00e3o \u00e0s mulheres - Notibras","robots":{"index":"index","follow":"follow","max-snippet":"max-snippet:-1","max-image-preview":"max-image-preview:large","max-video-preview":"max-video-preview:-1"},"canonical":"https:\/\/www.notibras.com\/site\/seguranca-tera-efetivo-ampliado-e-acoes-especiais-de-protecao-as-mulheres\/","og_locale":"pt_BR","og_type":"article","og_title":"Seguran\u00e7a ter\u00e1 efetivo ampliado e a\u00e7\u00f5es especiais de prote\u00e7\u00e3o \u00e0s mulheres - Notibras","og_description":"A Pol\u00edcia Militar do Distrito Federal (PMDF) manter\u00e1 o emprego di\u00e1rio de policiamento nos eventos do Plano Piloto e demais regi\u00f5es administrativas durante o Carnaval 2026. O policiamento ser\u00e1 refor\u00e7ado com viaturas e efetivos a p\u00e9, do in\u00edcio at\u00e9 a dispers\u00e3o do p\u00fablico, atuando em m\u00faltiplas camadas de seguran\u00e7a nas \u00e1reas de maior concentra\u00e7\u00e3o de [&hellip;]","og_url":"https:\/\/www.notibras.com\/site\/seguranca-tera-efetivo-ampliado-e-acoes-especiais-de-protecao-as-mulheres\/","og_site_name":"Notibras","article_publisher":"https:\/\/www.facebook.com\/notibras\/","article_published_time":"2026-02-11T03:30:46+00:00","og_image":[{"width":2560,"height":1707,"url":"https:\/\/www.notibras.com\/site\/wp-content\/uploads\/2026\/02\/Mateus-Candido-00108-1-scaled.jpg","type":"image\/jpeg"}],"author":"Eduardo Mart\u00ednez","twitter_card":"summary_large_image","twitter_creator":"@Notibras","twitter_site":"@Notibras","twitter_misc":{"Escrito por":"Eduardo Mart\u00ednez","Est. tempo de leitura":"4 minutos"},"schema":{"@context":"https:\/\/schema.org","@graph":[{"@type":"Article","@id":"https:\/\/www.notibras.com\/site\/seguranca-tera-efetivo-ampliado-e-acoes-especiais-de-protecao-as-mulheres\/#article","isPartOf":{"@id":"https:\/\/www.notibras.com\/site\/seguranca-tera-efetivo-ampliado-e-acoes-especiais-de-protecao-as-mulheres\/"},"author":{"name":"Eduardo Mart\u00ednez","@id":"https:\/\/www.notibras.com\/site\/#\/schema\/person\/5b7fabf2aedc3ada2105f03b22b4d3dd"},"headline":"Seguran\u00e7a ter\u00e1 efetivo ampliado e a\u00e7\u00f5es especiais de prote\u00e7\u00e3o \u00e0s mulheres","datePublished":"2026-02-11T03:30:46+00:00","mainEntityOfPage":{"@id":"https:\/\/www.notibras.com\/site\/seguranca-tera-efetivo-ampliado-e-acoes-especiais-de-protecao-as-mulheres\/"},"wordCount":693,"publisher":{"@id":"https:\/\/www.notibras.com\/site\/#organization"},"image":{"@id":"https:\/\/www.notibras.com\/site\/seguranca-tera-efetivo-ampliado-e-acoes-especiais-de-protecao-as-mulheres\/#primaryimage"},"thumbnailUrl":"https:\/\/www.notibras.com\/site\/wp-content\/uploads\/2026\/02\/Mateus-Candido-00108-1-scaled.jpg","articleSection":["Quadradinho em Foco"],"inLanguage":"pt-BR"},{"@type":"WebPage","@id":"https:\/\/www.notibras.com\/site\/seguranca-tera-efetivo-ampliado-e-acoes-especiais-de-protecao-as-mulheres\/","url":"https:\/\/www.notibras.com\/site\/seguranca-tera-efetivo-ampliado-e-acoes-especiais-de-protecao-as-mulheres\/","name":"Seguran\u00e7a ter\u00e1 efetivo ampliado e a\u00e7\u00f5es especiais de prote\u00e7\u00e3o \u00e0s mulheres - Notibras","isPartOf":{"@id":"https:\/\/www.notibras.com\/site\/#website"},"primaryImageOfPage":{"@id":"https:\/\/www.notibras.com\/site\/seguranca-tera-efetivo-ampliado-e-acoes-especiais-de-protecao-as-mulheres\/#primaryimage"},"image":{"@id":"https:\/\/www.notibras.com\/site\/seguranca-tera-efetivo-ampliado-e-acoes-especiais-de-protecao-as-mulheres\/#primaryimage"},"thumbnailUrl":"https:\/\/www.notibras.com\/site\/wp-content\/uploads\/2026\/02\/Mateus-Candido-00108-1-scaled.jpg","datePublished":"2026-02-11T03:30:46+00:00","breadcrumb":{"@id":"https:\/\/www.notibras.com\/site\/seguranca-tera-efetivo-ampliado-e-acoes-especiais-de-protecao-as-mulheres\/#breadcrumb"},"inLanguage":"pt-BR","potentialAction":[{"@type":"ReadAction","target":["https:\/\/www.notibras.com\/site\/seguranca-tera-efetivo-ampliado-e-acoes-especiais-de-protecao-as-mulheres\/"]}]},{"@type":"ImageObject","inLanguage":"pt-BR","@id":"https:\/\/www.notibras.com\/site\/seguranca-tera-efetivo-ampliado-e-acoes-especiais-de-protecao-as-mulheres\/#primaryimage","url":"https:\/\/www.notibras.com\/site\/wp-content\/uploads\/2026\/02\/Mateus-Candido-00108-1-scaled.jpg","contentUrl":"https:\/\/www.notibras.com\/site\/wp-content\/uploads\/2026\/02\/Mateus-Candido-00108-1-scaled.jpg","width":2560,"height":1707},{"@type":"BreadcrumbList","@id":"https:\/\/www.notibras.com\/site\/seguranca-tera-efetivo-ampliado-e-acoes-especiais-de-protecao-as-mulheres\/#breadcrumb","itemListElement":[{"@type":"ListItem","position":1,"name":"In\u00edcio","item":"https:\/\/www.notibras.com\/site\/"},{"@type":"ListItem","position":2,"name":"Seguran\u00e7a ter\u00e1 efetivo ampliado e a\u00e7\u00f5es especiais de prote\u00e7\u00e3o \u00e0s mulheres"}]},{"@type":"WebSite","@id":"https:\/\/www.notibras.com\/site\/#website","url":"https:\/\/www.notibras.com\/site\/","name":"Notibras","description":"Not\u00edcias de Bras\u00edlia, do Brasil e do Mundo","publisher":{"@id":"https:\/\/www.notibras.com\/site\/#organization"},"potentialAction":[{"@type":"SearchAction","target":{"@type":"EntryPoint","urlTemplate":"https:\/\/www.notibras.com\/site\/?s={search_term_string}"},"query-input":{"@type":"PropertyValueSpecification","valueRequired":true,"valueName":"search_term_string"}}],"inLanguage":"pt-BR"},{"@type":"Organization","@id":"https:\/\/www.notibras.com\/site\/#organization","name":"Grupo Notibras de Comunica\u00e7\u00e3o","url":"https:\/\/www.notibras.com\/site\/","logo":{"@type":"ImageObject","inLanguage":"pt-BR","@id":"https:\/\/www.notibras.com\/site\/#\/schema\/logo\/image\/","url":"https:\/\/www.notibras.com\/site\/wp-content\/uploads\/2023\/01\/notibras23.png","contentUrl":"https:\/\/www.notibras.com\/site\/wp-content\/uploads\/2023\/01\/notibras23.png","width":350,"height":87,"caption":"Grupo Notibras de Comunica\u00e7\u00e3o"},"image":{"@id":"https:\/\/www.notibras.com\/site\/#\/schema\/logo\/image\/"},"sameAs":["https:\/\/www.facebook.com\/notibras\/","https:\/\/x.com\/Notibras","https:\/\/www.instagram.com\/notibras\/"]},{"@type":"Person","@id":"https:\/\/www.notibras.com\/site\/#\/schema\/person\/5b7fabf2aedc3ada2105f03b22b4d3dd","name":"Eduardo Mart\u00ednez","image":{"@type":"ImageObject","inLanguage":"pt-BR","@id":"https:\/\/secure.gravatar.com\/avatar\/7902f906289926289cbcda644b5197c796b893c6ffd7b9a536a42d290f7704a0?s=96&d=mm&r=g","url":"https:\/\/secure.gravatar.com\/avatar\/7902f906289926289cbcda644b5197c796b893c6ffd7b9a536a42d290f7704a0?s=96&d=mm&r=g","contentUrl":"https:\/\/secure.gravatar.com\/avatar\/7902f906289926289cbcda644b5197c796b893c6ffd7b9a536a42d290f7704a0?s=96&d=mm&r=g","caption":"Eduardo Mart\u00ednez"}}]}},"amp_enabled":true,"_links":{"self":[{"href":"https:\/\/www.notibras.com\/site\/wp-json\/wp\/v2\/posts\/382677","targetHints":{"allow":["GET"]}}],"collection":[{"href":"https:\/\/www.notibras.com\/site\/wp-json\/wp\/v2\/posts"}],"about":[{"href":"https:\/\/www.notibras.com\/site\/wp-json\/wp\/v2\/types\/post"}],"author":[{"embeddable":true,"href":"https:\/\/www.notibras.com\/site\/wp-json\/wp\/v2\/users\/21"}],"replies":[{"embeddable":true,"href":"https:\/\/www.notibras.com\/site\/wp-json\/wp\/v2\/comments?post=382677"}],"version-history":[{"count":2,"href":"https:\/\/www.notibras.com\/site\/wp-json\/wp\/v2\/posts\/382677\/revisions"}],"predecessor-version":[{"id":382680,"href":"https:\/\/www.notibras.com\/site\/wp-json\/wp\/v2\/posts\/382677\/revisions\/382680"}],"wp:featuredmedia":[{"embeddable":true,"href":"https:\/\/www.notibras.com\/site\/wp-json\/wp\/v2\/media\/382678"}],"wp:attachment":[{"href":"https:\/\/www.notibras.com\/site\/wp-json\/wp\/v2\/media?parent=382677"}],"wp:term":[{"taxonomy":"category","embeddable":true,"href":"https:\/\/www.notibras.com\/site\/wp-json\/wp\/v2\/categories?post=382677"},{"taxonomy":"post_tag","embeddable":true,"href":"https:\/\/www.notibras.com\/site\/wp-json\/wp\/v2\/tags?post=382677"}],"curies":[{"name":"wp","href":"https:\/\/api.w.org\/{rel}","templated":true}]}}