{"id":382684,"date":"2026-02-11T01:15:51","date_gmt":"2026-02-11T04:15:51","guid":{"rendered":"https:\/\/www.notibras.com\/site\/?p=382684"},"modified":"2026-02-10T22:56:02","modified_gmt":"2026-02-11T01:56:02","slug":"tecnicos-de-enfermagem-suspeitos-de-assassinatos-sao-mantidos-presos","status":"publish","type":"post","link":"https:\/\/www.notibras.com\/site\/tecnicos-de-enfermagem-suspeitos-de-assassinatos-sao-mantidos-presos\/","title":{"rendered":"T\u00e9cnicos de enfermagem suspeitos de assassinatos s\u00e3o mantidos presos"},"content":{"rendered":"<p>A Justi\u00e7a do Distrito Federal prorrogou por mais 30 dias a pris\u00e3o dos tr\u00eas t\u00e9cnicos de enfermagem suspeitos de provocar a morte de pacientes na UTI do Hospital Anchieta, no DF. Marcos Vin\u00edcius Silva Barbosa de Ara\u00fajo, Marcela Camilly Alves da Silva e Amanda Rodrigues de Sousa est\u00e3o presos desde janeiro e s\u00e3o investigados por homic\u00eddio qualificado.<\/p>\n<p><strong>Pris\u00e3o prorrogada para aprofundar investiga\u00e7\u00f5es<\/strong><\/p>\n<p>A decis\u00e3o de prorrogar a pris\u00e3o foi tomada para permitir que a Pol\u00edcia Civil do DF continue investigando os crimes e reunindo provas. A pris\u00e3o tempor\u00e1ria \u00e9 uma medida prevista na legisla\u00e7\u00e3o brasileira e \u00e9 usada durante a fase de investiga\u00e7\u00e3o.<\/p>\n<p><strong>Novos casos suspeitos s\u00e3o investigados<\/strong><\/p>\n<p>Al\u00e9m da prorroga\u00e7\u00e3o das pris\u00f5es, a Pol\u00edcia Civil do DF segue investigando outras mortes suspeitas na unidade em um segundo inqu\u00e9rito. O novo inqu\u00e9rito foi aberto ap\u00f3s familiares reconhecerem os t\u00e9cnicos que atuavam na UTI e associarem a presen\u00e7a deles \u00e0s mortes de parentes internados no hospital.<\/p>\n<p><strong>Principal suspeito confessa crimes<\/strong><\/p>\n<p>Marcos Vin\u00edcius Silva Barbosa de Ara\u00fajo confessou os crimes em depoimento \u00e0 Pol\u00edcia Civil ap\u00f3s ser confrontado com imagens das c\u00e2meras de seguran\u00e7a da unidade. Ele injetou doses altas de um medicamento nos pacientes, usando o produto como um veneno. Marcela tamb\u00e9m confessou e \u00e9 acusada de participar dos crimes &#8220;dando cobertura&#8221; ao outro t\u00e9cnico.<\/p>\n<p><strong>Fam\u00edlias prestam depoimentos<\/strong><\/p>\n<p>As fam\u00edlias que levantaram suspeitas sobre as mortes de parentes internados no hospital j\u00e1 come\u00e7aram a prestar depoimentos formais aos investigadores. A Pol\u00edcia Civil do DF segue trabalhando para esclarecer os fatos e levar os respons\u00e1veis \u00e0 justi\u00e7a.<\/p>\n<p><strong>Hospital demite suspeitos<\/strong><\/p>\n<p>Ap\u00f3s abrir a investiga\u00e7\u00e3o interna, o Hospital Anchieta demitiu os tr\u00eas suspeitos. A institui\u00e7\u00e3o segue cooperando com as autoridades para esclarecer os fatos e garantir a seguran\u00e7a dos pacientes.<\/p>\n","protected":false},"excerpt":{"rendered":"<p>A Justi\u00e7a do Distrito Federal prorrogou por mais 30 dias a pris\u00e3o dos tr\u00eas t\u00e9cnicos de enfermagem suspeitos de provocar a morte de pacientes na UTI do Hospital Anchieta, no DF. Marcos Vin\u00edcius Silva Barbosa de Ara\u00fajo, Marcela Camilly Alves da Silva e Amanda Rodrigues de Sousa est\u00e3o presos desde janeiro e s\u00e3o investigados por [&hellip;]<\/p>\n","protected":false},"author":21,"featured_media":382687,"comment_status":"closed","ping_status":"closed","sticky":false,"template":"","format":"standard","meta":{"_acf_changed":false,"footnotes":""},"categories":[161],"tags":[],"class_list":["post-382684","post","type-post","status-publish","format-standard","has-post-thumbnail","hentry","category-quadradinho-em-foco"],"acf":[],"yoast_head":"<!-- This site is optimized with the Yoast SEO plugin v27.2 - https:\/\/yoast.com\/product\/yoast-seo-wordpress\/ -->\n<title>T\u00e9cnicos de enfermagem suspeitos de assassinatos s\u00e3o mantidos presos - Notibras<\/title>\n<meta name=\"robots\" content=\"index, follow, max-snippet:-1, max-image-preview:large, max-video-preview:-1\" \/>\n<link rel=\"canonical\" href=\"https:\/\/www.notibras.com\/site\/tecnicos-de-enfermagem-suspeitos-de-assassinatos-sao-mantidos-presos\/\" \/>\n<meta property=\"og:locale\" content=\"pt_BR\" \/>\n<meta property=\"og:type\" content=\"article\" \/>\n<meta property=\"og:title\" content=\"T\u00e9cnicos de enfermagem suspeitos de assassinatos s\u00e3o mantidos presos - Notibras\" \/>\n<meta property=\"og:description\" content=\"A Justi\u00e7a do Distrito Federal prorrogou por mais 30 dias a pris\u00e3o dos tr\u00eas t\u00e9cnicos de enfermagem suspeitos de provocar a morte de pacientes na UTI do Hospital Anchieta, no DF. Marcos Vin\u00edcius Silva Barbosa de Ara\u00fajo, Marcela Camilly Alves da Silva e Amanda Rodrigues de Sousa est\u00e3o presos desde janeiro e s\u00e3o investigados por [&hellip;]\" \/>\n<meta property=\"og:url\" content=\"https:\/\/www.notibras.com\/site\/tecnicos-de-enfermagem-suspeitos-de-assassinatos-sao-mantidos-presos\/\" \/>\n<meta property=\"og:site_name\" content=\"Notibras\" \/>\n<meta property=\"article:publisher\" content=\"https:\/\/www.facebook.com\/notibras\/\" \/>\n<meta property=\"article:published_time\" content=\"2026-02-11T04:15:51+00:00\" \/>\n<meta property=\"og:image\" content=\"https:\/\/www.notibras.com\/site\/wp-content\/uploads\/2026\/02\/IMG_1072.jpg\" \/>\n\t<meta property=\"og:image:width\" content=\"1170\" \/>\n\t<meta property=\"og:image:height\" content=\"540\" \/>\n\t<meta property=\"og:image:type\" content=\"image\/jpeg\" \/>\n<meta name=\"author\" content=\"Eduardo Mart\u00ednez\" \/>\n<meta name=\"twitter:card\" content=\"summary_large_image\" \/>\n<meta name=\"twitter:creator\" content=\"@Notibras\" \/>\n<meta name=\"twitter:site\" content=\"@Notibras\" \/>\n<meta name=\"twitter:label1\" content=\"Escrito por\" \/>\n\t<meta name=\"twitter:data1\" content=\"Eduardo Mart\u00ednez\" \/>\n\t<meta name=\"twitter:label2\" content=\"Est. tempo de leitura\" \/>\n\t<meta name=\"twitter:data2\" content=\"2 minutos\" \/>\n<script type=\"application\/ld+json\" class=\"yoast-schema-graph\">{\"@context\":\"https:\/\/schema.org\",\"@graph\":[{\"@type\":\"Article\",\"@id\":\"https:\/\/www.notibras.com\/site\/tecnicos-de-enfermagem-suspeitos-de-assassinatos-sao-mantidos-presos\/#article\",\"isPartOf\":{\"@id\":\"https:\/\/www.notibras.com\/site\/tecnicos-de-enfermagem-suspeitos-de-assassinatos-sao-mantidos-presos\/\"},\"author\":{\"name\":\"Eduardo Mart\u00ednez\",\"@id\":\"https:\/\/www.notibras.com\/site\/#\/schema\/person\/5b7fabf2aedc3ada2105f03b22b4d3dd\"},\"headline\":\"T\u00e9cnicos de enfermagem suspeitos de assassinatos s\u00e3o mantidos presos\",\"datePublished\":\"2026-02-11T04:15:51+00:00\",\"mainEntityOfPage\":{\"@id\":\"https:\/\/www.notibras.com\/site\/tecnicos-de-enfermagem-suspeitos-de-assassinatos-sao-mantidos-presos\/\"},\"wordCount\":339,\"publisher\":{\"@id\":\"https:\/\/www.notibras.com\/site\/#organization\"},\"image\":{\"@id\":\"https:\/\/www.notibras.com\/site\/tecnicos-de-enfermagem-suspeitos-de-assassinatos-sao-mantidos-presos\/#primaryimage\"},\"thumbnailUrl\":\"https:\/\/www.notibras.com\/site\/wp-content\/uploads\/2026\/02\/IMG_1072.jpg\",\"articleSection\":[\"Quadradinho em Foco\"],\"inLanguage\":\"pt-BR\"},{\"@type\":\"WebPage\",\"@id\":\"https:\/\/www.notibras.com\/site\/tecnicos-de-enfermagem-suspeitos-de-assassinatos-sao-mantidos-presos\/\",\"url\":\"https:\/\/www.notibras.com\/site\/tecnicos-de-enfermagem-suspeitos-de-assassinatos-sao-mantidos-presos\/\",\"name\":\"T\u00e9cnicos de enfermagem suspeitos de assassinatos s\u00e3o mantidos presos - Notibras\",\"isPartOf\":{\"@id\":\"https:\/\/www.notibras.com\/site\/#website\"},\"primaryImageOfPage\":{\"@id\":\"https:\/\/www.notibras.com\/site\/tecnicos-de-enfermagem-suspeitos-de-assassinatos-sao-mantidos-presos\/#primaryimage\"},\"image\":{\"@id\":\"https:\/\/www.notibras.com\/site\/tecnicos-de-enfermagem-suspeitos-de-assassinatos-sao-mantidos-presos\/#primaryimage\"},\"thumbnailUrl\":\"https:\/\/www.notibras.com\/site\/wp-content\/uploads\/2026\/02\/IMG_1072.jpg\",\"datePublished\":\"2026-02-11T04:15:51+00:00\",\"breadcrumb\":{\"@id\":\"https:\/\/www.notibras.com\/site\/tecnicos-de-enfermagem-suspeitos-de-assassinatos-sao-mantidos-presos\/#breadcrumb\"},\"inLanguage\":\"pt-BR\",\"potentialAction\":[{\"@type\":\"ReadAction\",\"target\":[\"https:\/\/www.notibras.com\/site\/tecnicos-de-enfermagem-suspeitos-de-assassinatos-sao-mantidos-presos\/\"]}]},{\"@type\":\"ImageObject\",\"inLanguage\":\"pt-BR\",\"@id\":\"https:\/\/www.notibras.com\/site\/tecnicos-de-enfermagem-suspeitos-de-assassinatos-sao-mantidos-presos\/#primaryimage\",\"url\":\"https:\/\/www.notibras.com\/site\/wp-content\/uploads\/2026\/02\/IMG_1072.jpg\",\"contentUrl\":\"https:\/\/www.notibras.com\/site\/wp-content\/uploads\/2026\/02\/IMG_1072.jpg\",\"width\":1170,\"height\":540,\"caption\":\"Screenshot\"},{\"@type\":\"BreadcrumbList\",\"@id\":\"https:\/\/www.notibras.com\/site\/tecnicos-de-enfermagem-suspeitos-de-assassinatos-sao-mantidos-presos\/#breadcrumb\",\"itemListElement\":[{\"@type\":\"ListItem\",\"position\":1,\"name\":\"In\u00edcio\",\"item\":\"https:\/\/www.notibras.com\/site\/\"},{\"@type\":\"ListItem\",\"position\":2,\"name\":\"T\u00e9cnicos de enfermagem suspeitos de assassinatos s\u00e3o mantidos presos\"}]},{\"@type\":\"WebSite\",\"@id\":\"https:\/\/www.notibras.com\/site\/#website\",\"url\":\"https:\/\/www.notibras.com\/site\/\",\"name\":\"Notibras\",\"description\":\"Not\u00edcias de Bras\u00edlia, do Brasil e do Mundo\",\"publisher\":{\"@id\":\"https:\/\/www.notibras.com\/site\/#organization\"},\"potentialAction\":[{\"@type\":\"SearchAction\",\"target\":{\"@type\":\"EntryPoint\",\"urlTemplate\":\"https:\/\/www.notibras.com\/site\/?s={search_term_string}\"},\"query-input\":{\"@type\":\"PropertyValueSpecification\",\"valueRequired\":true,\"valueName\":\"search_term_string\"}}],\"inLanguage\":\"pt-BR\"},{\"@type\":\"Organization\",\"@id\":\"https:\/\/www.notibras.com\/site\/#organization\",\"name\":\"Grupo Notibras de Comunica\u00e7\u00e3o\",\"url\":\"https:\/\/www.notibras.com\/site\/\",\"logo\":{\"@type\":\"ImageObject\",\"inLanguage\":\"pt-BR\",\"@id\":\"https:\/\/www.notibras.com\/site\/#\/schema\/logo\/image\/\",\"url\":\"https:\/\/www.notibras.com\/site\/wp-content\/uploads\/2023\/01\/notibras23.png\",\"contentUrl\":\"https:\/\/www.notibras.com\/site\/wp-content\/uploads\/2023\/01\/notibras23.png\",\"width\":350,\"height\":87,\"caption\":\"Grupo Notibras de Comunica\u00e7\u00e3o\"},\"image\":{\"@id\":\"https:\/\/www.notibras.com\/site\/#\/schema\/logo\/image\/\"},\"sameAs\":[\"https:\/\/www.facebook.com\/notibras\/\",\"https:\/\/x.com\/Notibras\",\"https:\/\/www.instagram.com\/notibras\/\"]},{\"@type\":\"Person\",\"@id\":\"https:\/\/www.notibras.com\/site\/#\/schema\/person\/5b7fabf2aedc3ada2105f03b22b4d3dd\",\"name\":\"Eduardo Mart\u00ednez\",\"image\":{\"@type\":\"ImageObject\",\"inLanguage\":\"pt-BR\",\"@id\":\"https:\/\/secure.gravatar.com\/avatar\/7902f906289926289cbcda644b5197c796b893c6ffd7b9a536a42d290f7704a0?s=96&d=mm&r=g\",\"url\":\"https:\/\/secure.gravatar.com\/avatar\/7902f906289926289cbcda644b5197c796b893c6ffd7b9a536a42d290f7704a0?s=96&d=mm&r=g\",\"contentUrl\":\"https:\/\/secure.gravatar.com\/avatar\/7902f906289926289cbcda644b5197c796b893c6ffd7b9a536a42d290f7704a0?s=96&d=mm&r=g\",\"caption\":\"Eduardo Mart\u00ednez\"}}]}<\/script>\n<!-- \/ Yoast SEO plugin. -->","yoast_head_json":{"title":"T\u00e9cnicos de enfermagem suspeitos de assassinatos s\u00e3o mantidos presos - Notibras","robots":{"index":"index","follow":"follow","max-snippet":"max-snippet:-1","max-image-preview":"max-image-preview:large","max-video-preview":"max-video-preview:-1"},"canonical":"https:\/\/www.notibras.com\/site\/tecnicos-de-enfermagem-suspeitos-de-assassinatos-sao-mantidos-presos\/","og_locale":"pt_BR","og_type":"article","og_title":"T\u00e9cnicos de enfermagem suspeitos de assassinatos s\u00e3o mantidos presos - Notibras","og_description":"A Justi\u00e7a do Distrito Federal prorrogou por mais 30 dias a pris\u00e3o dos tr\u00eas t\u00e9cnicos de enfermagem suspeitos de provocar a morte de pacientes na UTI do Hospital Anchieta, no DF. Marcos Vin\u00edcius Silva Barbosa de Ara\u00fajo, Marcela Camilly Alves da Silva e Amanda Rodrigues de Sousa est\u00e3o presos desde janeiro e s\u00e3o investigados por [&hellip;]","og_url":"https:\/\/www.notibras.com\/site\/tecnicos-de-enfermagem-suspeitos-de-assassinatos-sao-mantidos-presos\/","og_site_name":"Notibras","article_publisher":"https:\/\/www.facebook.com\/notibras\/","article_published_time":"2026-02-11T04:15:51+00:00","og_image":[{"width":1170,"height":540,"url":"https:\/\/www.notibras.com\/site\/wp-content\/uploads\/2026\/02\/IMG_1072.jpg","type":"image\/jpeg"}],"author":"Eduardo Mart\u00ednez","twitter_card":"summary_large_image","twitter_creator":"@Notibras","twitter_site":"@Notibras","twitter_misc":{"Escrito por":"Eduardo Mart\u00ednez","Est. tempo de leitura":"2 minutos"},"schema":{"@context":"https:\/\/schema.org","@graph":[{"@type":"Article","@id":"https:\/\/www.notibras.com\/site\/tecnicos-de-enfermagem-suspeitos-de-assassinatos-sao-mantidos-presos\/#article","isPartOf":{"@id":"https:\/\/www.notibras.com\/site\/tecnicos-de-enfermagem-suspeitos-de-assassinatos-sao-mantidos-presos\/"},"author":{"name":"Eduardo Mart\u00ednez","@id":"https:\/\/www.notibras.com\/site\/#\/schema\/person\/5b7fabf2aedc3ada2105f03b22b4d3dd"},"headline":"T\u00e9cnicos de enfermagem suspeitos de assassinatos s\u00e3o mantidos presos","datePublished":"2026-02-11T04:15:51+00:00","mainEntityOfPage":{"@id":"https:\/\/www.notibras.com\/site\/tecnicos-de-enfermagem-suspeitos-de-assassinatos-sao-mantidos-presos\/"},"wordCount":339,"publisher":{"@id":"https:\/\/www.notibras.com\/site\/#organization"},"image":{"@id":"https:\/\/www.notibras.com\/site\/tecnicos-de-enfermagem-suspeitos-de-assassinatos-sao-mantidos-presos\/#primaryimage"},"thumbnailUrl":"https:\/\/www.notibras.com\/site\/wp-content\/uploads\/2026\/02\/IMG_1072.jpg","articleSection":["Quadradinho em Foco"],"inLanguage":"pt-BR"},{"@type":"WebPage","@id":"https:\/\/www.notibras.com\/site\/tecnicos-de-enfermagem-suspeitos-de-assassinatos-sao-mantidos-presos\/","url":"https:\/\/www.notibras.com\/site\/tecnicos-de-enfermagem-suspeitos-de-assassinatos-sao-mantidos-presos\/","name":"T\u00e9cnicos de enfermagem suspeitos de assassinatos s\u00e3o mantidos presos - Notibras","isPartOf":{"@id":"https:\/\/www.notibras.com\/site\/#website"},"primaryImageOfPage":{"@id":"https:\/\/www.notibras.com\/site\/tecnicos-de-enfermagem-suspeitos-de-assassinatos-sao-mantidos-presos\/#primaryimage"},"image":{"@id":"https:\/\/www.notibras.com\/site\/tecnicos-de-enfermagem-suspeitos-de-assassinatos-sao-mantidos-presos\/#primaryimage"},"thumbnailUrl":"https:\/\/www.notibras.com\/site\/wp-content\/uploads\/2026\/02\/IMG_1072.jpg","datePublished":"2026-02-11T04:15:51+00:00","breadcrumb":{"@id":"https:\/\/www.notibras.com\/site\/tecnicos-de-enfermagem-suspeitos-de-assassinatos-sao-mantidos-presos\/#breadcrumb"},"inLanguage":"pt-BR","potentialAction":[{"@type":"ReadAction","target":["https:\/\/www.notibras.com\/site\/tecnicos-de-enfermagem-suspeitos-de-assassinatos-sao-mantidos-presos\/"]}]},{"@type":"ImageObject","inLanguage":"pt-BR","@id":"https:\/\/www.notibras.com\/site\/tecnicos-de-enfermagem-suspeitos-de-assassinatos-sao-mantidos-presos\/#primaryimage","url":"https:\/\/www.notibras.com\/site\/wp-content\/uploads\/2026\/02\/IMG_1072.jpg","contentUrl":"https:\/\/www.notibras.com\/site\/wp-content\/uploads\/2026\/02\/IMG_1072.jpg","width":1170,"height":540,"caption":"Screenshot"},{"@type":"BreadcrumbList","@id":"https:\/\/www.notibras.com\/site\/tecnicos-de-enfermagem-suspeitos-de-assassinatos-sao-mantidos-presos\/#breadcrumb","itemListElement":[{"@type":"ListItem","position":1,"name":"In\u00edcio","item":"https:\/\/www.notibras.com\/site\/"},{"@type":"ListItem","position":2,"name":"T\u00e9cnicos de enfermagem suspeitos de assassinatos s\u00e3o mantidos presos"}]},{"@type":"WebSite","@id":"https:\/\/www.notibras.com\/site\/#website","url":"https:\/\/www.notibras.com\/site\/","name":"Notibras","description":"Not\u00edcias de Bras\u00edlia, do Brasil e do Mundo","publisher":{"@id":"https:\/\/www.notibras.com\/site\/#organization"},"potentialAction":[{"@type":"SearchAction","target":{"@type":"EntryPoint","urlTemplate":"https:\/\/www.notibras.com\/site\/?s={search_term_string}"},"query-input":{"@type":"PropertyValueSpecification","valueRequired":true,"valueName":"search_term_string"}}],"inLanguage":"pt-BR"},{"@type":"Organization","@id":"https:\/\/www.notibras.com\/site\/#organization","name":"Grupo Notibras de Comunica\u00e7\u00e3o","url":"https:\/\/www.notibras.com\/site\/","logo":{"@type":"ImageObject","inLanguage":"pt-BR","@id":"https:\/\/www.notibras.com\/site\/#\/schema\/logo\/image\/","url":"https:\/\/www.notibras.com\/site\/wp-content\/uploads\/2023\/01\/notibras23.png","contentUrl":"https:\/\/www.notibras.com\/site\/wp-content\/uploads\/2023\/01\/notibras23.png","width":350,"height":87,"caption":"Grupo Notibras de Comunica\u00e7\u00e3o"},"image":{"@id":"https:\/\/www.notibras.com\/site\/#\/schema\/logo\/image\/"},"sameAs":["https:\/\/www.facebook.com\/notibras\/","https:\/\/x.com\/Notibras","https:\/\/www.instagram.com\/notibras\/"]},{"@type":"Person","@id":"https:\/\/www.notibras.com\/site\/#\/schema\/person\/5b7fabf2aedc3ada2105f03b22b4d3dd","name":"Eduardo Mart\u00ednez","image":{"@type":"ImageObject","inLanguage":"pt-BR","@id":"https:\/\/secure.gravatar.com\/avatar\/7902f906289926289cbcda644b5197c796b893c6ffd7b9a536a42d290f7704a0?s=96&d=mm&r=g","url":"https:\/\/secure.gravatar.com\/avatar\/7902f906289926289cbcda644b5197c796b893c6ffd7b9a536a42d290f7704a0?s=96&d=mm&r=g","contentUrl":"https:\/\/secure.gravatar.com\/avatar\/7902f906289926289cbcda644b5197c796b893c6ffd7b9a536a42d290f7704a0?s=96&d=mm&r=g","caption":"Eduardo Mart\u00ednez"}}]}},"amp_enabled":true,"_links":{"self":[{"href":"https:\/\/www.notibras.com\/site\/wp-json\/wp\/v2\/posts\/382684","targetHints":{"allow":["GET"]}}],"collection":[{"href":"https:\/\/www.notibras.com\/site\/wp-json\/wp\/v2\/posts"}],"about":[{"href":"https:\/\/www.notibras.com\/site\/wp-json\/wp\/v2\/types\/post"}],"author":[{"embeddable":true,"href":"https:\/\/www.notibras.com\/site\/wp-json\/wp\/v2\/users\/21"}],"replies":[{"embeddable":true,"href":"https:\/\/www.notibras.com\/site\/wp-json\/wp\/v2\/comments?post=382684"}],"version-history":[{"count":3,"href":"https:\/\/www.notibras.com\/site\/wp-json\/wp\/v2\/posts\/382684\/revisions"}],"predecessor-version":[{"id":382689,"href":"https:\/\/www.notibras.com\/site\/wp-json\/wp\/v2\/posts\/382684\/revisions\/382689"}],"wp:featuredmedia":[{"embeddable":true,"href":"https:\/\/www.notibras.com\/site\/wp-json\/wp\/v2\/media\/382687"}],"wp:attachment":[{"href":"https:\/\/www.notibras.com\/site\/wp-json\/wp\/v2\/media?parent=382684"}],"wp:term":[{"taxonomy":"category","embeddable":true,"href":"https:\/\/www.notibras.com\/site\/wp-json\/wp\/v2\/categories?post=382684"},{"taxonomy":"post_tag","embeddable":true,"href":"https:\/\/www.notibras.com\/site\/wp-json\/wp\/v2\/tags?post=382684"}],"curies":[{"name":"wp","href":"https:\/\/api.w.org\/{rel}","templated":true}]}}