{"id":382784,"date":"2026-02-12T00:15:14","date_gmt":"2026-02-12T03:15:14","guid":{"rendered":"https:\/\/www.notibras.com\/site\/?p=382784"},"modified":"2026-02-11T20:16:02","modified_gmt":"2026-02-11T23:16:02","slug":"ampliacao-de-pesquisas-e-reforca-protagonismo-feminino-na-ciencia","status":"publish","type":"post","link":"https:\/\/www.notibras.com\/site\/ampliacao-de-pesquisas-e-reforca-protagonismo-feminino-na-ciencia\/","title":{"rendered":"Amplia\u00e7\u00e3o de pesquisas e refor\u00e7a protagonismo feminino na ci\u00eancia"},"content":{"rendered":"<p>Dentro dos hospitais e unidades de pronto atendimento (Upas) do Distrito Federal, pesquisas cient\u00edficas v\u00eam ajudando a salvar vidas, aprimorar tratamentos e tornar o atendimento mais seguro. No Instituto de Gest\u00e3o Estrat\u00e9gica de Sa\u00fade do Distrito Federal (IgesDF), o conhecimento produzido na rotina das unidades se transforma em estudos que orientam decis\u00f5es cl\u00ednicas, aperfei\u00e7oam protocolos e fortalecem a qualidade da assist\u00eancia prestada \u00e0 popula\u00e7\u00e3o.<\/p>\n<p>Em 2025, o Instituto contabiliza 145 pesquisas em andamento, sendo que 29 delas s\u00e3o patrocinadas. Os estudos t\u00eam foco em \u00e1reas como seguran\u00e7a do paciente, doen\u00e7as cr\u00f4nicas e infecciosas, alta complexidade, inova\u00e7\u00e3o em processos e gest\u00e3o em sa\u00fade.<\/p>\n<p>As pesquisas n\u00e3o patrocinadas s\u00e3o desenvolvidas a partir das demandas da pr\u00f3pria rede p\u00fablica, conduzidas por profissionais do Instituto e voltadas para necessidades reais do Sistema \u00danico de Sa\u00fade (SUS). J\u00e1 os estudos patrocinados contam com apoio de institui\u00e7\u00f5es parceiras e da ind\u00fastria, o que permite acesso a novas tecnologias, tratamentos e m\u00e9todos capazes de ampliar possibilidades terap\u00eauticas e qualificar ainda mais o cuidado.<\/p>\n<p>O avan\u00e7o ganha destaque nesta quarta-feira (11), quando \u00e9 celebrado o Dia Internacional das Mulheres e Meninas na Ci\u00eancia, institu\u00eddo pela Organiza\u00e7\u00e3o das Na\u00e7\u00f5es Unidas (ONU), em 2015. A data busca ampliar a representatividade feminina nas \u00e1reas cient\u00edficas e refor\u00e7ar a import\u00e2ncia da igualdade de oportunidades na pesquisa e na inova\u00e7\u00e3o.<\/p>\n<p><strong>Pesquisa que nasce da assist\u00eancia<\/strong><\/p>\n<p>\u00c0 frente da articula\u00e7\u00e3o cient\u00edfica no IgesDF est\u00e1 a Diretoria de Inova\u00e7\u00e3o, Ensino e Pesquisa (Diep), respons\u00e1vel por fortalecer a produ\u00e7\u00e3o cient\u00edfica aplicada \u00e0 realidade do SUS, incentivar pr\u00e1ticas baseadas em evid\u00eancias e ampliar a qualifica\u00e7\u00e3o profissional.<\/p>\n<p>\u201cCelebrar essa data representa o reconhecimento do papel fundamental das mulheres na produ\u00e7\u00e3o do conhecimento cient\u00edfico e na transforma\u00e7\u00e3o da sa\u00fade p\u00fablica. Para o IgesDF e para a Diep, \u00e9 tamb\u00e9m um compromisso com a valoriza\u00e7\u00e3o da equidade e com o fortalecimento de uma cultura institucional que reconhece a diversidade como fator essencial para inova\u00e7\u00e3o e qualidade assistencial\u201d, afirma Emanuela Dourado, diretora da Diep.<\/p>\n<p>Segundo a gerente de Pesquisa do Instituto, Ana Carolina Lagoa, o diferencial dos estudos desenvolvidos na rede p\u00fablica de sa\u00fade \u00e9 a conex\u00e3o direta com o cotidiano hospitalar. \u201cA pesquisa no IgesDF nasce da pr\u00e1tica assistencial. Os resultados contribuem para aprimorar protocolos, qualificar decis\u00f5es cl\u00ednicas, otimizar fluxos de atendimento e promover um cuidado mais seguro, eficiente e baseado em evid\u00eancias\u201d, explica.<\/p>\n<p>Ela destaca que transformar uma ideia em projeto cient\u00edfico exige planejamento e cumprimento rigoroso das normas \u00e9ticas.\u201cO processo se inicia com a submiss\u00e3o do projeto \u00e0 Ger\u00eancia de Pesquisa, por meio do N\u00facleo de Apoio ao Pesquisador (Napes). A aprova\u00e7\u00e3o institucional ocorre ap\u00f3s anu\u00eancia do Conselho Cient\u00edfico e da Diep. Em seguida, o projeto deve ser submetido ao Comit\u00ea de \u00c9tica em Pesquisa do IgesDF (CEP\/IgesDF). Somente ap\u00f3s as duas aprova\u00e7\u00f5es a pesquisa pode ser iniciada\u201d, detalha.<\/p>\n<p>Ana Carolina tamb\u00e9m refor\u00e7a que o Instituto incentiva a divulga\u00e7\u00e3o dos resultados por meio de publica\u00e7\u00f5es cient\u00edficas e participa\u00e7\u00e3o em congressos e eventos acad\u00eamicos.\u201cA institui\u00e7\u00e3o reconhece a import\u00e2ncia da dissemina\u00e7\u00e3o do conhecimento como parte do processo cient\u00edfico e como ferramenta de qualifica\u00e7\u00e3o da assist\u00eancia\u201d, completa.<\/p>\n<p><strong>Parcerias que conectam o DF ao mundo<\/strong><\/p>\n<p>O crescimento da pesquisa no IgesDF tamb\u00e9m \u00e9 impulsionado por parcerias estrat\u00e9gicas com institui\u00e7\u00f5es reconhecidas no Brasil e no exterior. Atualmente, o Instituto mant\u00e9m coopera\u00e7\u00e3o com o Hospital Albert Einstein, Hospital S\u00edrio-Liban\u00eas, Hospital Moinhos de Vento, Hospital Benefic\u00eancia Portuguesa, Hospital Alem\u00e3o Oswaldo Cruz, al\u00e9m da Universidade de S\u00e3o Paulo (USP) e da Universidade de Bras\u00edlia (UnB).<\/p>\n<p>H\u00e1 ainda parcerias internacionais com institui\u00e7\u00f5es como a Monash University, Universidade de Melbourne, Behrn University, al\u00e9m de organiza\u00e7\u00f5es e empresas como GSK, Takeda e Amgen, entre outras.<\/p>\n<p>Essas conex\u00f5es permitem que o Distrito Federal participe de estudos de ponta e contribuem para que novas solu\u00e7\u00f5es cheguem ao SUS com mais rapidez e qualidade. Na pr\u00e1tica, cada pesquisa pode significar diagn\u00f3sticos mais precisos, protocolos mais eficientes, menos complica\u00e7\u00f5es e mais chances de recupera\u00e7\u00e3o para os pacientes atendidos na rede p\u00fablica.<\/p>\n<p>Para a diretora da Diep, as alian\u00e7as refor\u00e7am o papel do Instituto como refer\u00eancia em inova\u00e7\u00e3o dentro do SUS. \u201cN\u00f3s atuamos de forma estrat\u00e9gica na articula\u00e7\u00e3o entre pesquisa, ensino e assist\u00eancia, promovendo apoio t\u00e9cnico aos projetos, incentivo \u00e0 produ\u00e7\u00e3o cient\u00edfica, capacita\u00e7\u00f5es e acompanhamento \u00e9tico e metodol\u00f3gico. Essas a\u00e7\u00f5es contribuem para a qualifica\u00e7\u00e3o dos profissionais e para a incorpora\u00e7\u00e3o de pr\u00e1ticas baseadas em evid\u00eancias na rede p\u00fablica de sa\u00fade\u201d, afirma Emanuela.<\/p>\n<p><strong>Mulheres que transformam perguntas em esperan\u00e7a<\/strong><\/p>\n<p>Entre as pesquisadoras que representam esse avan\u00e7o est\u00e1 a m\u00e9dica gastroenterologista e hepatologista Liliana Sampaio Costa Mendes, que atua no Hospital de Base desde 2001 e desenvolve pesquisas desde 1999. Doutora em gastroenterologia pela USP, ela coordena estudos patrocinados desde 2014 e desenvolve linhas voltadas \u00e0 cirrose, doen\u00e7as raras e c\u00e2ncer hep\u00e1tico.<\/p>\n<p>\u201cMeu interesse pela pesquisa e pela ci\u00eancia surgiu muito cedo, quando percebi que apenas atrav\u00e9s dessas perguntas, que ainda n\u00e3o t\u00eam respostas, \u00e9 que a gente poderia trazer algum tipo de consolo e propriedade para tratar os pacientes que sofriam de mol\u00e9stias que ainda n\u00e3o t\u00eam muitas perspectivas de tratamento\u201d, conta.<\/p>\n<p>Liliana explica que a ci\u00eancia permite rever conceitos consolidados ao longo do tempo.\u201cCom o passar dos anos, a gente viu que a fibrose da cirrose tamb\u00e9m pode reverter. Muitos dogmas v\u00e3o sendo desconstru\u00eddos e, com isso, passamos a enxergar melhores perspectivas para a vida de pacientes portadores de cirrose\u201d, afirma.<\/p>\n<p>Segundo a pesquisadora, a ci\u00eancia ajuda a salvar vidas justamente porque permite identificar riscos antes que o quadro se agrave. \u201cEm uma das pesquisas em que participei, descobrimos que um tipo de descompensa\u00e7\u00e3o da cirrose, que antes era visto como mais leve, podia ser t\u00e3o perigoso quanto quadros mais graves. Isso fez com que a gente passasse a agir mais cedo, protegendo mais pacientes e aumentando as chances de recupera\u00e7\u00e3o\u201d, explica.<\/p>\n<p><strong>Ci\u00eancia tamb\u00e9m \u00e9 organiza\u00e7\u00e3o e persist\u00eancia<\/strong><\/p>\n<p>Conciliar assist\u00eancia, pesquisa e rotina hospitalar exige disciplina. Para Liliana, o tempo dedicado ao estudo precisa ser respeitado com a mesma seriedade que o tempo dedicado ao paciente.<\/p>\n<p>\u201cA pesquisa exige tempo protegido. Algumas horas semanais ou at\u00e9 um turno inteiro precisam ser reservados para garantir que as metas sejam cumpridas\u201d, diz.<\/p>\n<p>Ela reconhece que o esfor\u00e7o \u00e9 grande, mas destaca que os resultados compensam. \u201cVoc\u00ea precisa se apaixonar pelo que est\u00e1 pesquisando, colocar dedica\u00e7\u00e3o e acreditar que aquilo \u00e9 relevante. Mesmo cansado da rotina, voc\u00ea vai para a pesquisa e fica ali duas, tr\u00eas horas diante de um computador fazendo coleta de dados, por exemplo\u201d, afirma.<\/p>\n<p><strong>Ci\u00eancia como resposta para o SUS<\/strong><\/p>\n<p>Para o IgesDF, investir em pesquisa tamb\u00e9m significa buscar solu\u00e7\u00f5es mais eficientes e sustent\u00e1veis para a sa\u00fade p\u00fablica. \u201cNa sa\u00fade p\u00fablica, a import\u00e2ncia da ci\u00eancia \u00e9 enorme, porque ela pode trazer respostas mais adequadas e mais acess\u00edveis, que possam ser aplicadas em larga escala. Os estudos de custo-efetividade s\u00e3o exemplos disso\u201d, explica Liliana.<\/p>\n<p>Al\u00e9m dos n\u00fameros e protocolos, a data tamb\u00e9m refor\u00e7a o papel de inspirar novas gera\u00e7\u00f5es. Para Ana Carolina, a presen\u00e7a feminina na pesquisa \u00e9 cada vez mais expressiva dentro do Instituto.<\/p>\n<p>\u201cO que mais me orgulha \u00e9 acompanhar o comprometimento e a responsabilidade com que essas mulheres conduzem suas pesquisas. Elas conseguem transformar a viv\u00eancia di\u00e1ria nos servi\u00e7os de sa\u00fade em conhecimento cient\u00edfico de qualidade, com impacto direto na assist\u00eancia e na gest\u00e3o. Ver esse retorno para a popula\u00e7\u00e3o atendida pelo IgesDF \u00e9, sem d\u00favida, o mais gratificante\u201d, afirma.<\/p>\n<p>J\u00e1 Liliana deixa um recado \u00e0s futuras cientistas: \u201cVoc\u00eas s\u00e3o meninas superpoderosas. Se apaixonem pelo que querem fazer, se organizem e coloquem suas metas no papel\u201d.<\/p>\n<p>Emanuela tamb\u00e9m refor\u00e7a que incentivar meninas na ci\u00eancia \u00e9 fortalecer o futuro da sa\u00fade p\u00fablica. \u201cA ci\u00eancia precisa de diversidade, e a presen\u00e7a de mulheres \u00e9 essencial em todas as etapas do processo cient\u00edfico. Precisamos de mais mulheres pesquisando, liderando projetos e participando das decis\u00f5es, porque isso fortalece a ci\u00eancia e torna o conhecimento mais diverso, \u00e9tico e conectado com as necessidades da sociedade, no IgesDF, ci\u00eancia tamb\u00e9m \u00e9 cuidado e cada vez mais tem voz de mulher\u201d, conclui.<\/p>\n","protected":false},"excerpt":{"rendered":"<p>Dentro dos hospitais e unidades de pronto atendimento (Upas) do Distrito Federal, pesquisas cient\u00edficas v\u00eam ajudando a salvar vidas, aprimorar tratamentos e tornar o atendimento mais seguro. No Instituto de Gest\u00e3o Estrat\u00e9gica de Sa\u00fade do Distrito Federal (IgesDF), o conhecimento produzido na rotina das unidades se transforma em estudos que orientam decis\u00f5es cl\u00ednicas, aperfei\u00e7oam protocolos [&hellip;]<\/p>\n","protected":false},"author":21,"featured_media":382785,"comment_status":"closed","ping_status":"closed","sticky":false,"template":"","format":"standard","meta":{"_acf_changed":false,"footnotes":""},"categories":[161],"tags":[],"class_list":["post-382784","post","type-post","status-publish","format-standard","has-post-thumbnail","hentry","category-quadradinho-em-foco"],"acf":[],"yoast_head":"<!-- This site is optimized with the Yoast SEO plugin v27.2 - https:\/\/yoast.com\/product\/yoast-seo-wordpress\/ -->\n<title>Amplia\u00e7\u00e3o de pesquisas e refor\u00e7a protagonismo feminino na ci\u00eancia - Notibras<\/title>\n<meta name=\"robots\" content=\"index, follow, max-snippet:-1, max-image-preview:large, max-video-preview:-1\" \/>\n<link rel=\"canonical\" href=\"https:\/\/www.notibras.com\/site\/ampliacao-de-pesquisas-e-reforca-protagonismo-feminino-na-ciencia\/\" \/>\n<meta property=\"og:locale\" content=\"pt_BR\" \/>\n<meta property=\"og:type\" content=\"article\" \/>\n<meta property=\"og:title\" content=\"Amplia\u00e7\u00e3o de pesquisas e refor\u00e7a protagonismo feminino na ci\u00eancia - Notibras\" \/>\n<meta property=\"og:description\" content=\"Dentro dos hospitais e unidades de pronto atendimento (Upas) do Distrito Federal, pesquisas cient\u00edficas v\u00eam ajudando a salvar vidas, aprimorar tratamentos e tornar o atendimento mais seguro. No Instituto de Gest\u00e3o Estrat\u00e9gica de Sa\u00fade do Distrito Federal (IgesDF), o conhecimento produzido na rotina das unidades se transforma em estudos que orientam decis\u00f5es cl\u00ednicas, aperfei\u00e7oam protocolos [&hellip;]\" \/>\n<meta property=\"og:url\" content=\"https:\/\/www.notibras.com\/site\/ampliacao-de-pesquisas-e-reforca-protagonismo-feminino-na-ciencia\/\" \/>\n<meta property=\"og:site_name\" content=\"Notibras\" \/>\n<meta property=\"article:publisher\" content=\"https:\/\/www.facebook.com\/notibras\/\" \/>\n<meta property=\"article:published_time\" content=\"2026-02-12T03:15:14+00:00\" \/>\n<meta property=\"og:image\" content=\"https:\/\/www.notibras.com\/site\/wp-content\/uploads\/2026\/02\/Nucleo_de_pesquisa_2026-02-11_at_16.44.13.jpeg\" \/>\n\t<meta property=\"og:image:width\" content=\"1280\" \/>\n\t<meta property=\"og:image:height\" content=\"854\" \/>\n\t<meta property=\"og:image:type\" content=\"image\/jpeg\" \/>\n<meta name=\"author\" content=\"Eduardo Mart\u00ednez\" \/>\n<meta name=\"twitter:card\" content=\"summary_large_image\" \/>\n<meta name=\"twitter:creator\" content=\"@Notibras\" \/>\n<meta name=\"twitter:site\" content=\"@Notibras\" \/>\n<meta name=\"twitter:label1\" content=\"Escrito por\" \/>\n\t<meta name=\"twitter:data1\" content=\"Eduardo Mart\u00ednez\" \/>\n\t<meta name=\"twitter:label2\" content=\"Est. tempo de leitura\" \/>\n\t<meta name=\"twitter:data2\" content=\"8 minutos\" \/>\n<script type=\"application\/ld+json\" class=\"yoast-schema-graph\">{\"@context\":\"https:\/\/schema.org\",\"@graph\":[{\"@type\":\"Article\",\"@id\":\"https:\/\/www.notibras.com\/site\/ampliacao-de-pesquisas-e-reforca-protagonismo-feminino-na-ciencia\/#article\",\"isPartOf\":{\"@id\":\"https:\/\/www.notibras.com\/site\/ampliacao-de-pesquisas-e-reforca-protagonismo-feminino-na-ciencia\/\"},\"author\":{\"name\":\"Eduardo Mart\u00ednez\",\"@id\":\"https:\/\/www.notibras.com\/site\/#\/schema\/person\/5b7fabf2aedc3ada2105f03b22b4d3dd\"},\"headline\":\"Amplia\u00e7\u00e3o de pesquisas e refor\u00e7a protagonismo feminino na ci\u00eancia\",\"datePublished\":\"2026-02-12T03:15:14+00:00\",\"mainEntityOfPage\":{\"@id\":\"https:\/\/www.notibras.com\/site\/ampliacao-de-pesquisas-e-reforca-protagonismo-feminino-na-ciencia\/\"},\"wordCount\":1497,\"publisher\":{\"@id\":\"https:\/\/www.notibras.com\/site\/#organization\"},\"image\":{\"@id\":\"https:\/\/www.notibras.com\/site\/ampliacao-de-pesquisas-e-reforca-protagonismo-feminino-na-ciencia\/#primaryimage\"},\"thumbnailUrl\":\"https:\/\/www.notibras.com\/site\/wp-content\/uploads\/2026\/02\/Nucleo_de_pesquisa_2026-02-11_at_16.44.13.jpeg\",\"articleSection\":[\"Quadradinho em Foco\"],\"inLanguage\":\"pt-BR\"},{\"@type\":\"WebPage\",\"@id\":\"https:\/\/www.notibras.com\/site\/ampliacao-de-pesquisas-e-reforca-protagonismo-feminino-na-ciencia\/\",\"url\":\"https:\/\/www.notibras.com\/site\/ampliacao-de-pesquisas-e-reforca-protagonismo-feminino-na-ciencia\/\",\"name\":\"Amplia\u00e7\u00e3o de pesquisas e refor\u00e7a protagonismo feminino na ci\u00eancia - Notibras\",\"isPartOf\":{\"@id\":\"https:\/\/www.notibras.com\/site\/#website\"},\"primaryImageOfPage\":{\"@id\":\"https:\/\/www.notibras.com\/site\/ampliacao-de-pesquisas-e-reforca-protagonismo-feminino-na-ciencia\/#primaryimage\"},\"image\":{\"@id\":\"https:\/\/www.notibras.com\/site\/ampliacao-de-pesquisas-e-reforca-protagonismo-feminino-na-ciencia\/#primaryimage\"},\"thumbnailUrl\":\"https:\/\/www.notibras.com\/site\/wp-content\/uploads\/2026\/02\/Nucleo_de_pesquisa_2026-02-11_at_16.44.13.jpeg\",\"datePublished\":\"2026-02-12T03:15:14+00:00\",\"breadcrumb\":{\"@id\":\"https:\/\/www.notibras.com\/site\/ampliacao-de-pesquisas-e-reforca-protagonismo-feminino-na-ciencia\/#breadcrumb\"},\"inLanguage\":\"pt-BR\",\"potentialAction\":[{\"@type\":\"ReadAction\",\"target\":[\"https:\/\/www.notibras.com\/site\/ampliacao-de-pesquisas-e-reforca-protagonismo-feminino-na-ciencia\/\"]}]},{\"@type\":\"ImageObject\",\"inLanguage\":\"pt-BR\",\"@id\":\"https:\/\/www.notibras.com\/site\/ampliacao-de-pesquisas-e-reforca-protagonismo-feminino-na-ciencia\/#primaryimage\",\"url\":\"https:\/\/www.notibras.com\/site\/wp-content\/uploads\/2026\/02\/Nucleo_de_pesquisa_2026-02-11_at_16.44.13.jpeg\",\"contentUrl\":\"https:\/\/www.notibras.com\/site\/wp-content\/uploads\/2026\/02\/Nucleo_de_pesquisa_2026-02-11_at_16.44.13.jpeg\",\"width\":1280,\"height\":854},{\"@type\":\"BreadcrumbList\",\"@id\":\"https:\/\/www.notibras.com\/site\/ampliacao-de-pesquisas-e-reforca-protagonismo-feminino-na-ciencia\/#breadcrumb\",\"itemListElement\":[{\"@type\":\"ListItem\",\"position\":1,\"name\":\"In\u00edcio\",\"item\":\"https:\/\/www.notibras.com\/site\/\"},{\"@type\":\"ListItem\",\"position\":2,\"name\":\"Amplia\u00e7\u00e3o de pesquisas e refor\u00e7a protagonismo feminino na ci\u00eancia\"}]},{\"@type\":\"WebSite\",\"@id\":\"https:\/\/www.notibras.com\/site\/#website\",\"url\":\"https:\/\/www.notibras.com\/site\/\",\"name\":\"Notibras\",\"description\":\"Not\u00edcias de Bras\u00edlia, do Brasil e do Mundo\",\"publisher\":{\"@id\":\"https:\/\/www.notibras.com\/site\/#organization\"},\"potentialAction\":[{\"@type\":\"SearchAction\",\"target\":{\"@type\":\"EntryPoint\",\"urlTemplate\":\"https:\/\/www.notibras.com\/site\/?s={search_term_string}\"},\"query-input\":{\"@type\":\"PropertyValueSpecification\",\"valueRequired\":true,\"valueName\":\"search_term_string\"}}],\"inLanguage\":\"pt-BR\"},{\"@type\":\"Organization\",\"@id\":\"https:\/\/www.notibras.com\/site\/#organization\",\"name\":\"Grupo Notibras de Comunica\u00e7\u00e3o\",\"url\":\"https:\/\/www.notibras.com\/site\/\",\"logo\":{\"@type\":\"ImageObject\",\"inLanguage\":\"pt-BR\",\"@id\":\"https:\/\/www.notibras.com\/site\/#\/schema\/logo\/image\/\",\"url\":\"https:\/\/www.notibras.com\/site\/wp-content\/uploads\/2023\/01\/notibras23.png\",\"contentUrl\":\"https:\/\/www.notibras.com\/site\/wp-content\/uploads\/2023\/01\/notibras23.png\",\"width\":350,\"height\":87,\"caption\":\"Grupo Notibras de Comunica\u00e7\u00e3o\"},\"image\":{\"@id\":\"https:\/\/www.notibras.com\/site\/#\/schema\/logo\/image\/\"},\"sameAs\":[\"https:\/\/www.facebook.com\/notibras\/\",\"https:\/\/x.com\/Notibras\",\"https:\/\/www.instagram.com\/notibras\/\"]},{\"@type\":\"Person\",\"@id\":\"https:\/\/www.notibras.com\/site\/#\/schema\/person\/5b7fabf2aedc3ada2105f03b22b4d3dd\",\"name\":\"Eduardo Mart\u00ednez\",\"image\":{\"@type\":\"ImageObject\",\"inLanguage\":\"pt-BR\",\"@id\":\"https:\/\/secure.gravatar.com\/avatar\/7902f906289926289cbcda644b5197c796b893c6ffd7b9a536a42d290f7704a0?s=96&d=mm&r=g\",\"url\":\"https:\/\/secure.gravatar.com\/avatar\/7902f906289926289cbcda644b5197c796b893c6ffd7b9a536a42d290f7704a0?s=96&d=mm&r=g\",\"contentUrl\":\"https:\/\/secure.gravatar.com\/avatar\/7902f906289926289cbcda644b5197c796b893c6ffd7b9a536a42d290f7704a0?s=96&d=mm&r=g\",\"caption\":\"Eduardo Mart\u00ednez\"}}]}<\/script>\n<!-- \/ Yoast SEO plugin. -->","yoast_head_json":{"title":"Amplia\u00e7\u00e3o de pesquisas e refor\u00e7a protagonismo feminino na ci\u00eancia - Notibras","robots":{"index":"index","follow":"follow","max-snippet":"max-snippet:-1","max-image-preview":"max-image-preview:large","max-video-preview":"max-video-preview:-1"},"canonical":"https:\/\/www.notibras.com\/site\/ampliacao-de-pesquisas-e-reforca-protagonismo-feminino-na-ciencia\/","og_locale":"pt_BR","og_type":"article","og_title":"Amplia\u00e7\u00e3o de pesquisas e refor\u00e7a protagonismo feminino na ci\u00eancia - Notibras","og_description":"Dentro dos hospitais e unidades de pronto atendimento (Upas) do Distrito Federal, pesquisas cient\u00edficas v\u00eam ajudando a salvar vidas, aprimorar tratamentos e tornar o atendimento mais seguro. No Instituto de Gest\u00e3o Estrat\u00e9gica de Sa\u00fade do Distrito Federal (IgesDF), o conhecimento produzido na rotina das unidades se transforma em estudos que orientam decis\u00f5es cl\u00ednicas, aperfei\u00e7oam protocolos [&hellip;]","og_url":"https:\/\/www.notibras.com\/site\/ampliacao-de-pesquisas-e-reforca-protagonismo-feminino-na-ciencia\/","og_site_name":"Notibras","article_publisher":"https:\/\/www.facebook.com\/notibras\/","article_published_time":"2026-02-12T03:15:14+00:00","og_image":[{"width":1280,"height":854,"url":"https:\/\/www.notibras.com\/site\/wp-content\/uploads\/2026\/02\/Nucleo_de_pesquisa_2026-02-11_at_16.44.13.jpeg","type":"image\/jpeg"}],"author":"Eduardo Mart\u00ednez","twitter_card":"summary_large_image","twitter_creator":"@Notibras","twitter_site":"@Notibras","twitter_misc":{"Escrito por":"Eduardo Mart\u00ednez","Est. tempo de leitura":"8 minutos"},"schema":{"@context":"https:\/\/schema.org","@graph":[{"@type":"Article","@id":"https:\/\/www.notibras.com\/site\/ampliacao-de-pesquisas-e-reforca-protagonismo-feminino-na-ciencia\/#article","isPartOf":{"@id":"https:\/\/www.notibras.com\/site\/ampliacao-de-pesquisas-e-reforca-protagonismo-feminino-na-ciencia\/"},"author":{"name":"Eduardo Mart\u00ednez","@id":"https:\/\/www.notibras.com\/site\/#\/schema\/person\/5b7fabf2aedc3ada2105f03b22b4d3dd"},"headline":"Amplia\u00e7\u00e3o de pesquisas e refor\u00e7a protagonismo feminino na ci\u00eancia","datePublished":"2026-02-12T03:15:14+00:00","mainEntityOfPage":{"@id":"https:\/\/www.notibras.com\/site\/ampliacao-de-pesquisas-e-reforca-protagonismo-feminino-na-ciencia\/"},"wordCount":1497,"publisher":{"@id":"https:\/\/www.notibras.com\/site\/#organization"},"image":{"@id":"https:\/\/www.notibras.com\/site\/ampliacao-de-pesquisas-e-reforca-protagonismo-feminino-na-ciencia\/#primaryimage"},"thumbnailUrl":"https:\/\/www.notibras.com\/site\/wp-content\/uploads\/2026\/02\/Nucleo_de_pesquisa_2026-02-11_at_16.44.13.jpeg","articleSection":["Quadradinho em Foco"],"inLanguage":"pt-BR"},{"@type":"WebPage","@id":"https:\/\/www.notibras.com\/site\/ampliacao-de-pesquisas-e-reforca-protagonismo-feminino-na-ciencia\/","url":"https:\/\/www.notibras.com\/site\/ampliacao-de-pesquisas-e-reforca-protagonismo-feminino-na-ciencia\/","name":"Amplia\u00e7\u00e3o de pesquisas e refor\u00e7a protagonismo feminino na ci\u00eancia - Notibras","isPartOf":{"@id":"https:\/\/www.notibras.com\/site\/#website"},"primaryImageOfPage":{"@id":"https:\/\/www.notibras.com\/site\/ampliacao-de-pesquisas-e-reforca-protagonismo-feminino-na-ciencia\/#primaryimage"},"image":{"@id":"https:\/\/www.notibras.com\/site\/ampliacao-de-pesquisas-e-reforca-protagonismo-feminino-na-ciencia\/#primaryimage"},"thumbnailUrl":"https:\/\/www.notibras.com\/site\/wp-content\/uploads\/2026\/02\/Nucleo_de_pesquisa_2026-02-11_at_16.44.13.jpeg","datePublished":"2026-02-12T03:15:14+00:00","breadcrumb":{"@id":"https:\/\/www.notibras.com\/site\/ampliacao-de-pesquisas-e-reforca-protagonismo-feminino-na-ciencia\/#breadcrumb"},"inLanguage":"pt-BR","potentialAction":[{"@type":"ReadAction","target":["https:\/\/www.notibras.com\/site\/ampliacao-de-pesquisas-e-reforca-protagonismo-feminino-na-ciencia\/"]}]},{"@type":"ImageObject","inLanguage":"pt-BR","@id":"https:\/\/www.notibras.com\/site\/ampliacao-de-pesquisas-e-reforca-protagonismo-feminino-na-ciencia\/#primaryimage","url":"https:\/\/www.notibras.com\/site\/wp-content\/uploads\/2026\/02\/Nucleo_de_pesquisa_2026-02-11_at_16.44.13.jpeg","contentUrl":"https:\/\/www.notibras.com\/site\/wp-content\/uploads\/2026\/02\/Nucleo_de_pesquisa_2026-02-11_at_16.44.13.jpeg","width":1280,"height":854},{"@type":"BreadcrumbList","@id":"https:\/\/www.notibras.com\/site\/ampliacao-de-pesquisas-e-reforca-protagonismo-feminino-na-ciencia\/#breadcrumb","itemListElement":[{"@type":"ListItem","position":1,"name":"In\u00edcio","item":"https:\/\/www.notibras.com\/site\/"},{"@type":"ListItem","position":2,"name":"Amplia\u00e7\u00e3o de pesquisas e refor\u00e7a protagonismo feminino na ci\u00eancia"}]},{"@type":"WebSite","@id":"https:\/\/www.notibras.com\/site\/#website","url":"https:\/\/www.notibras.com\/site\/","name":"Notibras","description":"Not\u00edcias de Bras\u00edlia, do Brasil e do Mundo","publisher":{"@id":"https:\/\/www.notibras.com\/site\/#organization"},"potentialAction":[{"@type":"SearchAction","target":{"@type":"EntryPoint","urlTemplate":"https:\/\/www.notibras.com\/site\/?s={search_term_string}"},"query-input":{"@type":"PropertyValueSpecification","valueRequired":true,"valueName":"search_term_string"}}],"inLanguage":"pt-BR"},{"@type":"Organization","@id":"https:\/\/www.notibras.com\/site\/#organization","name":"Grupo Notibras de Comunica\u00e7\u00e3o","url":"https:\/\/www.notibras.com\/site\/","logo":{"@type":"ImageObject","inLanguage":"pt-BR","@id":"https:\/\/www.notibras.com\/site\/#\/schema\/logo\/image\/","url":"https:\/\/www.notibras.com\/site\/wp-content\/uploads\/2023\/01\/notibras23.png","contentUrl":"https:\/\/www.notibras.com\/site\/wp-content\/uploads\/2023\/01\/notibras23.png","width":350,"height":87,"caption":"Grupo Notibras de Comunica\u00e7\u00e3o"},"image":{"@id":"https:\/\/www.notibras.com\/site\/#\/schema\/logo\/image\/"},"sameAs":["https:\/\/www.facebook.com\/notibras\/","https:\/\/x.com\/Notibras","https:\/\/www.instagram.com\/notibras\/"]},{"@type":"Person","@id":"https:\/\/www.notibras.com\/site\/#\/schema\/person\/5b7fabf2aedc3ada2105f03b22b4d3dd","name":"Eduardo Mart\u00ednez","image":{"@type":"ImageObject","inLanguage":"pt-BR","@id":"https:\/\/secure.gravatar.com\/avatar\/7902f906289926289cbcda644b5197c796b893c6ffd7b9a536a42d290f7704a0?s=96&d=mm&r=g","url":"https:\/\/secure.gravatar.com\/avatar\/7902f906289926289cbcda644b5197c796b893c6ffd7b9a536a42d290f7704a0?s=96&d=mm&r=g","contentUrl":"https:\/\/secure.gravatar.com\/avatar\/7902f906289926289cbcda644b5197c796b893c6ffd7b9a536a42d290f7704a0?s=96&d=mm&r=g","caption":"Eduardo Mart\u00ednez"}}]}},"amp_enabled":true,"_links":{"self":[{"href":"https:\/\/www.notibras.com\/site\/wp-json\/wp\/v2\/posts\/382784","targetHints":{"allow":["GET"]}}],"collection":[{"href":"https:\/\/www.notibras.com\/site\/wp-json\/wp\/v2\/posts"}],"about":[{"href":"https:\/\/www.notibras.com\/site\/wp-json\/wp\/v2\/types\/post"}],"author":[{"embeddable":true,"href":"https:\/\/www.notibras.com\/site\/wp-json\/wp\/v2\/users\/21"}],"replies":[{"embeddable":true,"href":"https:\/\/www.notibras.com\/site\/wp-json\/wp\/v2\/comments?post=382784"}],"version-history":[{"count":2,"href":"https:\/\/www.notibras.com\/site\/wp-json\/wp\/v2\/posts\/382784\/revisions"}],"predecessor-version":[{"id":382787,"href":"https:\/\/www.notibras.com\/site\/wp-json\/wp\/v2\/posts\/382784\/revisions\/382787"}],"wp:featuredmedia":[{"embeddable":true,"href":"https:\/\/www.notibras.com\/site\/wp-json\/wp\/v2\/media\/382785"}],"wp:attachment":[{"href":"https:\/\/www.notibras.com\/site\/wp-json\/wp\/v2\/media?parent=382784"}],"wp:term":[{"taxonomy":"category","embeddable":true,"href":"https:\/\/www.notibras.com\/site\/wp-json\/wp\/v2\/categories?post=382784"},{"taxonomy":"post_tag","embeddable":true,"href":"https:\/\/www.notibras.com\/site\/wp-json\/wp\/v2\/tags?post=382784"}],"curies":[{"name":"wp","href":"https:\/\/api.w.org\/{rel}","templated":true}]}}