{"id":382899,"date":"2026-02-24T01:15:37","date_gmt":"2026-02-24T04:15:37","guid":{"rendered":"https:\/\/www.notibras.com\/site\/?p=382899"},"modified":"2026-02-14T22:49:51","modified_gmt":"2026-02-15T01:49:51","slug":"dr-leo-lanca-coluna-sobre-a-historia-das-racas-de-caes-e-gatos","status":"publish","type":"post","link":"https:\/\/www.notibras.com\/site\/dr-leo-lanca-coluna-sobre-a-historia-das-racas-de-caes-e-gatos\/","title":{"rendered":"Dr. Leo lan\u00e7a coluna sobre a hist\u00f3ria das ra\u00e7as de c\u00e3es e gatos"},"content":{"rendered":"<p><strong>Notibras<\/strong> traz uma novidade para os amantes de animais e entusiastas do mundo pet. A partir desta semana, o m\u00e9dico veterin\u00e1rio Leonardo Bernar, carinhosamente conhecido pelos leitores como Dr. Leo, amplia sua participa\u00e7\u00e3o na editoria <strong>Leitura VIP<\/strong>. Al\u00e9m das tradicionais dicas de sa\u00fade, o colunista mergulhar\u00e1 nas curiosidades e origens dos animais que fazem parte do cotidiano das fam\u00edlias brasileiras.<\/p>\n<p>A grande novidade \u00e9 a estreia de uma coluna dedicada exclusivamente \u00e0 hist\u00f3ria das ra\u00e7as de c\u00e3es e gatos. Todas as quartas-feiras, o Dr. Leo apresentar\u00e1 um conte\u00fado detalhado sobre como surgiram as diferentes linhagens, as fun\u00e7\u00f5es ancestrais de cada animal e como o cruzamento gen\u00e9tico moldou o temperamento e a apar\u00eancia dos pets que conhecemos hoje.<\/p>\n<p>Segundo o colunista, entender a trajet\u00f3ria hist\u00f3rica de uma ra\u00e7a \u00e9 fundamental para que o tutor compreenda melhor as necessidades espec\u00edficas do seu companheiro. A proposta \u00e9 oferecer uma leitura leve e informativa, desvendando mitos e verdades sobre a evolu\u00e7\u00e3o de c\u00e3es de guarda, pastoreio e as diversas variedades de felinos dom\u00e9sticos.<\/p>\n<p>Apesar da nova atra\u00e7\u00e3o no meio da semana, os leitores fi\u00e9is n\u00e3o precisam se preocupar com as orienta\u00e7\u00f5es t\u00e9cnicas. A coluna focada em cuidados veterin\u00e1rios, que j\u00e1 se tornou refer\u00eancia no portal, continuar\u00e1 sendo publicada rigorosamente todos os domingos. O compromisso com a sa\u00fade e o bem-estar animal permanece como o pilar central da colabora\u00e7\u00e3o do Dr. Leo com <strong>Notibras<\/strong>.<\/p>\n<p>Com esse novo cronograma, o p\u00fablico passa a contar com uma cobertura completa sobre o universo pet. Aos domingos, o foco reside na preven\u00e7\u00e3o de doen\u00e7as, nutri\u00e7\u00e3o e primeiros socorros; j\u00e1 \u00e0s quartas-feiras, o espa\u00e7o \u00e9 reservado para a cultura e o conhecimento sobre a diversidade das esp\u00e9cies, enriquecendo a experi\u00eancia de quem deseja saber tudo sobre o melhor amigo do homem.<\/p>\n<p>A expans\u00e3o da coluna na <strong>Leitura VIP<\/strong> reflete o crescente interesse dos leitores por conte\u00fados especializados e de alta credibilidade. <strong>Notibras<\/strong> convida a todos para acompanhar as estreias e interagir com o Dr. Leo, enviando sugest\u00f5es de ra\u00e7as e temas que desejam ver explorados nesta nova jornada informativa.<\/p>\n","protected":false},"excerpt":{"rendered":"<p>Notibras traz uma novidade para os amantes de animais e entusiastas do mundo pet. A partir desta semana, o m\u00e9dico veterin\u00e1rio Leonardo Bernar, carinhosamente conhecido pelos leitores como Dr. Leo, amplia sua participa\u00e7\u00e3o na editoria Leitura VIP. Al\u00e9m das tradicionais dicas de sa\u00fade, o colunista mergulhar\u00e1 nas curiosidades e origens dos animais que fazem parte [&hellip;]<\/p>\n","protected":false},"author":21,"featured_media":382901,"comment_status":"closed","ping_status":"closed","sticky":false,"template":"","format":"standard","meta":{"_acf_changed":false,"footnotes":""},"categories":[161],"tags":[],"class_list":["post-382899","post","type-post","status-publish","format-standard","has-post-thumbnail","hentry","category-quadradinho-em-foco"],"acf":[],"yoast_head":"<!-- This site is optimized with the Yoast SEO plugin v27.2 - https:\/\/yoast.com\/product\/yoast-seo-wordpress\/ -->\n<title>Dr. Leo lan\u00e7a coluna sobre a hist\u00f3ria das ra\u00e7as de c\u00e3es e gatos - Notibras<\/title>\n<meta name=\"robots\" content=\"index, follow, max-snippet:-1, max-image-preview:large, max-video-preview:-1\" \/>\n<link rel=\"canonical\" href=\"https:\/\/www.notibras.com\/site\/dr-leo-lanca-coluna-sobre-a-historia-das-racas-de-caes-e-gatos\/\" \/>\n<meta property=\"og:locale\" content=\"pt_BR\" \/>\n<meta property=\"og:type\" content=\"article\" \/>\n<meta property=\"og:title\" content=\"Dr. Leo lan\u00e7a coluna sobre a hist\u00f3ria das ra\u00e7as de c\u00e3es e gatos - Notibras\" \/>\n<meta property=\"og:description\" content=\"Notibras traz uma novidade para os amantes de animais e entusiastas do mundo pet. A partir desta semana, o m\u00e9dico veterin\u00e1rio Leonardo Bernar, carinhosamente conhecido pelos leitores como Dr. Leo, amplia sua participa\u00e7\u00e3o na editoria Leitura VIP. Al\u00e9m das tradicionais dicas de sa\u00fade, o colunista mergulhar\u00e1 nas curiosidades e origens dos animais que fazem parte [&hellip;]\" \/>\n<meta property=\"og:url\" content=\"https:\/\/www.notibras.com\/site\/dr-leo-lanca-coluna-sobre-a-historia-das-racas-de-caes-e-gatos\/\" \/>\n<meta property=\"og:site_name\" content=\"Notibras\" \/>\n<meta property=\"article:publisher\" content=\"https:\/\/www.facebook.com\/notibras\/\" \/>\n<meta property=\"article:published_time\" content=\"2026-02-24T04:15:37+00:00\" \/>\n<meta property=\"og:image\" content=\"https:\/\/www.notibras.com\/site\/wp-content\/uploads\/2026\/02\/0F2F85A4-0B3F-4433-9D06-BFC3ADD454B0.jpg\" \/>\n\t<meta property=\"og:image:width\" content=\"899\" \/>\n\t<meta property=\"og:image:height\" content=\"769\" \/>\n\t<meta property=\"og:image:type\" content=\"image\/jpeg\" \/>\n<meta name=\"author\" content=\"Eduardo Mart\u00ednez\" \/>\n<meta name=\"twitter:card\" content=\"summary_large_image\" \/>\n<meta name=\"twitter:creator\" content=\"@Notibras\" \/>\n<meta name=\"twitter:site\" content=\"@Notibras\" \/>\n<meta name=\"twitter:label1\" content=\"Escrito por\" \/>\n\t<meta name=\"twitter:data1\" content=\"Eduardo Mart\u00ednez\" \/>\n\t<meta name=\"twitter:label2\" content=\"Est. tempo de leitura\" \/>\n\t<meta name=\"twitter:data2\" content=\"3 minutos\" \/>\n<script type=\"application\/ld+json\" class=\"yoast-schema-graph\">{\"@context\":\"https:\/\/schema.org\",\"@graph\":[{\"@type\":\"Article\",\"@id\":\"https:\/\/www.notibras.com\/site\/dr-leo-lanca-coluna-sobre-a-historia-das-racas-de-caes-e-gatos\/#article\",\"isPartOf\":{\"@id\":\"https:\/\/www.notibras.com\/site\/dr-leo-lanca-coluna-sobre-a-historia-das-racas-de-caes-e-gatos\/\"},\"author\":{\"name\":\"Eduardo Mart\u00ednez\",\"@id\":\"https:\/\/www.notibras.com\/site\/#\/schema\/person\/5b7fabf2aedc3ada2105f03b22b4d3dd\"},\"headline\":\"Dr. Leo lan\u00e7a coluna sobre a hist\u00f3ria das ra\u00e7as de c\u00e3es e gatos\",\"datePublished\":\"2026-02-24T04:15:37+00:00\",\"mainEntityOfPage\":{\"@id\":\"https:\/\/www.notibras.com\/site\/dr-leo-lanca-coluna-sobre-a-historia-das-racas-de-caes-e-gatos\/\"},\"wordCount\":391,\"publisher\":{\"@id\":\"https:\/\/www.notibras.com\/site\/#organization\"},\"image\":{\"@id\":\"https:\/\/www.notibras.com\/site\/dr-leo-lanca-coluna-sobre-a-historia-das-racas-de-caes-e-gatos\/#primaryimage\"},\"thumbnailUrl\":\"https:\/\/www.notibras.com\/site\/wp-content\/uploads\/2026\/02\/0F2F85A4-0B3F-4433-9D06-BFC3ADD454B0.jpg\",\"articleSection\":[\"Quadradinho em Foco\"],\"inLanguage\":\"pt-BR\"},{\"@type\":\"WebPage\",\"@id\":\"https:\/\/www.notibras.com\/site\/dr-leo-lanca-coluna-sobre-a-historia-das-racas-de-caes-e-gatos\/\",\"url\":\"https:\/\/www.notibras.com\/site\/dr-leo-lanca-coluna-sobre-a-historia-das-racas-de-caes-e-gatos\/\",\"name\":\"Dr. Leo lan\u00e7a coluna sobre a hist\u00f3ria das ra\u00e7as de c\u00e3es e gatos - Notibras\",\"isPartOf\":{\"@id\":\"https:\/\/www.notibras.com\/site\/#website\"},\"primaryImageOfPage\":{\"@id\":\"https:\/\/www.notibras.com\/site\/dr-leo-lanca-coluna-sobre-a-historia-das-racas-de-caes-e-gatos\/#primaryimage\"},\"image\":{\"@id\":\"https:\/\/www.notibras.com\/site\/dr-leo-lanca-coluna-sobre-a-historia-das-racas-de-caes-e-gatos\/#primaryimage\"},\"thumbnailUrl\":\"https:\/\/www.notibras.com\/site\/wp-content\/uploads\/2026\/02\/0F2F85A4-0B3F-4433-9D06-BFC3ADD454B0.jpg\",\"datePublished\":\"2026-02-24T04:15:37+00:00\",\"breadcrumb\":{\"@id\":\"https:\/\/www.notibras.com\/site\/dr-leo-lanca-coluna-sobre-a-historia-das-racas-de-caes-e-gatos\/#breadcrumb\"},\"inLanguage\":\"pt-BR\",\"potentialAction\":[{\"@type\":\"ReadAction\",\"target\":[\"https:\/\/www.notibras.com\/site\/dr-leo-lanca-coluna-sobre-a-historia-das-racas-de-caes-e-gatos\/\"]}]},{\"@type\":\"ImageObject\",\"inLanguage\":\"pt-BR\",\"@id\":\"https:\/\/www.notibras.com\/site\/dr-leo-lanca-coluna-sobre-a-historia-das-racas-de-caes-e-gatos\/#primaryimage\",\"url\":\"https:\/\/www.notibras.com\/site\/wp-content\/uploads\/2026\/02\/0F2F85A4-0B3F-4433-9D06-BFC3ADD454B0.jpg\",\"contentUrl\":\"https:\/\/www.notibras.com\/site\/wp-content\/uploads\/2026\/02\/0F2F85A4-0B3F-4433-9D06-BFC3ADD454B0.jpg\",\"width\":899,\"height\":769},{\"@type\":\"BreadcrumbList\",\"@id\":\"https:\/\/www.notibras.com\/site\/dr-leo-lanca-coluna-sobre-a-historia-das-racas-de-caes-e-gatos\/#breadcrumb\",\"itemListElement\":[{\"@type\":\"ListItem\",\"position\":1,\"name\":\"In\u00edcio\",\"item\":\"https:\/\/www.notibras.com\/site\/\"},{\"@type\":\"ListItem\",\"position\":2,\"name\":\"Dr. Leo lan\u00e7a coluna sobre a hist\u00f3ria das ra\u00e7as de c\u00e3es e gatos\"}]},{\"@type\":\"WebSite\",\"@id\":\"https:\/\/www.notibras.com\/site\/#website\",\"url\":\"https:\/\/www.notibras.com\/site\/\",\"name\":\"Notibras\",\"description\":\"Not\u00edcias de Bras\u00edlia, do Brasil e do Mundo\",\"publisher\":{\"@id\":\"https:\/\/www.notibras.com\/site\/#organization\"},\"potentialAction\":[{\"@type\":\"SearchAction\",\"target\":{\"@type\":\"EntryPoint\",\"urlTemplate\":\"https:\/\/www.notibras.com\/site\/?s={search_term_string}\"},\"query-input\":{\"@type\":\"PropertyValueSpecification\",\"valueRequired\":true,\"valueName\":\"search_term_string\"}}],\"inLanguage\":\"pt-BR\"},{\"@type\":\"Organization\",\"@id\":\"https:\/\/www.notibras.com\/site\/#organization\",\"name\":\"Grupo Notibras de Comunica\u00e7\u00e3o\",\"url\":\"https:\/\/www.notibras.com\/site\/\",\"logo\":{\"@type\":\"ImageObject\",\"inLanguage\":\"pt-BR\",\"@id\":\"https:\/\/www.notibras.com\/site\/#\/schema\/logo\/image\/\",\"url\":\"https:\/\/www.notibras.com\/site\/wp-content\/uploads\/2023\/01\/notibras23.png\",\"contentUrl\":\"https:\/\/www.notibras.com\/site\/wp-content\/uploads\/2023\/01\/notibras23.png\",\"width\":350,\"height\":87,\"caption\":\"Grupo Notibras de Comunica\u00e7\u00e3o\"},\"image\":{\"@id\":\"https:\/\/www.notibras.com\/site\/#\/schema\/logo\/image\/\"},\"sameAs\":[\"https:\/\/www.facebook.com\/notibras\/\",\"https:\/\/x.com\/Notibras\",\"https:\/\/www.instagram.com\/notibras\/\"]},{\"@type\":\"Person\",\"@id\":\"https:\/\/www.notibras.com\/site\/#\/schema\/person\/5b7fabf2aedc3ada2105f03b22b4d3dd\",\"name\":\"Eduardo Mart\u00ednez\",\"image\":{\"@type\":\"ImageObject\",\"inLanguage\":\"pt-BR\",\"@id\":\"https:\/\/secure.gravatar.com\/avatar\/7902f906289926289cbcda644b5197c796b893c6ffd7b9a536a42d290f7704a0?s=96&d=mm&r=g\",\"url\":\"https:\/\/secure.gravatar.com\/avatar\/7902f906289926289cbcda644b5197c796b893c6ffd7b9a536a42d290f7704a0?s=96&d=mm&r=g\",\"contentUrl\":\"https:\/\/secure.gravatar.com\/avatar\/7902f906289926289cbcda644b5197c796b893c6ffd7b9a536a42d290f7704a0?s=96&d=mm&r=g\",\"caption\":\"Eduardo Mart\u00ednez\"}}]}<\/script>\n<!-- \/ Yoast SEO plugin. -->","yoast_head_json":{"title":"Dr. Leo lan\u00e7a coluna sobre a hist\u00f3ria das ra\u00e7as de c\u00e3es e gatos - Notibras","robots":{"index":"index","follow":"follow","max-snippet":"max-snippet:-1","max-image-preview":"max-image-preview:large","max-video-preview":"max-video-preview:-1"},"canonical":"https:\/\/www.notibras.com\/site\/dr-leo-lanca-coluna-sobre-a-historia-das-racas-de-caes-e-gatos\/","og_locale":"pt_BR","og_type":"article","og_title":"Dr. Leo lan\u00e7a coluna sobre a hist\u00f3ria das ra\u00e7as de c\u00e3es e gatos - Notibras","og_description":"Notibras traz uma novidade para os amantes de animais e entusiastas do mundo pet. A partir desta semana, o m\u00e9dico veterin\u00e1rio Leonardo Bernar, carinhosamente conhecido pelos leitores como Dr. Leo, amplia sua participa\u00e7\u00e3o na editoria Leitura VIP. Al\u00e9m das tradicionais dicas de sa\u00fade, o colunista mergulhar\u00e1 nas curiosidades e origens dos animais que fazem parte [&hellip;]","og_url":"https:\/\/www.notibras.com\/site\/dr-leo-lanca-coluna-sobre-a-historia-das-racas-de-caes-e-gatos\/","og_site_name":"Notibras","article_publisher":"https:\/\/www.facebook.com\/notibras\/","article_published_time":"2026-02-24T04:15:37+00:00","og_image":[{"width":899,"height":769,"url":"https:\/\/www.notibras.com\/site\/wp-content\/uploads\/2026\/02\/0F2F85A4-0B3F-4433-9D06-BFC3ADD454B0.jpg","type":"image\/jpeg"}],"author":"Eduardo Mart\u00ednez","twitter_card":"summary_large_image","twitter_creator":"@Notibras","twitter_site":"@Notibras","twitter_misc":{"Escrito por":"Eduardo Mart\u00ednez","Est. tempo de leitura":"3 minutos"},"schema":{"@context":"https:\/\/schema.org","@graph":[{"@type":"Article","@id":"https:\/\/www.notibras.com\/site\/dr-leo-lanca-coluna-sobre-a-historia-das-racas-de-caes-e-gatos\/#article","isPartOf":{"@id":"https:\/\/www.notibras.com\/site\/dr-leo-lanca-coluna-sobre-a-historia-das-racas-de-caes-e-gatos\/"},"author":{"name":"Eduardo Mart\u00ednez","@id":"https:\/\/www.notibras.com\/site\/#\/schema\/person\/5b7fabf2aedc3ada2105f03b22b4d3dd"},"headline":"Dr. Leo lan\u00e7a coluna sobre a hist\u00f3ria das ra\u00e7as de c\u00e3es e gatos","datePublished":"2026-02-24T04:15:37+00:00","mainEntityOfPage":{"@id":"https:\/\/www.notibras.com\/site\/dr-leo-lanca-coluna-sobre-a-historia-das-racas-de-caes-e-gatos\/"},"wordCount":391,"publisher":{"@id":"https:\/\/www.notibras.com\/site\/#organization"},"image":{"@id":"https:\/\/www.notibras.com\/site\/dr-leo-lanca-coluna-sobre-a-historia-das-racas-de-caes-e-gatos\/#primaryimage"},"thumbnailUrl":"https:\/\/www.notibras.com\/site\/wp-content\/uploads\/2026\/02\/0F2F85A4-0B3F-4433-9D06-BFC3ADD454B0.jpg","articleSection":["Quadradinho em Foco"],"inLanguage":"pt-BR"},{"@type":"WebPage","@id":"https:\/\/www.notibras.com\/site\/dr-leo-lanca-coluna-sobre-a-historia-das-racas-de-caes-e-gatos\/","url":"https:\/\/www.notibras.com\/site\/dr-leo-lanca-coluna-sobre-a-historia-das-racas-de-caes-e-gatos\/","name":"Dr. Leo lan\u00e7a coluna sobre a hist\u00f3ria das ra\u00e7as de c\u00e3es e gatos - Notibras","isPartOf":{"@id":"https:\/\/www.notibras.com\/site\/#website"},"primaryImageOfPage":{"@id":"https:\/\/www.notibras.com\/site\/dr-leo-lanca-coluna-sobre-a-historia-das-racas-de-caes-e-gatos\/#primaryimage"},"image":{"@id":"https:\/\/www.notibras.com\/site\/dr-leo-lanca-coluna-sobre-a-historia-das-racas-de-caes-e-gatos\/#primaryimage"},"thumbnailUrl":"https:\/\/www.notibras.com\/site\/wp-content\/uploads\/2026\/02\/0F2F85A4-0B3F-4433-9D06-BFC3ADD454B0.jpg","datePublished":"2026-02-24T04:15:37+00:00","breadcrumb":{"@id":"https:\/\/www.notibras.com\/site\/dr-leo-lanca-coluna-sobre-a-historia-das-racas-de-caes-e-gatos\/#breadcrumb"},"inLanguage":"pt-BR","potentialAction":[{"@type":"ReadAction","target":["https:\/\/www.notibras.com\/site\/dr-leo-lanca-coluna-sobre-a-historia-das-racas-de-caes-e-gatos\/"]}]},{"@type":"ImageObject","inLanguage":"pt-BR","@id":"https:\/\/www.notibras.com\/site\/dr-leo-lanca-coluna-sobre-a-historia-das-racas-de-caes-e-gatos\/#primaryimage","url":"https:\/\/www.notibras.com\/site\/wp-content\/uploads\/2026\/02\/0F2F85A4-0B3F-4433-9D06-BFC3ADD454B0.jpg","contentUrl":"https:\/\/www.notibras.com\/site\/wp-content\/uploads\/2026\/02\/0F2F85A4-0B3F-4433-9D06-BFC3ADD454B0.jpg","width":899,"height":769},{"@type":"BreadcrumbList","@id":"https:\/\/www.notibras.com\/site\/dr-leo-lanca-coluna-sobre-a-historia-das-racas-de-caes-e-gatos\/#breadcrumb","itemListElement":[{"@type":"ListItem","position":1,"name":"In\u00edcio","item":"https:\/\/www.notibras.com\/site\/"},{"@type":"ListItem","position":2,"name":"Dr. Leo lan\u00e7a coluna sobre a hist\u00f3ria das ra\u00e7as de c\u00e3es e gatos"}]},{"@type":"WebSite","@id":"https:\/\/www.notibras.com\/site\/#website","url":"https:\/\/www.notibras.com\/site\/","name":"Notibras","description":"Not\u00edcias de Bras\u00edlia, do Brasil e do Mundo","publisher":{"@id":"https:\/\/www.notibras.com\/site\/#organization"},"potentialAction":[{"@type":"SearchAction","target":{"@type":"EntryPoint","urlTemplate":"https:\/\/www.notibras.com\/site\/?s={search_term_string}"},"query-input":{"@type":"PropertyValueSpecification","valueRequired":true,"valueName":"search_term_string"}}],"inLanguage":"pt-BR"},{"@type":"Organization","@id":"https:\/\/www.notibras.com\/site\/#organization","name":"Grupo Notibras de Comunica\u00e7\u00e3o","url":"https:\/\/www.notibras.com\/site\/","logo":{"@type":"ImageObject","inLanguage":"pt-BR","@id":"https:\/\/www.notibras.com\/site\/#\/schema\/logo\/image\/","url":"https:\/\/www.notibras.com\/site\/wp-content\/uploads\/2023\/01\/notibras23.png","contentUrl":"https:\/\/www.notibras.com\/site\/wp-content\/uploads\/2023\/01\/notibras23.png","width":350,"height":87,"caption":"Grupo Notibras de Comunica\u00e7\u00e3o"},"image":{"@id":"https:\/\/www.notibras.com\/site\/#\/schema\/logo\/image\/"},"sameAs":["https:\/\/www.facebook.com\/notibras\/","https:\/\/x.com\/Notibras","https:\/\/www.instagram.com\/notibras\/"]},{"@type":"Person","@id":"https:\/\/www.notibras.com\/site\/#\/schema\/person\/5b7fabf2aedc3ada2105f03b22b4d3dd","name":"Eduardo Mart\u00ednez","image":{"@type":"ImageObject","inLanguage":"pt-BR","@id":"https:\/\/secure.gravatar.com\/avatar\/7902f906289926289cbcda644b5197c796b893c6ffd7b9a536a42d290f7704a0?s=96&d=mm&r=g","url":"https:\/\/secure.gravatar.com\/avatar\/7902f906289926289cbcda644b5197c796b893c6ffd7b9a536a42d290f7704a0?s=96&d=mm&r=g","contentUrl":"https:\/\/secure.gravatar.com\/avatar\/7902f906289926289cbcda644b5197c796b893c6ffd7b9a536a42d290f7704a0?s=96&d=mm&r=g","caption":"Eduardo Mart\u00ednez"}}]}},"amp_enabled":true,"_links":{"self":[{"href":"https:\/\/www.notibras.com\/site\/wp-json\/wp\/v2\/posts\/382899","targetHints":{"allow":["GET"]}}],"collection":[{"href":"https:\/\/www.notibras.com\/site\/wp-json\/wp\/v2\/posts"}],"about":[{"href":"https:\/\/www.notibras.com\/site\/wp-json\/wp\/v2\/types\/post"}],"author":[{"embeddable":true,"href":"https:\/\/www.notibras.com\/site\/wp-json\/wp\/v2\/users\/21"}],"replies":[{"embeddable":true,"href":"https:\/\/www.notibras.com\/site\/wp-json\/wp\/v2\/comments?post=382899"}],"version-history":[{"count":5,"href":"https:\/\/www.notibras.com\/site\/wp-json\/wp\/v2\/posts\/382899\/revisions"}],"predecessor-version":[{"id":383225,"href":"https:\/\/www.notibras.com\/site\/wp-json\/wp\/v2\/posts\/382899\/revisions\/383225"}],"wp:featuredmedia":[{"embeddable":true,"href":"https:\/\/www.notibras.com\/site\/wp-json\/wp\/v2\/media\/382901"}],"wp:attachment":[{"href":"https:\/\/www.notibras.com\/site\/wp-json\/wp\/v2\/media?parent=382899"}],"wp:term":[{"taxonomy":"category","embeddable":true,"href":"https:\/\/www.notibras.com\/site\/wp-json\/wp\/v2\/categories?post=382899"},{"taxonomy":"post_tag","embeddable":true,"href":"https:\/\/www.notibras.com\/site\/wp-json\/wp\/v2\/tags?post=382899"}],"curies":[{"name":"wp","href":"https:\/\/api.w.org\/{rel}","templated":true}]}}