{"id":383057,"date":"2026-02-15T00:30:51","date_gmt":"2026-02-15T03:30:51","guid":{"rendered":"https:\/\/www.notibras.com\/site\/?p=383057"},"modified":"2026-02-13T14:23:01","modified_gmt":"2026-02-13T17:23:01","slug":"kadum-kadum","status":"publish","type":"post","link":"https:\/\/www.notibras.com\/site\/kadum-kadum\/","title":{"rendered":"Kad\u00fam, Kad\u00fam"},"content":{"rendered":"<p>&#8220;Rio da Madre \/ e Atl\u00e2ntico azul \/ Guarda \/ ba\u00fas \/<br \/>\nrepletos de sonhos \/ e hist\u00f3rias \/ mem\u00f3rias \/<br \/>\ndegredos\/ e os meus olhos \/ d&#8217;alma \/ marejados de luz \/<br \/>\ne segredos&#8221;<br \/>\n(Gilberto Motta &#8211; Guarda do Emba\u00fa SC)<\/p>\n<p>[&#8230;] toda gente tem a sua hist\u00f3ria<\/p>\n<p>nasce e cresce e se v\u00e3o<\/p>\n<p>e depois ningu\u00e9m sabe \u2013 saber\u00e3o?<\/p>\n<p>cada ser tem o seu trajeto certo<\/p>\n<p>seus trejeitos, desprezos e dejetos<\/p>\n<p>seus ba\u00fas materiais e imateriais<\/p>\n<p>rios livres navegando de e lombo de pav\u00e3o<\/p>\n<p>perambulam por uns 70 ou 80<\/p>\n<p>cansam passos nas pedreiras de estradas<\/p>\n<p>buscam sombra de mangueira fresca e larga<\/p>\n<p>pra dormir e poder morrer em paz<\/p>\n<p>e depois vem o talvez, o t\u00e3o sei l\u00e1<\/p>\n<p>e essa gente n\u00e3o pode parar<\/p>\n<p>cada povo tem seu povo e a sua hora<\/p>\n<p>que no pulsar do vai e vem das horas<\/p>\n<p>chega manso, observa e quer ficar<\/p>\n<p>cada perna passa o passo alternados<\/p>\n<p>entre sonhos, coragem e cansa\u00e7o<\/p>\n<p>escorrega, trope\u00e7a e aperta o p\u00e9<\/p>\n<p>limpa a bota, a poeira e segue a f\u00e9<\/p>\n<p>pra come\u00e7ar novo dia de embara\u00e7o<\/p>\n<p>cada hist\u00f3ria foi vivida e contada<\/p>\n<p>por caminhos de tantas madrugadas<\/p>\n<p>n\u00f3s de corda em dias sonolentos<\/p>\n<p>horas vivas da mem\u00f3ria que afaga<\/p>\n<p>cada ser tem seus fios\/desafios<\/p>\n<p>linha de in\u00edcio e de chegada<\/p>\n<p>casas, vilas, povoados, estradas<\/p>\n<p>toda sorte e fortuna de existir<\/p>\n<p>replicando os andares por a\u00ed<\/p>\n<p><strong>&#8230;&#8230;&#8230;&#8230;&#8230;&#8230;&#8230;&#8230;&#8230;&#8230;&#8230;&#8230;&#8230;&#8230;&#8230;&#8230;&#8230;<\/strong><\/p>\n<p><strong>*Foto : Tasso Scherer &#8211; Florian\u00f3polis &#8211; SC.<\/strong><br \/>\n<strong>**Gilberto Motta \u00e9 escritor, jornalista, professor\/pesquisador viciado nos passos do caminho, nos encontros de todos e de Kd\u00fam, Kad\u00fam. Vive na vilazinha de pescadores da Guarda do Emba\u00fa, litoral de SC.<\/strong><\/p>\n","protected":false},"excerpt":{"rendered":"<p>&#8220;Rio da Madre \/ e Atl\u00e2ntico azul \/ Guarda \/ ba\u00fas \/ repletos de sonhos \/ e hist\u00f3rias \/ mem\u00f3rias \/ degredos\/ e os meus olhos \/ d&#8217;alma \/ marejados de luz \/ e segredos&#8221; (Gilberto Motta &#8211; Guarda do Emba\u00fa SC) [&#8230;] toda gente tem a sua hist\u00f3ria nasce e cresce e se v\u00e3o [&hellip;]<\/p>\n","protected":false},"author":21,"featured_media":383061,"comment_status":"closed","ping_status":"closed","sticky":false,"template":"","format":"standard","meta":{"_acf_changed":false,"footnotes":""},"categories":[234],"tags":[],"class_list":["post-383057","post","type-post","status-publish","format-standard","has-post-thumbnail","hentry","category-cafe-literario"],"acf":[],"yoast_head":"<!-- This site is optimized with the Yoast SEO plugin v27.2 - https:\/\/yoast.com\/product\/yoast-seo-wordpress\/ -->\n<title>Kad\u00fam, Kad\u00fam - Notibras<\/title>\n<meta name=\"robots\" content=\"index, follow, max-snippet:-1, max-image-preview:large, max-video-preview:-1\" \/>\n<link rel=\"canonical\" href=\"https:\/\/www.notibras.com\/site\/kadum-kadum\/\" \/>\n<meta property=\"og:locale\" content=\"pt_BR\" \/>\n<meta property=\"og:type\" content=\"article\" \/>\n<meta property=\"og:title\" content=\"Kad\u00fam, Kad\u00fam - Notibras\" \/>\n<meta property=\"og:description\" content=\"&#8220;Rio da Madre \/ e Atl\u00e2ntico azul \/ Guarda \/ ba\u00fas \/ repletos de sonhos \/ e hist\u00f3rias \/ mem\u00f3rias \/ degredos\/ e os meus olhos \/ d&#8217;alma \/ marejados de luz \/ e segredos&#8221; (Gilberto Motta &#8211; Guarda do Emba\u00fa SC) [&#8230;] toda gente tem a sua hist\u00f3ria nasce e cresce e se v\u00e3o [&hellip;]\" \/>\n<meta property=\"og:url\" content=\"https:\/\/www.notibras.com\/site\/kadum-kadum\/\" \/>\n<meta property=\"og:site_name\" content=\"Notibras\" \/>\n<meta property=\"article:publisher\" content=\"https:\/\/www.facebook.com\/notibras\/\" \/>\n<meta property=\"article:published_time\" content=\"2026-02-15T03:30:51+00:00\" \/>\n<meta property=\"og:image\" content=\"https:\/\/www.notibras.com\/site\/wp-content\/uploads\/2026\/02\/SC.jpg\" \/>\n\t<meta property=\"og:image:width\" content=\"535\" \/>\n\t<meta property=\"og:image:height\" content=\"960\" \/>\n\t<meta property=\"og:image:type\" content=\"image\/jpeg\" \/>\n<meta name=\"author\" content=\"Eduardo Mart\u00ednez\" \/>\n<meta name=\"twitter:card\" content=\"summary_large_image\" \/>\n<meta name=\"twitter:creator\" content=\"@Notibras\" \/>\n<meta name=\"twitter:site\" content=\"@Notibras\" \/>\n<meta name=\"twitter:label1\" content=\"Escrito por\" \/>\n\t<meta name=\"twitter:data1\" content=\"Eduardo Mart\u00ednez\" \/>\n\t<meta name=\"twitter:label2\" content=\"Est. tempo de leitura\" \/>\n\t<meta name=\"twitter:data2\" content=\"2 minutos\" \/>\n<script type=\"application\/ld+json\" class=\"yoast-schema-graph\">{\"@context\":\"https:\/\/schema.org\",\"@graph\":[{\"@type\":\"Article\",\"@id\":\"https:\/\/www.notibras.com\/site\/kadum-kadum\/#article\",\"isPartOf\":{\"@id\":\"https:\/\/www.notibras.com\/site\/kadum-kadum\/\"},\"author\":{\"name\":\"Eduardo Mart\u00ednez\",\"@id\":\"https:\/\/www.notibras.com\/site\/#\/schema\/person\/5b7fabf2aedc3ada2105f03b22b4d3dd\"},\"headline\":\"Kad\u00fam, Kad\u00fam\",\"datePublished\":\"2026-02-15T03:30:51+00:00\",\"mainEntityOfPage\":{\"@id\":\"https:\/\/www.notibras.com\/site\/kadum-kadum\/\"},\"wordCount\":284,\"publisher\":{\"@id\":\"https:\/\/www.notibras.com\/site\/#organization\"},\"image\":{\"@id\":\"https:\/\/www.notibras.com\/site\/kadum-kadum\/#primaryimage\"},\"thumbnailUrl\":\"https:\/\/www.notibras.com\/site\/wp-content\/uploads\/2026\/02\/SC.jpg\",\"articleSection\":[\"Caf\u00e9 Liter\u00e1rio\"],\"inLanguage\":\"pt-BR\"},{\"@type\":\"WebPage\",\"@id\":\"https:\/\/www.notibras.com\/site\/kadum-kadum\/\",\"url\":\"https:\/\/www.notibras.com\/site\/kadum-kadum\/\",\"name\":\"Kad\u00fam, Kad\u00fam - Notibras\",\"isPartOf\":{\"@id\":\"https:\/\/www.notibras.com\/site\/#website\"},\"primaryImageOfPage\":{\"@id\":\"https:\/\/www.notibras.com\/site\/kadum-kadum\/#primaryimage\"},\"image\":{\"@id\":\"https:\/\/www.notibras.com\/site\/kadum-kadum\/#primaryimage\"},\"thumbnailUrl\":\"https:\/\/www.notibras.com\/site\/wp-content\/uploads\/2026\/02\/SC.jpg\",\"datePublished\":\"2026-02-15T03:30:51+00:00\",\"breadcrumb\":{\"@id\":\"https:\/\/www.notibras.com\/site\/kadum-kadum\/#breadcrumb\"},\"inLanguage\":\"pt-BR\",\"potentialAction\":[{\"@type\":\"ReadAction\",\"target\":[\"https:\/\/www.notibras.com\/site\/kadum-kadum\/\"]}]},{\"@type\":\"ImageObject\",\"inLanguage\":\"pt-BR\",\"@id\":\"https:\/\/www.notibras.com\/site\/kadum-kadum\/#primaryimage\",\"url\":\"https:\/\/www.notibras.com\/site\/wp-content\/uploads\/2026\/02\/SC.jpg\",\"contentUrl\":\"https:\/\/www.notibras.com\/site\/wp-content\/uploads\/2026\/02\/SC.jpg\",\"width\":535,\"height\":960},{\"@type\":\"BreadcrumbList\",\"@id\":\"https:\/\/www.notibras.com\/site\/kadum-kadum\/#breadcrumb\",\"itemListElement\":[{\"@type\":\"ListItem\",\"position\":1,\"name\":\"In\u00edcio\",\"item\":\"https:\/\/www.notibras.com\/site\/\"},{\"@type\":\"ListItem\",\"position\":2,\"name\":\"Kad\u00fam, Kad\u00fam\"}]},{\"@type\":\"WebSite\",\"@id\":\"https:\/\/www.notibras.com\/site\/#website\",\"url\":\"https:\/\/www.notibras.com\/site\/\",\"name\":\"Notibras\",\"description\":\"Not\u00edcias de Bras\u00edlia, do Brasil e do Mundo\",\"publisher\":{\"@id\":\"https:\/\/www.notibras.com\/site\/#organization\"},\"potentialAction\":[{\"@type\":\"SearchAction\",\"target\":{\"@type\":\"EntryPoint\",\"urlTemplate\":\"https:\/\/www.notibras.com\/site\/?s={search_term_string}\"},\"query-input\":{\"@type\":\"PropertyValueSpecification\",\"valueRequired\":true,\"valueName\":\"search_term_string\"}}],\"inLanguage\":\"pt-BR\"},{\"@type\":\"Organization\",\"@id\":\"https:\/\/www.notibras.com\/site\/#organization\",\"name\":\"Grupo Notibras de Comunica\u00e7\u00e3o\",\"url\":\"https:\/\/www.notibras.com\/site\/\",\"logo\":{\"@type\":\"ImageObject\",\"inLanguage\":\"pt-BR\",\"@id\":\"https:\/\/www.notibras.com\/site\/#\/schema\/logo\/image\/\",\"url\":\"https:\/\/www.notibras.com\/site\/wp-content\/uploads\/2023\/01\/notibras23.png\",\"contentUrl\":\"https:\/\/www.notibras.com\/site\/wp-content\/uploads\/2023\/01\/notibras23.png\",\"width\":350,\"height\":87,\"caption\":\"Grupo Notibras de Comunica\u00e7\u00e3o\"},\"image\":{\"@id\":\"https:\/\/www.notibras.com\/site\/#\/schema\/logo\/image\/\"},\"sameAs\":[\"https:\/\/www.facebook.com\/notibras\/\",\"https:\/\/x.com\/Notibras\",\"https:\/\/www.instagram.com\/notibras\/\"]},{\"@type\":\"Person\",\"@id\":\"https:\/\/www.notibras.com\/site\/#\/schema\/person\/5b7fabf2aedc3ada2105f03b22b4d3dd\",\"name\":\"Eduardo Mart\u00ednez\",\"image\":{\"@type\":\"ImageObject\",\"inLanguage\":\"pt-BR\",\"@id\":\"https:\/\/secure.gravatar.com\/avatar\/7902f906289926289cbcda644b5197c796b893c6ffd7b9a536a42d290f7704a0?s=96&d=mm&r=g\",\"url\":\"https:\/\/secure.gravatar.com\/avatar\/7902f906289926289cbcda644b5197c796b893c6ffd7b9a536a42d290f7704a0?s=96&d=mm&r=g\",\"contentUrl\":\"https:\/\/secure.gravatar.com\/avatar\/7902f906289926289cbcda644b5197c796b893c6ffd7b9a536a42d290f7704a0?s=96&d=mm&r=g\",\"caption\":\"Eduardo Mart\u00ednez\"}}]}<\/script>\n<!-- \/ Yoast SEO plugin. -->","yoast_head_json":{"title":"Kad\u00fam, Kad\u00fam - Notibras","robots":{"index":"index","follow":"follow","max-snippet":"max-snippet:-1","max-image-preview":"max-image-preview:large","max-video-preview":"max-video-preview:-1"},"canonical":"https:\/\/www.notibras.com\/site\/kadum-kadum\/","og_locale":"pt_BR","og_type":"article","og_title":"Kad\u00fam, Kad\u00fam - Notibras","og_description":"&#8220;Rio da Madre \/ e Atl\u00e2ntico azul \/ Guarda \/ ba\u00fas \/ repletos de sonhos \/ e hist\u00f3rias \/ mem\u00f3rias \/ degredos\/ e os meus olhos \/ d&#8217;alma \/ marejados de luz \/ e segredos&#8221; (Gilberto Motta &#8211; Guarda do Emba\u00fa SC) [&#8230;] toda gente tem a sua hist\u00f3ria nasce e cresce e se v\u00e3o [&hellip;]","og_url":"https:\/\/www.notibras.com\/site\/kadum-kadum\/","og_site_name":"Notibras","article_publisher":"https:\/\/www.facebook.com\/notibras\/","article_published_time":"2026-02-15T03:30:51+00:00","og_image":[{"width":535,"height":960,"url":"https:\/\/www.notibras.com\/site\/wp-content\/uploads\/2026\/02\/SC.jpg","type":"image\/jpeg"}],"author":"Eduardo Mart\u00ednez","twitter_card":"summary_large_image","twitter_creator":"@Notibras","twitter_site":"@Notibras","twitter_misc":{"Escrito por":"Eduardo Mart\u00ednez","Est. tempo de leitura":"2 minutos"},"schema":{"@context":"https:\/\/schema.org","@graph":[{"@type":"Article","@id":"https:\/\/www.notibras.com\/site\/kadum-kadum\/#article","isPartOf":{"@id":"https:\/\/www.notibras.com\/site\/kadum-kadum\/"},"author":{"name":"Eduardo Mart\u00ednez","@id":"https:\/\/www.notibras.com\/site\/#\/schema\/person\/5b7fabf2aedc3ada2105f03b22b4d3dd"},"headline":"Kad\u00fam, Kad\u00fam","datePublished":"2026-02-15T03:30:51+00:00","mainEntityOfPage":{"@id":"https:\/\/www.notibras.com\/site\/kadum-kadum\/"},"wordCount":284,"publisher":{"@id":"https:\/\/www.notibras.com\/site\/#organization"},"image":{"@id":"https:\/\/www.notibras.com\/site\/kadum-kadum\/#primaryimage"},"thumbnailUrl":"https:\/\/www.notibras.com\/site\/wp-content\/uploads\/2026\/02\/SC.jpg","articleSection":["Caf\u00e9 Liter\u00e1rio"],"inLanguage":"pt-BR"},{"@type":"WebPage","@id":"https:\/\/www.notibras.com\/site\/kadum-kadum\/","url":"https:\/\/www.notibras.com\/site\/kadum-kadum\/","name":"Kad\u00fam, Kad\u00fam - Notibras","isPartOf":{"@id":"https:\/\/www.notibras.com\/site\/#website"},"primaryImageOfPage":{"@id":"https:\/\/www.notibras.com\/site\/kadum-kadum\/#primaryimage"},"image":{"@id":"https:\/\/www.notibras.com\/site\/kadum-kadum\/#primaryimage"},"thumbnailUrl":"https:\/\/www.notibras.com\/site\/wp-content\/uploads\/2026\/02\/SC.jpg","datePublished":"2026-02-15T03:30:51+00:00","breadcrumb":{"@id":"https:\/\/www.notibras.com\/site\/kadum-kadum\/#breadcrumb"},"inLanguage":"pt-BR","potentialAction":[{"@type":"ReadAction","target":["https:\/\/www.notibras.com\/site\/kadum-kadum\/"]}]},{"@type":"ImageObject","inLanguage":"pt-BR","@id":"https:\/\/www.notibras.com\/site\/kadum-kadum\/#primaryimage","url":"https:\/\/www.notibras.com\/site\/wp-content\/uploads\/2026\/02\/SC.jpg","contentUrl":"https:\/\/www.notibras.com\/site\/wp-content\/uploads\/2026\/02\/SC.jpg","width":535,"height":960},{"@type":"BreadcrumbList","@id":"https:\/\/www.notibras.com\/site\/kadum-kadum\/#breadcrumb","itemListElement":[{"@type":"ListItem","position":1,"name":"In\u00edcio","item":"https:\/\/www.notibras.com\/site\/"},{"@type":"ListItem","position":2,"name":"Kad\u00fam, Kad\u00fam"}]},{"@type":"WebSite","@id":"https:\/\/www.notibras.com\/site\/#website","url":"https:\/\/www.notibras.com\/site\/","name":"Notibras","description":"Not\u00edcias de Bras\u00edlia, do Brasil e do Mundo","publisher":{"@id":"https:\/\/www.notibras.com\/site\/#organization"},"potentialAction":[{"@type":"SearchAction","target":{"@type":"EntryPoint","urlTemplate":"https:\/\/www.notibras.com\/site\/?s={search_term_string}"},"query-input":{"@type":"PropertyValueSpecification","valueRequired":true,"valueName":"search_term_string"}}],"inLanguage":"pt-BR"},{"@type":"Organization","@id":"https:\/\/www.notibras.com\/site\/#organization","name":"Grupo Notibras de Comunica\u00e7\u00e3o","url":"https:\/\/www.notibras.com\/site\/","logo":{"@type":"ImageObject","inLanguage":"pt-BR","@id":"https:\/\/www.notibras.com\/site\/#\/schema\/logo\/image\/","url":"https:\/\/www.notibras.com\/site\/wp-content\/uploads\/2023\/01\/notibras23.png","contentUrl":"https:\/\/www.notibras.com\/site\/wp-content\/uploads\/2023\/01\/notibras23.png","width":350,"height":87,"caption":"Grupo Notibras de Comunica\u00e7\u00e3o"},"image":{"@id":"https:\/\/www.notibras.com\/site\/#\/schema\/logo\/image\/"},"sameAs":["https:\/\/www.facebook.com\/notibras\/","https:\/\/x.com\/Notibras","https:\/\/www.instagram.com\/notibras\/"]},{"@type":"Person","@id":"https:\/\/www.notibras.com\/site\/#\/schema\/person\/5b7fabf2aedc3ada2105f03b22b4d3dd","name":"Eduardo Mart\u00ednez","image":{"@type":"ImageObject","inLanguage":"pt-BR","@id":"https:\/\/secure.gravatar.com\/avatar\/7902f906289926289cbcda644b5197c796b893c6ffd7b9a536a42d290f7704a0?s=96&d=mm&r=g","url":"https:\/\/secure.gravatar.com\/avatar\/7902f906289926289cbcda644b5197c796b893c6ffd7b9a536a42d290f7704a0?s=96&d=mm&r=g","contentUrl":"https:\/\/secure.gravatar.com\/avatar\/7902f906289926289cbcda644b5197c796b893c6ffd7b9a536a42d290f7704a0?s=96&d=mm&r=g","caption":"Eduardo Mart\u00ednez"}}]}},"amp_enabled":true,"_links":{"self":[{"href":"https:\/\/www.notibras.com\/site\/wp-json\/wp\/v2\/posts\/383057","targetHints":{"allow":["GET"]}}],"collection":[{"href":"https:\/\/www.notibras.com\/site\/wp-json\/wp\/v2\/posts"}],"about":[{"href":"https:\/\/www.notibras.com\/site\/wp-json\/wp\/v2\/types\/post"}],"author":[{"embeddable":true,"href":"https:\/\/www.notibras.com\/site\/wp-json\/wp\/v2\/users\/21"}],"replies":[{"embeddable":true,"href":"https:\/\/www.notibras.com\/site\/wp-json\/wp\/v2\/comments?post=383057"}],"version-history":[{"count":3,"href":"https:\/\/www.notibras.com\/site\/wp-json\/wp\/v2\/posts\/383057\/revisions"}],"predecessor-version":[{"id":383064,"href":"https:\/\/www.notibras.com\/site\/wp-json\/wp\/v2\/posts\/383057\/revisions\/383064"}],"wp:featuredmedia":[{"embeddable":true,"href":"https:\/\/www.notibras.com\/site\/wp-json\/wp\/v2\/media\/383061"}],"wp:attachment":[{"href":"https:\/\/www.notibras.com\/site\/wp-json\/wp\/v2\/media?parent=383057"}],"wp:term":[{"taxonomy":"category","embeddable":true,"href":"https:\/\/www.notibras.com\/site\/wp-json\/wp\/v2\/categories?post=383057"},{"taxonomy":"post_tag","embeddable":true,"href":"https:\/\/www.notibras.com\/site\/wp-json\/wp\/v2\/tags?post=383057"}],"curies":[{"name":"wp","href":"https:\/\/api.w.org\/{rel}","templated":true}]}}