{"id":38312,"date":"2015-02-26T16:48:25","date_gmt":"2015-02-26T19:48:25","guid":{"rendered":"http:\/\/www.notibras.com\/site\/?p=38312"},"modified":"2015-02-26T16:49:05","modified_gmt":"2015-02-26T19:49:05","slug":"caitalismo-selvagem-faz-da-terra-mera-bandeira-da-especulacao","status":"publish","type":"post","link":"https:\/\/www.notibras.com\/site\/caitalismo-selvagem-faz-da-terra-mera-bandeira-da-especulacao\/","title":{"rendered":"Capitalismo selvagem faz da terra mera bandeira da especula\u00e7\u00e3o"},"content":{"rendered":"<p>A geografia \u00e9 a ci\u00eancia que estuda o espa\u00e7o. Entretanto, tanto a Geografia Humana como a F\u00edsica sempre foram, at\u00e9 poucas d\u00e9cadas atr\u00e1s, ci\u00eancias puramente descritivas, o que as deixava com certo &#8220;complexo de inferioridade&#8221; por n\u00e3o conseguirem oferecer explica\u00e7\u00f5es.<\/p>\n<p>Limitando-nos ao espa\u00e7o urbano, isso acabou quando apareceu a ideia de que esse espa\u00e7o n\u00e3o era produto da natureza (como rios, montanhas, clima etc.), mas produto do trabalho humano.<\/p>\n<p>David Harvey, not\u00e1vel ge\u00f3grafo brit\u00e2nico, marcou essa transi\u00e7\u00e3o na passagem do livro Explanation in Geography (Edward Arnold, 1969; chamo a aten\u00e7\u00e3o para a palavra &#8220;explanation&#8221;) para Social Justice and the city (Edward Arnold, 1973).<\/p>\n<p>Essa passagem marca tamb\u00e9m a ades\u00e3o de Harvey ao materialismo hist\u00f3rico e ao marxismo. Harvey \u00e9 dos mais not\u00e1veis marxistas contempor\u00e2neos. Essa coloca\u00e7\u00e3o foi absolutamente revolucion\u00e1ria, pois permitiu a inser\u00e7\u00e3o da Geografia no campo do materialismo hist\u00f3rico e em todo o seu rico aparato te\u00f3rico.<\/p>\n<p>Na verdade, o que \u00e9 produto do trabalho social humano n\u00e3o \u00e9 a terra-mat\u00e9ria, mas a localiza\u00e7\u00e3o. Em outras oportunidades cunhamos a express\u00e3o &#8220;terra localiza\u00e7\u00e3o&#8221; para designar os diversos pontos de um territ\u00f3rio urbano. Isso porque os produtos do trabalho s\u00e3o algo material e a &#8220;localiza\u00e7\u00e3o&#8221; n\u00e3o \u00e9.<\/p>\n<p>Por isso, seguindo Marx, que criou as express\u00f5es &#8220;terre mati\u00e8re&#8221; e &#8220;terre capital&#8221;, que ele escreveu originalmente em franc\u00eas, cunhamos a express\u00e3o &#8220;terra localiza\u00e7\u00e3o&#8221;. Quando Marx falou em terra (ou em renda da terra) nunca falou em localiza\u00e7\u00e3o.<\/p>\n<p>Se Marx tivesse estudado um pouco mais a terra urbana, o que ele n\u00e3o fez, certamente teria enfrentado a quest\u00e3o da localiza\u00e7\u00e3o. Para se entender bem o conceito de localiza\u00e7\u00e3o urbana, basta escolher qualquer ponto de um territ\u00f3rio urbano: por exemplo, a esquina das avenidas S\u00e3o Jo\u00e3o e Ipiranga, na cidade de S\u00e3o Paulo.<\/p>\n<p>Atrav\u00e9s desse cruzamento, o ponto fica perfeitamente definido. Entretanto, \u00e9 poss\u00edvel determinar esse mesmo ponto tamb\u00e9m pelo cruzamento do paralelo X com o meridiano Y. A diferen\u00e7a entre as duas maneiras de determina\u00e7\u00e3o \u00e9 fundamental. Pela primeira maneira, a localiza\u00e7\u00e3o muda; pela segunda, n\u00e3o.<\/p>\n<p>H\u00e1 200 anos, as duas avenidas n\u00e3o existiam, enquanto o paralelo X e o meridiano Y sim. Mais ainda: estes existir\u00e3o sempre, j\u00e1 as avenidas, pode ser que sim, pode ser que n\u00e3o. A localiza\u00e7\u00e3o da praia de Copacabana era uma em 1.810, outra em 1.910 e outra ainda em 2010.<\/p>\n<p>Essa localiza\u00e7\u00e3o mudou radicalmente como acessibilidade, mudou fisicamente, mudou como prest\u00edgio social, mudou com o pre\u00e7o da terra. Mas como cruzamento de um paralelo com um meridiano n\u00e3o houve mudan\u00e7a alguma. Uma localiza\u00e7\u00e3o foi produto material do trabalho humano, a outra n\u00e3o.<\/p>\n<p>Vejamos outras especificidades de localiza\u00e7\u00e3o:<\/p>\n<ul>\n<li>\n<blockquote><p>As localiza\u00e7\u00f5es s\u00e3o \u00fanicas. N\u00e3o existem duas iguais, \u00e9 imposs\u00edvel existir. N\u00e3o existem duas localiza\u00e7\u00f5es como a esquina das avenidas S\u00e3o Jo\u00e3o e Ipiranga.<\/p><\/blockquote>\n<\/li>\n<li>\n<blockquote><p>Embora produzidas pelo trabalho humano elas s\u00e3o irreproduz\u00edveis pelo trabalho humano (como as obras-primas, dizia Marx).<\/p><\/blockquote>\n<\/li>\n<\/ul>\n<p>As localiza\u00e7\u00f5es n\u00e3o s\u00e3o como televisores, sapatos, cadeiras, autom\u00f3veis ou avi\u00f5es, que podem ser produzidos aos milhares, um igualzinho ao outro, e que podem ser equitativamente distribu\u00eddos por entre todos os que participaram de sua produ\u00e7\u00e3o, mesmo que sejam centenas ou milhares.<\/p>\n<p>Se n\u00e3o existem duas localiza\u00e7\u00f5es iguais e se o trabalho humano n\u00e3o pode reproduzi-las, pergunta-se: como \u00e9 poss\u00edvel distribu\u00ed-las equitativamente dentre os que participaram de sua produ\u00e7\u00e3o? Essa distribui\u00e7\u00e3o equitativa \u00e9 imposs\u00edvel.<\/p>\n<p>Essa particularidade esclarece algumas quest\u00f5es importantes. Por exemplo, ela j\u00e1 explica porque h\u00e1 uma luta t\u00e3o ferrenha dentre os produtores, quanto se trata de receber uma parcela do produto. Ou seja, quando se trata de distribuir a terra como produto do trabalho.<\/p>\n<p>Essa luta \u00e9 clara no caso do espa\u00e7o urbano. Ela se manifesta com clareza no mercado imobili\u00e1rio, nos pre\u00e7os da terra e na disputa que h\u00e1 entre os bons e maus &#8220;pontos&#8221;, seja para estabelecimentos de com\u00e9rcio, de servi\u00e7os, escrit\u00f3rios, edif\u00edcios de apartamentos ou moradias unifamiliares.<\/p>\n<p>Como distribuir equitativamente esse produto \u00fanico do trabalho social humano, por entre os que participaram de sua produ\u00e7\u00e3o?<\/p>\n<p>Diante desse dilema, todas as sociedades humanas desenvolveram regras e mecanismos para distribuir esse produto absolutamente do trabalho. A proximidade do poder \u2013 seja do rei, seja dos deuses &#8211; foi uma dessas regras.<\/p>\n<p>Os mais ricos e poderosos ficam pr\u00f3ximos do(s) deus(es) ou do rei (do poder). Os mais pobres ficam longe, mas n\u00e3o muito, n\u00e3o demais. Versalhes achou que podia ficar longe demais e rompeu com essa regra. Deu no que deu.<\/p>\n<p>O capitalismo transformou a terra localiza\u00e7\u00e3o em mercadoria e o mecanismo do mercado passou a ser a regra que preside a sua distribui\u00e7\u00e3o. Talvez muitos acreditem que essa n\u00e3o \u00e9 uma regra democr\u00e1tica. Pode-se achar que o mecanismo de mercado \u00e9 um mecanismo de domina\u00e7\u00e3o social. Quem se habilita a propor uma regra democr\u00e1tica?<\/p>\n<p><strong>Fl\u00e1vio Villa\u00e7a<\/strong><\/p>\n","protected":false},"excerpt":{"rendered":"<p>A geografia \u00e9 a ci\u00eancia que estuda o espa\u00e7o. Entretanto, tanto a Geografia Humana como a F\u00edsica sempre foram, at\u00e9 poucas d\u00e9cadas atr\u00e1s, ci\u00eancias puramente descritivas, o que as deixava com certo &#8220;complexo de inferioridade&#8221; por n\u00e3o conseguirem oferecer explica\u00e7\u00f5es. Limitando-nos ao espa\u00e7o urbano, isso acabou quando apareceu a ideia de que esse espa\u00e7o n\u00e3o [&hellip;]<\/p>\n","protected":false},"author":2,"featured_media":38313,"comment_status":"open","ping_status":"closed","sticky":false,"template":"","format":"standard","meta":{"_acf_changed":false,"footnotes":""},"categories":[25],"tags":[],"class_list":["post-38312","post","type-post","status-publish","format-standard","has-post-thumbnail","hentry","category-opina-ai"],"acf":[],"yoast_head":"<!-- This site is optimized with the Yoast SEO plugin v27.2 - https:\/\/yoast.com\/product\/yoast-seo-wordpress\/ -->\n<title>Capitalismo selvagem faz da terra mera bandeira da especula\u00e7\u00e3o - Notibras<\/title>\n<meta name=\"robots\" content=\"index, follow, max-snippet:-1, max-image-preview:large, max-video-preview:-1\" \/>\n<link rel=\"canonical\" href=\"https:\/\/www.notibras.com\/site\/caitalismo-selvagem-faz-da-terra-mera-bandeira-da-especulacao\/\" \/>\n<meta property=\"og:locale\" content=\"pt_BR\" \/>\n<meta property=\"og:type\" content=\"article\" \/>\n<meta property=\"og:title\" content=\"Capitalismo selvagem faz da terra mera bandeira da especula\u00e7\u00e3o - Notibras\" \/>\n<meta property=\"og:description\" content=\"A geografia \u00e9 a ci\u00eancia que estuda o espa\u00e7o. Entretanto, tanto a Geografia Humana como a F\u00edsica sempre foram, at\u00e9 poucas d\u00e9cadas atr\u00e1s, ci\u00eancias puramente descritivas, o que as deixava com certo &#8220;complexo de inferioridade&#8221; por n\u00e3o conseguirem oferecer explica\u00e7\u00f5es. Limitando-nos ao espa\u00e7o urbano, isso acabou quando apareceu a ideia de que esse espa\u00e7o n\u00e3o [&hellip;]\" \/>\n<meta property=\"og:url\" content=\"https:\/\/www.notibras.com\/site\/caitalismo-selvagem-faz-da-terra-mera-bandeira-da-especulacao\/\" \/>\n<meta property=\"og:site_name\" content=\"Notibras\" \/>\n<meta property=\"article:publisher\" content=\"https:\/\/www.facebook.com\/notibras\/\" \/>\n<meta property=\"article:published_time\" content=\"2015-02-26T19:48:25+00:00\" \/>\n<meta property=\"article:modified_time\" content=\"2015-02-26T19:49:05+00:00\" \/>\n<meta property=\"og:image\" content=\"https:\/\/www.notibras.com\/site\/wp-content\/uploads\/2015\/02\/op11.jpg\" \/>\n\t<meta property=\"og:image:width\" content=\"860\" \/>\n\t<meta property=\"og:image:height\" content=\"674\" \/>\n\t<meta property=\"og:image:type\" content=\"image\/jpeg\" \/>\n<meta name=\"author\" content=\"Reda\u00e7\u00e3o\" \/>\n<meta name=\"twitter:card\" content=\"summary_large_image\" \/>\n<meta name=\"twitter:creator\" content=\"@Notibras\" \/>\n<meta name=\"twitter:site\" content=\"@Notibras\" \/>\n<meta name=\"twitter:label1\" content=\"Escrito por\" \/>\n\t<meta name=\"twitter:data1\" content=\"Reda\u00e7\u00e3o\" \/>\n\t<meta name=\"twitter:label2\" content=\"Est. tempo de leitura\" \/>\n\t<meta name=\"twitter:data2\" content=\"4 minutos\" \/>\n<script type=\"application\/ld+json\" class=\"yoast-schema-graph\">{\"@context\":\"https:\/\/schema.org\",\"@graph\":[{\"@type\":\"Article\",\"@id\":\"https:\/\/www.notibras.com\/site\/caitalismo-selvagem-faz-da-terra-mera-bandeira-da-especulacao\/#article\",\"isPartOf\":{\"@id\":\"https:\/\/www.notibras.com\/site\/caitalismo-selvagem-faz-da-terra-mera-bandeira-da-especulacao\/\"},\"author\":{\"name\":\"Reda\u00e7\u00e3o\",\"@id\":\"https:\/\/www.notibras.com\/site\/#\/schema\/person\/36ab0979449956132d3e5b517ea76ac8\"},\"headline\":\"Capitalismo selvagem faz da terra mera bandeira da especula\u00e7\u00e3o\",\"datePublished\":\"2015-02-26T19:48:25+00:00\",\"dateModified\":\"2015-02-26T19:49:05+00:00\",\"mainEntityOfPage\":{\"@id\":\"https:\/\/www.notibras.com\/site\/caitalismo-selvagem-faz-da-terra-mera-bandeira-da-especulacao\/\"},\"wordCount\":886,\"commentCount\":0,\"publisher\":{\"@id\":\"https:\/\/www.notibras.com\/site\/#organization\"},\"image\":{\"@id\":\"https:\/\/www.notibras.com\/site\/caitalismo-selvagem-faz-da-terra-mera-bandeira-da-especulacao\/#primaryimage\"},\"thumbnailUrl\":\"https:\/\/www.notibras.com\/site\/wp-content\/uploads\/2015\/02\/op11.jpg\",\"articleSection\":[\"Opina a\u00ed\"],\"inLanguage\":\"pt-BR\",\"potentialAction\":[{\"@type\":\"CommentAction\",\"name\":\"Comment\",\"target\":[\"https:\/\/www.notibras.com\/site\/caitalismo-selvagem-faz-da-terra-mera-bandeira-da-especulacao\/#respond\"]}]},{\"@type\":\"WebPage\",\"@id\":\"https:\/\/www.notibras.com\/site\/caitalismo-selvagem-faz-da-terra-mera-bandeira-da-especulacao\/\",\"url\":\"https:\/\/www.notibras.com\/site\/caitalismo-selvagem-faz-da-terra-mera-bandeira-da-especulacao\/\",\"name\":\"Capitalismo selvagem faz da terra mera bandeira da especula\u00e7\u00e3o - Notibras\",\"isPartOf\":{\"@id\":\"https:\/\/www.notibras.com\/site\/#website\"},\"primaryImageOfPage\":{\"@id\":\"https:\/\/www.notibras.com\/site\/caitalismo-selvagem-faz-da-terra-mera-bandeira-da-especulacao\/#primaryimage\"},\"image\":{\"@id\":\"https:\/\/www.notibras.com\/site\/caitalismo-selvagem-faz-da-terra-mera-bandeira-da-especulacao\/#primaryimage\"},\"thumbnailUrl\":\"https:\/\/www.notibras.com\/site\/wp-content\/uploads\/2015\/02\/op11.jpg\",\"datePublished\":\"2015-02-26T19:48:25+00:00\",\"dateModified\":\"2015-02-26T19:49:05+00:00\",\"breadcrumb\":{\"@id\":\"https:\/\/www.notibras.com\/site\/caitalismo-selvagem-faz-da-terra-mera-bandeira-da-especulacao\/#breadcrumb\"},\"inLanguage\":\"pt-BR\",\"potentialAction\":[{\"@type\":\"ReadAction\",\"target\":[\"https:\/\/www.notibras.com\/site\/caitalismo-selvagem-faz-da-terra-mera-bandeira-da-especulacao\/\"]}]},{\"@type\":\"ImageObject\",\"inLanguage\":\"pt-BR\",\"@id\":\"https:\/\/www.notibras.com\/site\/caitalismo-selvagem-faz-da-terra-mera-bandeira-da-especulacao\/#primaryimage\",\"url\":\"https:\/\/www.notibras.com\/site\/wp-content\/uploads\/2015\/02\/op11.jpg\",\"contentUrl\":\"https:\/\/www.notibras.com\/site\/wp-content\/uploads\/2015\/02\/op11.jpg\",\"width\":860,\"height\":674},{\"@type\":\"BreadcrumbList\",\"@id\":\"https:\/\/www.notibras.com\/site\/caitalismo-selvagem-faz-da-terra-mera-bandeira-da-especulacao\/#breadcrumb\",\"itemListElement\":[{\"@type\":\"ListItem\",\"position\":1,\"name\":\"In\u00edcio\",\"item\":\"https:\/\/www.notibras.com\/site\/\"},{\"@type\":\"ListItem\",\"position\":2,\"name\":\"Capitalismo selvagem faz da terra mera bandeira da especula\u00e7\u00e3o\"}]},{\"@type\":\"WebSite\",\"@id\":\"https:\/\/www.notibras.com\/site\/#website\",\"url\":\"https:\/\/www.notibras.com\/site\/\",\"name\":\"Notibras\",\"description\":\"Not\u00edcias de Bras\u00edlia, do Brasil e do Mundo\",\"publisher\":{\"@id\":\"https:\/\/www.notibras.com\/site\/#organization\"},\"potentialAction\":[{\"@type\":\"SearchAction\",\"target\":{\"@type\":\"EntryPoint\",\"urlTemplate\":\"https:\/\/www.notibras.com\/site\/?s={search_term_string}\"},\"query-input\":{\"@type\":\"PropertyValueSpecification\",\"valueRequired\":true,\"valueName\":\"search_term_string\"}}],\"inLanguage\":\"pt-BR\"},{\"@type\":\"Organization\",\"@id\":\"https:\/\/www.notibras.com\/site\/#organization\",\"name\":\"Grupo Notibras de Comunica\u00e7\u00e3o\",\"url\":\"https:\/\/www.notibras.com\/site\/\",\"logo\":{\"@type\":\"ImageObject\",\"inLanguage\":\"pt-BR\",\"@id\":\"https:\/\/www.notibras.com\/site\/#\/schema\/logo\/image\/\",\"url\":\"https:\/\/www.notibras.com\/site\/wp-content\/uploads\/2023\/01\/notibras23.png\",\"contentUrl\":\"https:\/\/www.notibras.com\/site\/wp-content\/uploads\/2023\/01\/notibras23.png\",\"width\":350,\"height\":87,\"caption\":\"Grupo Notibras de Comunica\u00e7\u00e3o\"},\"image\":{\"@id\":\"https:\/\/www.notibras.com\/site\/#\/schema\/logo\/image\/\"},\"sameAs\":[\"https:\/\/www.facebook.com\/notibras\/\",\"https:\/\/x.com\/Notibras\",\"https:\/\/www.instagram.com\/notibras\/\"]},{\"@type\":\"Person\",\"@id\":\"https:\/\/www.notibras.com\/site\/#\/schema\/person\/36ab0979449956132d3e5b517ea76ac8\",\"name\":\"Reda\u00e7\u00e3o\",\"image\":{\"@type\":\"ImageObject\",\"inLanguage\":\"pt-BR\",\"@id\":\"https:\/\/secure.gravatar.com\/avatar\/e0a867bdedb85fd243eadf09663511f96fc81e0720a4a42581f334ad4303aa6b?s=96&d=mm&r=g\",\"url\":\"https:\/\/secure.gravatar.com\/avatar\/e0a867bdedb85fd243eadf09663511f96fc81e0720a4a42581f334ad4303aa6b?s=96&d=mm&r=g\",\"contentUrl\":\"https:\/\/secure.gravatar.com\/avatar\/e0a867bdedb85fd243eadf09663511f96fc81e0720a4a42581f334ad4303aa6b?s=96&d=mm&r=g\",\"caption\":\"Reda\u00e7\u00e3o\"}}]}<\/script>\n<!-- \/ Yoast SEO plugin. -->","yoast_head_json":{"title":"Capitalismo selvagem faz da terra mera bandeira da especula\u00e7\u00e3o - Notibras","robots":{"index":"index","follow":"follow","max-snippet":"max-snippet:-1","max-image-preview":"max-image-preview:large","max-video-preview":"max-video-preview:-1"},"canonical":"https:\/\/www.notibras.com\/site\/caitalismo-selvagem-faz-da-terra-mera-bandeira-da-especulacao\/","og_locale":"pt_BR","og_type":"article","og_title":"Capitalismo selvagem faz da terra mera bandeira da especula\u00e7\u00e3o - Notibras","og_description":"A geografia \u00e9 a ci\u00eancia que estuda o espa\u00e7o. Entretanto, tanto a Geografia Humana como a F\u00edsica sempre foram, at\u00e9 poucas d\u00e9cadas atr\u00e1s, ci\u00eancias puramente descritivas, o que as deixava com certo &#8220;complexo de inferioridade&#8221; por n\u00e3o conseguirem oferecer explica\u00e7\u00f5es. Limitando-nos ao espa\u00e7o urbano, isso acabou quando apareceu a ideia de que esse espa\u00e7o n\u00e3o [&hellip;]","og_url":"https:\/\/www.notibras.com\/site\/caitalismo-selvagem-faz-da-terra-mera-bandeira-da-especulacao\/","og_site_name":"Notibras","article_publisher":"https:\/\/www.facebook.com\/notibras\/","article_published_time":"2015-02-26T19:48:25+00:00","article_modified_time":"2015-02-26T19:49:05+00:00","og_image":[{"width":860,"height":674,"url":"https:\/\/www.notibras.com\/site\/wp-content\/uploads\/2015\/02\/op11.jpg","type":"image\/jpeg"}],"author":"Reda\u00e7\u00e3o","twitter_card":"summary_large_image","twitter_creator":"@Notibras","twitter_site":"@Notibras","twitter_misc":{"Escrito por":"Reda\u00e7\u00e3o","Est. tempo de leitura":"4 minutos"},"schema":{"@context":"https:\/\/schema.org","@graph":[{"@type":"Article","@id":"https:\/\/www.notibras.com\/site\/caitalismo-selvagem-faz-da-terra-mera-bandeira-da-especulacao\/#article","isPartOf":{"@id":"https:\/\/www.notibras.com\/site\/caitalismo-selvagem-faz-da-terra-mera-bandeira-da-especulacao\/"},"author":{"name":"Reda\u00e7\u00e3o","@id":"https:\/\/www.notibras.com\/site\/#\/schema\/person\/36ab0979449956132d3e5b517ea76ac8"},"headline":"Capitalismo selvagem faz da terra mera bandeira da especula\u00e7\u00e3o","datePublished":"2015-02-26T19:48:25+00:00","dateModified":"2015-02-26T19:49:05+00:00","mainEntityOfPage":{"@id":"https:\/\/www.notibras.com\/site\/caitalismo-selvagem-faz-da-terra-mera-bandeira-da-especulacao\/"},"wordCount":886,"commentCount":0,"publisher":{"@id":"https:\/\/www.notibras.com\/site\/#organization"},"image":{"@id":"https:\/\/www.notibras.com\/site\/caitalismo-selvagem-faz-da-terra-mera-bandeira-da-especulacao\/#primaryimage"},"thumbnailUrl":"https:\/\/www.notibras.com\/site\/wp-content\/uploads\/2015\/02\/op11.jpg","articleSection":["Opina a\u00ed"],"inLanguage":"pt-BR","potentialAction":[{"@type":"CommentAction","name":"Comment","target":["https:\/\/www.notibras.com\/site\/caitalismo-selvagem-faz-da-terra-mera-bandeira-da-especulacao\/#respond"]}]},{"@type":"WebPage","@id":"https:\/\/www.notibras.com\/site\/caitalismo-selvagem-faz-da-terra-mera-bandeira-da-especulacao\/","url":"https:\/\/www.notibras.com\/site\/caitalismo-selvagem-faz-da-terra-mera-bandeira-da-especulacao\/","name":"Capitalismo selvagem faz da terra mera bandeira da especula\u00e7\u00e3o - Notibras","isPartOf":{"@id":"https:\/\/www.notibras.com\/site\/#website"},"primaryImageOfPage":{"@id":"https:\/\/www.notibras.com\/site\/caitalismo-selvagem-faz-da-terra-mera-bandeira-da-especulacao\/#primaryimage"},"image":{"@id":"https:\/\/www.notibras.com\/site\/caitalismo-selvagem-faz-da-terra-mera-bandeira-da-especulacao\/#primaryimage"},"thumbnailUrl":"https:\/\/www.notibras.com\/site\/wp-content\/uploads\/2015\/02\/op11.jpg","datePublished":"2015-02-26T19:48:25+00:00","dateModified":"2015-02-26T19:49:05+00:00","breadcrumb":{"@id":"https:\/\/www.notibras.com\/site\/caitalismo-selvagem-faz-da-terra-mera-bandeira-da-especulacao\/#breadcrumb"},"inLanguage":"pt-BR","potentialAction":[{"@type":"ReadAction","target":["https:\/\/www.notibras.com\/site\/caitalismo-selvagem-faz-da-terra-mera-bandeira-da-especulacao\/"]}]},{"@type":"ImageObject","inLanguage":"pt-BR","@id":"https:\/\/www.notibras.com\/site\/caitalismo-selvagem-faz-da-terra-mera-bandeira-da-especulacao\/#primaryimage","url":"https:\/\/www.notibras.com\/site\/wp-content\/uploads\/2015\/02\/op11.jpg","contentUrl":"https:\/\/www.notibras.com\/site\/wp-content\/uploads\/2015\/02\/op11.jpg","width":860,"height":674},{"@type":"BreadcrumbList","@id":"https:\/\/www.notibras.com\/site\/caitalismo-selvagem-faz-da-terra-mera-bandeira-da-especulacao\/#breadcrumb","itemListElement":[{"@type":"ListItem","position":1,"name":"In\u00edcio","item":"https:\/\/www.notibras.com\/site\/"},{"@type":"ListItem","position":2,"name":"Capitalismo selvagem faz da terra mera bandeira da especula\u00e7\u00e3o"}]},{"@type":"WebSite","@id":"https:\/\/www.notibras.com\/site\/#website","url":"https:\/\/www.notibras.com\/site\/","name":"Notibras","description":"Not\u00edcias de Bras\u00edlia, do Brasil e do Mundo","publisher":{"@id":"https:\/\/www.notibras.com\/site\/#organization"},"potentialAction":[{"@type":"SearchAction","target":{"@type":"EntryPoint","urlTemplate":"https:\/\/www.notibras.com\/site\/?s={search_term_string}"},"query-input":{"@type":"PropertyValueSpecification","valueRequired":true,"valueName":"search_term_string"}}],"inLanguage":"pt-BR"},{"@type":"Organization","@id":"https:\/\/www.notibras.com\/site\/#organization","name":"Grupo Notibras de Comunica\u00e7\u00e3o","url":"https:\/\/www.notibras.com\/site\/","logo":{"@type":"ImageObject","inLanguage":"pt-BR","@id":"https:\/\/www.notibras.com\/site\/#\/schema\/logo\/image\/","url":"https:\/\/www.notibras.com\/site\/wp-content\/uploads\/2023\/01\/notibras23.png","contentUrl":"https:\/\/www.notibras.com\/site\/wp-content\/uploads\/2023\/01\/notibras23.png","width":350,"height":87,"caption":"Grupo Notibras de Comunica\u00e7\u00e3o"},"image":{"@id":"https:\/\/www.notibras.com\/site\/#\/schema\/logo\/image\/"},"sameAs":["https:\/\/www.facebook.com\/notibras\/","https:\/\/x.com\/Notibras","https:\/\/www.instagram.com\/notibras\/"]},{"@type":"Person","@id":"https:\/\/www.notibras.com\/site\/#\/schema\/person\/36ab0979449956132d3e5b517ea76ac8","name":"Reda\u00e7\u00e3o","image":{"@type":"ImageObject","inLanguage":"pt-BR","@id":"https:\/\/secure.gravatar.com\/avatar\/e0a867bdedb85fd243eadf09663511f96fc81e0720a4a42581f334ad4303aa6b?s=96&d=mm&r=g","url":"https:\/\/secure.gravatar.com\/avatar\/e0a867bdedb85fd243eadf09663511f96fc81e0720a4a42581f334ad4303aa6b?s=96&d=mm&r=g","contentUrl":"https:\/\/secure.gravatar.com\/avatar\/e0a867bdedb85fd243eadf09663511f96fc81e0720a4a42581f334ad4303aa6b?s=96&d=mm&r=g","caption":"Reda\u00e7\u00e3o"}}]}},"amp_enabled":true,"_links":{"self":[{"href":"https:\/\/www.notibras.com\/site\/wp-json\/wp\/v2\/posts\/38312","targetHints":{"allow":["GET"]}}],"collection":[{"href":"https:\/\/www.notibras.com\/site\/wp-json\/wp\/v2\/posts"}],"about":[{"href":"https:\/\/www.notibras.com\/site\/wp-json\/wp\/v2\/types\/post"}],"author":[{"embeddable":true,"href":"https:\/\/www.notibras.com\/site\/wp-json\/wp\/v2\/users\/2"}],"replies":[{"embeddable":true,"href":"https:\/\/www.notibras.com\/site\/wp-json\/wp\/v2\/comments?post=38312"}],"version-history":[{"count":0,"href":"https:\/\/www.notibras.com\/site\/wp-json\/wp\/v2\/posts\/38312\/revisions"}],"wp:featuredmedia":[{"embeddable":true,"href":"https:\/\/www.notibras.com\/site\/wp-json\/wp\/v2\/media\/38313"}],"wp:attachment":[{"href":"https:\/\/www.notibras.com\/site\/wp-json\/wp\/v2\/media?parent=38312"}],"wp:term":[{"taxonomy":"category","embeddable":true,"href":"https:\/\/www.notibras.com\/site\/wp-json\/wp\/v2\/categories?post=38312"},{"taxonomy":"post_tag","embeddable":true,"href":"https:\/\/www.notibras.com\/site\/wp-json\/wp\/v2\/tags?post=38312"}],"curies":[{"name":"wp","href":"https:\/\/api.w.org\/{rel}","templated":true}]}}