{"id":38316,"date":"2015-02-26T16:58:03","date_gmt":"2015-02-26T19:58:03","guid":{"rendered":"http:\/\/www.notibras.com\/site\/?p=38316"},"modified":"2015-02-26T20:09:48","modified_gmt":"2015-02-26T23:09:48","slug":"massa-pisa-fundo-e-e-o-mais-rapido-no-5o-dia-de-treinos-livres-da-f1","status":"publish","type":"post","link":"https:\/\/www.notibras.com\/site\/massa-pisa-fundo-e-e-o-mais-rapido-no-5o-dia-de-treinos-livres-da-f1\/","title":{"rendered":"Massa pisa fundo e \u00e9 o mais r\u00e1pido no 5\u00ba dia de treinos da F1"},"content":{"rendered":"<p class=\"text\">O brasileiro Felipe Massa foi o piloto mais r\u00e1pido desta quinta-feira, no quinto dia de testes de pr\u00e9-temporada da F\u00f3rmula 1 em Barcelona. Utilizando pneus macios, o brasileiro da Willians fez 1min23s500, superando\u00a0os\u00a01min24s881 marcados por Hamilton na parte da manh\u00e3.<\/p>\n<p class=\"text\">A equipe brit\u00e2nica enviou o piloto com os compostos de banda amarela, e Massa, ap\u00f3s marcar o melhor tempo, retornou aos boxes. Com pneus macios, a melhora foi de 1s1 em rela\u00e7\u00e3o aos m\u00e9dios. Ele tamb\u00e9m superou Daniel Ricciardo, da Red Bull, que havia feito o melhor tempo com pneus macios na semana passada, com 1min24s5.<\/p>\n<blockquote>\n<p class=\"text\">Outro destaque desta quinta foi o jovem Marcus Ericsson, da Sauber, que marcou 1min24s276 utilizando pneus supermacios. \u00c0\u00a0tarde, o sueco realizou um long-run com tempos consistentes (cerca de 1min30s). O companheiro de Ericsson, Felipe Nasr, apostou em pneus duros a fim de melhorar a adapta\u00e7\u00e3o do carro a essa situa\u00e7\u00e3o.<\/p>\n<\/blockquote>\n<p class=\"text\">O atual campe\u00e3o Lewis Hamilton, da Mercedes, teve de deixar os treinos por conta de um problema no sistema h\u00eddrico do carro. Quem tamb\u00e9m deixou o treino antes da hora foi o ingl\u00eas Jenson Button, da McLaren Honda, que fez apenas sete voltas e deixou a pista por conta de um problema no sistema hidr\u00e1ulico.<\/p>\n","protected":false},"excerpt":{"rendered":"<p>O brasileiro Felipe Massa foi o piloto mais r\u00e1pido desta quinta-feira, no quinto dia de testes de pr\u00e9-temporada da F\u00f3rmula 1 em Barcelona. Utilizando pneus macios, o brasileiro da Willians fez 1min23s500, superando\u00a0os\u00a01min24s881 marcados por Hamilton na parte da manh\u00e3. A equipe brit\u00e2nica enviou o piloto com os compostos de banda amarela, e Massa, ap\u00f3s [&hellip;]<\/p>\n","protected":false},"author":2,"featured_media":38317,"comment_status":"open","ping_status":"closed","sticky":false,"template":"","format":"standard","meta":{"_acf_changed":false,"footnotes":""},"categories":[27,19],"tags":[],"class_list":["post-38316","post","type-post","status-publish","format-standard","has-post-thumbnail","hentry","category-automobilismo","category-esportes"],"acf":[],"yoast_head":"<!-- This site is optimized with the Yoast SEO plugin v27.2 - https:\/\/yoast.com\/product\/yoast-seo-wordpress\/ -->\n<title>Massa pisa fundo e \u00e9 o mais r\u00e1pido no 5\u00ba dia de treinos da F1 - Notibras<\/title>\n<meta name=\"robots\" content=\"index, follow, max-snippet:-1, max-image-preview:large, max-video-preview:-1\" \/>\n<link rel=\"canonical\" href=\"https:\/\/www.notibras.com\/site\/massa-pisa-fundo-e-e-o-mais-rapido-no-5o-dia-de-treinos-livres-da-f1\/\" \/>\n<meta property=\"og:locale\" content=\"pt_BR\" \/>\n<meta property=\"og:type\" content=\"article\" \/>\n<meta property=\"og:title\" content=\"Massa pisa fundo e \u00e9 o mais r\u00e1pido no 5\u00ba dia de treinos da F1 - Notibras\" \/>\n<meta property=\"og:description\" content=\"O brasileiro Felipe Massa foi o piloto mais r\u00e1pido desta quinta-feira, no quinto dia de testes de pr\u00e9-temporada da F\u00f3rmula 1 em Barcelona. Utilizando pneus macios, o brasileiro da Willians fez 1min23s500, superando\u00a0os\u00a01min24s881 marcados por Hamilton na parte da manh\u00e3. A equipe brit\u00e2nica enviou o piloto com os compostos de banda amarela, e Massa, ap\u00f3s [&hellip;]\" \/>\n<meta property=\"og:url\" content=\"https:\/\/www.notibras.com\/site\/massa-pisa-fundo-e-e-o-mais-rapido-no-5o-dia-de-treinos-livres-da-f1\/\" \/>\n<meta property=\"og:site_name\" content=\"Notibras\" \/>\n<meta property=\"article:publisher\" content=\"https:\/\/www.facebook.com\/notibras\/\" \/>\n<meta property=\"article:published_time\" content=\"2015-02-26T19:58:03+00:00\" \/>\n<meta property=\"article:modified_time\" content=\"2015-02-26T23:09:48+00:00\" \/>\n<meta property=\"og:image\" content=\"https:\/\/www.notibras.com\/site\/wp-content\/uploads\/2015\/02\/maa.jpg\" \/>\n\t<meta property=\"og:image:width\" content=\"625\" \/>\n\t<meta property=\"og:image:height\" content=\"404\" \/>\n\t<meta property=\"og:image:type\" content=\"image\/jpeg\" \/>\n<meta name=\"author\" content=\"Reda\u00e7\u00e3o\" \/>\n<meta name=\"twitter:card\" content=\"summary_large_image\" \/>\n<meta name=\"twitter:creator\" content=\"@Notibras\" \/>\n<meta name=\"twitter:site\" content=\"@Notibras\" \/>\n<meta name=\"twitter:label1\" content=\"Escrito por\" \/>\n\t<meta name=\"twitter:data1\" content=\"Reda\u00e7\u00e3o\" \/>\n\t<meta name=\"twitter:label2\" content=\"Est. tempo de leitura\" \/>\n\t<meta name=\"twitter:data2\" content=\"1 minuto\" \/>\n<script type=\"application\/ld+json\" class=\"yoast-schema-graph\">{\"@context\":\"https:\/\/schema.org\",\"@graph\":[{\"@type\":\"Article\",\"@id\":\"https:\/\/www.notibras.com\/site\/massa-pisa-fundo-e-e-o-mais-rapido-no-5o-dia-de-treinos-livres-da-f1\/#article\",\"isPartOf\":{\"@id\":\"https:\/\/www.notibras.com\/site\/massa-pisa-fundo-e-e-o-mais-rapido-no-5o-dia-de-treinos-livres-da-f1\/\"},\"author\":{\"name\":\"Reda\u00e7\u00e3o\",\"@id\":\"https:\/\/www.notibras.com\/site\/#\/schema\/person\/36ab0979449956132d3e5b517ea76ac8\"},\"headline\":\"Massa pisa fundo e \u00e9 o mais r\u00e1pido no 5\u00ba dia de treinos da F1\",\"datePublished\":\"2015-02-26T19:58:03+00:00\",\"dateModified\":\"2015-02-26T23:09:48+00:00\",\"mainEntityOfPage\":{\"@id\":\"https:\/\/www.notibras.com\/site\/massa-pisa-fundo-e-e-o-mais-rapido-no-5o-dia-de-treinos-livres-da-f1\/\"},\"wordCount\":236,\"commentCount\":0,\"publisher\":{\"@id\":\"https:\/\/www.notibras.com\/site\/#organization\"},\"image\":{\"@id\":\"https:\/\/www.notibras.com\/site\/massa-pisa-fundo-e-e-o-mais-rapido-no-5o-dia-de-treinos-livres-da-f1\/#primaryimage\"},\"thumbnailUrl\":\"https:\/\/www.notibras.com\/site\/wp-content\/uploads\/2015\/02\/maa.jpg\",\"articleSection\":[\"Automobilismo\",\"Esportes\"],\"inLanguage\":\"pt-BR\",\"potentialAction\":[{\"@type\":\"CommentAction\",\"name\":\"Comment\",\"target\":[\"https:\/\/www.notibras.com\/site\/massa-pisa-fundo-e-e-o-mais-rapido-no-5o-dia-de-treinos-livres-da-f1\/#respond\"]}]},{\"@type\":\"WebPage\",\"@id\":\"https:\/\/www.notibras.com\/site\/massa-pisa-fundo-e-e-o-mais-rapido-no-5o-dia-de-treinos-livres-da-f1\/\",\"url\":\"https:\/\/www.notibras.com\/site\/massa-pisa-fundo-e-e-o-mais-rapido-no-5o-dia-de-treinos-livres-da-f1\/\",\"name\":\"Massa pisa fundo e \u00e9 o mais r\u00e1pido no 5\u00ba dia de treinos da F1 - Notibras\",\"isPartOf\":{\"@id\":\"https:\/\/www.notibras.com\/site\/#website\"},\"primaryImageOfPage\":{\"@id\":\"https:\/\/www.notibras.com\/site\/massa-pisa-fundo-e-e-o-mais-rapido-no-5o-dia-de-treinos-livres-da-f1\/#primaryimage\"},\"image\":{\"@id\":\"https:\/\/www.notibras.com\/site\/massa-pisa-fundo-e-e-o-mais-rapido-no-5o-dia-de-treinos-livres-da-f1\/#primaryimage\"},\"thumbnailUrl\":\"https:\/\/www.notibras.com\/site\/wp-content\/uploads\/2015\/02\/maa.jpg\",\"datePublished\":\"2015-02-26T19:58:03+00:00\",\"dateModified\":\"2015-02-26T23:09:48+00:00\",\"breadcrumb\":{\"@id\":\"https:\/\/www.notibras.com\/site\/massa-pisa-fundo-e-e-o-mais-rapido-no-5o-dia-de-treinos-livres-da-f1\/#breadcrumb\"},\"inLanguage\":\"pt-BR\",\"potentialAction\":[{\"@type\":\"ReadAction\",\"target\":[\"https:\/\/www.notibras.com\/site\/massa-pisa-fundo-e-e-o-mais-rapido-no-5o-dia-de-treinos-livres-da-f1\/\"]}]},{\"@type\":\"ImageObject\",\"inLanguage\":\"pt-BR\",\"@id\":\"https:\/\/www.notibras.com\/site\/massa-pisa-fundo-e-e-o-mais-rapido-no-5o-dia-de-treinos-livres-da-f1\/#primaryimage\",\"url\":\"https:\/\/www.notibras.com\/site\/wp-content\/uploads\/2015\/02\/maa.jpg\",\"contentUrl\":\"https:\/\/www.notibras.com\/site\/wp-content\/uploads\/2015\/02\/maa.jpg\",\"width\":625,\"height\":404},{\"@type\":\"BreadcrumbList\",\"@id\":\"https:\/\/www.notibras.com\/site\/massa-pisa-fundo-e-e-o-mais-rapido-no-5o-dia-de-treinos-livres-da-f1\/#breadcrumb\",\"itemListElement\":[{\"@type\":\"ListItem\",\"position\":1,\"name\":\"In\u00edcio\",\"item\":\"https:\/\/www.notibras.com\/site\/\"},{\"@type\":\"ListItem\",\"position\":2,\"name\":\"Massa pisa fundo e \u00e9 o mais r\u00e1pido no 5\u00ba dia de treinos da F1\"}]},{\"@type\":\"WebSite\",\"@id\":\"https:\/\/www.notibras.com\/site\/#website\",\"url\":\"https:\/\/www.notibras.com\/site\/\",\"name\":\"Notibras\",\"description\":\"Not\u00edcias de Bras\u00edlia, do Brasil e do Mundo\",\"publisher\":{\"@id\":\"https:\/\/www.notibras.com\/site\/#organization\"},\"potentialAction\":[{\"@type\":\"SearchAction\",\"target\":{\"@type\":\"EntryPoint\",\"urlTemplate\":\"https:\/\/www.notibras.com\/site\/?s={search_term_string}\"},\"query-input\":{\"@type\":\"PropertyValueSpecification\",\"valueRequired\":true,\"valueName\":\"search_term_string\"}}],\"inLanguage\":\"pt-BR\"},{\"@type\":\"Organization\",\"@id\":\"https:\/\/www.notibras.com\/site\/#organization\",\"name\":\"Grupo Notibras de Comunica\u00e7\u00e3o\",\"url\":\"https:\/\/www.notibras.com\/site\/\",\"logo\":{\"@type\":\"ImageObject\",\"inLanguage\":\"pt-BR\",\"@id\":\"https:\/\/www.notibras.com\/site\/#\/schema\/logo\/image\/\",\"url\":\"https:\/\/www.notibras.com\/site\/wp-content\/uploads\/2023\/01\/notibras23.png\",\"contentUrl\":\"https:\/\/www.notibras.com\/site\/wp-content\/uploads\/2023\/01\/notibras23.png\",\"width\":350,\"height\":87,\"caption\":\"Grupo Notibras de Comunica\u00e7\u00e3o\"},\"image\":{\"@id\":\"https:\/\/www.notibras.com\/site\/#\/schema\/logo\/image\/\"},\"sameAs\":[\"https:\/\/www.facebook.com\/notibras\/\",\"https:\/\/x.com\/Notibras\",\"https:\/\/www.instagram.com\/notibras\/\"]},{\"@type\":\"Person\",\"@id\":\"https:\/\/www.notibras.com\/site\/#\/schema\/person\/36ab0979449956132d3e5b517ea76ac8\",\"name\":\"Reda\u00e7\u00e3o\",\"image\":{\"@type\":\"ImageObject\",\"inLanguage\":\"pt-BR\",\"@id\":\"https:\/\/secure.gravatar.com\/avatar\/e0a867bdedb85fd243eadf09663511f96fc81e0720a4a42581f334ad4303aa6b?s=96&d=mm&r=g\",\"url\":\"https:\/\/secure.gravatar.com\/avatar\/e0a867bdedb85fd243eadf09663511f96fc81e0720a4a42581f334ad4303aa6b?s=96&d=mm&r=g\",\"contentUrl\":\"https:\/\/secure.gravatar.com\/avatar\/e0a867bdedb85fd243eadf09663511f96fc81e0720a4a42581f334ad4303aa6b?s=96&d=mm&r=g\",\"caption\":\"Reda\u00e7\u00e3o\"}}]}<\/script>\n<!-- \/ Yoast SEO plugin. -->","yoast_head_json":{"title":"Massa pisa fundo e \u00e9 o mais r\u00e1pido no 5\u00ba dia de treinos da F1 - Notibras","robots":{"index":"index","follow":"follow","max-snippet":"max-snippet:-1","max-image-preview":"max-image-preview:large","max-video-preview":"max-video-preview:-1"},"canonical":"https:\/\/www.notibras.com\/site\/massa-pisa-fundo-e-e-o-mais-rapido-no-5o-dia-de-treinos-livres-da-f1\/","og_locale":"pt_BR","og_type":"article","og_title":"Massa pisa fundo e \u00e9 o mais r\u00e1pido no 5\u00ba dia de treinos da F1 - Notibras","og_description":"O brasileiro Felipe Massa foi o piloto mais r\u00e1pido desta quinta-feira, no quinto dia de testes de pr\u00e9-temporada da F\u00f3rmula 1 em Barcelona. Utilizando pneus macios, o brasileiro da Willians fez 1min23s500, superando\u00a0os\u00a01min24s881 marcados por Hamilton na parte da manh\u00e3. A equipe brit\u00e2nica enviou o piloto com os compostos de banda amarela, e Massa, ap\u00f3s [&hellip;]","og_url":"https:\/\/www.notibras.com\/site\/massa-pisa-fundo-e-e-o-mais-rapido-no-5o-dia-de-treinos-livres-da-f1\/","og_site_name":"Notibras","article_publisher":"https:\/\/www.facebook.com\/notibras\/","article_published_time":"2015-02-26T19:58:03+00:00","article_modified_time":"2015-02-26T23:09:48+00:00","og_image":[{"width":625,"height":404,"url":"https:\/\/www.notibras.com\/site\/wp-content\/uploads\/2015\/02\/maa.jpg","type":"image\/jpeg"}],"author":"Reda\u00e7\u00e3o","twitter_card":"summary_large_image","twitter_creator":"@Notibras","twitter_site":"@Notibras","twitter_misc":{"Escrito por":"Reda\u00e7\u00e3o","Est. tempo de leitura":"1 minuto"},"schema":{"@context":"https:\/\/schema.org","@graph":[{"@type":"Article","@id":"https:\/\/www.notibras.com\/site\/massa-pisa-fundo-e-e-o-mais-rapido-no-5o-dia-de-treinos-livres-da-f1\/#article","isPartOf":{"@id":"https:\/\/www.notibras.com\/site\/massa-pisa-fundo-e-e-o-mais-rapido-no-5o-dia-de-treinos-livres-da-f1\/"},"author":{"name":"Reda\u00e7\u00e3o","@id":"https:\/\/www.notibras.com\/site\/#\/schema\/person\/36ab0979449956132d3e5b517ea76ac8"},"headline":"Massa pisa fundo e \u00e9 o mais r\u00e1pido no 5\u00ba dia de treinos da F1","datePublished":"2015-02-26T19:58:03+00:00","dateModified":"2015-02-26T23:09:48+00:00","mainEntityOfPage":{"@id":"https:\/\/www.notibras.com\/site\/massa-pisa-fundo-e-e-o-mais-rapido-no-5o-dia-de-treinos-livres-da-f1\/"},"wordCount":236,"commentCount":0,"publisher":{"@id":"https:\/\/www.notibras.com\/site\/#organization"},"image":{"@id":"https:\/\/www.notibras.com\/site\/massa-pisa-fundo-e-e-o-mais-rapido-no-5o-dia-de-treinos-livres-da-f1\/#primaryimage"},"thumbnailUrl":"https:\/\/www.notibras.com\/site\/wp-content\/uploads\/2015\/02\/maa.jpg","articleSection":["Automobilismo","Esportes"],"inLanguage":"pt-BR","potentialAction":[{"@type":"CommentAction","name":"Comment","target":["https:\/\/www.notibras.com\/site\/massa-pisa-fundo-e-e-o-mais-rapido-no-5o-dia-de-treinos-livres-da-f1\/#respond"]}]},{"@type":"WebPage","@id":"https:\/\/www.notibras.com\/site\/massa-pisa-fundo-e-e-o-mais-rapido-no-5o-dia-de-treinos-livres-da-f1\/","url":"https:\/\/www.notibras.com\/site\/massa-pisa-fundo-e-e-o-mais-rapido-no-5o-dia-de-treinos-livres-da-f1\/","name":"Massa pisa fundo e \u00e9 o mais r\u00e1pido no 5\u00ba dia de treinos da F1 - Notibras","isPartOf":{"@id":"https:\/\/www.notibras.com\/site\/#website"},"primaryImageOfPage":{"@id":"https:\/\/www.notibras.com\/site\/massa-pisa-fundo-e-e-o-mais-rapido-no-5o-dia-de-treinos-livres-da-f1\/#primaryimage"},"image":{"@id":"https:\/\/www.notibras.com\/site\/massa-pisa-fundo-e-e-o-mais-rapido-no-5o-dia-de-treinos-livres-da-f1\/#primaryimage"},"thumbnailUrl":"https:\/\/www.notibras.com\/site\/wp-content\/uploads\/2015\/02\/maa.jpg","datePublished":"2015-02-26T19:58:03+00:00","dateModified":"2015-02-26T23:09:48+00:00","breadcrumb":{"@id":"https:\/\/www.notibras.com\/site\/massa-pisa-fundo-e-e-o-mais-rapido-no-5o-dia-de-treinos-livres-da-f1\/#breadcrumb"},"inLanguage":"pt-BR","potentialAction":[{"@type":"ReadAction","target":["https:\/\/www.notibras.com\/site\/massa-pisa-fundo-e-e-o-mais-rapido-no-5o-dia-de-treinos-livres-da-f1\/"]}]},{"@type":"ImageObject","inLanguage":"pt-BR","@id":"https:\/\/www.notibras.com\/site\/massa-pisa-fundo-e-e-o-mais-rapido-no-5o-dia-de-treinos-livres-da-f1\/#primaryimage","url":"https:\/\/www.notibras.com\/site\/wp-content\/uploads\/2015\/02\/maa.jpg","contentUrl":"https:\/\/www.notibras.com\/site\/wp-content\/uploads\/2015\/02\/maa.jpg","width":625,"height":404},{"@type":"BreadcrumbList","@id":"https:\/\/www.notibras.com\/site\/massa-pisa-fundo-e-e-o-mais-rapido-no-5o-dia-de-treinos-livres-da-f1\/#breadcrumb","itemListElement":[{"@type":"ListItem","position":1,"name":"In\u00edcio","item":"https:\/\/www.notibras.com\/site\/"},{"@type":"ListItem","position":2,"name":"Massa pisa fundo e \u00e9 o mais r\u00e1pido no 5\u00ba dia de treinos da F1"}]},{"@type":"WebSite","@id":"https:\/\/www.notibras.com\/site\/#website","url":"https:\/\/www.notibras.com\/site\/","name":"Notibras","description":"Not\u00edcias de Bras\u00edlia, do Brasil e do Mundo","publisher":{"@id":"https:\/\/www.notibras.com\/site\/#organization"},"potentialAction":[{"@type":"SearchAction","target":{"@type":"EntryPoint","urlTemplate":"https:\/\/www.notibras.com\/site\/?s={search_term_string}"},"query-input":{"@type":"PropertyValueSpecification","valueRequired":true,"valueName":"search_term_string"}}],"inLanguage":"pt-BR"},{"@type":"Organization","@id":"https:\/\/www.notibras.com\/site\/#organization","name":"Grupo Notibras de Comunica\u00e7\u00e3o","url":"https:\/\/www.notibras.com\/site\/","logo":{"@type":"ImageObject","inLanguage":"pt-BR","@id":"https:\/\/www.notibras.com\/site\/#\/schema\/logo\/image\/","url":"https:\/\/www.notibras.com\/site\/wp-content\/uploads\/2023\/01\/notibras23.png","contentUrl":"https:\/\/www.notibras.com\/site\/wp-content\/uploads\/2023\/01\/notibras23.png","width":350,"height":87,"caption":"Grupo Notibras de Comunica\u00e7\u00e3o"},"image":{"@id":"https:\/\/www.notibras.com\/site\/#\/schema\/logo\/image\/"},"sameAs":["https:\/\/www.facebook.com\/notibras\/","https:\/\/x.com\/Notibras","https:\/\/www.instagram.com\/notibras\/"]},{"@type":"Person","@id":"https:\/\/www.notibras.com\/site\/#\/schema\/person\/36ab0979449956132d3e5b517ea76ac8","name":"Reda\u00e7\u00e3o","image":{"@type":"ImageObject","inLanguage":"pt-BR","@id":"https:\/\/secure.gravatar.com\/avatar\/e0a867bdedb85fd243eadf09663511f96fc81e0720a4a42581f334ad4303aa6b?s=96&d=mm&r=g","url":"https:\/\/secure.gravatar.com\/avatar\/e0a867bdedb85fd243eadf09663511f96fc81e0720a4a42581f334ad4303aa6b?s=96&d=mm&r=g","contentUrl":"https:\/\/secure.gravatar.com\/avatar\/e0a867bdedb85fd243eadf09663511f96fc81e0720a4a42581f334ad4303aa6b?s=96&d=mm&r=g","caption":"Reda\u00e7\u00e3o"}}]}},"amp_enabled":true,"_links":{"self":[{"href":"https:\/\/www.notibras.com\/site\/wp-json\/wp\/v2\/posts\/38316","targetHints":{"allow":["GET"]}}],"collection":[{"href":"https:\/\/www.notibras.com\/site\/wp-json\/wp\/v2\/posts"}],"about":[{"href":"https:\/\/www.notibras.com\/site\/wp-json\/wp\/v2\/types\/post"}],"author":[{"embeddable":true,"href":"https:\/\/www.notibras.com\/site\/wp-json\/wp\/v2\/users\/2"}],"replies":[{"embeddable":true,"href":"https:\/\/www.notibras.com\/site\/wp-json\/wp\/v2\/comments?post=38316"}],"version-history":[{"count":0,"href":"https:\/\/www.notibras.com\/site\/wp-json\/wp\/v2\/posts\/38316\/revisions"}],"wp:featuredmedia":[{"embeddable":true,"href":"https:\/\/www.notibras.com\/site\/wp-json\/wp\/v2\/media\/38317"}],"wp:attachment":[{"href":"https:\/\/www.notibras.com\/site\/wp-json\/wp\/v2\/media?parent=38316"}],"wp:term":[{"taxonomy":"category","embeddable":true,"href":"https:\/\/www.notibras.com\/site\/wp-json\/wp\/v2\/categories?post=38316"},{"taxonomy":"post_tag","embeddable":true,"href":"https:\/\/www.notibras.com\/site\/wp-json\/wp\/v2\/tags?post=38316"}],"curies":[{"name":"wp","href":"https:\/\/api.w.org\/{rel}","templated":true}]}}