{"id":383237,"date":"2026-02-22T01:15:14","date_gmt":"2026-02-22T04:15:14","guid":{"rendered":"https:\/\/www.notibras.com\/site\/?p=383237"},"modified":"2026-02-22T02:44:37","modified_gmt":"2026-02-22T05:44:37","slug":"vida-e-legado-do-escritor-jose-geraldo-vieira-radiologista-das-letras","status":"publish","type":"post","link":"https:\/\/www.notibras.com\/site\/vida-e-legado-do-escritor-jose-geraldo-vieira-radiologista-das-letras\/","title":{"rendered":"Vida e legado do escritor Jos\u00e9 Geraldo Vieira, radiologista das letras"},"content":{"rendered":"<p>O retratado de hoje em <strong>O Lado B da Literatura<\/strong> \u00e9 Jos\u00e9 Geraldo Vieira (1897\u20131977), um gigante que viveu entre o rigor das l\u00e2minas de raio-X e a fluidez das p\u00e1ginas imortais. Nascido nos A\u00e7ores e naturalizado brasileiro, ele construiu uma obra que, embora erudita e cosmopolita, mergulhava fundo nas crises da alma urbana, ganhando o respeito de nomes como Otto Maria Carpeaux e Manuel Bandeira.<\/p>\n<p>Curiosamente, a trajet\u00f3ria de Vieira come\u00e7ou com uma pequena confus\u00e3o biogr\u00e1fica. Embora tenha vindo para o Brasil com apenas alguns meses de vida, ele foi registrado novamente no Rio de Janeiro, o que gerou d\u00favidas hist\u00f3ricas sobre sua real origem. \u00d3rf\u00e3o aos 11 anos, foi criado por tios que lhe proporcionaram uma educa\u00e7\u00e3o de elite, levando-o a estudar em Paris e, mais tarde, a especializar-se em radiologia em Berlim.<\/p>\n<p>Na medicina, Jos\u00e9 Geraldo foi um pioneiro da radiologia no Brasil, profiss\u00e3o que exerceu com dedica\u00e7\u00e3o paralela \u00e0 escrita. H\u00e1 quem diga que seu olhar cl\u00ednico para &#8220;enxergar o que est\u00e1 por baixo da pele&#8221; migrou para seus livros, onde ele dissecava a psicologia de seus personagens com precis\u00e3o cir\u00fargica. Em seus consult\u00f3rios, entre um exame e outro, ele gestava tramas complexas que fugiam do regionalismo em voga na \u00e9poca.<\/p>\n<p>Sua estreia liter\u00e1ria com o romance <em>A Mulher que Fugiu de Sodoma<\/em> (1931) foi um choque de sofistica\u00e7\u00e3o. Enquanto o Brasil redescobria o sert\u00e3o, Vieira escrevia sobre a alta cultura, diplomatas e conflitos morais em ambientes urbanos. Seu estilo era marcado pelo uso do &#8220;fluxo de consci\u00eancia&#8221;, t\u00e9cnica que ele dominava como poucos, influenciado diretamente por sua rela\u00e7\u00e3o \u00edntima com a obra de James Joyce.<\/p>\n<p>Ali\u00e1s, o trabalho de Vieira como tradutor \u00e9 um cap\u00edtulo \u00e0 parte em sua biografia. Ele foi o respons\u00e1vel por verter para o portugu\u00eas obras monumentais de Dostoi\u00e9vski (<em>O Idiota<\/em>), Tolst\u00f3i e o pr\u00f3prio Joyce. Diz-se que sua dedica\u00e7\u00e3o era tamanha que ele chegava a reescrever seus pr\u00f3prios livros mais de duas vezes antes de considerar a obra pronta, buscando uma perfei\u00e7\u00e3o que beirava a obsess\u00e3o.<\/p>\n<p>Um fato curioso sobre sua vida pessoal foi o seu segundo casamento com a tamb\u00e9m escritora Maria de Lourdes Teixeira, em 1949. A uni\u00e3o consolidou um dos casais mais intelectuais da cena paulistana da \u00e9poca. Vieira, apesar de carioca por cria\u00e7\u00e3o, acabou se tornando uma figura central na vida cultural de S\u00e3o Paulo, ocupando uma cadeira na Academia Paulista de Letras at\u00e9 sua morte.<\/p>\n<p>Sua obra-prima, <em>A Ladeira da Mem\u00f3ria<\/em> (1950), \u00e9 um labirinto de recorda\u00e7\u00f5es que coloca o leitor diante de um espelho da pr\u00f3pria exist\u00eancia. Nela, o autor utiliza uma t\u00e9cnica po\u00e9tica rara, transformando o cotidiano em algo transcendente. Para cr\u00edticos modernos e admiradores de longa data, Vieira n\u00e3o era apenas um escritor, mas um &#8220;contador de hist\u00f3rias&#8221; que se recusava a limitar a alma humana a fronteiras geogr\u00e1ficas.<\/p>\n<p>Apesar de tamanha grandeza, o autor enfrentou um per\u00edodo de sil\u00eancio editorial nas \u00faltimas d\u00e9cadas do s\u00e9culo XX. Alguns atribuem esse afastamento ao fato de sua obra ser considerada &#8220;dif\u00edcil&#8221; ou aristocr\u00e1tica demais para os padr\u00f5es de um pa\u00eds que, por vezes, negligencia sua mem\u00f3ria cultural. Felizmente, movimentos recentes de editoras independentes t\u00eam resgatado seus t\u00edtulos originais para novas gera\u00e7\u00f5es.<\/p>\n<p>A vida de Jos\u00e9 Geraldo Vieira foi, em si, um romance de m\u00faltiplos atos: o imigrante a\u00e7oriano, o m\u00e9dico radiologista, o tradutor poliglota e o romancista incans\u00e1vel. Ele acreditava nas capacidades superiores do ser humano e nunca teve receio de retratar as grandes virtudes e dilemas \u00e9ticos, mesmo quando o mercado liter\u00e1rio parecia preferir caminhos mais simples.<\/p>\n<p>Hoje, ler Jos\u00e9 Geraldo Vieira \u00e9 fazer um convite ao pensamento profundo. \u00c9 percorrer as ladeiras da mem\u00f3ria de um autor que soube, como poucos, iluminar as sombras da alma humana com a luz da erudi\u00e7\u00e3o e a precis\u00e3o do seu olhar cl\u00ednico. Seu legado permanece vivo para quem se atreve a abrir as portas de sua vasta e fascinante bibliografia.<\/p>\n","protected":false},"excerpt":{"rendered":"<p>O retratado de hoje em O Lado B da Literatura \u00e9 Jos\u00e9 Geraldo Vieira (1897\u20131977), um gigante que viveu entre o rigor das l\u00e2minas de raio-X e a fluidez das p\u00e1ginas imortais. Nascido nos A\u00e7ores e naturalizado brasileiro, ele construiu uma obra que, embora erudita e cosmopolita, mergulhava fundo nas crises da alma urbana, ganhando [&hellip;]<\/p>\n","protected":false},"author":21,"featured_media":383239,"comment_status":"closed","ping_status":"closed","sticky":false,"template":"","format":"standard","meta":{"_acf_changed":false,"footnotes":""},"categories":[234],"tags":[],"class_list":["post-383237","post","type-post","status-publish","format-standard","has-post-thumbnail","hentry","category-cafe-literario"],"acf":[],"yoast_head":"<!-- This site is optimized with the Yoast SEO plugin v27.2 - https:\/\/yoast.com\/product\/yoast-seo-wordpress\/ -->\n<title>Vida e legado do escritor Jos\u00e9 Geraldo Vieira, radiologista das letras - Notibras<\/title>\n<meta name=\"robots\" content=\"index, follow, max-snippet:-1, max-image-preview:large, max-video-preview:-1\" \/>\n<link rel=\"canonical\" href=\"https:\/\/www.notibras.com\/site\/vida-e-legado-do-escritor-jose-geraldo-vieira-radiologista-das-letras\/\" \/>\n<meta property=\"og:locale\" content=\"pt_BR\" \/>\n<meta property=\"og:type\" content=\"article\" \/>\n<meta property=\"og:title\" content=\"Vida e legado do escritor Jos\u00e9 Geraldo Vieira, radiologista das letras - Notibras\" \/>\n<meta property=\"og:description\" content=\"O retratado de hoje em O Lado B da Literatura \u00e9 Jos\u00e9 Geraldo Vieira (1897\u20131977), um gigante que viveu entre o rigor das l\u00e2minas de raio-X e a fluidez das p\u00e1ginas imortais. Nascido nos A\u00e7ores e naturalizado brasileiro, ele construiu uma obra que, embora erudita e cosmopolita, mergulhava fundo nas crises da alma urbana, ganhando [&hellip;]\" \/>\n<meta property=\"og:url\" content=\"https:\/\/www.notibras.com\/site\/vida-e-legado-do-escritor-jose-geraldo-vieira-radiologista-das-letras\/\" \/>\n<meta property=\"og:site_name\" content=\"Notibras\" \/>\n<meta property=\"article:publisher\" content=\"https:\/\/www.facebook.com\/notibras\/\" \/>\n<meta property=\"article:published_time\" content=\"2026-02-22T04:15:14+00:00\" \/>\n<meta property=\"article:modified_time\" content=\"2026-02-22T05:44:37+00:00\" \/>\n<meta property=\"og:image\" content=\"https:\/\/www.notibras.com\/site\/wp-content\/uploads\/2026\/02\/Jose_Geraldo_Vieira_foto_Marcio_Scavone.jpg\" \/>\n\t<meta property=\"og:image:width\" content=\"500\" \/>\n\t<meta property=\"og:image:height\" content=\"361\" \/>\n\t<meta property=\"og:image:type\" content=\"image\/jpeg\" \/>\n<meta name=\"author\" content=\"Eduardo Mart\u00ednez\" \/>\n<meta name=\"twitter:card\" content=\"summary_large_image\" \/>\n<meta name=\"twitter:creator\" content=\"@Notibras\" \/>\n<meta name=\"twitter:site\" content=\"@Notibras\" \/>\n<meta name=\"twitter:label1\" content=\"Escrito por\" \/>\n\t<meta name=\"twitter:data1\" content=\"Eduardo Mart\u00ednez\" \/>\n\t<meta name=\"twitter:label2\" content=\"Est. tempo de leitura\" \/>\n\t<meta name=\"twitter:data2\" content=\"4 minutos\" \/>\n<script type=\"application\/ld+json\" class=\"yoast-schema-graph\">{\"@context\":\"https:\/\/schema.org\",\"@graph\":[{\"@type\":\"Article\",\"@id\":\"https:\/\/www.notibras.com\/site\/vida-e-legado-do-escritor-jose-geraldo-vieira-radiologista-das-letras\/#article\",\"isPartOf\":{\"@id\":\"https:\/\/www.notibras.com\/site\/vida-e-legado-do-escritor-jose-geraldo-vieira-radiologista-das-letras\/\"},\"author\":{\"name\":\"Eduardo Mart\u00ednez\",\"@id\":\"https:\/\/www.notibras.com\/site\/#\/schema\/person\/5b7fabf2aedc3ada2105f03b22b4d3dd\"},\"headline\":\"Vida e legado do escritor Jos\u00e9 Geraldo Vieira, radiologista das letras\",\"datePublished\":\"2026-02-22T04:15:14+00:00\",\"dateModified\":\"2026-02-22T05:44:37+00:00\",\"mainEntityOfPage\":{\"@id\":\"https:\/\/www.notibras.com\/site\/vida-e-legado-do-escritor-jose-geraldo-vieira-radiologista-das-letras\/\"},\"wordCount\":713,\"publisher\":{\"@id\":\"https:\/\/www.notibras.com\/site\/#organization\"},\"image\":{\"@id\":\"https:\/\/www.notibras.com\/site\/vida-e-legado-do-escritor-jose-geraldo-vieira-radiologista-das-letras\/#primaryimage\"},\"thumbnailUrl\":\"https:\/\/www.notibras.com\/site\/wp-content\/uploads\/2026\/02\/Jose_Geraldo_Vieira_foto_Marcio_Scavone.jpg\",\"articleSection\":[\"Caf\u00e9 Liter\u00e1rio\"],\"inLanguage\":\"pt-BR\"},{\"@type\":\"WebPage\",\"@id\":\"https:\/\/www.notibras.com\/site\/vida-e-legado-do-escritor-jose-geraldo-vieira-radiologista-das-letras\/\",\"url\":\"https:\/\/www.notibras.com\/site\/vida-e-legado-do-escritor-jose-geraldo-vieira-radiologista-das-letras\/\",\"name\":\"Vida e legado do escritor Jos\u00e9 Geraldo Vieira, radiologista das letras - Notibras\",\"isPartOf\":{\"@id\":\"https:\/\/www.notibras.com\/site\/#website\"},\"primaryImageOfPage\":{\"@id\":\"https:\/\/www.notibras.com\/site\/vida-e-legado-do-escritor-jose-geraldo-vieira-radiologista-das-letras\/#primaryimage\"},\"image\":{\"@id\":\"https:\/\/www.notibras.com\/site\/vida-e-legado-do-escritor-jose-geraldo-vieira-radiologista-das-letras\/#primaryimage\"},\"thumbnailUrl\":\"https:\/\/www.notibras.com\/site\/wp-content\/uploads\/2026\/02\/Jose_Geraldo_Vieira_foto_Marcio_Scavone.jpg\",\"datePublished\":\"2026-02-22T04:15:14+00:00\",\"dateModified\":\"2026-02-22T05:44:37+00:00\",\"breadcrumb\":{\"@id\":\"https:\/\/www.notibras.com\/site\/vida-e-legado-do-escritor-jose-geraldo-vieira-radiologista-das-letras\/#breadcrumb\"},\"inLanguage\":\"pt-BR\",\"potentialAction\":[{\"@type\":\"ReadAction\",\"target\":[\"https:\/\/www.notibras.com\/site\/vida-e-legado-do-escritor-jose-geraldo-vieira-radiologista-das-letras\/\"]}]},{\"@type\":\"ImageObject\",\"inLanguage\":\"pt-BR\",\"@id\":\"https:\/\/www.notibras.com\/site\/vida-e-legado-do-escritor-jose-geraldo-vieira-radiologista-das-letras\/#primaryimage\",\"url\":\"https:\/\/www.notibras.com\/site\/wp-content\/uploads\/2026\/02\/Jose_Geraldo_Vieira_foto_Marcio_Scavone.jpg\",\"contentUrl\":\"https:\/\/www.notibras.com\/site\/wp-content\/uploads\/2026\/02\/Jose_Geraldo_Vieira_foto_Marcio_Scavone.jpg\",\"width\":500,\"height\":361},{\"@type\":\"BreadcrumbList\",\"@id\":\"https:\/\/www.notibras.com\/site\/vida-e-legado-do-escritor-jose-geraldo-vieira-radiologista-das-letras\/#breadcrumb\",\"itemListElement\":[{\"@type\":\"ListItem\",\"position\":1,\"name\":\"In\u00edcio\",\"item\":\"https:\/\/www.notibras.com\/site\/\"},{\"@type\":\"ListItem\",\"position\":2,\"name\":\"Vida e legado do escritor Jos\u00e9 Geraldo Vieira, radiologista das letras\"}]},{\"@type\":\"WebSite\",\"@id\":\"https:\/\/www.notibras.com\/site\/#website\",\"url\":\"https:\/\/www.notibras.com\/site\/\",\"name\":\"Notibras\",\"description\":\"Not\u00edcias de Bras\u00edlia, do Brasil e do Mundo\",\"publisher\":{\"@id\":\"https:\/\/www.notibras.com\/site\/#organization\"},\"potentialAction\":[{\"@type\":\"SearchAction\",\"target\":{\"@type\":\"EntryPoint\",\"urlTemplate\":\"https:\/\/www.notibras.com\/site\/?s={search_term_string}\"},\"query-input\":{\"@type\":\"PropertyValueSpecification\",\"valueRequired\":true,\"valueName\":\"search_term_string\"}}],\"inLanguage\":\"pt-BR\"},{\"@type\":\"Organization\",\"@id\":\"https:\/\/www.notibras.com\/site\/#organization\",\"name\":\"Grupo Notibras de Comunica\u00e7\u00e3o\",\"url\":\"https:\/\/www.notibras.com\/site\/\",\"logo\":{\"@type\":\"ImageObject\",\"inLanguage\":\"pt-BR\",\"@id\":\"https:\/\/www.notibras.com\/site\/#\/schema\/logo\/image\/\",\"url\":\"https:\/\/www.notibras.com\/site\/wp-content\/uploads\/2023\/01\/notibras23.png\",\"contentUrl\":\"https:\/\/www.notibras.com\/site\/wp-content\/uploads\/2023\/01\/notibras23.png\",\"width\":350,\"height\":87,\"caption\":\"Grupo Notibras de Comunica\u00e7\u00e3o\"},\"image\":{\"@id\":\"https:\/\/www.notibras.com\/site\/#\/schema\/logo\/image\/\"},\"sameAs\":[\"https:\/\/www.facebook.com\/notibras\/\",\"https:\/\/x.com\/Notibras\",\"https:\/\/www.instagram.com\/notibras\/\"]},{\"@type\":\"Person\",\"@id\":\"https:\/\/www.notibras.com\/site\/#\/schema\/person\/5b7fabf2aedc3ada2105f03b22b4d3dd\",\"name\":\"Eduardo Mart\u00ednez\",\"image\":{\"@type\":\"ImageObject\",\"inLanguage\":\"pt-BR\",\"@id\":\"https:\/\/secure.gravatar.com\/avatar\/7902f906289926289cbcda644b5197c796b893c6ffd7b9a536a42d290f7704a0?s=96&d=mm&r=g\",\"url\":\"https:\/\/secure.gravatar.com\/avatar\/7902f906289926289cbcda644b5197c796b893c6ffd7b9a536a42d290f7704a0?s=96&d=mm&r=g\",\"contentUrl\":\"https:\/\/secure.gravatar.com\/avatar\/7902f906289926289cbcda644b5197c796b893c6ffd7b9a536a42d290f7704a0?s=96&d=mm&r=g\",\"caption\":\"Eduardo Mart\u00ednez\"}}]}<\/script>\n<!-- \/ Yoast SEO plugin. -->","yoast_head_json":{"title":"Vida e legado do escritor Jos\u00e9 Geraldo Vieira, radiologista das letras - Notibras","robots":{"index":"index","follow":"follow","max-snippet":"max-snippet:-1","max-image-preview":"max-image-preview:large","max-video-preview":"max-video-preview:-1"},"canonical":"https:\/\/www.notibras.com\/site\/vida-e-legado-do-escritor-jose-geraldo-vieira-radiologista-das-letras\/","og_locale":"pt_BR","og_type":"article","og_title":"Vida e legado do escritor Jos\u00e9 Geraldo Vieira, radiologista das letras - Notibras","og_description":"O retratado de hoje em O Lado B da Literatura \u00e9 Jos\u00e9 Geraldo Vieira (1897\u20131977), um gigante que viveu entre o rigor das l\u00e2minas de raio-X e a fluidez das p\u00e1ginas imortais. Nascido nos A\u00e7ores e naturalizado brasileiro, ele construiu uma obra que, embora erudita e cosmopolita, mergulhava fundo nas crises da alma urbana, ganhando [&hellip;]","og_url":"https:\/\/www.notibras.com\/site\/vida-e-legado-do-escritor-jose-geraldo-vieira-radiologista-das-letras\/","og_site_name":"Notibras","article_publisher":"https:\/\/www.facebook.com\/notibras\/","article_published_time":"2026-02-22T04:15:14+00:00","article_modified_time":"2026-02-22T05:44:37+00:00","og_image":[{"width":500,"height":361,"url":"https:\/\/www.notibras.com\/site\/wp-content\/uploads\/2026\/02\/Jose_Geraldo_Vieira_foto_Marcio_Scavone.jpg","type":"image\/jpeg"}],"author":"Eduardo Mart\u00ednez","twitter_card":"summary_large_image","twitter_creator":"@Notibras","twitter_site":"@Notibras","twitter_misc":{"Escrito por":"Eduardo Mart\u00ednez","Est. tempo de leitura":"4 minutos"},"schema":{"@context":"https:\/\/schema.org","@graph":[{"@type":"Article","@id":"https:\/\/www.notibras.com\/site\/vida-e-legado-do-escritor-jose-geraldo-vieira-radiologista-das-letras\/#article","isPartOf":{"@id":"https:\/\/www.notibras.com\/site\/vida-e-legado-do-escritor-jose-geraldo-vieira-radiologista-das-letras\/"},"author":{"name":"Eduardo Mart\u00ednez","@id":"https:\/\/www.notibras.com\/site\/#\/schema\/person\/5b7fabf2aedc3ada2105f03b22b4d3dd"},"headline":"Vida e legado do escritor Jos\u00e9 Geraldo Vieira, radiologista das letras","datePublished":"2026-02-22T04:15:14+00:00","dateModified":"2026-02-22T05:44:37+00:00","mainEntityOfPage":{"@id":"https:\/\/www.notibras.com\/site\/vida-e-legado-do-escritor-jose-geraldo-vieira-radiologista-das-letras\/"},"wordCount":713,"publisher":{"@id":"https:\/\/www.notibras.com\/site\/#organization"},"image":{"@id":"https:\/\/www.notibras.com\/site\/vida-e-legado-do-escritor-jose-geraldo-vieira-radiologista-das-letras\/#primaryimage"},"thumbnailUrl":"https:\/\/www.notibras.com\/site\/wp-content\/uploads\/2026\/02\/Jose_Geraldo_Vieira_foto_Marcio_Scavone.jpg","articleSection":["Caf\u00e9 Liter\u00e1rio"],"inLanguage":"pt-BR"},{"@type":"WebPage","@id":"https:\/\/www.notibras.com\/site\/vida-e-legado-do-escritor-jose-geraldo-vieira-radiologista-das-letras\/","url":"https:\/\/www.notibras.com\/site\/vida-e-legado-do-escritor-jose-geraldo-vieira-radiologista-das-letras\/","name":"Vida e legado do escritor Jos\u00e9 Geraldo Vieira, radiologista das letras - Notibras","isPartOf":{"@id":"https:\/\/www.notibras.com\/site\/#website"},"primaryImageOfPage":{"@id":"https:\/\/www.notibras.com\/site\/vida-e-legado-do-escritor-jose-geraldo-vieira-radiologista-das-letras\/#primaryimage"},"image":{"@id":"https:\/\/www.notibras.com\/site\/vida-e-legado-do-escritor-jose-geraldo-vieira-radiologista-das-letras\/#primaryimage"},"thumbnailUrl":"https:\/\/www.notibras.com\/site\/wp-content\/uploads\/2026\/02\/Jose_Geraldo_Vieira_foto_Marcio_Scavone.jpg","datePublished":"2026-02-22T04:15:14+00:00","dateModified":"2026-02-22T05:44:37+00:00","breadcrumb":{"@id":"https:\/\/www.notibras.com\/site\/vida-e-legado-do-escritor-jose-geraldo-vieira-radiologista-das-letras\/#breadcrumb"},"inLanguage":"pt-BR","potentialAction":[{"@type":"ReadAction","target":["https:\/\/www.notibras.com\/site\/vida-e-legado-do-escritor-jose-geraldo-vieira-radiologista-das-letras\/"]}]},{"@type":"ImageObject","inLanguage":"pt-BR","@id":"https:\/\/www.notibras.com\/site\/vida-e-legado-do-escritor-jose-geraldo-vieira-radiologista-das-letras\/#primaryimage","url":"https:\/\/www.notibras.com\/site\/wp-content\/uploads\/2026\/02\/Jose_Geraldo_Vieira_foto_Marcio_Scavone.jpg","contentUrl":"https:\/\/www.notibras.com\/site\/wp-content\/uploads\/2026\/02\/Jose_Geraldo_Vieira_foto_Marcio_Scavone.jpg","width":500,"height":361},{"@type":"BreadcrumbList","@id":"https:\/\/www.notibras.com\/site\/vida-e-legado-do-escritor-jose-geraldo-vieira-radiologista-das-letras\/#breadcrumb","itemListElement":[{"@type":"ListItem","position":1,"name":"In\u00edcio","item":"https:\/\/www.notibras.com\/site\/"},{"@type":"ListItem","position":2,"name":"Vida e legado do escritor Jos\u00e9 Geraldo Vieira, radiologista das letras"}]},{"@type":"WebSite","@id":"https:\/\/www.notibras.com\/site\/#website","url":"https:\/\/www.notibras.com\/site\/","name":"Notibras","description":"Not\u00edcias de Bras\u00edlia, do Brasil e do Mundo","publisher":{"@id":"https:\/\/www.notibras.com\/site\/#organization"},"potentialAction":[{"@type":"SearchAction","target":{"@type":"EntryPoint","urlTemplate":"https:\/\/www.notibras.com\/site\/?s={search_term_string}"},"query-input":{"@type":"PropertyValueSpecification","valueRequired":true,"valueName":"search_term_string"}}],"inLanguage":"pt-BR"},{"@type":"Organization","@id":"https:\/\/www.notibras.com\/site\/#organization","name":"Grupo Notibras de Comunica\u00e7\u00e3o","url":"https:\/\/www.notibras.com\/site\/","logo":{"@type":"ImageObject","inLanguage":"pt-BR","@id":"https:\/\/www.notibras.com\/site\/#\/schema\/logo\/image\/","url":"https:\/\/www.notibras.com\/site\/wp-content\/uploads\/2023\/01\/notibras23.png","contentUrl":"https:\/\/www.notibras.com\/site\/wp-content\/uploads\/2023\/01\/notibras23.png","width":350,"height":87,"caption":"Grupo Notibras de Comunica\u00e7\u00e3o"},"image":{"@id":"https:\/\/www.notibras.com\/site\/#\/schema\/logo\/image\/"},"sameAs":["https:\/\/www.facebook.com\/notibras\/","https:\/\/x.com\/Notibras","https:\/\/www.instagram.com\/notibras\/"]},{"@type":"Person","@id":"https:\/\/www.notibras.com\/site\/#\/schema\/person\/5b7fabf2aedc3ada2105f03b22b4d3dd","name":"Eduardo Mart\u00ednez","image":{"@type":"ImageObject","inLanguage":"pt-BR","@id":"https:\/\/secure.gravatar.com\/avatar\/7902f906289926289cbcda644b5197c796b893c6ffd7b9a536a42d290f7704a0?s=96&d=mm&r=g","url":"https:\/\/secure.gravatar.com\/avatar\/7902f906289926289cbcda644b5197c796b893c6ffd7b9a536a42d290f7704a0?s=96&d=mm&r=g","contentUrl":"https:\/\/secure.gravatar.com\/avatar\/7902f906289926289cbcda644b5197c796b893c6ffd7b9a536a42d290f7704a0?s=96&d=mm&r=g","caption":"Eduardo Mart\u00ednez"}}]}},"amp_enabled":true,"_links":{"self":[{"href":"https:\/\/www.notibras.com\/site\/wp-json\/wp\/v2\/posts\/383237","targetHints":{"allow":["GET"]}}],"collection":[{"href":"https:\/\/www.notibras.com\/site\/wp-json\/wp\/v2\/posts"}],"about":[{"href":"https:\/\/www.notibras.com\/site\/wp-json\/wp\/v2\/types\/post"}],"author":[{"embeddable":true,"href":"https:\/\/www.notibras.com\/site\/wp-json\/wp\/v2\/users\/21"}],"replies":[{"embeddable":true,"href":"https:\/\/www.notibras.com\/site\/wp-json\/wp\/v2\/comments?post=383237"}],"version-history":[{"count":6,"href":"https:\/\/www.notibras.com\/site\/wp-json\/wp\/v2\/posts\/383237\/revisions"}],"predecessor-version":[{"id":384204,"href":"https:\/\/www.notibras.com\/site\/wp-json\/wp\/v2\/posts\/383237\/revisions\/384204"}],"wp:featuredmedia":[{"embeddable":true,"href":"https:\/\/www.notibras.com\/site\/wp-json\/wp\/v2\/media\/383239"}],"wp:attachment":[{"href":"https:\/\/www.notibras.com\/site\/wp-json\/wp\/v2\/media?parent=383237"}],"wp:term":[{"taxonomy":"category","embeddable":true,"href":"https:\/\/www.notibras.com\/site\/wp-json\/wp\/v2\/categories?post=383237"},{"taxonomy":"post_tag","embeddable":true,"href":"https:\/\/www.notibras.com\/site\/wp-json\/wp\/v2\/tags?post=383237"}],"curies":[{"name":"wp","href":"https:\/\/api.w.org\/{rel}","templated":true}]}}