{"id":383268,"date":"2026-02-15T00:38:37","date_gmt":"2026-02-15T03:38:37","guid":{"rendered":"https:\/\/www.notibras.com\/site\/?p=383268"},"modified":"2026-02-15T09:40:10","modified_gmt":"2026-02-15T12:40:10","slug":"festival-rec-beat-celebra-30-anos-em-ritmo-de-folia","status":"publish","type":"post","link":"https:\/\/www.notibras.com\/site\/festival-rec-beat-celebra-30-anos-em-ritmo-de-folia\/","title":{"rendered":"Festival Rec-Beat celebra 30 anos em ritmo de folia"},"content":{"rendered":"<p>A noite do s\u00e1bado gordo de Carnaval, come\u00e7ou com festa no Cais da Alf\u00e2ndega, no Recife, com mais uma edi\u00e7\u00e3o do Rec-Beat \u2013 festival que comemora 30 anos em 2026, mantendo vivas a vitalidade e a inquieta\u00e7\u00e3o que marcaram sua origem.<\/p>\n<p>Fundado em 1995 por Antonio Gutierrez, o Gutie, o Rec-beat construiu ao longo de sua hist\u00f3ria uma trajet\u00f3ria pautada pela diversidade, onde diferentes p\u00fablicos, est\u00e9ticas e gera\u00e7\u00f5es se encontram.<\/p>\n<p>O festival se consolidou como um espa\u00e7o de descoberta, experimenta\u00e7\u00e3o e circula\u00e7\u00e3o de novas ideias musicais, unido pelo di\u00e1logo entre tradi\u00e7\u00f5es e vanguardas.<\/p>\n<p>Em um cen\u00e1rio cada vez mais marcado pela mesmice, o Rec-Beat traz em sua programa\u00e7\u00e3o a mescla entre g\u00eaneros, estilos e cenas, misturando artistas do Brasil e do mundo, e atendo \u00e0s transforma\u00e7\u00f5es da m\u00fasica, se firmando como um manifesto cultural cada vez mais necess\u00e1rio nos dias de hoje.<\/p>\n<p>At\u00e9 17 de fevereiro, de forma gratuita, o festival inaugura sua plataforma de descoberta, circula\u00e7\u00e3o e di\u00e1logo entre cenas do Brasil, da Am\u00e9rica Latina e da \u00c1frica.<\/p>\n<p>Entre os destaques desta edi\u00e7\u00e3o, nomes emergentes como NandaTsunami, AJULLIACOSTA e Jadsa se somam a artistas como Djonga, Johnny Hooker e Carlos do Complexo.<\/p>\n<p>O pernambucano Johnny Hooker faz um retorno ao Rec-Beat com a estreia nacional da turn\u00ea Viver e Morrer de Amor na Am\u00e9rica Latina, baseada em seu quarto \u00e1lbum de est\u00fadio.<\/p>\n<p>O festival traz ainda Chico Chico, Josyara, AJULLIACOSTA e Felipe Cordeiro, que celebra 20 anos de carreira como um dos pioneiros na fus\u00e3o de sonoridades amaz\u00f4nicas, dividindo o show com Layse, nome emergente da cena paraense.<\/p>\n<p>Nomes internacionais como o senegal\u00eas Momi Maiga Quartet e os colombianos Ghetto Kumb\u00e9 tamb\u00e9m estar\u00e3o presentes. A curadoria traduz a proposta do festival, pautado pela diversidade est\u00e9tica e experimenta\u00e7\u00e3o sonora.<\/p>\n<p>Com p\u00fablico de mais de 60 mil pessoas por edi\u00e7\u00e3o, o festival segue com o interesse renovado em propiciar uma experi\u00eancia inesquec\u00edvel em um ambiente democr\u00e1tico e inclusivo.<\/p>\n<p><strong>M\u00fasica eletr\u00f4nica<\/strong><br \/>\nUma das principais novidades desta edi\u00e7\u00e3o \u00e9 o lan\u00e7amento do Moritz, projeto dedicado exclusivamente \u00e0 m\u00fasica eletr\u00f4nica, que estreia dentro da programa\u00e7\u00e3o do Rec-Beat, ocupando o palco neste primeiro dia do festival.<\/p>\n<p>Pensado como uma plataforma aut\u00f4noma, o Moritz nasce como uma expans\u00e3o natural do DNA do Rec-Beat e deve ganhar edi\u00e7\u00f5es pr\u00f3prias no futuro, com foco na pista, na curadoria autoral e na experimenta\u00e7\u00e3o.<\/p>\n<p>Est\u00e3o confirmados na programa\u00e7\u00e3o a DJ e produtora pernambucana Paulete Lindacelva, Carlos do Complexo, a colombiana Piolinda Marcela, SPHYNX, LOFIHOUSEBOY e DAVS.<\/p>\n<p>Entre os destaques deste ano est\u00e1 o senegal\u00eas Momi Maiga Quartet, virtuose do tradicional instrumento kora, que funde jazz \u00e9tnico, flamenco e m\u00fasica africana. Seu segundo \u00e1lbum, Kairo (2024), traz uma abordagem pol\u00edtica e humanista, em um di\u00e1logo entre \u00c1frica, Europa e Mediterr\u00e2neo.<\/p>\n<p>Outro nome \u00e9 Faizal Mostrixx, produtor e performer ugandense que criou o conceito de tribal electronics, mesclando grava\u00e7\u00f5es de campo, ritmos regionais do Leste Africano e m\u00fasica eletr\u00f4nica de pista.<\/p>\n<p>Tamb\u00e9m est\u00e1 na programa\u00e7\u00e3o a DJ e produtora nigeriana-brit\u00e2nica residente na Alemanha Kikelomo, com uma fus\u00e3o de drum\u2019n\u2019bass e jungle.<\/p>\n<p>O lineup de DJs que se apresentam na abertura e intervalo dos shows, traz uma diversidade de estilos e propostas sonoras. Por mais um ano, o festival destaca a cena eletr\u00f4nica local com um lineup inteiramente pernambucano, tendo como co-curador KAI, DJ e pesquisador musical.<\/p>\n<p>Zoe Beats, cria de Camaragibe, faz um set baseado no grime, garage e jungle, alinhadas com as refer\u00eancias pernambucanas, como o manguebeat.<\/p>\n<p>Afrobitch prop\u00f5e um interc\u00e2mbio das m\u00faltiplas vertentes do house com g\u00eaneros como dembow, dancehall e funk, sempre com uma perspectiva negra e afrodiasp\u00f3rica. Bobi une disco e house com ritmos afrolatinos, com samples que v\u00e3o do piseiro ao funk.<\/p>\n","protected":false},"excerpt":{"rendered":"<p>A noite do s\u00e1bado gordo de Carnaval, come\u00e7ou com festa no Cais da Alf\u00e2ndega, no Recife, com mais uma edi\u00e7\u00e3o do Rec-Beat \u2013 festival que comemora 30 anos em 2026, mantendo vivas a vitalidade e a inquieta\u00e7\u00e3o que marcaram sua origem. Fundado em 1995 por Antonio Gutierrez, o Gutie, o Rec-beat construiu ao longo de [&hellip;]<\/p>\n","protected":false},"author":2,"featured_media":383269,"comment_status":"closed","ping_status":"closed","sticky":false,"template":"","format":"standard","meta":{"_acf_changed":false,"footnotes":""},"categories":[165],"tags":[],"class_list":["post-383268","post","type-post","status-publish","format-standard","has-post-thumbnail","hentry","category-nordeste"],"acf":[],"yoast_head":"<!-- This site is optimized with the Yoast SEO plugin v27.2 - https:\/\/yoast.com\/product\/yoast-seo-wordpress\/ -->\n<title>Festival Rec-Beat celebra 30 anos em ritmo de folia - Notibras<\/title>\n<meta name=\"robots\" content=\"index, follow, max-snippet:-1, max-image-preview:large, max-video-preview:-1\" \/>\n<link rel=\"canonical\" href=\"https:\/\/www.notibras.com\/site\/festival-rec-beat-celebra-30-anos-em-ritmo-de-folia\/\" \/>\n<meta property=\"og:locale\" content=\"pt_BR\" \/>\n<meta property=\"og:type\" content=\"article\" \/>\n<meta property=\"og:title\" content=\"Festival Rec-Beat celebra 30 anos em ritmo de folia - Notibras\" \/>\n<meta property=\"og:description\" content=\"A noite do s\u00e1bado gordo de Carnaval, come\u00e7ou com festa no Cais da Alf\u00e2ndega, no Recife, com mais uma edi\u00e7\u00e3o do Rec-Beat \u2013 festival que comemora 30 anos em 2026, mantendo vivas a vitalidade e a inquieta\u00e7\u00e3o que marcaram sua origem. Fundado em 1995 por Antonio Gutierrez, o Gutie, o Rec-beat construiu ao longo de [&hellip;]\" \/>\n<meta property=\"og:url\" content=\"https:\/\/www.notibras.com\/site\/festival-rec-beat-celebra-30-anos-em-ritmo-de-folia\/\" \/>\n<meta property=\"og:site_name\" content=\"Notibras\" \/>\n<meta property=\"article:publisher\" content=\"https:\/\/www.facebook.com\/notibras\/\" \/>\n<meta property=\"article:published_time\" content=\"2026-02-15T03:38:37+00:00\" \/>\n<meta property=\"article:modified_time\" content=\"2026-02-15T12:40:10+00:00\" \/>\n<meta property=\"og:image\" content=\"https:\/\/www.notibras.com\/site\/wp-content\/uploads\/2026\/02\/festival_rec-beat.webp\" \/>\n\t<meta property=\"og:image:width\" content=\"1170\" \/>\n\t<meta property=\"og:image:height\" content=\"700\" \/>\n\t<meta property=\"og:image:type\" content=\"image\/webp\" \/>\n<meta name=\"author\" content=\"Reda\u00e7\u00e3o\" \/>\n<meta name=\"twitter:card\" content=\"summary_large_image\" \/>\n<meta name=\"twitter:creator\" content=\"@Notibras\" \/>\n<meta name=\"twitter:site\" content=\"@Notibras\" \/>\n<meta name=\"twitter:label1\" content=\"Escrito por\" \/>\n\t<meta name=\"twitter:data1\" content=\"Reda\u00e7\u00e3o\" \/>\n\t<meta name=\"twitter:label2\" content=\"Est. tempo de leitura\" \/>\n\t<meta name=\"twitter:data2\" content=\"4 minutos\" \/>\n<script type=\"application\/ld+json\" class=\"yoast-schema-graph\">{\"@context\":\"https:\/\/schema.org\",\"@graph\":[{\"@type\":\"Article\",\"@id\":\"https:\/\/www.notibras.com\/site\/festival-rec-beat-celebra-30-anos-em-ritmo-de-folia\/#article\",\"isPartOf\":{\"@id\":\"https:\/\/www.notibras.com\/site\/festival-rec-beat-celebra-30-anos-em-ritmo-de-folia\/\"},\"author\":{\"name\":\"Reda\u00e7\u00e3o\",\"@id\":\"https:\/\/www.notibras.com\/site\/#\/schema\/person\/36ab0979449956132d3e5b517ea76ac8\"},\"headline\":\"Festival Rec-Beat celebra 30 anos em ritmo de folia\",\"datePublished\":\"2026-02-15T03:38:37+00:00\",\"dateModified\":\"2026-02-15T12:40:10+00:00\",\"mainEntityOfPage\":{\"@id\":\"https:\/\/www.notibras.com\/site\/festival-rec-beat-celebra-30-anos-em-ritmo-de-folia\/\"},\"wordCount\":677,\"publisher\":{\"@id\":\"https:\/\/www.notibras.com\/site\/#organization\"},\"image\":{\"@id\":\"https:\/\/www.notibras.com\/site\/festival-rec-beat-celebra-30-anos-em-ritmo-de-folia\/#primaryimage\"},\"thumbnailUrl\":\"https:\/\/www.notibras.com\/site\/wp-content\/uploads\/2026\/02\/festival_rec-beat.webp\",\"articleSection\":[\"Nordeste\"],\"inLanguage\":\"pt-BR\"},{\"@type\":\"WebPage\",\"@id\":\"https:\/\/www.notibras.com\/site\/festival-rec-beat-celebra-30-anos-em-ritmo-de-folia\/\",\"url\":\"https:\/\/www.notibras.com\/site\/festival-rec-beat-celebra-30-anos-em-ritmo-de-folia\/\",\"name\":\"Festival Rec-Beat celebra 30 anos em ritmo de folia - Notibras\",\"isPartOf\":{\"@id\":\"https:\/\/www.notibras.com\/site\/#website\"},\"primaryImageOfPage\":{\"@id\":\"https:\/\/www.notibras.com\/site\/festival-rec-beat-celebra-30-anos-em-ritmo-de-folia\/#primaryimage\"},\"image\":{\"@id\":\"https:\/\/www.notibras.com\/site\/festival-rec-beat-celebra-30-anos-em-ritmo-de-folia\/#primaryimage\"},\"thumbnailUrl\":\"https:\/\/www.notibras.com\/site\/wp-content\/uploads\/2026\/02\/festival_rec-beat.webp\",\"datePublished\":\"2026-02-15T03:38:37+00:00\",\"dateModified\":\"2026-02-15T12:40:10+00:00\",\"breadcrumb\":{\"@id\":\"https:\/\/www.notibras.com\/site\/festival-rec-beat-celebra-30-anos-em-ritmo-de-folia\/#breadcrumb\"},\"inLanguage\":\"pt-BR\",\"potentialAction\":[{\"@type\":\"ReadAction\",\"target\":[\"https:\/\/www.notibras.com\/site\/festival-rec-beat-celebra-30-anos-em-ritmo-de-folia\/\"]}]},{\"@type\":\"ImageObject\",\"inLanguage\":\"pt-BR\",\"@id\":\"https:\/\/www.notibras.com\/site\/festival-rec-beat-celebra-30-anos-em-ritmo-de-folia\/#primaryimage\",\"url\":\"https:\/\/www.notibras.com\/site\/wp-content\/uploads\/2026\/02\/festival_rec-beat.webp\",\"contentUrl\":\"https:\/\/www.notibras.com\/site\/wp-content\/uploads\/2026\/02\/festival_rec-beat.webp\",\"width\":1170,\"height\":700},{\"@type\":\"BreadcrumbList\",\"@id\":\"https:\/\/www.notibras.com\/site\/festival-rec-beat-celebra-30-anos-em-ritmo-de-folia\/#breadcrumb\",\"itemListElement\":[{\"@type\":\"ListItem\",\"position\":1,\"name\":\"In\u00edcio\",\"item\":\"https:\/\/www.notibras.com\/site\/\"},{\"@type\":\"ListItem\",\"position\":2,\"name\":\"Festival Rec-Beat celebra 30 anos em ritmo de folia\"}]},{\"@type\":\"WebSite\",\"@id\":\"https:\/\/www.notibras.com\/site\/#website\",\"url\":\"https:\/\/www.notibras.com\/site\/\",\"name\":\"Notibras\",\"description\":\"Not\u00edcias de Bras\u00edlia, do Brasil e do Mundo\",\"publisher\":{\"@id\":\"https:\/\/www.notibras.com\/site\/#organization\"},\"potentialAction\":[{\"@type\":\"SearchAction\",\"target\":{\"@type\":\"EntryPoint\",\"urlTemplate\":\"https:\/\/www.notibras.com\/site\/?s={search_term_string}\"},\"query-input\":{\"@type\":\"PropertyValueSpecification\",\"valueRequired\":true,\"valueName\":\"search_term_string\"}}],\"inLanguage\":\"pt-BR\"},{\"@type\":\"Organization\",\"@id\":\"https:\/\/www.notibras.com\/site\/#organization\",\"name\":\"Grupo Notibras de Comunica\u00e7\u00e3o\",\"url\":\"https:\/\/www.notibras.com\/site\/\",\"logo\":{\"@type\":\"ImageObject\",\"inLanguage\":\"pt-BR\",\"@id\":\"https:\/\/www.notibras.com\/site\/#\/schema\/logo\/image\/\",\"url\":\"https:\/\/www.notibras.com\/site\/wp-content\/uploads\/2023\/01\/notibras23.png\",\"contentUrl\":\"https:\/\/www.notibras.com\/site\/wp-content\/uploads\/2023\/01\/notibras23.png\",\"width\":350,\"height\":87,\"caption\":\"Grupo Notibras de Comunica\u00e7\u00e3o\"},\"image\":{\"@id\":\"https:\/\/www.notibras.com\/site\/#\/schema\/logo\/image\/\"},\"sameAs\":[\"https:\/\/www.facebook.com\/notibras\/\",\"https:\/\/x.com\/Notibras\",\"https:\/\/www.instagram.com\/notibras\/\"]},{\"@type\":\"Person\",\"@id\":\"https:\/\/www.notibras.com\/site\/#\/schema\/person\/36ab0979449956132d3e5b517ea76ac8\",\"name\":\"Reda\u00e7\u00e3o\",\"image\":{\"@type\":\"ImageObject\",\"inLanguage\":\"pt-BR\",\"@id\":\"https:\/\/secure.gravatar.com\/avatar\/e0a867bdedb85fd243eadf09663511f96fc81e0720a4a42581f334ad4303aa6b?s=96&d=mm&r=g\",\"url\":\"https:\/\/secure.gravatar.com\/avatar\/e0a867bdedb85fd243eadf09663511f96fc81e0720a4a42581f334ad4303aa6b?s=96&d=mm&r=g\",\"contentUrl\":\"https:\/\/secure.gravatar.com\/avatar\/e0a867bdedb85fd243eadf09663511f96fc81e0720a4a42581f334ad4303aa6b?s=96&d=mm&r=g\",\"caption\":\"Reda\u00e7\u00e3o\"}}]}<\/script>\n<!-- \/ Yoast SEO plugin. -->","yoast_head_json":{"title":"Festival Rec-Beat celebra 30 anos em ritmo de folia - Notibras","robots":{"index":"index","follow":"follow","max-snippet":"max-snippet:-1","max-image-preview":"max-image-preview:large","max-video-preview":"max-video-preview:-1"},"canonical":"https:\/\/www.notibras.com\/site\/festival-rec-beat-celebra-30-anos-em-ritmo-de-folia\/","og_locale":"pt_BR","og_type":"article","og_title":"Festival Rec-Beat celebra 30 anos em ritmo de folia - Notibras","og_description":"A noite do s\u00e1bado gordo de Carnaval, come\u00e7ou com festa no Cais da Alf\u00e2ndega, no Recife, com mais uma edi\u00e7\u00e3o do Rec-Beat \u2013 festival que comemora 30 anos em 2026, mantendo vivas a vitalidade e a inquieta\u00e7\u00e3o que marcaram sua origem. Fundado em 1995 por Antonio Gutierrez, o Gutie, o Rec-beat construiu ao longo de [&hellip;]","og_url":"https:\/\/www.notibras.com\/site\/festival-rec-beat-celebra-30-anos-em-ritmo-de-folia\/","og_site_name":"Notibras","article_publisher":"https:\/\/www.facebook.com\/notibras\/","article_published_time":"2026-02-15T03:38:37+00:00","article_modified_time":"2026-02-15T12:40:10+00:00","og_image":[{"width":1170,"height":700,"url":"https:\/\/www.notibras.com\/site\/wp-content\/uploads\/2026\/02\/festival_rec-beat.webp","type":"image\/webp"}],"author":"Reda\u00e7\u00e3o","twitter_card":"summary_large_image","twitter_creator":"@Notibras","twitter_site":"@Notibras","twitter_misc":{"Escrito por":"Reda\u00e7\u00e3o","Est. tempo de leitura":"4 minutos"},"schema":{"@context":"https:\/\/schema.org","@graph":[{"@type":"Article","@id":"https:\/\/www.notibras.com\/site\/festival-rec-beat-celebra-30-anos-em-ritmo-de-folia\/#article","isPartOf":{"@id":"https:\/\/www.notibras.com\/site\/festival-rec-beat-celebra-30-anos-em-ritmo-de-folia\/"},"author":{"name":"Reda\u00e7\u00e3o","@id":"https:\/\/www.notibras.com\/site\/#\/schema\/person\/36ab0979449956132d3e5b517ea76ac8"},"headline":"Festival Rec-Beat celebra 30 anos em ritmo de folia","datePublished":"2026-02-15T03:38:37+00:00","dateModified":"2026-02-15T12:40:10+00:00","mainEntityOfPage":{"@id":"https:\/\/www.notibras.com\/site\/festival-rec-beat-celebra-30-anos-em-ritmo-de-folia\/"},"wordCount":677,"publisher":{"@id":"https:\/\/www.notibras.com\/site\/#organization"},"image":{"@id":"https:\/\/www.notibras.com\/site\/festival-rec-beat-celebra-30-anos-em-ritmo-de-folia\/#primaryimage"},"thumbnailUrl":"https:\/\/www.notibras.com\/site\/wp-content\/uploads\/2026\/02\/festival_rec-beat.webp","articleSection":["Nordeste"],"inLanguage":"pt-BR"},{"@type":"WebPage","@id":"https:\/\/www.notibras.com\/site\/festival-rec-beat-celebra-30-anos-em-ritmo-de-folia\/","url":"https:\/\/www.notibras.com\/site\/festival-rec-beat-celebra-30-anos-em-ritmo-de-folia\/","name":"Festival Rec-Beat celebra 30 anos em ritmo de folia - Notibras","isPartOf":{"@id":"https:\/\/www.notibras.com\/site\/#website"},"primaryImageOfPage":{"@id":"https:\/\/www.notibras.com\/site\/festival-rec-beat-celebra-30-anos-em-ritmo-de-folia\/#primaryimage"},"image":{"@id":"https:\/\/www.notibras.com\/site\/festival-rec-beat-celebra-30-anos-em-ritmo-de-folia\/#primaryimage"},"thumbnailUrl":"https:\/\/www.notibras.com\/site\/wp-content\/uploads\/2026\/02\/festival_rec-beat.webp","datePublished":"2026-02-15T03:38:37+00:00","dateModified":"2026-02-15T12:40:10+00:00","breadcrumb":{"@id":"https:\/\/www.notibras.com\/site\/festival-rec-beat-celebra-30-anos-em-ritmo-de-folia\/#breadcrumb"},"inLanguage":"pt-BR","potentialAction":[{"@type":"ReadAction","target":["https:\/\/www.notibras.com\/site\/festival-rec-beat-celebra-30-anos-em-ritmo-de-folia\/"]}]},{"@type":"ImageObject","inLanguage":"pt-BR","@id":"https:\/\/www.notibras.com\/site\/festival-rec-beat-celebra-30-anos-em-ritmo-de-folia\/#primaryimage","url":"https:\/\/www.notibras.com\/site\/wp-content\/uploads\/2026\/02\/festival_rec-beat.webp","contentUrl":"https:\/\/www.notibras.com\/site\/wp-content\/uploads\/2026\/02\/festival_rec-beat.webp","width":1170,"height":700},{"@type":"BreadcrumbList","@id":"https:\/\/www.notibras.com\/site\/festival-rec-beat-celebra-30-anos-em-ritmo-de-folia\/#breadcrumb","itemListElement":[{"@type":"ListItem","position":1,"name":"In\u00edcio","item":"https:\/\/www.notibras.com\/site\/"},{"@type":"ListItem","position":2,"name":"Festival Rec-Beat celebra 30 anos em ritmo de folia"}]},{"@type":"WebSite","@id":"https:\/\/www.notibras.com\/site\/#website","url":"https:\/\/www.notibras.com\/site\/","name":"Notibras","description":"Not\u00edcias de Bras\u00edlia, do Brasil e do Mundo","publisher":{"@id":"https:\/\/www.notibras.com\/site\/#organization"},"potentialAction":[{"@type":"SearchAction","target":{"@type":"EntryPoint","urlTemplate":"https:\/\/www.notibras.com\/site\/?s={search_term_string}"},"query-input":{"@type":"PropertyValueSpecification","valueRequired":true,"valueName":"search_term_string"}}],"inLanguage":"pt-BR"},{"@type":"Organization","@id":"https:\/\/www.notibras.com\/site\/#organization","name":"Grupo Notibras de Comunica\u00e7\u00e3o","url":"https:\/\/www.notibras.com\/site\/","logo":{"@type":"ImageObject","inLanguage":"pt-BR","@id":"https:\/\/www.notibras.com\/site\/#\/schema\/logo\/image\/","url":"https:\/\/www.notibras.com\/site\/wp-content\/uploads\/2023\/01\/notibras23.png","contentUrl":"https:\/\/www.notibras.com\/site\/wp-content\/uploads\/2023\/01\/notibras23.png","width":350,"height":87,"caption":"Grupo Notibras de Comunica\u00e7\u00e3o"},"image":{"@id":"https:\/\/www.notibras.com\/site\/#\/schema\/logo\/image\/"},"sameAs":["https:\/\/www.facebook.com\/notibras\/","https:\/\/x.com\/Notibras","https:\/\/www.instagram.com\/notibras\/"]},{"@type":"Person","@id":"https:\/\/www.notibras.com\/site\/#\/schema\/person\/36ab0979449956132d3e5b517ea76ac8","name":"Reda\u00e7\u00e3o","image":{"@type":"ImageObject","inLanguage":"pt-BR","@id":"https:\/\/secure.gravatar.com\/avatar\/e0a867bdedb85fd243eadf09663511f96fc81e0720a4a42581f334ad4303aa6b?s=96&d=mm&r=g","url":"https:\/\/secure.gravatar.com\/avatar\/e0a867bdedb85fd243eadf09663511f96fc81e0720a4a42581f334ad4303aa6b?s=96&d=mm&r=g","contentUrl":"https:\/\/secure.gravatar.com\/avatar\/e0a867bdedb85fd243eadf09663511f96fc81e0720a4a42581f334ad4303aa6b?s=96&d=mm&r=g","caption":"Reda\u00e7\u00e3o"}}]}},"amp_enabled":true,"_links":{"self":[{"href":"https:\/\/www.notibras.com\/site\/wp-json\/wp\/v2\/posts\/383268","targetHints":{"allow":["GET"]}}],"collection":[{"href":"https:\/\/www.notibras.com\/site\/wp-json\/wp\/v2\/posts"}],"about":[{"href":"https:\/\/www.notibras.com\/site\/wp-json\/wp\/v2\/types\/post"}],"author":[{"embeddable":true,"href":"https:\/\/www.notibras.com\/site\/wp-json\/wp\/v2\/users\/2"}],"replies":[{"embeddable":true,"href":"https:\/\/www.notibras.com\/site\/wp-json\/wp\/v2\/comments?post=383268"}],"version-history":[{"count":1,"href":"https:\/\/www.notibras.com\/site\/wp-json\/wp\/v2\/posts\/383268\/revisions"}],"predecessor-version":[{"id":383270,"href":"https:\/\/www.notibras.com\/site\/wp-json\/wp\/v2\/posts\/383268\/revisions\/383270"}],"wp:featuredmedia":[{"embeddable":true,"href":"https:\/\/www.notibras.com\/site\/wp-json\/wp\/v2\/media\/383269"}],"wp:attachment":[{"href":"https:\/\/www.notibras.com\/site\/wp-json\/wp\/v2\/media?parent=383268"}],"wp:term":[{"taxonomy":"category","embeddable":true,"href":"https:\/\/www.notibras.com\/site\/wp-json\/wp\/v2\/categories?post=383268"},{"taxonomy":"post_tag","embeddable":true,"href":"https:\/\/www.notibras.com\/site\/wp-json\/wp\/v2\/tags?post=383268"}],"curies":[{"name":"wp","href":"https:\/\/api.w.org\/{rel}","templated":true}]}}