{"id":383387,"date":"2026-02-16T00:00:35","date_gmt":"2026-02-16T03:00:35","guid":{"rendered":"https:\/\/www.notibras.com\/site\/?p=383387"},"modified":"2026-02-16T08:37:21","modified_gmt":"2026-02-16T11:37:21","slug":"homem-de-62-anos-morre-apos-sofrer-descarga-eletrica-em-arvore","status":"publish","type":"post","link":"https:\/\/www.notibras.com\/site\/homem-de-62-anos-morre-apos-sofrer-descarga-eletrica-em-arvore\/","title":{"rendered":"Homem de 62 anos morre ap\u00f3s sofrer descarga el\u00e9trica em \u00e1rvore"},"content":{"rendered":"<p>Um homem de aproximadamente 62 anos morreu no povoado Paracatu do Meio, zona rural de Sim\u00e3o Dias, Sergipe, depois de sofrer uma forte descarga el\u00e9trica enquanto estava em cima de uma \u00e1rvore, conforme informa\u00e7\u00f5es oficiais divulgadas por autoridades locais.<\/p>\n<p>De acordo com relatos de moradores que presenciaram o acidente, a v\u00edtima foi subir na \u00e1rvore para realizar algum tipo de atividade envolvendo cabos de energia el\u00e9trica que passavam nas proximidades do tronco, momento em que recebeu a descarga e ficou preso \u00e0 fia\u00e7\u00e3o.<\/p>\n<p>Equipes do Servi\u00e7o de Atendimento M\u00f3vel de Urg\u00eancia foram acionadas, mas ao chegarem ao local constataram que o homem j\u00e1 n\u00e3o apresentava sinais vitais.<\/p>\n<p>O Corpo de Bombeiros Militar de Sergipe tamb\u00e9m atuou na ocorr\u00eancia para resgatar o corpo que ficou preso na \u00e1rvore, e ap\u00f3s os procedimentos o caso foi repassado \u00e0s autoridades competentes para investiga\u00e7\u00e3o.<\/p>\n<p>A trag\u00e9dia gerou como\u00e7\u00e3o entre moradores da comunidade rural, que relataram choque diante da fatalidade. A pol\u00edcia registrou a ocorr\u00eancia e dar\u00e1 sequ\u00eancia \u00e0s apura\u00e7\u00f5es para esclarecer completamente as circunst\u00e2ncias do acidente.<\/p>\n","protected":false},"excerpt":{"rendered":"<p>Um homem de aproximadamente 62 anos morreu no povoado Paracatu do Meio, zona rural de Sim\u00e3o Dias, Sergipe, depois de sofrer uma forte descarga el\u00e9trica enquanto estava em cima de uma \u00e1rvore, conforme informa\u00e7\u00f5es oficiais divulgadas por autoridades locais. De acordo com relatos de moradores que presenciaram o acidente, a v\u00edtima foi subir na \u00e1rvore [&hellip;]<\/p>\n","protected":false},"author":2,"featured_media":383388,"comment_status":"closed","ping_status":"closed","sticky":false,"template":"","format":"standard","meta":{"_acf_changed":false,"footnotes":""},"categories":[165],"tags":[],"class_list":["post-383387","post","type-post","status-publish","format-standard","has-post-thumbnail","hentry","category-nordeste"],"acf":[],"yoast_head":"<!-- This site is optimized with the Yoast SEO plugin v27.2 - https:\/\/yoast.com\/product\/yoast-seo-wordpress\/ -->\n<title>Homem de 62 anos morre ap\u00f3s sofrer descarga el\u00e9trica em \u00e1rvore - Notibras<\/title>\n<meta name=\"robots\" content=\"index, follow, max-snippet:-1, max-image-preview:large, max-video-preview:-1\" \/>\n<link rel=\"canonical\" href=\"https:\/\/www.notibras.com\/site\/homem-de-62-anos-morre-apos-sofrer-descarga-eletrica-em-arvore\/\" \/>\n<meta property=\"og:locale\" content=\"pt_BR\" \/>\n<meta property=\"og:type\" content=\"article\" \/>\n<meta property=\"og:title\" content=\"Homem de 62 anos morre ap\u00f3s sofrer descarga el\u00e9trica em \u00e1rvore - Notibras\" \/>\n<meta property=\"og:description\" content=\"Um homem de aproximadamente 62 anos morreu no povoado Paracatu do Meio, zona rural de Sim\u00e3o Dias, Sergipe, depois de sofrer uma forte descarga el\u00e9trica enquanto estava em cima de uma \u00e1rvore, conforme informa\u00e7\u00f5es oficiais divulgadas por autoridades locais. De acordo com relatos de moradores que presenciaram o acidente, a v\u00edtima foi subir na \u00e1rvore [&hellip;]\" \/>\n<meta property=\"og:url\" content=\"https:\/\/www.notibras.com\/site\/homem-de-62-anos-morre-apos-sofrer-descarga-eletrica-em-arvore\/\" \/>\n<meta property=\"og:site_name\" content=\"Notibras\" \/>\n<meta property=\"article:publisher\" content=\"https:\/\/www.facebook.com\/notibras\/\" \/>\n<meta property=\"article:published_time\" content=\"2026-02-16T03:00:35+00:00\" \/>\n<meta property=\"article:modified_time\" content=\"2026-02-16T11:37:21+00:00\" \/>\n<meta property=\"og:image\" content=\"https:\/\/www.notibras.com\/site\/wp-content\/uploads\/2026\/02\/ba3e1cce-0c10-4220-b2d1-98f56a430f42.jpg\" \/>\n\t<meta property=\"og:image:width\" content=\"984\" \/>\n\t<meta property=\"og:image:height\" content=\"738\" \/>\n\t<meta property=\"og:image:type\" content=\"image\/jpeg\" \/>\n<meta name=\"author\" content=\"Reda\u00e7\u00e3o\" \/>\n<meta name=\"twitter:card\" content=\"summary_large_image\" \/>\n<meta name=\"twitter:creator\" content=\"@Notibras\" \/>\n<meta name=\"twitter:site\" content=\"@Notibras\" \/>\n<meta name=\"twitter:label1\" content=\"Escrito por\" \/>\n\t<meta name=\"twitter:data1\" content=\"Reda\u00e7\u00e3o\" \/>\n\t<meta name=\"twitter:label2\" content=\"Est. tempo de leitura\" \/>\n\t<meta name=\"twitter:data2\" content=\"2 minutos\" \/>\n<script type=\"application\/ld+json\" class=\"yoast-schema-graph\">{\"@context\":\"https:\/\/schema.org\",\"@graph\":[{\"@type\":\"Article\",\"@id\":\"https:\/\/www.notibras.com\/site\/homem-de-62-anos-morre-apos-sofrer-descarga-eletrica-em-arvore\/#article\",\"isPartOf\":{\"@id\":\"https:\/\/www.notibras.com\/site\/homem-de-62-anos-morre-apos-sofrer-descarga-eletrica-em-arvore\/\"},\"author\":{\"name\":\"Reda\u00e7\u00e3o\",\"@id\":\"https:\/\/www.notibras.com\/site\/#\/schema\/person\/36ab0979449956132d3e5b517ea76ac8\"},\"headline\":\"Homem de 62 anos morre ap\u00f3s sofrer descarga el\u00e9trica em \u00e1rvore\",\"datePublished\":\"2026-02-16T03:00:35+00:00\",\"dateModified\":\"2026-02-16T11:37:21+00:00\",\"mainEntityOfPage\":{\"@id\":\"https:\/\/www.notibras.com\/site\/homem-de-62-anos-morre-apos-sofrer-descarga-eletrica-em-arvore\/\"},\"wordCount\":203,\"publisher\":{\"@id\":\"https:\/\/www.notibras.com\/site\/#organization\"},\"image\":{\"@id\":\"https:\/\/www.notibras.com\/site\/homem-de-62-anos-morre-apos-sofrer-descarga-eletrica-em-arvore\/#primaryimage\"},\"thumbnailUrl\":\"https:\/\/www.notibras.com\/site\/wp-content\/uploads\/2026\/02\/ba3e1cce-0c10-4220-b2d1-98f56a430f42.jpg\",\"articleSection\":[\"Nordeste\"],\"inLanguage\":\"pt-BR\"},{\"@type\":\"WebPage\",\"@id\":\"https:\/\/www.notibras.com\/site\/homem-de-62-anos-morre-apos-sofrer-descarga-eletrica-em-arvore\/\",\"url\":\"https:\/\/www.notibras.com\/site\/homem-de-62-anos-morre-apos-sofrer-descarga-eletrica-em-arvore\/\",\"name\":\"Homem de 62 anos morre ap\u00f3s sofrer descarga el\u00e9trica em \u00e1rvore - Notibras\",\"isPartOf\":{\"@id\":\"https:\/\/www.notibras.com\/site\/#website\"},\"primaryImageOfPage\":{\"@id\":\"https:\/\/www.notibras.com\/site\/homem-de-62-anos-morre-apos-sofrer-descarga-eletrica-em-arvore\/#primaryimage\"},\"image\":{\"@id\":\"https:\/\/www.notibras.com\/site\/homem-de-62-anos-morre-apos-sofrer-descarga-eletrica-em-arvore\/#primaryimage\"},\"thumbnailUrl\":\"https:\/\/www.notibras.com\/site\/wp-content\/uploads\/2026\/02\/ba3e1cce-0c10-4220-b2d1-98f56a430f42.jpg\",\"datePublished\":\"2026-02-16T03:00:35+00:00\",\"dateModified\":\"2026-02-16T11:37:21+00:00\",\"breadcrumb\":{\"@id\":\"https:\/\/www.notibras.com\/site\/homem-de-62-anos-morre-apos-sofrer-descarga-eletrica-em-arvore\/#breadcrumb\"},\"inLanguage\":\"pt-BR\",\"potentialAction\":[{\"@type\":\"ReadAction\",\"target\":[\"https:\/\/www.notibras.com\/site\/homem-de-62-anos-morre-apos-sofrer-descarga-eletrica-em-arvore\/\"]}]},{\"@type\":\"ImageObject\",\"inLanguage\":\"pt-BR\",\"@id\":\"https:\/\/www.notibras.com\/site\/homem-de-62-anos-morre-apos-sofrer-descarga-eletrica-em-arvore\/#primaryimage\",\"url\":\"https:\/\/www.notibras.com\/site\/wp-content\/uploads\/2026\/02\/ba3e1cce-0c10-4220-b2d1-98f56a430f42.jpg\",\"contentUrl\":\"https:\/\/www.notibras.com\/site\/wp-content\/uploads\/2026\/02\/ba3e1cce-0c10-4220-b2d1-98f56a430f42.jpg\",\"width\":984,\"height\":738},{\"@type\":\"BreadcrumbList\",\"@id\":\"https:\/\/www.notibras.com\/site\/homem-de-62-anos-morre-apos-sofrer-descarga-eletrica-em-arvore\/#breadcrumb\",\"itemListElement\":[{\"@type\":\"ListItem\",\"position\":1,\"name\":\"In\u00edcio\",\"item\":\"https:\/\/www.notibras.com\/site\/\"},{\"@type\":\"ListItem\",\"position\":2,\"name\":\"Homem de 62 anos morre ap\u00f3s sofrer descarga el\u00e9trica em \u00e1rvore\"}]},{\"@type\":\"WebSite\",\"@id\":\"https:\/\/www.notibras.com\/site\/#website\",\"url\":\"https:\/\/www.notibras.com\/site\/\",\"name\":\"Notibras\",\"description\":\"Not\u00edcias de Bras\u00edlia, do Brasil e do Mundo\",\"publisher\":{\"@id\":\"https:\/\/www.notibras.com\/site\/#organization\"},\"potentialAction\":[{\"@type\":\"SearchAction\",\"target\":{\"@type\":\"EntryPoint\",\"urlTemplate\":\"https:\/\/www.notibras.com\/site\/?s={search_term_string}\"},\"query-input\":{\"@type\":\"PropertyValueSpecification\",\"valueRequired\":true,\"valueName\":\"search_term_string\"}}],\"inLanguage\":\"pt-BR\"},{\"@type\":\"Organization\",\"@id\":\"https:\/\/www.notibras.com\/site\/#organization\",\"name\":\"Grupo Notibras de Comunica\u00e7\u00e3o\",\"url\":\"https:\/\/www.notibras.com\/site\/\",\"logo\":{\"@type\":\"ImageObject\",\"inLanguage\":\"pt-BR\",\"@id\":\"https:\/\/www.notibras.com\/site\/#\/schema\/logo\/image\/\",\"url\":\"https:\/\/www.notibras.com\/site\/wp-content\/uploads\/2023\/01\/notibras23.png\",\"contentUrl\":\"https:\/\/www.notibras.com\/site\/wp-content\/uploads\/2023\/01\/notibras23.png\",\"width\":350,\"height\":87,\"caption\":\"Grupo Notibras de Comunica\u00e7\u00e3o\"},\"image\":{\"@id\":\"https:\/\/www.notibras.com\/site\/#\/schema\/logo\/image\/\"},\"sameAs\":[\"https:\/\/www.facebook.com\/notibras\/\",\"https:\/\/x.com\/Notibras\",\"https:\/\/www.instagram.com\/notibras\/\"]},{\"@type\":\"Person\",\"@id\":\"https:\/\/www.notibras.com\/site\/#\/schema\/person\/36ab0979449956132d3e5b517ea76ac8\",\"name\":\"Reda\u00e7\u00e3o\",\"image\":{\"@type\":\"ImageObject\",\"inLanguage\":\"pt-BR\",\"@id\":\"https:\/\/secure.gravatar.com\/avatar\/e0a867bdedb85fd243eadf09663511f96fc81e0720a4a42581f334ad4303aa6b?s=96&d=mm&r=g\",\"url\":\"https:\/\/secure.gravatar.com\/avatar\/e0a867bdedb85fd243eadf09663511f96fc81e0720a4a42581f334ad4303aa6b?s=96&d=mm&r=g\",\"contentUrl\":\"https:\/\/secure.gravatar.com\/avatar\/e0a867bdedb85fd243eadf09663511f96fc81e0720a4a42581f334ad4303aa6b?s=96&d=mm&r=g\",\"caption\":\"Reda\u00e7\u00e3o\"}}]}<\/script>\n<!-- \/ Yoast SEO plugin. -->","yoast_head_json":{"title":"Homem de 62 anos morre ap\u00f3s sofrer descarga el\u00e9trica em \u00e1rvore - Notibras","robots":{"index":"index","follow":"follow","max-snippet":"max-snippet:-1","max-image-preview":"max-image-preview:large","max-video-preview":"max-video-preview:-1"},"canonical":"https:\/\/www.notibras.com\/site\/homem-de-62-anos-morre-apos-sofrer-descarga-eletrica-em-arvore\/","og_locale":"pt_BR","og_type":"article","og_title":"Homem de 62 anos morre ap\u00f3s sofrer descarga el\u00e9trica em \u00e1rvore - Notibras","og_description":"Um homem de aproximadamente 62 anos morreu no povoado Paracatu do Meio, zona rural de Sim\u00e3o Dias, Sergipe, depois de sofrer uma forte descarga el\u00e9trica enquanto estava em cima de uma \u00e1rvore, conforme informa\u00e7\u00f5es oficiais divulgadas por autoridades locais. De acordo com relatos de moradores que presenciaram o acidente, a v\u00edtima foi subir na \u00e1rvore [&hellip;]","og_url":"https:\/\/www.notibras.com\/site\/homem-de-62-anos-morre-apos-sofrer-descarga-eletrica-em-arvore\/","og_site_name":"Notibras","article_publisher":"https:\/\/www.facebook.com\/notibras\/","article_published_time":"2026-02-16T03:00:35+00:00","article_modified_time":"2026-02-16T11:37:21+00:00","og_image":[{"width":984,"height":738,"url":"https:\/\/www.notibras.com\/site\/wp-content\/uploads\/2026\/02\/ba3e1cce-0c10-4220-b2d1-98f56a430f42.jpg","type":"image\/jpeg"}],"author":"Reda\u00e7\u00e3o","twitter_card":"summary_large_image","twitter_creator":"@Notibras","twitter_site":"@Notibras","twitter_misc":{"Escrito por":"Reda\u00e7\u00e3o","Est. tempo de leitura":"2 minutos"},"schema":{"@context":"https:\/\/schema.org","@graph":[{"@type":"Article","@id":"https:\/\/www.notibras.com\/site\/homem-de-62-anos-morre-apos-sofrer-descarga-eletrica-em-arvore\/#article","isPartOf":{"@id":"https:\/\/www.notibras.com\/site\/homem-de-62-anos-morre-apos-sofrer-descarga-eletrica-em-arvore\/"},"author":{"name":"Reda\u00e7\u00e3o","@id":"https:\/\/www.notibras.com\/site\/#\/schema\/person\/36ab0979449956132d3e5b517ea76ac8"},"headline":"Homem de 62 anos morre ap\u00f3s sofrer descarga el\u00e9trica em \u00e1rvore","datePublished":"2026-02-16T03:00:35+00:00","dateModified":"2026-02-16T11:37:21+00:00","mainEntityOfPage":{"@id":"https:\/\/www.notibras.com\/site\/homem-de-62-anos-morre-apos-sofrer-descarga-eletrica-em-arvore\/"},"wordCount":203,"publisher":{"@id":"https:\/\/www.notibras.com\/site\/#organization"},"image":{"@id":"https:\/\/www.notibras.com\/site\/homem-de-62-anos-morre-apos-sofrer-descarga-eletrica-em-arvore\/#primaryimage"},"thumbnailUrl":"https:\/\/www.notibras.com\/site\/wp-content\/uploads\/2026\/02\/ba3e1cce-0c10-4220-b2d1-98f56a430f42.jpg","articleSection":["Nordeste"],"inLanguage":"pt-BR"},{"@type":"WebPage","@id":"https:\/\/www.notibras.com\/site\/homem-de-62-anos-morre-apos-sofrer-descarga-eletrica-em-arvore\/","url":"https:\/\/www.notibras.com\/site\/homem-de-62-anos-morre-apos-sofrer-descarga-eletrica-em-arvore\/","name":"Homem de 62 anos morre ap\u00f3s sofrer descarga el\u00e9trica em \u00e1rvore - Notibras","isPartOf":{"@id":"https:\/\/www.notibras.com\/site\/#website"},"primaryImageOfPage":{"@id":"https:\/\/www.notibras.com\/site\/homem-de-62-anos-morre-apos-sofrer-descarga-eletrica-em-arvore\/#primaryimage"},"image":{"@id":"https:\/\/www.notibras.com\/site\/homem-de-62-anos-morre-apos-sofrer-descarga-eletrica-em-arvore\/#primaryimage"},"thumbnailUrl":"https:\/\/www.notibras.com\/site\/wp-content\/uploads\/2026\/02\/ba3e1cce-0c10-4220-b2d1-98f56a430f42.jpg","datePublished":"2026-02-16T03:00:35+00:00","dateModified":"2026-02-16T11:37:21+00:00","breadcrumb":{"@id":"https:\/\/www.notibras.com\/site\/homem-de-62-anos-morre-apos-sofrer-descarga-eletrica-em-arvore\/#breadcrumb"},"inLanguage":"pt-BR","potentialAction":[{"@type":"ReadAction","target":["https:\/\/www.notibras.com\/site\/homem-de-62-anos-morre-apos-sofrer-descarga-eletrica-em-arvore\/"]}]},{"@type":"ImageObject","inLanguage":"pt-BR","@id":"https:\/\/www.notibras.com\/site\/homem-de-62-anos-morre-apos-sofrer-descarga-eletrica-em-arvore\/#primaryimage","url":"https:\/\/www.notibras.com\/site\/wp-content\/uploads\/2026\/02\/ba3e1cce-0c10-4220-b2d1-98f56a430f42.jpg","contentUrl":"https:\/\/www.notibras.com\/site\/wp-content\/uploads\/2026\/02\/ba3e1cce-0c10-4220-b2d1-98f56a430f42.jpg","width":984,"height":738},{"@type":"BreadcrumbList","@id":"https:\/\/www.notibras.com\/site\/homem-de-62-anos-morre-apos-sofrer-descarga-eletrica-em-arvore\/#breadcrumb","itemListElement":[{"@type":"ListItem","position":1,"name":"In\u00edcio","item":"https:\/\/www.notibras.com\/site\/"},{"@type":"ListItem","position":2,"name":"Homem de 62 anos morre ap\u00f3s sofrer descarga el\u00e9trica em \u00e1rvore"}]},{"@type":"WebSite","@id":"https:\/\/www.notibras.com\/site\/#website","url":"https:\/\/www.notibras.com\/site\/","name":"Notibras","description":"Not\u00edcias de Bras\u00edlia, do Brasil e do Mundo","publisher":{"@id":"https:\/\/www.notibras.com\/site\/#organization"},"potentialAction":[{"@type":"SearchAction","target":{"@type":"EntryPoint","urlTemplate":"https:\/\/www.notibras.com\/site\/?s={search_term_string}"},"query-input":{"@type":"PropertyValueSpecification","valueRequired":true,"valueName":"search_term_string"}}],"inLanguage":"pt-BR"},{"@type":"Organization","@id":"https:\/\/www.notibras.com\/site\/#organization","name":"Grupo Notibras de Comunica\u00e7\u00e3o","url":"https:\/\/www.notibras.com\/site\/","logo":{"@type":"ImageObject","inLanguage":"pt-BR","@id":"https:\/\/www.notibras.com\/site\/#\/schema\/logo\/image\/","url":"https:\/\/www.notibras.com\/site\/wp-content\/uploads\/2023\/01\/notibras23.png","contentUrl":"https:\/\/www.notibras.com\/site\/wp-content\/uploads\/2023\/01\/notibras23.png","width":350,"height":87,"caption":"Grupo Notibras de Comunica\u00e7\u00e3o"},"image":{"@id":"https:\/\/www.notibras.com\/site\/#\/schema\/logo\/image\/"},"sameAs":["https:\/\/www.facebook.com\/notibras\/","https:\/\/x.com\/Notibras","https:\/\/www.instagram.com\/notibras\/"]},{"@type":"Person","@id":"https:\/\/www.notibras.com\/site\/#\/schema\/person\/36ab0979449956132d3e5b517ea76ac8","name":"Reda\u00e7\u00e3o","image":{"@type":"ImageObject","inLanguage":"pt-BR","@id":"https:\/\/secure.gravatar.com\/avatar\/e0a867bdedb85fd243eadf09663511f96fc81e0720a4a42581f334ad4303aa6b?s=96&d=mm&r=g","url":"https:\/\/secure.gravatar.com\/avatar\/e0a867bdedb85fd243eadf09663511f96fc81e0720a4a42581f334ad4303aa6b?s=96&d=mm&r=g","contentUrl":"https:\/\/secure.gravatar.com\/avatar\/e0a867bdedb85fd243eadf09663511f96fc81e0720a4a42581f334ad4303aa6b?s=96&d=mm&r=g","caption":"Reda\u00e7\u00e3o"}}]}},"amp_enabled":true,"_links":{"self":[{"href":"https:\/\/www.notibras.com\/site\/wp-json\/wp\/v2\/posts\/383387","targetHints":{"allow":["GET"]}}],"collection":[{"href":"https:\/\/www.notibras.com\/site\/wp-json\/wp\/v2\/posts"}],"about":[{"href":"https:\/\/www.notibras.com\/site\/wp-json\/wp\/v2\/types\/post"}],"author":[{"embeddable":true,"href":"https:\/\/www.notibras.com\/site\/wp-json\/wp\/v2\/users\/2"}],"replies":[{"embeddable":true,"href":"https:\/\/www.notibras.com\/site\/wp-json\/wp\/v2\/comments?post=383387"}],"version-history":[{"count":1,"href":"https:\/\/www.notibras.com\/site\/wp-json\/wp\/v2\/posts\/383387\/revisions"}],"predecessor-version":[{"id":383389,"href":"https:\/\/www.notibras.com\/site\/wp-json\/wp\/v2\/posts\/383387\/revisions\/383389"}],"wp:featuredmedia":[{"embeddable":true,"href":"https:\/\/www.notibras.com\/site\/wp-json\/wp\/v2\/media\/383388"}],"wp:attachment":[{"href":"https:\/\/www.notibras.com\/site\/wp-json\/wp\/v2\/media?parent=383387"}],"wp:term":[{"taxonomy":"category","embeddable":true,"href":"https:\/\/www.notibras.com\/site\/wp-json\/wp\/v2\/categories?post=383387"},{"taxonomy":"post_tag","embeddable":true,"href":"https:\/\/www.notibras.com\/site\/wp-json\/wp\/v2\/tags?post=383387"}],"curies":[{"name":"wp","href":"https:\/\/api.w.org\/{rel}","templated":true}]}}