{"id":383390,"date":"2026-02-16T00:00:29","date_gmt":"2026-02-16T03:00:29","guid":{"rendered":"https:\/\/www.notibras.com\/site\/?p=383390"},"modified":"2026-02-16T08:41:06","modified_gmt":"2026-02-16T11:41:06","slug":"galo-canta-de-madrugada-arrastando-multidao-de-folioes","status":"publish","type":"post","link":"https:\/\/www.notibras.com\/site\/galo-canta-de-madrugada-arrastando-multidao-de-folioes\/","title":{"rendered":"Galo canta de madrugada arrastando multid\u00e3o de foli\u00f5es"},"content":{"rendered":"<p>O cora\u00e7\u00e3o do Recife voltou a pulsar ao ritmo do frevo com a passagem do Galo da Madrugada, o maior bloco de Carnaval do mundo, reconhecido pelo Guinness World Records. Milh\u00f5es de foli\u00f5es tomaram as ruas do centro da capital pernambucana no S\u00e1bado de Z\u00e9 Pereira, celebrando a cultura, a m\u00fasica e a alegria que marcam a tradi\u00e7\u00e3o do bloco.<\/p>\n<p>Criado em 1978 por um grupo de amigos liderado por En\u00e9as Freire, o Galo nasceu com cerca de 75 foli\u00f5es e uma pequena orquestra de frevo, desfilando pelas ruas ainda silenciosas do bairro de S\u00e3o Jos\u00e9. Hoje, a festa re\u00fane centenas de milhares de pessoas, trios el\u00e9tricos, carros aleg\u00f3ricos e artistas locais e nacionais.<\/p>\n<p>A escultura gigante do Galo, instalada na Ponte Duarte Coelho, se tornou s\u00edmbolo da festa e ponto de encontro de foli\u00f5es, anunciando a grandiosidade do desfile. Al\u00e9m do entretenimento, o bloco movimenta a economia local e refor\u00e7a a identidade cultural de Pernambuco.<\/p>\n<p>Para quem participa, o Galo \u00e9 uma experi\u00eancia \u00fanica. \u201c\u00c9 imposs\u00edvel n\u00e3o se sentir parte de algo maior, de uma energia que contagia todo mundo\u201d, diz Maria Clara, foli\u00e3 que participa da festa h\u00e1 mais de dez anos. E \u00e9 exatamente essa mistura de m\u00fasica, tradi\u00e7\u00e3o e emo\u00e7\u00e3o coletiva que faz do Galo da Madrugada mais que um bloco: uma celebra\u00e7\u00e3o da pr\u00f3pria alma pernambucana.<\/p>\n<p>Segundo a Prefeitura do Recife, a festa exige refor\u00e7o em seguran\u00e7a, sa\u00fade e infraestrutura para receber o p\u00fablico em clima de paz e celebra\u00e7\u00e3o. Para os participantes, o Galo da Madrugada \u00e9 mais que um bloco: \u00e9 uma experi\u00eancia coletiva de m\u00fasica, cores e tradi\u00e7\u00e3o que representa o esp\u00edrito do Carnaval pernambucano.<\/p>\n<p>Com d\u00e9cadas de hist\u00f3ria, o Galo continua a crescer e a se afirmar como uma das manifesta\u00e7\u00f5es culturais mais importantes do pa\u00eds, reunindo foli\u00f5es de todas as idades e origens em um mesmo ritmo: o frevo.<\/p>\n","protected":false},"excerpt":{"rendered":"<p>O cora\u00e7\u00e3o do Recife voltou a pulsar ao ritmo do frevo com a passagem do Galo da Madrugada, o maior bloco de Carnaval do mundo, reconhecido pelo Guinness World Records. Milh\u00f5es de foli\u00f5es tomaram as ruas do centro da capital pernambucana no S\u00e1bado de Z\u00e9 Pereira, celebrando a cultura, a m\u00fasica e a alegria que [&hellip;]<\/p>\n","protected":false},"author":2,"featured_media":383391,"comment_status":"closed","ping_status":"closed","sticky":false,"template":"","format":"standard","meta":{"_acf_changed":false,"footnotes":""},"categories":[165],"tags":[],"class_list":["post-383390","post","type-post","status-publish","format-standard","has-post-thumbnail","hentry","category-nordeste"],"acf":[],"yoast_head":"<!-- This site is optimized with the Yoast SEO plugin v27.2 - https:\/\/yoast.com\/product\/yoast-seo-wordpress\/ -->\n<title>Galo canta de madrugada arrastando multid\u00e3o de foli\u00f5es - Notibras<\/title>\n<meta name=\"robots\" content=\"index, follow, max-snippet:-1, max-image-preview:large, max-video-preview:-1\" \/>\n<link rel=\"canonical\" href=\"https:\/\/www.notibras.com\/site\/galo-canta-de-madrugada-arrastando-multidao-de-folioes\/\" \/>\n<meta property=\"og:locale\" content=\"pt_BR\" \/>\n<meta property=\"og:type\" content=\"article\" \/>\n<meta property=\"og:title\" content=\"Galo canta de madrugada arrastando multid\u00e3o de foli\u00f5es - Notibras\" \/>\n<meta property=\"og:description\" content=\"O cora\u00e7\u00e3o do Recife voltou a pulsar ao ritmo do frevo com a passagem do Galo da Madrugada, o maior bloco de Carnaval do mundo, reconhecido pelo Guinness World Records. Milh\u00f5es de foli\u00f5es tomaram as ruas do centro da capital pernambucana no S\u00e1bado de Z\u00e9 Pereira, celebrando a cultura, a m\u00fasica e a alegria que [&hellip;]\" \/>\n<meta property=\"og:url\" content=\"https:\/\/www.notibras.com\/site\/galo-canta-de-madrugada-arrastando-multidao-de-folioes\/\" \/>\n<meta property=\"og:site_name\" content=\"Notibras\" \/>\n<meta property=\"article:publisher\" content=\"https:\/\/www.facebook.com\/notibras\/\" \/>\n<meta property=\"article:published_time\" content=\"2026-02-16T03:00:29+00:00\" \/>\n<meta property=\"article:modified_time\" content=\"2026-02-16T11:41:06+00:00\" \/>\n<meta property=\"og:image\" content=\"https:\/\/www.notibras.com\/site\/wp-content\/uploads\/2026\/02\/7cd5c06e-3fa7-4ee3-8019-bb6c05f77071.jpg\" \/>\n\t<meta property=\"og:image:width\" content=\"639\" \/>\n\t<meta property=\"og:image:height\" content=\"480\" \/>\n\t<meta property=\"og:image:type\" content=\"image\/jpeg\" \/>\n<meta name=\"author\" content=\"Reda\u00e7\u00e3o\" \/>\n<meta name=\"twitter:card\" content=\"summary_large_image\" \/>\n<meta name=\"twitter:creator\" content=\"@Notibras\" \/>\n<meta name=\"twitter:site\" content=\"@Notibras\" \/>\n<meta name=\"twitter:label1\" content=\"Escrito por\" \/>\n\t<meta name=\"twitter:data1\" content=\"Reda\u00e7\u00e3o\" \/>\n\t<meta name=\"twitter:label2\" content=\"Est. tempo de leitura\" \/>\n\t<meta name=\"twitter:data2\" content=\"2 minutos\" \/>\n<script type=\"application\/ld+json\" class=\"yoast-schema-graph\">{\"@context\":\"https:\/\/schema.org\",\"@graph\":[{\"@type\":\"Article\",\"@id\":\"https:\/\/www.notibras.com\/site\/galo-canta-de-madrugada-arrastando-multidao-de-folioes\/#article\",\"isPartOf\":{\"@id\":\"https:\/\/www.notibras.com\/site\/galo-canta-de-madrugada-arrastando-multidao-de-folioes\/\"},\"author\":{\"name\":\"Reda\u00e7\u00e3o\",\"@id\":\"https:\/\/www.notibras.com\/site\/#\/schema\/person\/36ab0979449956132d3e5b517ea76ac8\"},\"headline\":\"Galo canta de madrugada arrastando multid\u00e3o de foli\u00f5es\",\"datePublished\":\"2026-02-16T03:00:29+00:00\",\"dateModified\":\"2026-02-16T11:41:06+00:00\",\"mainEntityOfPage\":{\"@id\":\"https:\/\/www.notibras.com\/site\/galo-canta-de-madrugada-arrastando-multidao-de-folioes\/\"},\"wordCount\":350,\"publisher\":{\"@id\":\"https:\/\/www.notibras.com\/site\/#organization\"},\"image\":{\"@id\":\"https:\/\/www.notibras.com\/site\/galo-canta-de-madrugada-arrastando-multidao-de-folioes\/#primaryimage\"},\"thumbnailUrl\":\"https:\/\/www.notibras.com\/site\/wp-content\/uploads\/2026\/02\/7cd5c06e-3fa7-4ee3-8019-bb6c05f77071.jpg\",\"articleSection\":[\"Nordeste\"],\"inLanguage\":\"pt-BR\"},{\"@type\":\"WebPage\",\"@id\":\"https:\/\/www.notibras.com\/site\/galo-canta-de-madrugada-arrastando-multidao-de-folioes\/\",\"url\":\"https:\/\/www.notibras.com\/site\/galo-canta-de-madrugada-arrastando-multidao-de-folioes\/\",\"name\":\"Galo canta de madrugada arrastando multid\u00e3o de foli\u00f5es - Notibras\",\"isPartOf\":{\"@id\":\"https:\/\/www.notibras.com\/site\/#website\"},\"primaryImageOfPage\":{\"@id\":\"https:\/\/www.notibras.com\/site\/galo-canta-de-madrugada-arrastando-multidao-de-folioes\/#primaryimage\"},\"image\":{\"@id\":\"https:\/\/www.notibras.com\/site\/galo-canta-de-madrugada-arrastando-multidao-de-folioes\/#primaryimage\"},\"thumbnailUrl\":\"https:\/\/www.notibras.com\/site\/wp-content\/uploads\/2026\/02\/7cd5c06e-3fa7-4ee3-8019-bb6c05f77071.jpg\",\"datePublished\":\"2026-02-16T03:00:29+00:00\",\"dateModified\":\"2026-02-16T11:41:06+00:00\",\"breadcrumb\":{\"@id\":\"https:\/\/www.notibras.com\/site\/galo-canta-de-madrugada-arrastando-multidao-de-folioes\/#breadcrumb\"},\"inLanguage\":\"pt-BR\",\"potentialAction\":[{\"@type\":\"ReadAction\",\"target\":[\"https:\/\/www.notibras.com\/site\/galo-canta-de-madrugada-arrastando-multidao-de-folioes\/\"]}]},{\"@type\":\"ImageObject\",\"inLanguage\":\"pt-BR\",\"@id\":\"https:\/\/www.notibras.com\/site\/galo-canta-de-madrugada-arrastando-multidao-de-folioes\/#primaryimage\",\"url\":\"https:\/\/www.notibras.com\/site\/wp-content\/uploads\/2026\/02\/7cd5c06e-3fa7-4ee3-8019-bb6c05f77071.jpg\",\"contentUrl\":\"https:\/\/www.notibras.com\/site\/wp-content\/uploads\/2026\/02\/7cd5c06e-3fa7-4ee3-8019-bb6c05f77071.jpg\",\"width\":639,\"height\":480},{\"@type\":\"BreadcrumbList\",\"@id\":\"https:\/\/www.notibras.com\/site\/galo-canta-de-madrugada-arrastando-multidao-de-folioes\/#breadcrumb\",\"itemListElement\":[{\"@type\":\"ListItem\",\"position\":1,\"name\":\"In\u00edcio\",\"item\":\"https:\/\/www.notibras.com\/site\/\"},{\"@type\":\"ListItem\",\"position\":2,\"name\":\"Galo canta de madrugada arrastando multid\u00e3o de foli\u00f5es\"}]},{\"@type\":\"WebSite\",\"@id\":\"https:\/\/www.notibras.com\/site\/#website\",\"url\":\"https:\/\/www.notibras.com\/site\/\",\"name\":\"Notibras\",\"description\":\"Not\u00edcias de Bras\u00edlia, do Brasil e do Mundo\",\"publisher\":{\"@id\":\"https:\/\/www.notibras.com\/site\/#organization\"},\"potentialAction\":[{\"@type\":\"SearchAction\",\"target\":{\"@type\":\"EntryPoint\",\"urlTemplate\":\"https:\/\/www.notibras.com\/site\/?s={search_term_string}\"},\"query-input\":{\"@type\":\"PropertyValueSpecification\",\"valueRequired\":true,\"valueName\":\"search_term_string\"}}],\"inLanguage\":\"pt-BR\"},{\"@type\":\"Organization\",\"@id\":\"https:\/\/www.notibras.com\/site\/#organization\",\"name\":\"Grupo Notibras de Comunica\u00e7\u00e3o\",\"url\":\"https:\/\/www.notibras.com\/site\/\",\"logo\":{\"@type\":\"ImageObject\",\"inLanguage\":\"pt-BR\",\"@id\":\"https:\/\/www.notibras.com\/site\/#\/schema\/logo\/image\/\",\"url\":\"https:\/\/www.notibras.com\/site\/wp-content\/uploads\/2023\/01\/notibras23.png\",\"contentUrl\":\"https:\/\/www.notibras.com\/site\/wp-content\/uploads\/2023\/01\/notibras23.png\",\"width\":350,\"height\":87,\"caption\":\"Grupo Notibras de Comunica\u00e7\u00e3o\"},\"image\":{\"@id\":\"https:\/\/www.notibras.com\/site\/#\/schema\/logo\/image\/\"},\"sameAs\":[\"https:\/\/www.facebook.com\/notibras\/\",\"https:\/\/x.com\/Notibras\",\"https:\/\/www.instagram.com\/notibras\/\"]},{\"@type\":\"Person\",\"@id\":\"https:\/\/www.notibras.com\/site\/#\/schema\/person\/36ab0979449956132d3e5b517ea76ac8\",\"name\":\"Reda\u00e7\u00e3o\",\"image\":{\"@type\":\"ImageObject\",\"inLanguage\":\"pt-BR\",\"@id\":\"https:\/\/secure.gravatar.com\/avatar\/e0a867bdedb85fd243eadf09663511f96fc81e0720a4a42581f334ad4303aa6b?s=96&d=mm&r=g\",\"url\":\"https:\/\/secure.gravatar.com\/avatar\/e0a867bdedb85fd243eadf09663511f96fc81e0720a4a42581f334ad4303aa6b?s=96&d=mm&r=g\",\"contentUrl\":\"https:\/\/secure.gravatar.com\/avatar\/e0a867bdedb85fd243eadf09663511f96fc81e0720a4a42581f334ad4303aa6b?s=96&d=mm&r=g\",\"caption\":\"Reda\u00e7\u00e3o\"}}]}<\/script>\n<!-- \/ Yoast SEO plugin. -->","yoast_head_json":{"title":"Galo canta de madrugada arrastando multid\u00e3o de foli\u00f5es - Notibras","robots":{"index":"index","follow":"follow","max-snippet":"max-snippet:-1","max-image-preview":"max-image-preview:large","max-video-preview":"max-video-preview:-1"},"canonical":"https:\/\/www.notibras.com\/site\/galo-canta-de-madrugada-arrastando-multidao-de-folioes\/","og_locale":"pt_BR","og_type":"article","og_title":"Galo canta de madrugada arrastando multid\u00e3o de foli\u00f5es - Notibras","og_description":"O cora\u00e7\u00e3o do Recife voltou a pulsar ao ritmo do frevo com a passagem do Galo da Madrugada, o maior bloco de Carnaval do mundo, reconhecido pelo Guinness World Records. Milh\u00f5es de foli\u00f5es tomaram as ruas do centro da capital pernambucana no S\u00e1bado de Z\u00e9 Pereira, celebrando a cultura, a m\u00fasica e a alegria que [&hellip;]","og_url":"https:\/\/www.notibras.com\/site\/galo-canta-de-madrugada-arrastando-multidao-de-folioes\/","og_site_name":"Notibras","article_publisher":"https:\/\/www.facebook.com\/notibras\/","article_published_time":"2026-02-16T03:00:29+00:00","article_modified_time":"2026-02-16T11:41:06+00:00","og_image":[{"width":639,"height":480,"url":"https:\/\/www.notibras.com\/site\/wp-content\/uploads\/2026\/02\/7cd5c06e-3fa7-4ee3-8019-bb6c05f77071.jpg","type":"image\/jpeg"}],"author":"Reda\u00e7\u00e3o","twitter_card":"summary_large_image","twitter_creator":"@Notibras","twitter_site":"@Notibras","twitter_misc":{"Escrito por":"Reda\u00e7\u00e3o","Est. tempo de leitura":"2 minutos"},"schema":{"@context":"https:\/\/schema.org","@graph":[{"@type":"Article","@id":"https:\/\/www.notibras.com\/site\/galo-canta-de-madrugada-arrastando-multidao-de-folioes\/#article","isPartOf":{"@id":"https:\/\/www.notibras.com\/site\/galo-canta-de-madrugada-arrastando-multidao-de-folioes\/"},"author":{"name":"Reda\u00e7\u00e3o","@id":"https:\/\/www.notibras.com\/site\/#\/schema\/person\/36ab0979449956132d3e5b517ea76ac8"},"headline":"Galo canta de madrugada arrastando multid\u00e3o de foli\u00f5es","datePublished":"2026-02-16T03:00:29+00:00","dateModified":"2026-02-16T11:41:06+00:00","mainEntityOfPage":{"@id":"https:\/\/www.notibras.com\/site\/galo-canta-de-madrugada-arrastando-multidao-de-folioes\/"},"wordCount":350,"publisher":{"@id":"https:\/\/www.notibras.com\/site\/#organization"},"image":{"@id":"https:\/\/www.notibras.com\/site\/galo-canta-de-madrugada-arrastando-multidao-de-folioes\/#primaryimage"},"thumbnailUrl":"https:\/\/www.notibras.com\/site\/wp-content\/uploads\/2026\/02\/7cd5c06e-3fa7-4ee3-8019-bb6c05f77071.jpg","articleSection":["Nordeste"],"inLanguage":"pt-BR"},{"@type":"WebPage","@id":"https:\/\/www.notibras.com\/site\/galo-canta-de-madrugada-arrastando-multidao-de-folioes\/","url":"https:\/\/www.notibras.com\/site\/galo-canta-de-madrugada-arrastando-multidao-de-folioes\/","name":"Galo canta de madrugada arrastando multid\u00e3o de foli\u00f5es - Notibras","isPartOf":{"@id":"https:\/\/www.notibras.com\/site\/#website"},"primaryImageOfPage":{"@id":"https:\/\/www.notibras.com\/site\/galo-canta-de-madrugada-arrastando-multidao-de-folioes\/#primaryimage"},"image":{"@id":"https:\/\/www.notibras.com\/site\/galo-canta-de-madrugada-arrastando-multidao-de-folioes\/#primaryimage"},"thumbnailUrl":"https:\/\/www.notibras.com\/site\/wp-content\/uploads\/2026\/02\/7cd5c06e-3fa7-4ee3-8019-bb6c05f77071.jpg","datePublished":"2026-02-16T03:00:29+00:00","dateModified":"2026-02-16T11:41:06+00:00","breadcrumb":{"@id":"https:\/\/www.notibras.com\/site\/galo-canta-de-madrugada-arrastando-multidao-de-folioes\/#breadcrumb"},"inLanguage":"pt-BR","potentialAction":[{"@type":"ReadAction","target":["https:\/\/www.notibras.com\/site\/galo-canta-de-madrugada-arrastando-multidao-de-folioes\/"]}]},{"@type":"ImageObject","inLanguage":"pt-BR","@id":"https:\/\/www.notibras.com\/site\/galo-canta-de-madrugada-arrastando-multidao-de-folioes\/#primaryimage","url":"https:\/\/www.notibras.com\/site\/wp-content\/uploads\/2026\/02\/7cd5c06e-3fa7-4ee3-8019-bb6c05f77071.jpg","contentUrl":"https:\/\/www.notibras.com\/site\/wp-content\/uploads\/2026\/02\/7cd5c06e-3fa7-4ee3-8019-bb6c05f77071.jpg","width":639,"height":480},{"@type":"BreadcrumbList","@id":"https:\/\/www.notibras.com\/site\/galo-canta-de-madrugada-arrastando-multidao-de-folioes\/#breadcrumb","itemListElement":[{"@type":"ListItem","position":1,"name":"In\u00edcio","item":"https:\/\/www.notibras.com\/site\/"},{"@type":"ListItem","position":2,"name":"Galo canta de madrugada arrastando multid\u00e3o de foli\u00f5es"}]},{"@type":"WebSite","@id":"https:\/\/www.notibras.com\/site\/#website","url":"https:\/\/www.notibras.com\/site\/","name":"Notibras","description":"Not\u00edcias de Bras\u00edlia, do Brasil e do Mundo","publisher":{"@id":"https:\/\/www.notibras.com\/site\/#organization"},"potentialAction":[{"@type":"SearchAction","target":{"@type":"EntryPoint","urlTemplate":"https:\/\/www.notibras.com\/site\/?s={search_term_string}"},"query-input":{"@type":"PropertyValueSpecification","valueRequired":true,"valueName":"search_term_string"}}],"inLanguage":"pt-BR"},{"@type":"Organization","@id":"https:\/\/www.notibras.com\/site\/#organization","name":"Grupo Notibras de Comunica\u00e7\u00e3o","url":"https:\/\/www.notibras.com\/site\/","logo":{"@type":"ImageObject","inLanguage":"pt-BR","@id":"https:\/\/www.notibras.com\/site\/#\/schema\/logo\/image\/","url":"https:\/\/www.notibras.com\/site\/wp-content\/uploads\/2023\/01\/notibras23.png","contentUrl":"https:\/\/www.notibras.com\/site\/wp-content\/uploads\/2023\/01\/notibras23.png","width":350,"height":87,"caption":"Grupo Notibras de Comunica\u00e7\u00e3o"},"image":{"@id":"https:\/\/www.notibras.com\/site\/#\/schema\/logo\/image\/"},"sameAs":["https:\/\/www.facebook.com\/notibras\/","https:\/\/x.com\/Notibras","https:\/\/www.instagram.com\/notibras\/"]},{"@type":"Person","@id":"https:\/\/www.notibras.com\/site\/#\/schema\/person\/36ab0979449956132d3e5b517ea76ac8","name":"Reda\u00e7\u00e3o","image":{"@type":"ImageObject","inLanguage":"pt-BR","@id":"https:\/\/secure.gravatar.com\/avatar\/e0a867bdedb85fd243eadf09663511f96fc81e0720a4a42581f334ad4303aa6b?s=96&d=mm&r=g","url":"https:\/\/secure.gravatar.com\/avatar\/e0a867bdedb85fd243eadf09663511f96fc81e0720a4a42581f334ad4303aa6b?s=96&d=mm&r=g","contentUrl":"https:\/\/secure.gravatar.com\/avatar\/e0a867bdedb85fd243eadf09663511f96fc81e0720a4a42581f334ad4303aa6b?s=96&d=mm&r=g","caption":"Reda\u00e7\u00e3o"}}]}},"amp_enabled":true,"_links":{"self":[{"href":"https:\/\/www.notibras.com\/site\/wp-json\/wp\/v2\/posts\/383390","targetHints":{"allow":["GET"]}}],"collection":[{"href":"https:\/\/www.notibras.com\/site\/wp-json\/wp\/v2\/posts"}],"about":[{"href":"https:\/\/www.notibras.com\/site\/wp-json\/wp\/v2\/types\/post"}],"author":[{"embeddable":true,"href":"https:\/\/www.notibras.com\/site\/wp-json\/wp\/v2\/users\/2"}],"replies":[{"embeddable":true,"href":"https:\/\/www.notibras.com\/site\/wp-json\/wp\/v2\/comments?post=383390"}],"version-history":[{"count":1,"href":"https:\/\/www.notibras.com\/site\/wp-json\/wp\/v2\/posts\/383390\/revisions"}],"predecessor-version":[{"id":383392,"href":"https:\/\/www.notibras.com\/site\/wp-json\/wp\/v2\/posts\/383390\/revisions\/383392"}],"wp:featuredmedia":[{"embeddable":true,"href":"https:\/\/www.notibras.com\/site\/wp-json\/wp\/v2\/media\/383391"}],"wp:attachment":[{"href":"https:\/\/www.notibras.com\/site\/wp-json\/wp\/v2\/media?parent=383390"}],"wp:term":[{"taxonomy":"category","embeddable":true,"href":"https:\/\/www.notibras.com\/site\/wp-json\/wp\/v2\/categories?post=383390"},{"taxonomy":"post_tag","embeddable":true,"href":"https:\/\/www.notibras.com\/site\/wp-json\/wp\/v2\/tags?post=383390"}],"curies":[{"name":"wp","href":"https:\/\/api.w.org\/{rel}","templated":true}]}}