{"id":383393,"date":"2026-02-16T00:42:15","date_gmt":"2026-02-16T03:42:15","guid":{"rendered":"https:\/\/www.notibras.com\/site\/?p=383393"},"modified":"2026-02-16T08:45:29","modified_gmt":"2026-02-16T11:45:29","slug":"carnaval-faz-de-olinda-um-palco-a-ceu-aberto","status":"publish","type":"post","link":"https:\/\/www.notibras.com\/site\/carnaval-faz-de-olinda-um-palco-a-ceu-aberto\/","title":{"rendered":"Carnaval faz de Olinda um palco a c\u00e9u aberto"},"content":{"rendered":"<p>O Carnaval de Olinda 2026 est\u00e1 transformando a cidade em um grande palco a c\u00e9u aberto, onde ladeiras hist\u00f3ricas, pra\u00e7as e ruas estreitas se tornaram um espet\u00e1culo de cores, sons e alegria. Milhares de foli\u00f5es, vindos de todas as partes do Brasil e do mundo, se re\u00fanem para celebrar a tradi\u00e7\u00e3o do frevo, dos maracatus, das tro\u00e7as e dos bonecos gigantes que desfilam pelas ruas desde a manh\u00e3 at\u00e9 a noite.<\/p>\n<p>\u201c\u00c9 uma sensa\u00e7\u00e3o que n\u00e3o d\u00e1 para explicar. Cada esquina tem m\u00fasica, dan\u00e7a e sorrisos de gente que veio para se divertir e celebrar juntos\u201d, comentou Larissa Silva. Para moradores antigos, o carnaval \u00e9 tamb\u00e9m uma oportunidade de transmitir cultura e mem\u00f3rias para as novas gera\u00e7\u00f5es. \u201cQuando vejo meus filhos correndo atr\u00e1s dos blocos e se divertindo, sinto que a tradi\u00e7\u00e3o continua viva\u201d, disse Jos\u00e9 Ant\u00f4nio, integrante de uma tro\u00e7a tradicional.<\/p>\n<p>No palco principal, artistas como Raphaela Santos e Joyce Alane encantaram o p\u00fablico na abertura da festa, misturando ritmos e proporcionando momentos de intera\u00e7\u00e3o com a plateia. \u201cOlinda \u00e9 um lugar onde a m\u00fasica e a alegria se encontram de forma genu\u00edna. \u00c9 imposs\u00edvel n\u00e3o se envolver\u201d, afirmou Raphaela Santos durante o show da Sexta do Brega.<\/p>\n<p>Apesar do grande movimento e da anima\u00e7\u00e3o, foli\u00f5es tamb\u00e9m destacaram desafios, como o cuidado necess\u00e1rio para circular pelas ladeiras lotadas e garantir a seguran\u00e7a de crian\u00e7as e idosos. A Prefeitura de Olinda refor\u00e7ou o esquema de servi\u00e7os e seguran\u00e7a, garantindo que a festa seja inclusiva e segura para todos.<\/p>\n<p>Entre frevos, sambas e encontros culturais, o Carnaval de Olinda 2026 mostra que continua sendo mais do que uma festa: \u00e9 uma experi\u00eancia coletiva, onde tradi\u00e7\u00e3o, alegria e diversidade se encontram, celebrando a cultura pernambucana em cada rua, pra\u00e7a e ladeira da cidade hist\u00f3rica.<\/p>\n","protected":false},"excerpt":{"rendered":"<p>O Carnaval de Olinda 2026 est\u00e1 transformando a cidade em um grande palco a c\u00e9u aberto, onde ladeiras hist\u00f3ricas, pra\u00e7as e ruas estreitas se tornaram um espet\u00e1culo de cores, sons e alegria. Milhares de foli\u00f5es, vindos de todas as partes do Brasil e do mundo, se re\u00fanem para celebrar a tradi\u00e7\u00e3o do frevo, dos maracatus, [&hellip;]<\/p>\n","protected":false},"author":2,"featured_media":383394,"comment_status":"closed","ping_status":"closed","sticky":false,"template":"","format":"standard","meta":{"_acf_changed":false,"footnotes":""},"categories":[165],"tags":[],"class_list":["post-383393","post","type-post","status-publish","format-standard","has-post-thumbnail","hentry","category-nordeste"],"acf":[],"yoast_head":"<!-- This site is optimized with the Yoast SEO plugin v27.2 - https:\/\/yoast.com\/product\/yoast-seo-wordpress\/ -->\n<title>Carnaval faz de Olinda um palco a c\u00e9u aberto - Notibras<\/title>\n<meta name=\"robots\" content=\"index, follow, max-snippet:-1, max-image-preview:large, max-video-preview:-1\" \/>\n<link rel=\"canonical\" href=\"https:\/\/www.notibras.com\/site\/carnaval-faz-de-olinda-um-palco-a-ceu-aberto\/\" \/>\n<meta property=\"og:locale\" content=\"pt_BR\" \/>\n<meta property=\"og:type\" content=\"article\" \/>\n<meta property=\"og:title\" content=\"Carnaval faz de Olinda um palco a c\u00e9u aberto - Notibras\" \/>\n<meta property=\"og:description\" content=\"O Carnaval de Olinda 2026 est\u00e1 transformando a cidade em um grande palco a c\u00e9u aberto, onde ladeiras hist\u00f3ricas, pra\u00e7as e ruas estreitas se tornaram um espet\u00e1culo de cores, sons e alegria. Milhares de foli\u00f5es, vindos de todas as partes do Brasil e do mundo, se re\u00fanem para celebrar a tradi\u00e7\u00e3o do frevo, dos maracatus, [&hellip;]\" \/>\n<meta property=\"og:url\" content=\"https:\/\/www.notibras.com\/site\/carnaval-faz-de-olinda-um-palco-a-ceu-aberto\/\" \/>\n<meta property=\"og:site_name\" content=\"Notibras\" \/>\n<meta property=\"article:publisher\" content=\"https:\/\/www.facebook.com\/notibras\/\" \/>\n<meta property=\"article:published_time\" content=\"2026-02-16T03:42:15+00:00\" \/>\n<meta property=\"article:modified_time\" content=\"2026-02-16T11:45:29+00:00\" \/>\n<meta property=\"og:image\" content=\"https:\/\/www.notibras.com\/site\/wp-content\/uploads\/2026\/02\/51f3183c-baa0-4a74-b099-5a068ee5e973.jpg\" \/>\n\t<meta property=\"og:image:width\" content=\"596\" \/>\n\t<meta property=\"og:image:height\" content=\"405\" \/>\n\t<meta property=\"og:image:type\" content=\"image\/jpeg\" \/>\n<meta name=\"author\" content=\"Reda\u00e7\u00e3o\" \/>\n<meta name=\"twitter:card\" content=\"summary_large_image\" \/>\n<meta name=\"twitter:creator\" content=\"@Notibras\" \/>\n<meta name=\"twitter:site\" content=\"@Notibras\" \/>\n<meta name=\"twitter:label1\" content=\"Escrito por\" \/>\n\t<meta name=\"twitter:data1\" content=\"Reda\u00e7\u00e3o\" \/>\n\t<meta name=\"twitter:label2\" content=\"Est. tempo de leitura\" \/>\n\t<meta name=\"twitter:data2\" content=\"2 minutos\" \/>\n<script type=\"application\/ld+json\" class=\"yoast-schema-graph\">{\"@context\":\"https:\/\/schema.org\",\"@graph\":[{\"@type\":\"Article\",\"@id\":\"https:\/\/www.notibras.com\/site\/carnaval-faz-de-olinda-um-palco-a-ceu-aberto\/#article\",\"isPartOf\":{\"@id\":\"https:\/\/www.notibras.com\/site\/carnaval-faz-de-olinda-um-palco-a-ceu-aberto\/\"},\"author\":{\"name\":\"Reda\u00e7\u00e3o\",\"@id\":\"https:\/\/www.notibras.com\/site\/#\/schema\/person\/36ab0979449956132d3e5b517ea76ac8\"},\"headline\":\"Carnaval faz de Olinda um palco a c\u00e9u aberto\",\"datePublished\":\"2026-02-16T03:42:15+00:00\",\"dateModified\":\"2026-02-16T11:45:29+00:00\",\"mainEntityOfPage\":{\"@id\":\"https:\/\/www.notibras.com\/site\/carnaval-faz-de-olinda-um-palco-a-ceu-aberto\/\"},\"wordCount\":333,\"publisher\":{\"@id\":\"https:\/\/www.notibras.com\/site\/#organization\"},\"image\":{\"@id\":\"https:\/\/www.notibras.com\/site\/carnaval-faz-de-olinda-um-palco-a-ceu-aberto\/#primaryimage\"},\"thumbnailUrl\":\"https:\/\/www.notibras.com\/site\/wp-content\/uploads\/2026\/02\/51f3183c-baa0-4a74-b099-5a068ee5e973.jpg\",\"articleSection\":[\"Nordeste\"],\"inLanguage\":\"pt-BR\"},{\"@type\":\"WebPage\",\"@id\":\"https:\/\/www.notibras.com\/site\/carnaval-faz-de-olinda-um-palco-a-ceu-aberto\/\",\"url\":\"https:\/\/www.notibras.com\/site\/carnaval-faz-de-olinda-um-palco-a-ceu-aberto\/\",\"name\":\"Carnaval faz de Olinda um palco a c\u00e9u aberto - Notibras\",\"isPartOf\":{\"@id\":\"https:\/\/www.notibras.com\/site\/#website\"},\"primaryImageOfPage\":{\"@id\":\"https:\/\/www.notibras.com\/site\/carnaval-faz-de-olinda-um-palco-a-ceu-aberto\/#primaryimage\"},\"image\":{\"@id\":\"https:\/\/www.notibras.com\/site\/carnaval-faz-de-olinda-um-palco-a-ceu-aberto\/#primaryimage\"},\"thumbnailUrl\":\"https:\/\/www.notibras.com\/site\/wp-content\/uploads\/2026\/02\/51f3183c-baa0-4a74-b099-5a068ee5e973.jpg\",\"datePublished\":\"2026-02-16T03:42:15+00:00\",\"dateModified\":\"2026-02-16T11:45:29+00:00\",\"breadcrumb\":{\"@id\":\"https:\/\/www.notibras.com\/site\/carnaval-faz-de-olinda-um-palco-a-ceu-aberto\/#breadcrumb\"},\"inLanguage\":\"pt-BR\",\"potentialAction\":[{\"@type\":\"ReadAction\",\"target\":[\"https:\/\/www.notibras.com\/site\/carnaval-faz-de-olinda-um-palco-a-ceu-aberto\/\"]}]},{\"@type\":\"ImageObject\",\"inLanguage\":\"pt-BR\",\"@id\":\"https:\/\/www.notibras.com\/site\/carnaval-faz-de-olinda-um-palco-a-ceu-aberto\/#primaryimage\",\"url\":\"https:\/\/www.notibras.com\/site\/wp-content\/uploads\/2026\/02\/51f3183c-baa0-4a74-b099-5a068ee5e973.jpg\",\"contentUrl\":\"https:\/\/www.notibras.com\/site\/wp-content\/uploads\/2026\/02\/51f3183c-baa0-4a74-b099-5a068ee5e973.jpg\",\"width\":596,\"height\":405},{\"@type\":\"BreadcrumbList\",\"@id\":\"https:\/\/www.notibras.com\/site\/carnaval-faz-de-olinda-um-palco-a-ceu-aberto\/#breadcrumb\",\"itemListElement\":[{\"@type\":\"ListItem\",\"position\":1,\"name\":\"In\u00edcio\",\"item\":\"https:\/\/www.notibras.com\/site\/\"},{\"@type\":\"ListItem\",\"position\":2,\"name\":\"Carnaval faz de Olinda um palco a c\u00e9u aberto\"}]},{\"@type\":\"WebSite\",\"@id\":\"https:\/\/www.notibras.com\/site\/#website\",\"url\":\"https:\/\/www.notibras.com\/site\/\",\"name\":\"Notibras\",\"description\":\"Not\u00edcias de Bras\u00edlia, do Brasil e do Mundo\",\"publisher\":{\"@id\":\"https:\/\/www.notibras.com\/site\/#organization\"},\"potentialAction\":[{\"@type\":\"SearchAction\",\"target\":{\"@type\":\"EntryPoint\",\"urlTemplate\":\"https:\/\/www.notibras.com\/site\/?s={search_term_string}\"},\"query-input\":{\"@type\":\"PropertyValueSpecification\",\"valueRequired\":true,\"valueName\":\"search_term_string\"}}],\"inLanguage\":\"pt-BR\"},{\"@type\":\"Organization\",\"@id\":\"https:\/\/www.notibras.com\/site\/#organization\",\"name\":\"Grupo Notibras de Comunica\u00e7\u00e3o\",\"url\":\"https:\/\/www.notibras.com\/site\/\",\"logo\":{\"@type\":\"ImageObject\",\"inLanguage\":\"pt-BR\",\"@id\":\"https:\/\/www.notibras.com\/site\/#\/schema\/logo\/image\/\",\"url\":\"https:\/\/www.notibras.com\/site\/wp-content\/uploads\/2023\/01\/notibras23.png\",\"contentUrl\":\"https:\/\/www.notibras.com\/site\/wp-content\/uploads\/2023\/01\/notibras23.png\",\"width\":350,\"height\":87,\"caption\":\"Grupo Notibras de Comunica\u00e7\u00e3o\"},\"image\":{\"@id\":\"https:\/\/www.notibras.com\/site\/#\/schema\/logo\/image\/\"},\"sameAs\":[\"https:\/\/www.facebook.com\/notibras\/\",\"https:\/\/x.com\/Notibras\",\"https:\/\/www.instagram.com\/notibras\/\"]},{\"@type\":\"Person\",\"@id\":\"https:\/\/www.notibras.com\/site\/#\/schema\/person\/36ab0979449956132d3e5b517ea76ac8\",\"name\":\"Reda\u00e7\u00e3o\",\"image\":{\"@type\":\"ImageObject\",\"inLanguage\":\"pt-BR\",\"@id\":\"https:\/\/secure.gravatar.com\/avatar\/e0a867bdedb85fd243eadf09663511f96fc81e0720a4a42581f334ad4303aa6b?s=96&d=mm&r=g\",\"url\":\"https:\/\/secure.gravatar.com\/avatar\/e0a867bdedb85fd243eadf09663511f96fc81e0720a4a42581f334ad4303aa6b?s=96&d=mm&r=g\",\"contentUrl\":\"https:\/\/secure.gravatar.com\/avatar\/e0a867bdedb85fd243eadf09663511f96fc81e0720a4a42581f334ad4303aa6b?s=96&d=mm&r=g\",\"caption\":\"Reda\u00e7\u00e3o\"}}]}<\/script>\n<!-- \/ Yoast SEO plugin. -->","yoast_head_json":{"title":"Carnaval faz de Olinda um palco a c\u00e9u aberto - Notibras","robots":{"index":"index","follow":"follow","max-snippet":"max-snippet:-1","max-image-preview":"max-image-preview:large","max-video-preview":"max-video-preview:-1"},"canonical":"https:\/\/www.notibras.com\/site\/carnaval-faz-de-olinda-um-palco-a-ceu-aberto\/","og_locale":"pt_BR","og_type":"article","og_title":"Carnaval faz de Olinda um palco a c\u00e9u aberto - Notibras","og_description":"O Carnaval de Olinda 2026 est\u00e1 transformando a cidade em um grande palco a c\u00e9u aberto, onde ladeiras hist\u00f3ricas, pra\u00e7as e ruas estreitas se tornaram um espet\u00e1culo de cores, sons e alegria. Milhares de foli\u00f5es, vindos de todas as partes do Brasil e do mundo, se re\u00fanem para celebrar a tradi\u00e7\u00e3o do frevo, dos maracatus, [&hellip;]","og_url":"https:\/\/www.notibras.com\/site\/carnaval-faz-de-olinda-um-palco-a-ceu-aberto\/","og_site_name":"Notibras","article_publisher":"https:\/\/www.facebook.com\/notibras\/","article_published_time":"2026-02-16T03:42:15+00:00","article_modified_time":"2026-02-16T11:45:29+00:00","og_image":[{"width":596,"height":405,"url":"https:\/\/www.notibras.com\/site\/wp-content\/uploads\/2026\/02\/51f3183c-baa0-4a74-b099-5a068ee5e973.jpg","type":"image\/jpeg"}],"author":"Reda\u00e7\u00e3o","twitter_card":"summary_large_image","twitter_creator":"@Notibras","twitter_site":"@Notibras","twitter_misc":{"Escrito por":"Reda\u00e7\u00e3o","Est. tempo de leitura":"2 minutos"},"schema":{"@context":"https:\/\/schema.org","@graph":[{"@type":"Article","@id":"https:\/\/www.notibras.com\/site\/carnaval-faz-de-olinda-um-palco-a-ceu-aberto\/#article","isPartOf":{"@id":"https:\/\/www.notibras.com\/site\/carnaval-faz-de-olinda-um-palco-a-ceu-aberto\/"},"author":{"name":"Reda\u00e7\u00e3o","@id":"https:\/\/www.notibras.com\/site\/#\/schema\/person\/36ab0979449956132d3e5b517ea76ac8"},"headline":"Carnaval faz de Olinda um palco a c\u00e9u aberto","datePublished":"2026-02-16T03:42:15+00:00","dateModified":"2026-02-16T11:45:29+00:00","mainEntityOfPage":{"@id":"https:\/\/www.notibras.com\/site\/carnaval-faz-de-olinda-um-palco-a-ceu-aberto\/"},"wordCount":333,"publisher":{"@id":"https:\/\/www.notibras.com\/site\/#organization"},"image":{"@id":"https:\/\/www.notibras.com\/site\/carnaval-faz-de-olinda-um-palco-a-ceu-aberto\/#primaryimage"},"thumbnailUrl":"https:\/\/www.notibras.com\/site\/wp-content\/uploads\/2026\/02\/51f3183c-baa0-4a74-b099-5a068ee5e973.jpg","articleSection":["Nordeste"],"inLanguage":"pt-BR"},{"@type":"WebPage","@id":"https:\/\/www.notibras.com\/site\/carnaval-faz-de-olinda-um-palco-a-ceu-aberto\/","url":"https:\/\/www.notibras.com\/site\/carnaval-faz-de-olinda-um-palco-a-ceu-aberto\/","name":"Carnaval faz de Olinda um palco a c\u00e9u aberto - Notibras","isPartOf":{"@id":"https:\/\/www.notibras.com\/site\/#website"},"primaryImageOfPage":{"@id":"https:\/\/www.notibras.com\/site\/carnaval-faz-de-olinda-um-palco-a-ceu-aberto\/#primaryimage"},"image":{"@id":"https:\/\/www.notibras.com\/site\/carnaval-faz-de-olinda-um-palco-a-ceu-aberto\/#primaryimage"},"thumbnailUrl":"https:\/\/www.notibras.com\/site\/wp-content\/uploads\/2026\/02\/51f3183c-baa0-4a74-b099-5a068ee5e973.jpg","datePublished":"2026-02-16T03:42:15+00:00","dateModified":"2026-02-16T11:45:29+00:00","breadcrumb":{"@id":"https:\/\/www.notibras.com\/site\/carnaval-faz-de-olinda-um-palco-a-ceu-aberto\/#breadcrumb"},"inLanguage":"pt-BR","potentialAction":[{"@type":"ReadAction","target":["https:\/\/www.notibras.com\/site\/carnaval-faz-de-olinda-um-palco-a-ceu-aberto\/"]}]},{"@type":"ImageObject","inLanguage":"pt-BR","@id":"https:\/\/www.notibras.com\/site\/carnaval-faz-de-olinda-um-palco-a-ceu-aberto\/#primaryimage","url":"https:\/\/www.notibras.com\/site\/wp-content\/uploads\/2026\/02\/51f3183c-baa0-4a74-b099-5a068ee5e973.jpg","contentUrl":"https:\/\/www.notibras.com\/site\/wp-content\/uploads\/2026\/02\/51f3183c-baa0-4a74-b099-5a068ee5e973.jpg","width":596,"height":405},{"@type":"BreadcrumbList","@id":"https:\/\/www.notibras.com\/site\/carnaval-faz-de-olinda-um-palco-a-ceu-aberto\/#breadcrumb","itemListElement":[{"@type":"ListItem","position":1,"name":"In\u00edcio","item":"https:\/\/www.notibras.com\/site\/"},{"@type":"ListItem","position":2,"name":"Carnaval faz de Olinda um palco a c\u00e9u aberto"}]},{"@type":"WebSite","@id":"https:\/\/www.notibras.com\/site\/#website","url":"https:\/\/www.notibras.com\/site\/","name":"Notibras","description":"Not\u00edcias de Bras\u00edlia, do Brasil e do Mundo","publisher":{"@id":"https:\/\/www.notibras.com\/site\/#organization"},"potentialAction":[{"@type":"SearchAction","target":{"@type":"EntryPoint","urlTemplate":"https:\/\/www.notibras.com\/site\/?s={search_term_string}"},"query-input":{"@type":"PropertyValueSpecification","valueRequired":true,"valueName":"search_term_string"}}],"inLanguage":"pt-BR"},{"@type":"Organization","@id":"https:\/\/www.notibras.com\/site\/#organization","name":"Grupo Notibras de Comunica\u00e7\u00e3o","url":"https:\/\/www.notibras.com\/site\/","logo":{"@type":"ImageObject","inLanguage":"pt-BR","@id":"https:\/\/www.notibras.com\/site\/#\/schema\/logo\/image\/","url":"https:\/\/www.notibras.com\/site\/wp-content\/uploads\/2023\/01\/notibras23.png","contentUrl":"https:\/\/www.notibras.com\/site\/wp-content\/uploads\/2023\/01\/notibras23.png","width":350,"height":87,"caption":"Grupo Notibras de Comunica\u00e7\u00e3o"},"image":{"@id":"https:\/\/www.notibras.com\/site\/#\/schema\/logo\/image\/"},"sameAs":["https:\/\/www.facebook.com\/notibras\/","https:\/\/x.com\/Notibras","https:\/\/www.instagram.com\/notibras\/"]},{"@type":"Person","@id":"https:\/\/www.notibras.com\/site\/#\/schema\/person\/36ab0979449956132d3e5b517ea76ac8","name":"Reda\u00e7\u00e3o","image":{"@type":"ImageObject","inLanguage":"pt-BR","@id":"https:\/\/secure.gravatar.com\/avatar\/e0a867bdedb85fd243eadf09663511f96fc81e0720a4a42581f334ad4303aa6b?s=96&d=mm&r=g","url":"https:\/\/secure.gravatar.com\/avatar\/e0a867bdedb85fd243eadf09663511f96fc81e0720a4a42581f334ad4303aa6b?s=96&d=mm&r=g","contentUrl":"https:\/\/secure.gravatar.com\/avatar\/e0a867bdedb85fd243eadf09663511f96fc81e0720a4a42581f334ad4303aa6b?s=96&d=mm&r=g","caption":"Reda\u00e7\u00e3o"}}]}},"amp_enabled":true,"_links":{"self":[{"href":"https:\/\/www.notibras.com\/site\/wp-json\/wp\/v2\/posts\/383393","targetHints":{"allow":["GET"]}}],"collection":[{"href":"https:\/\/www.notibras.com\/site\/wp-json\/wp\/v2\/posts"}],"about":[{"href":"https:\/\/www.notibras.com\/site\/wp-json\/wp\/v2\/types\/post"}],"author":[{"embeddable":true,"href":"https:\/\/www.notibras.com\/site\/wp-json\/wp\/v2\/users\/2"}],"replies":[{"embeddable":true,"href":"https:\/\/www.notibras.com\/site\/wp-json\/wp\/v2\/comments?post=383393"}],"version-history":[{"count":1,"href":"https:\/\/www.notibras.com\/site\/wp-json\/wp\/v2\/posts\/383393\/revisions"}],"predecessor-version":[{"id":383395,"href":"https:\/\/www.notibras.com\/site\/wp-json\/wp\/v2\/posts\/383393\/revisions\/383395"}],"wp:featuredmedia":[{"embeddable":true,"href":"https:\/\/www.notibras.com\/site\/wp-json\/wp\/v2\/media\/383394"}],"wp:attachment":[{"href":"https:\/\/www.notibras.com\/site\/wp-json\/wp\/v2\/media?parent=383393"}],"wp:term":[{"taxonomy":"category","embeddable":true,"href":"https:\/\/www.notibras.com\/site\/wp-json\/wp\/v2\/categories?post=383393"},{"taxonomy":"post_tag","embeddable":true,"href":"https:\/\/www.notibras.com\/site\/wp-json\/wp\/v2\/tags?post=383393"}],"curies":[{"name":"wp","href":"https:\/\/api.w.org\/{rel}","templated":true}]}}