{"id":383396,"date":"2026-02-16T08:53:20","date_gmt":"2026-02-16T11:53:20","guid":{"rendered":"https:\/\/www.notibras.com\/site\/?p=383396"},"modified":"2026-02-16T08:53:20","modified_gmt":"2026-02-16T11:53:20","slug":"o-comeco-de-nova-jornada-do-povo-nordestino","status":"publish","type":"post","link":"https:\/\/www.notibras.com\/site\/o-comeco-de-nova-jornada-do-povo-nordestino\/","title":{"rendered":"O come\u00e7o de nova jornada do povo nordestino"},"content":{"rendered":"<p>A vida da gente \u00e9 que nem estrada de barro depois da chuva: \u00e0s vezes atola, \u00e0s vezes escorrega, mas sempre tem um sol danado de forte pra secar o caminho e fazer a gente seguir em frente.<\/p>\n<p>\u201cBem-vindos de volta\u201d n\u00e3o \u00e9 s\u00f3 uma frase. \u00c9 um abra\u00e7o apertado. \u00c9 aquele reencontro cheio de esperan\u00e7a, seja na escola, no trabalho ou na pr\u00f3pria vida. \u00c9 o momento de ajeitar a mochila, sacudir a poeira e dizer: \u201cBora simbora que o futuro t\u00e1 chamando!\u201d<\/p>\n<p>No Nordeste, a gente aprende cedo que desistir n\u00e3o \u00e9 op\u00e7\u00e3o. O sert\u00e3o ensina resist\u00eancia. O mar ensina movimento. O vento quente ensina coragem. E cada come\u00e7o traz consigo a chance de fazer diferente, de fazer melhor, de fazer com mais amor.<\/p>\n<p>Se o ano passado foi pesado, deixe ele pra tr\u00e1s como folha seca levada pelo vento. Agora \u00e9 tempo de plantar sonho novo. De acreditar que cada passo, mesmo miudinho, j\u00e1 \u00e9 vit\u00f3ria.<\/p>\n<p>Voltar \u00e9 oportunidade. Recome\u00e7ar \u00e9 coragem. Persistir \u00e9 coisa de nordestino arretado!<\/p>\n<p>Que essa nova jornada venha com f\u00e9 renovada, com sorriso aberto e com o cora\u00e7\u00e3o cheio de vontade de crescer. Porque quando a gente acredita, minha gente, n\u00e3o h\u00e1 seca que impe\u00e7a a colheita.<\/p>\n<p>Ent\u00e3o, ajeita o chap\u00e9u, levanta a cabe\u00e7a e bora fazer desse come\u00e7o o melhor de todos.<\/p>\n","protected":false},"excerpt":{"rendered":"<p>A vida da gente \u00e9 que nem estrada de barro depois da chuva: \u00e0s vezes atola, \u00e0s vezes escorrega, mas sempre tem um sol danado de forte pra secar o caminho e fazer a gente seguir em frente. \u201cBem-vindos de volta\u201d n\u00e3o \u00e9 s\u00f3 uma frase. \u00c9 um abra\u00e7o apertado. \u00c9 aquele reencontro cheio de [&hellip;]<\/p>\n","protected":false},"author":2,"featured_media":383397,"comment_status":"closed","ping_status":"closed","sticky":false,"template":"","format":"standard","meta":{"_acf_changed":false,"footnotes":""},"categories":[165],"tags":[],"class_list":["post-383396","post","type-post","status-publish","format-standard","has-post-thumbnail","hentry","category-nordeste"],"acf":[],"yoast_head":"<!-- This site is optimized with the Yoast SEO plugin v27.2 - https:\/\/yoast.com\/product\/yoast-seo-wordpress\/ -->\n<title>O come\u00e7o de nova jornada do povo nordestino - Notibras<\/title>\n<meta name=\"robots\" content=\"index, follow, max-snippet:-1, max-image-preview:large, max-video-preview:-1\" \/>\n<link rel=\"canonical\" href=\"https:\/\/www.notibras.com\/site\/o-comeco-de-nova-jornada-do-povo-nordestino\/\" \/>\n<meta property=\"og:locale\" content=\"pt_BR\" \/>\n<meta property=\"og:type\" content=\"article\" \/>\n<meta property=\"og:title\" content=\"O come\u00e7o de nova jornada do povo nordestino - Notibras\" \/>\n<meta property=\"og:description\" content=\"A vida da gente \u00e9 que nem estrada de barro depois da chuva: \u00e0s vezes atola, \u00e0s vezes escorrega, mas sempre tem um sol danado de forte pra secar o caminho e fazer a gente seguir em frente. \u201cBem-vindos de volta\u201d n\u00e3o \u00e9 s\u00f3 uma frase. \u00c9 um abra\u00e7o apertado. \u00c9 aquele reencontro cheio de [&hellip;]\" \/>\n<meta property=\"og:url\" content=\"https:\/\/www.notibras.com\/site\/o-comeco-de-nova-jornada-do-povo-nordestino\/\" \/>\n<meta property=\"og:site_name\" content=\"Notibras\" \/>\n<meta property=\"article:publisher\" content=\"https:\/\/www.facebook.com\/notibras\/\" \/>\n<meta property=\"article:published_time\" content=\"2026-02-16T11:53:20+00:00\" \/>\n<meta property=\"og:image\" content=\"https:\/\/www.notibras.com\/site\/wp-content\/uploads\/2026\/02\/d54c17ba-339a-46a5-9e2f-a7c23ae05743-683x1024.png\" \/>\n\t<meta property=\"og:image:width\" content=\"683\" \/>\n\t<meta property=\"og:image:height\" content=\"1024\" \/>\n\t<meta property=\"og:image:type\" content=\"image\/png\" \/>\n<meta name=\"author\" content=\"Reda\u00e7\u00e3o\" \/>\n<meta name=\"twitter:card\" content=\"summary_large_image\" \/>\n<meta name=\"twitter:creator\" content=\"@Notibras\" \/>\n<meta name=\"twitter:site\" content=\"@Notibras\" \/>\n<meta name=\"twitter:label1\" content=\"Escrito por\" \/>\n\t<meta name=\"twitter:data1\" content=\"Reda\u00e7\u00e3o\" \/>\n\t<meta name=\"twitter:label2\" content=\"Est. tempo de leitura\" \/>\n\t<meta name=\"twitter:data2\" content=\"2 minutos\" \/>\n<script type=\"application\/ld+json\" class=\"yoast-schema-graph\">{\"@context\":\"https:\/\/schema.org\",\"@graph\":[{\"@type\":\"Article\",\"@id\":\"https:\/\/www.notibras.com\/site\/o-comeco-de-nova-jornada-do-povo-nordestino\/#article\",\"isPartOf\":{\"@id\":\"https:\/\/www.notibras.com\/site\/o-comeco-de-nova-jornada-do-povo-nordestino\/\"},\"author\":{\"name\":\"Reda\u00e7\u00e3o\",\"@id\":\"https:\/\/www.notibras.com\/site\/#\/schema\/person\/36ab0979449956132d3e5b517ea76ac8\"},\"headline\":\"O come\u00e7o de nova jornada do povo nordestino\",\"datePublished\":\"2026-02-16T11:53:20+00:00\",\"mainEntityOfPage\":{\"@id\":\"https:\/\/www.notibras.com\/site\/o-comeco-de-nova-jornada-do-povo-nordestino\/\"},\"wordCount\":238,\"publisher\":{\"@id\":\"https:\/\/www.notibras.com\/site\/#organization\"},\"image\":{\"@id\":\"https:\/\/www.notibras.com\/site\/o-comeco-de-nova-jornada-do-povo-nordestino\/#primaryimage\"},\"thumbnailUrl\":\"https:\/\/www.notibras.com\/site\/wp-content\/uploads\/2026\/02\/d54c17ba-339a-46a5-9e2f-a7c23ae05743.png\",\"articleSection\":[\"Nordeste\"],\"inLanguage\":\"pt-BR\"},{\"@type\":\"WebPage\",\"@id\":\"https:\/\/www.notibras.com\/site\/o-comeco-de-nova-jornada-do-povo-nordestino\/\",\"url\":\"https:\/\/www.notibras.com\/site\/o-comeco-de-nova-jornada-do-povo-nordestino\/\",\"name\":\"O come\u00e7o de nova jornada do povo nordestino - Notibras\",\"isPartOf\":{\"@id\":\"https:\/\/www.notibras.com\/site\/#website\"},\"primaryImageOfPage\":{\"@id\":\"https:\/\/www.notibras.com\/site\/o-comeco-de-nova-jornada-do-povo-nordestino\/#primaryimage\"},\"image\":{\"@id\":\"https:\/\/www.notibras.com\/site\/o-comeco-de-nova-jornada-do-povo-nordestino\/#primaryimage\"},\"thumbnailUrl\":\"https:\/\/www.notibras.com\/site\/wp-content\/uploads\/2026\/02\/d54c17ba-339a-46a5-9e2f-a7c23ae05743.png\",\"datePublished\":\"2026-02-16T11:53:20+00:00\",\"breadcrumb\":{\"@id\":\"https:\/\/www.notibras.com\/site\/o-comeco-de-nova-jornada-do-povo-nordestino\/#breadcrumb\"},\"inLanguage\":\"pt-BR\",\"potentialAction\":[{\"@type\":\"ReadAction\",\"target\":[\"https:\/\/www.notibras.com\/site\/o-comeco-de-nova-jornada-do-povo-nordestino\/\"]}]},{\"@type\":\"ImageObject\",\"inLanguage\":\"pt-BR\",\"@id\":\"https:\/\/www.notibras.com\/site\/o-comeco-de-nova-jornada-do-povo-nordestino\/#primaryimage\",\"url\":\"https:\/\/www.notibras.com\/site\/wp-content\/uploads\/2026\/02\/d54c17ba-339a-46a5-9e2f-a7c23ae05743.png\",\"contentUrl\":\"https:\/\/www.notibras.com\/site\/wp-content\/uploads\/2026\/02\/d54c17ba-339a-46a5-9e2f-a7c23ae05743.png\",\"width\":1024,\"height\":1536},{\"@type\":\"BreadcrumbList\",\"@id\":\"https:\/\/www.notibras.com\/site\/o-comeco-de-nova-jornada-do-povo-nordestino\/#breadcrumb\",\"itemListElement\":[{\"@type\":\"ListItem\",\"position\":1,\"name\":\"In\u00edcio\",\"item\":\"https:\/\/www.notibras.com\/site\/\"},{\"@type\":\"ListItem\",\"position\":2,\"name\":\"O come\u00e7o de nova jornada do povo nordestino\"}]},{\"@type\":\"WebSite\",\"@id\":\"https:\/\/www.notibras.com\/site\/#website\",\"url\":\"https:\/\/www.notibras.com\/site\/\",\"name\":\"Notibras\",\"description\":\"Not\u00edcias de Bras\u00edlia, do Brasil e do Mundo\",\"publisher\":{\"@id\":\"https:\/\/www.notibras.com\/site\/#organization\"},\"potentialAction\":[{\"@type\":\"SearchAction\",\"target\":{\"@type\":\"EntryPoint\",\"urlTemplate\":\"https:\/\/www.notibras.com\/site\/?s={search_term_string}\"},\"query-input\":{\"@type\":\"PropertyValueSpecification\",\"valueRequired\":true,\"valueName\":\"search_term_string\"}}],\"inLanguage\":\"pt-BR\"},{\"@type\":\"Organization\",\"@id\":\"https:\/\/www.notibras.com\/site\/#organization\",\"name\":\"Grupo Notibras de Comunica\u00e7\u00e3o\",\"url\":\"https:\/\/www.notibras.com\/site\/\",\"logo\":{\"@type\":\"ImageObject\",\"inLanguage\":\"pt-BR\",\"@id\":\"https:\/\/www.notibras.com\/site\/#\/schema\/logo\/image\/\",\"url\":\"https:\/\/www.notibras.com\/site\/wp-content\/uploads\/2023\/01\/notibras23.png\",\"contentUrl\":\"https:\/\/www.notibras.com\/site\/wp-content\/uploads\/2023\/01\/notibras23.png\",\"width\":350,\"height\":87,\"caption\":\"Grupo Notibras de Comunica\u00e7\u00e3o\"},\"image\":{\"@id\":\"https:\/\/www.notibras.com\/site\/#\/schema\/logo\/image\/\"},\"sameAs\":[\"https:\/\/www.facebook.com\/notibras\/\",\"https:\/\/x.com\/Notibras\",\"https:\/\/www.instagram.com\/notibras\/\"]},{\"@type\":\"Person\",\"@id\":\"https:\/\/www.notibras.com\/site\/#\/schema\/person\/36ab0979449956132d3e5b517ea76ac8\",\"name\":\"Reda\u00e7\u00e3o\",\"image\":{\"@type\":\"ImageObject\",\"inLanguage\":\"pt-BR\",\"@id\":\"https:\/\/secure.gravatar.com\/avatar\/e0a867bdedb85fd243eadf09663511f96fc81e0720a4a42581f334ad4303aa6b?s=96&d=mm&r=g\",\"url\":\"https:\/\/secure.gravatar.com\/avatar\/e0a867bdedb85fd243eadf09663511f96fc81e0720a4a42581f334ad4303aa6b?s=96&d=mm&r=g\",\"contentUrl\":\"https:\/\/secure.gravatar.com\/avatar\/e0a867bdedb85fd243eadf09663511f96fc81e0720a4a42581f334ad4303aa6b?s=96&d=mm&r=g\",\"caption\":\"Reda\u00e7\u00e3o\"}}]}<\/script>\n<!-- \/ Yoast SEO plugin. -->","yoast_head_json":{"title":"O come\u00e7o de nova jornada do povo nordestino - Notibras","robots":{"index":"index","follow":"follow","max-snippet":"max-snippet:-1","max-image-preview":"max-image-preview:large","max-video-preview":"max-video-preview:-1"},"canonical":"https:\/\/www.notibras.com\/site\/o-comeco-de-nova-jornada-do-povo-nordestino\/","og_locale":"pt_BR","og_type":"article","og_title":"O come\u00e7o de nova jornada do povo nordestino - Notibras","og_description":"A vida da gente \u00e9 que nem estrada de barro depois da chuva: \u00e0s vezes atola, \u00e0s vezes escorrega, mas sempre tem um sol danado de forte pra secar o caminho e fazer a gente seguir em frente. \u201cBem-vindos de volta\u201d n\u00e3o \u00e9 s\u00f3 uma frase. \u00c9 um abra\u00e7o apertado. \u00c9 aquele reencontro cheio de [&hellip;]","og_url":"https:\/\/www.notibras.com\/site\/o-comeco-de-nova-jornada-do-povo-nordestino\/","og_site_name":"Notibras","article_publisher":"https:\/\/www.facebook.com\/notibras\/","article_published_time":"2026-02-16T11:53:20+00:00","og_image":[{"width":683,"height":1024,"url":"https:\/\/www.notibras.com\/site\/wp-content\/uploads\/2026\/02\/d54c17ba-339a-46a5-9e2f-a7c23ae05743-683x1024.png","type":"image\/png"}],"author":"Reda\u00e7\u00e3o","twitter_card":"summary_large_image","twitter_creator":"@Notibras","twitter_site":"@Notibras","twitter_misc":{"Escrito por":"Reda\u00e7\u00e3o","Est. tempo de leitura":"2 minutos"},"schema":{"@context":"https:\/\/schema.org","@graph":[{"@type":"Article","@id":"https:\/\/www.notibras.com\/site\/o-comeco-de-nova-jornada-do-povo-nordestino\/#article","isPartOf":{"@id":"https:\/\/www.notibras.com\/site\/o-comeco-de-nova-jornada-do-povo-nordestino\/"},"author":{"name":"Reda\u00e7\u00e3o","@id":"https:\/\/www.notibras.com\/site\/#\/schema\/person\/36ab0979449956132d3e5b517ea76ac8"},"headline":"O come\u00e7o de nova jornada do povo nordestino","datePublished":"2026-02-16T11:53:20+00:00","mainEntityOfPage":{"@id":"https:\/\/www.notibras.com\/site\/o-comeco-de-nova-jornada-do-povo-nordestino\/"},"wordCount":238,"publisher":{"@id":"https:\/\/www.notibras.com\/site\/#organization"},"image":{"@id":"https:\/\/www.notibras.com\/site\/o-comeco-de-nova-jornada-do-povo-nordestino\/#primaryimage"},"thumbnailUrl":"https:\/\/www.notibras.com\/site\/wp-content\/uploads\/2026\/02\/d54c17ba-339a-46a5-9e2f-a7c23ae05743.png","articleSection":["Nordeste"],"inLanguage":"pt-BR"},{"@type":"WebPage","@id":"https:\/\/www.notibras.com\/site\/o-comeco-de-nova-jornada-do-povo-nordestino\/","url":"https:\/\/www.notibras.com\/site\/o-comeco-de-nova-jornada-do-povo-nordestino\/","name":"O come\u00e7o de nova jornada do povo nordestino - Notibras","isPartOf":{"@id":"https:\/\/www.notibras.com\/site\/#website"},"primaryImageOfPage":{"@id":"https:\/\/www.notibras.com\/site\/o-comeco-de-nova-jornada-do-povo-nordestino\/#primaryimage"},"image":{"@id":"https:\/\/www.notibras.com\/site\/o-comeco-de-nova-jornada-do-povo-nordestino\/#primaryimage"},"thumbnailUrl":"https:\/\/www.notibras.com\/site\/wp-content\/uploads\/2026\/02\/d54c17ba-339a-46a5-9e2f-a7c23ae05743.png","datePublished":"2026-02-16T11:53:20+00:00","breadcrumb":{"@id":"https:\/\/www.notibras.com\/site\/o-comeco-de-nova-jornada-do-povo-nordestino\/#breadcrumb"},"inLanguage":"pt-BR","potentialAction":[{"@type":"ReadAction","target":["https:\/\/www.notibras.com\/site\/o-comeco-de-nova-jornada-do-povo-nordestino\/"]}]},{"@type":"ImageObject","inLanguage":"pt-BR","@id":"https:\/\/www.notibras.com\/site\/o-comeco-de-nova-jornada-do-povo-nordestino\/#primaryimage","url":"https:\/\/www.notibras.com\/site\/wp-content\/uploads\/2026\/02\/d54c17ba-339a-46a5-9e2f-a7c23ae05743.png","contentUrl":"https:\/\/www.notibras.com\/site\/wp-content\/uploads\/2026\/02\/d54c17ba-339a-46a5-9e2f-a7c23ae05743.png","width":1024,"height":1536},{"@type":"BreadcrumbList","@id":"https:\/\/www.notibras.com\/site\/o-comeco-de-nova-jornada-do-povo-nordestino\/#breadcrumb","itemListElement":[{"@type":"ListItem","position":1,"name":"In\u00edcio","item":"https:\/\/www.notibras.com\/site\/"},{"@type":"ListItem","position":2,"name":"O come\u00e7o de nova jornada do povo nordestino"}]},{"@type":"WebSite","@id":"https:\/\/www.notibras.com\/site\/#website","url":"https:\/\/www.notibras.com\/site\/","name":"Notibras","description":"Not\u00edcias de Bras\u00edlia, do Brasil e do Mundo","publisher":{"@id":"https:\/\/www.notibras.com\/site\/#organization"},"potentialAction":[{"@type":"SearchAction","target":{"@type":"EntryPoint","urlTemplate":"https:\/\/www.notibras.com\/site\/?s={search_term_string}"},"query-input":{"@type":"PropertyValueSpecification","valueRequired":true,"valueName":"search_term_string"}}],"inLanguage":"pt-BR"},{"@type":"Organization","@id":"https:\/\/www.notibras.com\/site\/#organization","name":"Grupo Notibras de Comunica\u00e7\u00e3o","url":"https:\/\/www.notibras.com\/site\/","logo":{"@type":"ImageObject","inLanguage":"pt-BR","@id":"https:\/\/www.notibras.com\/site\/#\/schema\/logo\/image\/","url":"https:\/\/www.notibras.com\/site\/wp-content\/uploads\/2023\/01\/notibras23.png","contentUrl":"https:\/\/www.notibras.com\/site\/wp-content\/uploads\/2023\/01\/notibras23.png","width":350,"height":87,"caption":"Grupo Notibras de Comunica\u00e7\u00e3o"},"image":{"@id":"https:\/\/www.notibras.com\/site\/#\/schema\/logo\/image\/"},"sameAs":["https:\/\/www.facebook.com\/notibras\/","https:\/\/x.com\/Notibras","https:\/\/www.instagram.com\/notibras\/"]},{"@type":"Person","@id":"https:\/\/www.notibras.com\/site\/#\/schema\/person\/36ab0979449956132d3e5b517ea76ac8","name":"Reda\u00e7\u00e3o","image":{"@type":"ImageObject","inLanguage":"pt-BR","@id":"https:\/\/secure.gravatar.com\/avatar\/e0a867bdedb85fd243eadf09663511f96fc81e0720a4a42581f334ad4303aa6b?s=96&d=mm&r=g","url":"https:\/\/secure.gravatar.com\/avatar\/e0a867bdedb85fd243eadf09663511f96fc81e0720a4a42581f334ad4303aa6b?s=96&d=mm&r=g","contentUrl":"https:\/\/secure.gravatar.com\/avatar\/e0a867bdedb85fd243eadf09663511f96fc81e0720a4a42581f334ad4303aa6b?s=96&d=mm&r=g","caption":"Reda\u00e7\u00e3o"}}]}},"amp_enabled":true,"_links":{"self":[{"href":"https:\/\/www.notibras.com\/site\/wp-json\/wp\/v2\/posts\/383396","targetHints":{"allow":["GET"]}}],"collection":[{"href":"https:\/\/www.notibras.com\/site\/wp-json\/wp\/v2\/posts"}],"about":[{"href":"https:\/\/www.notibras.com\/site\/wp-json\/wp\/v2\/types\/post"}],"author":[{"embeddable":true,"href":"https:\/\/www.notibras.com\/site\/wp-json\/wp\/v2\/users\/2"}],"replies":[{"embeddable":true,"href":"https:\/\/www.notibras.com\/site\/wp-json\/wp\/v2\/comments?post=383396"}],"version-history":[{"count":1,"href":"https:\/\/www.notibras.com\/site\/wp-json\/wp\/v2\/posts\/383396\/revisions"}],"predecessor-version":[{"id":383398,"href":"https:\/\/www.notibras.com\/site\/wp-json\/wp\/v2\/posts\/383396\/revisions\/383398"}],"wp:featuredmedia":[{"embeddable":true,"href":"https:\/\/www.notibras.com\/site\/wp-json\/wp\/v2\/media\/383397"}],"wp:attachment":[{"href":"https:\/\/www.notibras.com\/site\/wp-json\/wp\/v2\/media?parent=383396"}],"wp:term":[{"taxonomy":"category","embeddable":true,"href":"https:\/\/www.notibras.com\/site\/wp-json\/wp\/v2\/categories?post=383396"},{"taxonomy":"post_tag","embeddable":true,"href":"https:\/\/www.notibras.com\/site\/wp-json\/wp\/v2\/tags?post=383396"}],"curies":[{"name":"wp","href":"https:\/\/api.w.org\/{rel}","templated":true}]}}