{"id":383586,"date":"2026-02-18T00:00:04","date_gmt":"2026-02-18T03:00:04","guid":{"rendered":"https:\/\/www.notibras.com\/site\/?p=383586"},"modified":"2026-02-18T06:13:55","modified_gmt":"2026-02-18T09:13:55","slug":"rota-das-uvas-e-destino-de-enoturismo-e-vira-alternativa-a-folia","status":"publish","type":"post","link":"https:\/\/www.notibras.com\/site\/rota-das-uvas-e-destino-de-enoturismo-e-vira-alternativa-a-folia\/","title":{"rendered":"Rota das uvas \u00e9 destino de enoturismo e vira alternativa \u00e0 folia"},"content":{"rendered":"<p>Depois de visitar vin\u00edcolas em diferentes pa\u00edses, como a Fran\u00e7a e o Chile, a dermatologista Regina Buffman viveu uma experi\u00eancia in\u00e9dita neste Carnaval: conheceu uma vin\u00edcola perto de casa, no Distrito Federal.<\/p>\n<p>Moradora da Asa Sul, ela aproveitou o feriado para trocar a folia por um passeio tranquilo. \u201cEu gosto de um Carnaval mais sossegado. J\u00e1 visitei outras vin\u00edcolas fora do Brasil e vi essa oportunidade de conhecer uma t\u00e3o perto de casa. O contato com a natureza \u00e9 muito legal e ter uma vin\u00edcola perto do centro urbano \u00e9 algo bem diferente\u201d, diz.<\/p>\n<p>A experi\u00eancia ocorreu no Vinhedo Lacustre, no Lago Norte, que integra a Rota das Uvas de Bras\u00edlia, roteiro de enoturismo que re\u00fane propriedades rurais da regi\u00e3o e proporciona viv\u00eancias ligadas \u00e0 cultura da uva e do vinho no Cerrado.<\/p>\n<p>A programa\u00e7\u00e3o desta ter\u00e7a-feira (17) come\u00e7ou \u00e0s 9h e seguiu at\u00e9 o meio-dia. Os visitantes tomaram caf\u00e9 da manh\u00e3, colheram e fizeram a tradicional \u201cpisa das uvas\u201d, al\u00e9m de terem aproveitado espumante e sangria de vinho \u00e0 vontade.<\/p>\n<p>Segundo a Secretaria de Turismo (Setur-DF), o enoturismo no Distrito Federal tem crescido nos \u00faltimos anos e tem atra\u00eddo visitantes interessados nas paisagens do Planalto Central. O secret\u00e1rio de Turismo, Cristiano Ara\u00fajo, destaca que a proposta da rota \u00e9 ampliar as op\u00e7\u00f5es de lazer na capital, principalmente durante os feriados prolongados.<\/p>\n<p>\u201cAl\u00e9m dos nossos atrativos c\u00edvicos e urbanos, como os j\u00e1 tradicionais blocos de rua, temos experi\u00eancias \u00fanicas em meio \u00e0 natureza. Um exemplo \u00e9 a Rota das Uvas, que re\u00fane propriedades rurais estruturadas para receber visitantes que apreciam um bom vinho, a gastronomia local e o contato direto com o campo. \u00c9 uma oportunidade de viver o turismo rural do DF com conforto, tranquilidade e autenticidade\u201d, afirma Cristiano Ara\u00fajo.<\/p>\n<p><strong>Turismo rural<\/strong><\/p>\n<p>No Vinhedo Lacustre, o vitivinicultor Marcos Ritter explica que abrir a propriedade para visita\u00e7\u00e3o \u00e9 uma forma de fortalecer o circuito rural. \u201cBras\u00edlia est\u00e1 mudando nesse sentido. Antigamente, a gente tinha essa m\u00e1xima de que ningu\u00e9m ficava em Bras\u00edlia no Carnaval. Hoje em dia, as pessoas ficam e curtem tudo que a cidade tem a oferecer. N\u00f3s fazemos esse evento desde 2023 e sempre esgotamos todas as vagas\u201d, diz o vitivinicultor.<\/p>\n<p>O analista de sistemas Alejandro Angel, natural de Buenos Aires (Argentina) e morador do Jardim Bot\u00e2nico h\u00e1 20 anos, tamb\u00e9m aproveitou o feriado para conhecer a vin\u00edcola. Ele conta que j\u00e1 visitou regi\u00f5es tradicionais do vinho na Argentina, como Mendoza e San Juan.<\/p>\n<p>\u201cAs vin\u00edcolas que conhe\u00e7o l\u00e1 s\u00e3o bem maiores, mas as experi\u00eancias s\u00e3o as mesmas. O momento que a gente vive aqui \u00e9 parecido com o que acontece l\u00e1, e isso \u00e9 muito legal. Eu j\u00e1 conhecia outra vin\u00edcola no DF, mais distante, mas fiquei surpreso quando me convidaram para vir aqui. N\u00e3o conhecia esta. Pela proximidade com a cidade, fica muito mais pr\u00e1tico e f\u00e1cil chegar. Gostei muito\u201d, pontua.<\/p>\n<p><strong>Outras vin\u00edcolas<\/strong><\/p>\n<p>Al\u00e9m do Vinhedo Lacustre, a Rota das Uvas re\u00fane outras experi\u00eancias que fortalecem o enoturismo no Distrito Federal. Uma delas \u00e9 a Vin\u00edcola Bras\u00edlia, projeto criado por dez fam\u00edlias produtoras do Programa de Assentamento Dirigido do Distrito Federal (PAD-DF). A vin\u00edcola aposta nos vinhos finos de colheita de inverno. O espa\u00e7o oferece wine bar, loja, visitas guiadas e eventos, e j\u00e1 conquistou reconhecimento nacional com seus r\u00f3tulos.<\/p>\n<p>Outra parada \u00e9 a Casa Vitor, que une vinho e gastronomia em um ambiente acolhedor na zona rural do Parano\u00e1. A proposta \u00e9 oferecer experi\u00eancias enogastron\u00f4micas ao ar livre, com pratos preparados na hora e harmonizados com vinhos brasileiros de inverno, valorizando tamb\u00e9m o artesanato e a comunidade local.<\/p>\n<p>J\u00e1 a Villa Triacca Eco Pousada combina vitivinicultura, restaurante e hospedagem. Pioneira, tamb\u00e9m na regi\u00e3o do PAD-DF, a propriedade oferece tours pelos vinhedos, degusta\u00e7\u00f5es, piqueniques, al\u00e9m do Vino Bar &amp; Bruschetteria e do Vino Spa, tudo em meio a paisagens do Cerrado.<\/p>\n<p>A rota inclui ainda a Fazenda Calif\u00f3rnia DF, localizada na regi\u00e3o da Fercal, em Sobradinho, a cerca de 25 quil\u00f4metros da Esplanada dos Minist\u00e9rios. O vinhedo, um dos mais antigos de Bras\u00edlia, tem aproximadamente sete hectares de planta\u00e7\u00e3o com uvas como ni\u00e1gara rosada, syrah, tempranillo e barbera. Desde 1995, a propriedade tamb\u00e9m mant\u00e9m outras produ\u00e7\u00f5es, como queijo coalho, geleias e carne de carneiro, refor\u00e7ando o perfil rural e familiar do espa\u00e7o.<\/p>\n<p><strong>Veja a lista completa das vin\u00edcolas da Rota das Uvas:<\/strong><\/p>\n<p>Vin\u00edcola Bras\u00edlia;<br \/>\nCasa Vitor;<br \/>\nVilla Triacca Eco Pousada;<br \/>\nVinhedo Lacustre;<br \/>\nOma Sena;<br \/>\nVinhedo Irm\u00e3s Alvim;<br \/>\nMarchese Vinhos e Vinhedos;<br \/>\nFazenda Calif\u00f3rnia DF.<\/p>\n","protected":false},"excerpt":{"rendered":"<p>Depois de visitar vin\u00edcolas em diferentes pa\u00edses, como a Fran\u00e7a e o Chile, a dermatologista Regina Buffman viveu uma experi\u00eancia in\u00e9dita neste Carnaval: conheceu uma vin\u00edcola perto de casa, no Distrito Federal. Moradora da Asa Sul, ela aproveitou o feriado para trocar a folia por um passeio tranquilo. \u201cEu gosto de um Carnaval mais sossegado. [&hellip;]<\/p>\n","protected":false},"author":21,"featured_media":383587,"comment_status":"closed","ping_status":"closed","sticky":false,"template":"","format":"standard","meta":{"_acf_changed":false,"footnotes":""},"categories":[161],"tags":[],"class_list":["post-383586","post","type-post","status-publish","format-standard","has-post-thumbnail","hentry","category-quadradinho-em-foco"],"acf":[],"yoast_head":"<!-- This site is optimized with the Yoast SEO plugin v27.2 - https:\/\/yoast.com\/product\/yoast-seo-wordpress\/ -->\n<title>Rota das uvas \u00e9 destino de enoturismo e vira alternativa \u00e0 folia - Notibras<\/title>\n<meta name=\"robots\" content=\"index, follow, max-snippet:-1, max-image-preview:large, max-video-preview:-1\" \/>\n<link rel=\"canonical\" href=\"https:\/\/www.notibras.com\/site\/rota-das-uvas-e-destino-de-enoturismo-e-vira-alternativa-a-folia\/\" \/>\n<meta property=\"og:locale\" content=\"pt_BR\" \/>\n<meta property=\"og:type\" content=\"article\" \/>\n<meta property=\"og:title\" content=\"Rota das uvas \u00e9 destino de enoturismo e vira alternativa \u00e0 folia - Notibras\" \/>\n<meta property=\"og:description\" content=\"Depois de visitar vin\u00edcolas em diferentes pa\u00edses, como a Fran\u00e7a e o Chile, a dermatologista Regina Buffman viveu uma experi\u00eancia in\u00e9dita neste Carnaval: conheceu uma vin\u00edcola perto de casa, no Distrito Federal. Moradora da Asa Sul, ela aproveitou o feriado para trocar a folia por um passeio tranquilo. \u201cEu gosto de um Carnaval mais sossegado. [&hellip;]\" \/>\n<meta property=\"og:url\" content=\"https:\/\/www.notibras.com\/site\/rota-das-uvas-e-destino-de-enoturismo-e-vira-alternativa-a-folia\/\" \/>\n<meta property=\"og:site_name\" content=\"Notibras\" \/>\n<meta property=\"article:publisher\" content=\"https:\/\/www.facebook.com\/notibras\/\" \/>\n<meta property=\"article:published_time\" content=\"2026-02-18T03:00:04+00:00\" \/>\n<meta property=\"article:modified_time\" content=\"2026-02-18T09:13:55+00:00\" \/>\n<meta property=\"og:image\" content=\"https:\/\/www.notibras.com\/site\/wp-content\/uploads\/2026\/02\/Regina-Buffman-JRO_6801-2.jpg-scaled.jpeg\" \/>\n\t<meta property=\"og:image:width\" content=\"2560\" \/>\n\t<meta property=\"og:image:height\" content=\"1707\" \/>\n\t<meta property=\"og:image:type\" content=\"image\/jpeg\" \/>\n<meta name=\"author\" content=\"Eduardo Mart\u00ednez\" \/>\n<meta name=\"twitter:card\" content=\"summary_large_image\" \/>\n<meta name=\"twitter:creator\" content=\"@Notibras\" \/>\n<meta name=\"twitter:site\" content=\"@Notibras\" \/>\n<meta name=\"twitter:label1\" content=\"Escrito por\" \/>\n\t<meta name=\"twitter:data1\" content=\"Eduardo Mart\u00ednez\" \/>\n\t<meta name=\"twitter:label2\" content=\"Est. tempo de leitura\" \/>\n\t<meta name=\"twitter:data2\" content=\"5 minutos\" \/>\n<script type=\"application\/ld+json\" class=\"yoast-schema-graph\">{\"@context\":\"https:\/\/schema.org\",\"@graph\":[{\"@type\":\"Article\",\"@id\":\"https:\/\/www.notibras.com\/site\/rota-das-uvas-e-destino-de-enoturismo-e-vira-alternativa-a-folia\/#article\",\"isPartOf\":{\"@id\":\"https:\/\/www.notibras.com\/site\/rota-das-uvas-e-destino-de-enoturismo-e-vira-alternativa-a-folia\/\"},\"author\":{\"name\":\"Eduardo Mart\u00ednez\",\"@id\":\"https:\/\/www.notibras.com\/site\/#\/schema\/person\/5b7fabf2aedc3ada2105f03b22b4d3dd\"},\"headline\":\"Rota das uvas \u00e9 destino de enoturismo e vira alternativa \u00e0 folia\",\"datePublished\":\"2026-02-18T03:00:04+00:00\",\"dateModified\":\"2026-02-18T09:13:55+00:00\",\"mainEntityOfPage\":{\"@id\":\"https:\/\/www.notibras.com\/site\/rota-das-uvas-e-destino-de-enoturismo-e-vira-alternativa-a-folia\/\"},\"wordCount\":810,\"publisher\":{\"@id\":\"https:\/\/www.notibras.com\/site\/#organization\"},\"image\":{\"@id\":\"https:\/\/www.notibras.com\/site\/rota-das-uvas-e-destino-de-enoturismo-e-vira-alternativa-a-folia\/#primaryimage\"},\"thumbnailUrl\":\"https:\/\/www.notibras.com\/site\/wp-content\/uploads\/2026\/02\/Regina-Buffman-JRO_6801-2.jpg-scaled.jpeg\",\"articleSection\":[\"Quadradinho em Foco\"],\"inLanguage\":\"pt-BR\"},{\"@type\":\"WebPage\",\"@id\":\"https:\/\/www.notibras.com\/site\/rota-das-uvas-e-destino-de-enoturismo-e-vira-alternativa-a-folia\/\",\"url\":\"https:\/\/www.notibras.com\/site\/rota-das-uvas-e-destino-de-enoturismo-e-vira-alternativa-a-folia\/\",\"name\":\"Rota das uvas \u00e9 destino de enoturismo e vira alternativa \u00e0 folia - Notibras\",\"isPartOf\":{\"@id\":\"https:\/\/www.notibras.com\/site\/#website\"},\"primaryImageOfPage\":{\"@id\":\"https:\/\/www.notibras.com\/site\/rota-das-uvas-e-destino-de-enoturismo-e-vira-alternativa-a-folia\/#primaryimage\"},\"image\":{\"@id\":\"https:\/\/www.notibras.com\/site\/rota-das-uvas-e-destino-de-enoturismo-e-vira-alternativa-a-folia\/#primaryimage\"},\"thumbnailUrl\":\"https:\/\/www.notibras.com\/site\/wp-content\/uploads\/2026\/02\/Regina-Buffman-JRO_6801-2.jpg-scaled.jpeg\",\"datePublished\":\"2026-02-18T03:00:04+00:00\",\"dateModified\":\"2026-02-18T09:13:55+00:00\",\"breadcrumb\":{\"@id\":\"https:\/\/www.notibras.com\/site\/rota-das-uvas-e-destino-de-enoturismo-e-vira-alternativa-a-folia\/#breadcrumb\"},\"inLanguage\":\"pt-BR\",\"potentialAction\":[{\"@type\":\"ReadAction\",\"target\":[\"https:\/\/www.notibras.com\/site\/rota-das-uvas-e-destino-de-enoturismo-e-vira-alternativa-a-folia\/\"]}]},{\"@type\":\"ImageObject\",\"inLanguage\":\"pt-BR\",\"@id\":\"https:\/\/www.notibras.com\/site\/rota-das-uvas-e-destino-de-enoturismo-e-vira-alternativa-a-folia\/#primaryimage\",\"url\":\"https:\/\/www.notibras.com\/site\/wp-content\/uploads\/2026\/02\/Regina-Buffman-JRO_6801-2.jpg-scaled.jpeg\",\"contentUrl\":\"https:\/\/www.notibras.com\/site\/wp-content\/uploads\/2026\/02\/Regina-Buffman-JRO_6801-2.jpg-scaled.jpeg\",\"width\":2560,\"height\":1707},{\"@type\":\"BreadcrumbList\",\"@id\":\"https:\/\/www.notibras.com\/site\/rota-das-uvas-e-destino-de-enoturismo-e-vira-alternativa-a-folia\/#breadcrumb\",\"itemListElement\":[{\"@type\":\"ListItem\",\"position\":1,\"name\":\"In\u00edcio\",\"item\":\"https:\/\/www.notibras.com\/site\/\"},{\"@type\":\"ListItem\",\"position\":2,\"name\":\"Rota das uvas \u00e9 destino de enoturismo e vira alternativa \u00e0 folia\"}]},{\"@type\":\"WebSite\",\"@id\":\"https:\/\/www.notibras.com\/site\/#website\",\"url\":\"https:\/\/www.notibras.com\/site\/\",\"name\":\"Notibras\",\"description\":\"Not\u00edcias de Bras\u00edlia, do Brasil e do Mundo\",\"publisher\":{\"@id\":\"https:\/\/www.notibras.com\/site\/#organization\"},\"potentialAction\":[{\"@type\":\"SearchAction\",\"target\":{\"@type\":\"EntryPoint\",\"urlTemplate\":\"https:\/\/www.notibras.com\/site\/?s={search_term_string}\"},\"query-input\":{\"@type\":\"PropertyValueSpecification\",\"valueRequired\":true,\"valueName\":\"search_term_string\"}}],\"inLanguage\":\"pt-BR\"},{\"@type\":\"Organization\",\"@id\":\"https:\/\/www.notibras.com\/site\/#organization\",\"name\":\"Grupo Notibras de Comunica\u00e7\u00e3o\",\"url\":\"https:\/\/www.notibras.com\/site\/\",\"logo\":{\"@type\":\"ImageObject\",\"inLanguage\":\"pt-BR\",\"@id\":\"https:\/\/www.notibras.com\/site\/#\/schema\/logo\/image\/\",\"url\":\"https:\/\/www.notibras.com\/site\/wp-content\/uploads\/2023\/01\/notibras23.png\",\"contentUrl\":\"https:\/\/www.notibras.com\/site\/wp-content\/uploads\/2023\/01\/notibras23.png\",\"width\":350,\"height\":87,\"caption\":\"Grupo Notibras de Comunica\u00e7\u00e3o\"},\"image\":{\"@id\":\"https:\/\/www.notibras.com\/site\/#\/schema\/logo\/image\/\"},\"sameAs\":[\"https:\/\/www.facebook.com\/notibras\/\",\"https:\/\/x.com\/Notibras\",\"https:\/\/www.instagram.com\/notibras\/\"]},{\"@type\":\"Person\",\"@id\":\"https:\/\/www.notibras.com\/site\/#\/schema\/person\/5b7fabf2aedc3ada2105f03b22b4d3dd\",\"name\":\"Eduardo Mart\u00ednez\",\"image\":{\"@type\":\"ImageObject\",\"inLanguage\":\"pt-BR\",\"@id\":\"https:\/\/secure.gravatar.com\/avatar\/7902f906289926289cbcda644b5197c796b893c6ffd7b9a536a42d290f7704a0?s=96&d=mm&r=g\",\"url\":\"https:\/\/secure.gravatar.com\/avatar\/7902f906289926289cbcda644b5197c796b893c6ffd7b9a536a42d290f7704a0?s=96&d=mm&r=g\",\"contentUrl\":\"https:\/\/secure.gravatar.com\/avatar\/7902f906289926289cbcda644b5197c796b893c6ffd7b9a536a42d290f7704a0?s=96&d=mm&r=g\",\"caption\":\"Eduardo Mart\u00ednez\"}}]}<\/script>\n<!-- \/ Yoast SEO plugin. -->","yoast_head_json":{"title":"Rota das uvas \u00e9 destino de enoturismo e vira alternativa \u00e0 folia - Notibras","robots":{"index":"index","follow":"follow","max-snippet":"max-snippet:-1","max-image-preview":"max-image-preview:large","max-video-preview":"max-video-preview:-1"},"canonical":"https:\/\/www.notibras.com\/site\/rota-das-uvas-e-destino-de-enoturismo-e-vira-alternativa-a-folia\/","og_locale":"pt_BR","og_type":"article","og_title":"Rota das uvas \u00e9 destino de enoturismo e vira alternativa \u00e0 folia - Notibras","og_description":"Depois de visitar vin\u00edcolas em diferentes pa\u00edses, como a Fran\u00e7a e o Chile, a dermatologista Regina Buffman viveu uma experi\u00eancia in\u00e9dita neste Carnaval: conheceu uma vin\u00edcola perto de casa, no Distrito Federal. Moradora da Asa Sul, ela aproveitou o feriado para trocar a folia por um passeio tranquilo. \u201cEu gosto de um Carnaval mais sossegado. [&hellip;]","og_url":"https:\/\/www.notibras.com\/site\/rota-das-uvas-e-destino-de-enoturismo-e-vira-alternativa-a-folia\/","og_site_name":"Notibras","article_publisher":"https:\/\/www.facebook.com\/notibras\/","article_published_time":"2026-02-18T03:00:04+00:00","article_modified_time":"2026-02-18T09:13:55+00:00","og_image":[{"width":2560,"height":1707,"url":"https:\/\/www.notibras.com\/site\/wp-content\/uploads\/2026\/02\/Regina-Buffman-JRO_6801-2.jpg-scaled.jpeg","type":"image\/jpeg"}],"author":"Eduardo Mart\u00ednez","twitter_card":"summary_large_image","twitter_creator":"@Notibras","twitter_site":"@Notibras","twitter_misc":{"Escrito por":"Eduardo Mart\u00ednez","Est. tempo de leitura":"5 minutos"},"schema":{"@context":"https:\/\/schema.org","@graph":[{"@type":"Article","@id":"https:\/\/www.notibras.com\/site\/rota-das-uvas-e-destino-de-enoturismo-e-vira-alternativa-a-folia\/#article","isPartOf":{"@id":"https:\/\/www.notibras.com\/site\/rota-das-uvas-e-destino-de-enoturismo-e-vira-alternativa-a-folia\/"},"author":{"name":"Eduardo Mart\u00ednez","@id":"https:\/\/www.notibras.com\/site\/#\/schema\/person\/5b7fabf2aedc3ada2105f03b22b4d3dd"},"headline":"Rota das uvas \u00e9 destino de enoturismo e vira alternativa \u00e0 folia","datePublished":"2026-02-18T03:00:04+00:00","dateModified":"2026-02-18T09:13:55+00:00","mainEntityOfPage":{"@id":"https:\/\/www.notibras.com\/site\/rota-das-uvas-e-destino-de-enoturismo-e-vira-alternativa-a-folia\/"},"wordCount":810,"publisher":{"@id":"https:\/\/www.notibras.com\/site\/#organization"},"image":{"@id":"https:\/\/www.notibras.com\/site\/rota-das-uvas-e-destino-de-enoturismo-e-vira-alternativa-a-folia\/#primaryimage"},"thumbnailUrl":"https:\/\/www.notibras.com\/site\/wp-content\/uploads\/2026\/02\/Regina-Buffman-JRO_6801-2.jpg-scaled.jpeg","articleSection":["Quadradinho em Foco"],"inLanguage":"pt-BR"},{"@type":"WebPage","@id":"https:\/\/www.notibras.com\/site\/rota-das-uvas-e-destino-de-enoturismo-e-vira-alternativa-a-folia\/","url":"https:\/\/www.notibras.com\/site\/rota-das-uvas-e-destino-de-enoturismo-e-vira-alternativa-a-folia\/","name":"Rota das uvas \u00e9 destino de enoturismo e vira alternativa \u00e0 folia - Notibras","isPartOf":{"@id":"https:\/\/www.notibras.com\/site\/#website"},"primaryImageOfPage":{"@id":"https:\/\/www.notibras.com\/site\/rota-das-uvas-e-destino-de-enoturismo-e-vira-alternativa-a-folia\/#primaryimage"},"image":{"@id":"https:\/\/www.notibras.com\/site\/rota-das-uvas-e-destino-de-enoturismo-e-vira-alternativa-a-folia\/#primaryimage"},"thumbnailUrl":"https:\/\/www.notibras.com\/site\/wp-content\/uploads\/2026\/02\/Regina-Buffman-JRO_6801-2.jpg-scaled.jpeg","datePublished":"2026-02-18T03:00:04+00:00","dateModified":"2026-02-18T09:13:55+00:00","breadcrumb":{"@id":"https:\/\/www.notibras.com\/site\/rota-das-uvas-e-destino-de-enoturismo-e-vira-alternativa-a-folia\/#breadcrumb"},"inLanguage":"pt-BR","potentialAction":[{"@type":"ReadAction","target":["https:\/\/www.notibras.com\/site\/rota-das-uvas-e-destino-de-enoturismo-e-vira-alternativa-a-folia\/"]}]},{"@type":"ImageObject","inLanguage":"pt-BR","@id":"https:\/\/www.notibras.com\/site\/rota-das-uvas-e-destino-de-enoturismo-e-vira-alternativa-a-folia\/#primaryimage","url":"https:\/\/www.notibras.com\/site\/wp-content\/uploads\/2026\/02\/Regina-Buffman-JRO_6801-2.jpg-scaled.jpeg","contentUrl":"https:\/\/www.notibras.com\/site\/wp-content\/uploads\/2026\/02\/Regina-Buffman-JRO_6801-2.jpg-scaled.jpeg","width":2560,"height":1707},{"@type":"BreadcrumbList","@id":"https:\/\/www.notibras.com\/site\/rota-das-uvas-e-destino-de-enoturismo-e-vira-alternativa-a-folia\/#breadcrumb","itemListElement":[{"@type":"ListItem","position":1,"name":"In\u00edcio","item":"https:\/\/www.notibras.com\/site\/"},{"@type":"ListItem","position":2,"name":"Rota das uvas \u00e9 destino de enoturismo e vira alternativa \u00e0 folia"}]},{"@type":"WebSite","@id":"https:\/\/www.notibras.com\/site\/#website","url":"https:\/\/www.notibras.com\/site\/","name":"Notibras","description":"Not\u00edcias de Bras\u00edlia, do Brasil e do Mundo","publisher":{"@id":"https:\/\/www.notibras.com\/site\/#organization"},"potentialAction":[{"@type":"SearchAction","target":{"@type":"EntryPoint","urlTemplate":"https:\/\/www.notibras.com\/site\/?s={search_term_string}"},"query-input":{"@type":"PropertyValueSpecification","valueRequired":true,"valueName":"search_term_string"}}],"inLanguage":"pt-BR"},{"@type":"Organization","@id":"https:\/\/www.notibras.com\/site\/#organization","name":"Grupo Notibras de Comunica\u00e7\u00e3o","url":"https:\/\/www.notibras.com\/site\/","logo":{"@type":"ImageObject","inLanguage":"pt-BR","@id":"https:\/\/www.notibras.com\/site\/#\/schema\/logo\/image\/","url":"https:\/\/www.notibras.com\/site\/wp-content\/uploads\/2023\/01\/notibras23.png","contentUrl":"https:\/\/www.notibras.com\/site\/wp-content\/uploads\/2023\/01\/notibras23.png","width":350,"height":87,"caption":"Grupo Notibras de Comunica\u00e7\u00e3o"},"image":{"@id":"https:\/\/www.notibras.com\/site\/#\/schema\/logo\/image\/"},"sameAs":["https:\/\/www.facebook.com\/notibras\/","https:\/\/x.com\/Notibras","https:\/\/www.instagram.com\/notibras\/"]},{"@type":"Person","@id":"https:\/\/www.notibras.com\/site\/#\/schema\/person\/5b7fabf2aedc3ada2105f03b22b4d3dd","name":"Eduardo Mart\u00ednez","image":{"@type":"ImageObject","inLanguage":"pt-BR","@id":"https:\/\/secure.gravatar.com\/avatar\/7902f906289926289cbcda644b5197c796b893c6ffd7b9a536a42d290f7704a0?s=96&d=mm&r=g","url":"https:\/\/secure.gravatar.com\/avatar\/7902f906289926289cbcda644b5197c796b893c6ffd7b9a536a42d290f7704a0?s=96&d=mm&r=g","contentUrl":"https:\/\/secure.gravatar.com\/avatar\/7902f906289926289cbcda644b5197c796b893c6ffd7b9a536a42d290f7704a0?s=96&d=mm&r=g","caption":"Eduardo Mart\u00ednez"}}]}},"amp_enabled":true,"_links":{"self":[{"href":"https:\/\/www.notibras.com\/site\/wp-json\/wp\/v2\/posts\/383586","targetHints":{"allow":["GET"]}}],"collection":[{"href":"https:\/\/www.notibras.com\/site\/wp-json\/wp\/v2\/posts"}],"about":[{"href":"https:\/\/www.notibras.com\/site\/wp-json\/wp\/v2\/types\/post"}],"author":[{"embeddable":true,"href":"https:\/\/www.notibras.com\/site\/wp-json\/wp\/v2\/users\/21"}],"replies":[{"embeddable":true,"href":"https:\/\/www.notibras.com\/site\/wp-json\/wp\/v2\/comments?post=383586"}],"version-history":[{"count":3,"href":"https:\/\/www.notibras.com\/site\/wp-json\/wp\/v2\/posts\/383586\/revisions"}],"predecessor-version":[{"id":383590,"href":"https:\/\/www.notibras.com\/site\/wp-json\/wp\/v2\/posts\/383586\/revisions\/383590"}],"wp:featuredmedia":[{"embeddable":true,"href":"https:\/\/www.notibras.com\/site\/wp-json\/wp\/v2\/media\/383587"}],"wp:attachment":[{"href":"https:\/\/www.notibras.com\/site\/wp-json\/wp\/v2\/media?parent=383586"}],"wp:term":[{"taxonomy":"category","embeddable":true,"href":"https:\/\/www.notibras.com\/site\/wp-json\/wp\/v2\/categories?post=383586"},{"taxonomy":"post_tag","embeddable":true,"href":"https:\/\/www.notibras.com\/site\/wp-json\/wp\/v2\/tags?post=383586"}],"curies":[{"name":"wp","href":"https:\/\/api.w.org\/{rel}","templated":true}]}}