{"id":383606,"date":"2026-02-20T02:00:06","date_gmt":"2026-02-20T05:00:06","guid":{"rendered":"https:\/\/www.notibras.com\/site\/?p=383606"},"modified":"2026-02-17T22:59:41","modified_gmt":"2026-02-18T01:59:41","slug":"consideracao-nao-se-implora","status":"publish","type":"post","link":"https:\/\/www.notibras.com\/site\/consideracao-nao-se-implora\/","title":{"rendered":"Considera\u00e7\u00e3o n\u00e3o se implora"},"content":{"rendered":"<p>Falta de considera\u00e7\u00e3o n\u00e3o se resolve com cobran\u00e7a. Se resolve com dist\u00e2ncia.<\/p>\n<p>Demoramos a entender isso porque fomos educadas a dialogar at\u00e9 a exaust\u00e3o, a explicar o \u00f3bvio, a dar mais uma chance, a elaborar o que j\u00e1 estava claro. Acreditamos que, se falarmos com a entona\u00e7\u00e3o correta, a pessoa finalmente compreender\u00e1. Mas considera\u00e7\u00e3o n\u00e3o nasce de argumento bem constru\u00eddo. Nasce de car\u00e1ter relacional.<\/p>\n<p>Nas Ci\u00eancias Sociais, respeito n\u00e3o \u00e9 apenas valor abstrato; \u00e9 pr\u00e1tica reiterada. Axel Honneth fala do reconhecimento como condi\u00e7\u00e3o fundamental para a dignidade. Quando algu\u00e9m age com descuido constante, est\u00e1 retirando reconhecimento. E onde o reconhecimento falta, insistir demais costuma produzir apenas desgaste.<\/p>\n<p>Cobran\u00e7a excessiva transforma a v\u00edtima em pedagoga emocional. Passamos a ensinar o b\u00e1sico: aten\u00e7\u00e3o, cuidado, reciprocidade. S\u00f3 que aquilo que precisa ser ensinado repetidamente talvez nunca tenha sido prioridade.<\/p>\n<p>Georg Simmel j\u00e1 observava que a dist\u00e2ncia tamb\u00e9m \u00e9 forma de organiza\u00e7\u00e3o social. Aproximar e afastar s\u00e3o movimentos estruturantes das rela\u00e7\u00f5es. Nem todo afastamento \u00e9 ruptura dram\u00e1tica; \u00e0s vezes \u00e9 apenas reorganiza\u00e7\u00e3o necess\u00e1ria para preservar a pr\u00f3pria integridade.<\/p>\n<p>Existe ainda um equ\u00edvoco comum: acreditar que dist\u00e2ncia \u00e9 puni\u00e7\u00e3o. Nem sempre. Muitas vezes \u00e9 higiene emocional. \u00c9 reconhecer limites. \u00c9 aceitar que insistir pode ser mais desrespeitoso consigo mesma do que com o outro.<\/p>\n<p>No fundo, considera\u00e7\u00e3o \u00e9 algo simples. Ela aparece nos detalhes, na const\u00e2ncia, na escuta. N\u00e3o precisa de cobran\u00e7a porque j\u00e1 se manifesta espontaneamente. Quando n\u00e3o aparece, talvez a resposta n\u00e3o esteja em falar mais alto, mas em caminhar para longe.<\/p>\n<p>Tem uma sabedoria pr\u00e1tica nisso: quem n\u00e3o entende o valor da sua presen\u00e7a precisa experimentar a sua aus\u00eancia.<\/p>\n<p>E aus\u00eancia, quando \u00e9 consequ\u00eancia de consci\u00eancia, n\u00e3o \u00e9 drama. \u00c9 maturidade.<\/p>\n","protected":false},"excerpt":{"rendered":"<p>Falta de considera\u00e7\u00e3o n\u00e3o se resolve com cobran\u00e7a. Se resolve com dist\u00e2ncia. Demoramos a entender isso porque fomos educadas a dialogar at\u00e9 a exaust\u00e3o, a explicar o \u00f3bvio, a dar mais uma chance, a elaborar o que j\u00e1 estava claro. Acreditamos que, se falarmos com a entona\u00e7\u00e3o correta, a pessoa finalmente compreender\u00e1. Mas considera\u00e7\u00e3o n\u00e3o [&hellip;]<\/p>\n","protected":false},"author":21,"featured_media":383607,"comment_status":"closed","ping_status":"closed","sticky":false,"template":"","format":"standard","meta":{"_acf_changed":false,"footnotes":""},"categories":[236],"tags":[],"class_list":["post-383606","post","type-post","status-publish","format-standard","has-post-thumbnail","hentry","category-ponto-de-vista"],"acf":[],"yoast_head":"<!-- This site is optimized with the Yoast SEO plugin v27.2 - https:\/\/yoast.com\/product\/yoast-seo-wordpress\/ -->\n<title>Considera\u00e7\u00e3o n\u00e3o se implora - Notibras<\/title>\n<meta name=\"robots\" content=\"index, follow, max-snippet:-1, max-image-preview:large, max-video-preview:-1\" \/>\n<link rel=\"canonical\" href=\"https:\/\/www.notibras.com\/site\/consideracao-nao-se-implora\/\" \/>\n<meta property=\"og:locale\" content=\"pt_BR\" \/>\n<meta property=\"og:type\" content=\"article\" \/>\n<meta property=\"og:title\" content=\"Considera\u00e7\u00e3o n\u00e3o se implora - Notibras\" \/>\n<meta property=\"og:description\" content=\"Falta de considera\u00e7\u00e3o n\u00e3o se resolve com cobran\u00e7a. Se resolve com dist\u00e2ncia. Demoramos a entender isso porque fomos educadas a dialogar at\u00e9 a exaust\u00e3o, a explicar o \u00f3bvio, a dar mais uma chance, a elaborar o que j\u00e1 estava claro. Acreditamos que, se falarmos com a entona\u00e7\u00e3o correta, a pessoa finalmente compreender\u00e1. Mas considera\u00e7\u00e3o n\u00e3o [&hellip;]\" \/>\n<meta property=\"og:url\" content=\"https:\/\/www.notibras.com\/site\/consideracao-nao-se-implora\/\" \/>\n<meta property=\"og:site_name\" content=\"Notibras\" \/>\n<meta property=\"article:publisher\" content=\"https:\/\/www.facebook.com\/notibras\/\" \/>\n<meta property=\"article:published_time\" content=\"2026-02-20T05:00:06+00:00\" \/>\n<meta property=\"og:image\" content=\"https:\/\/www.notibras.com\/site\/wp-content\/uploads\/2026\/02\/6ff8b5c1-d975-46a2-bf00-cc93cb92ad97.jpg\" \/>\n\t<meta property=\"og:image:width\" content=\"816\" \/>\n\t<meta property=\"og:image:height\" content=\"1094\" \/>\n\t<meta property=\"og:image:type\" content=\"image\/jpeg\" \/>\n<meta name=\"author\" content=\"Eduardo Mart\u00ednez\" \/>\n<meta name=\"twitter:card\" content=\"summary_large_image\" \/>\n<meta name=\"twitter:creator\" content=\"@Notibras\" \/>\n<meta name=\"twitter:site\" content=\"@Notibras\" \/>\n<meta name=\"twitter:label1\" content=\"Escrito por\" \/>\n\t<meta name=\"twitter:data1\" content=\"Eduardo Mart\u00ednez\" \/>\n\t<meta name=\"twitter:label2\" content=\"Est. tempo de leitura\" \/>\n\t<meta name=\"twitter:data2\" content=\"2 minutos\" \/>\n<script type=\"application\/ld+json\" class=\"yoast-schema-graph\">{\"@context\":\"https:\/\/schema.org\",\"@graph\":[{\"@type\":\"Article\",\"@id\":\"https:\/\/www.notibras.com\/site\/consideracao-nao-se-implora\/#article\",\"isPartOf\":{\"@id\":\"https:\/\/www.notibras.com\/site\/consideracao-nao-se-implora\/\"},\"author\":{\"name\":\"Eduardo Mart\u00ednez\",\"@id\":\"https:\/\/www.notibras.com\/site\/#\/schema\/person\/5b7fabf2aedc3ada2105f03b22b4d3dd\"},\"headline\":\"Considera\u00e7\u00e3o n\u00e3o se implora\",\"datePublished\":\"2026-02-20T05:00:06+00:00\",\"mainEntityOfPage\":{\"@id\":\"https:\/\/www.notibras.com\/site\/consideracao-nao-se-implora\/\"},\"wordCount\":317,\"publisher\":{\"@id\":\"https:\/\/www.notibras.com\/site\/#organization\"},\"image\":{\"@id\":\"https:\/\/www.notibras.com\/site\/consideracao-nao-se-implora\/#primaryimage\"},\"thumbnailUrl\":\"https:\/\/www.notibras.com\/site\/wp-content\/uploads\/2026\/02\/6ff8b5c1-d975-46a2-bf00-cc93cb92ad97.jpg\",\"articleSection\":[\"Ponto de Vista\"],\"inLanguage\":\"pt-BR\"},{\"@type\":\"WebPage\",\"@id\":\"https:\/\/www.notibras.com\/site\/consideracao-nao-se-implora\/\",\"url\":\"https:\/\/www.notibras.com\/site\/consideracao-nao-se-implora\/\",\"name\":\"Considera\u00e7\u00e3o n\u00e3o se implora - Notibras\",\"isPartOf\":{\"@id\":\"https:\/\/www.notibras.com\/site\/#website\"},\"primaryImageOfPage\":{\"@id\":\"https:\/\/www.notibras.com\/site\/consideracao-nao-se-implora\/#primaryimage\"},\"image\":{\"@id\":\"https:\/\/www.notibras.com\/site\/consideracao-nao-se-implora\/#primaryimage\"},\"thumbnailUrl\":\"https:\/\/www.notibras.com\/site\/wp-content\/uploads\/2026\/02\/6ff8b5c1-d975-46a2-bf00-cc93cb92ad97.jpg\",\"datePublished\":\"2026-02-20T05:00:06+00:00\",\"breadcrumb\":{\"@id\":\"https:\/\/www.notibras.com\/site\/consideracao-nao-se-implora\/#breadcrumb\"},\"inLanguage\":\"pt-BR\",\"potentialAction\":[{\"@type\":\"ReadAction\",\"target\":[\"https:\/\/www.notibras.com\/site\/consideracao-nao-se-implora\/\"]}]},{\"@type\":\"ImageObject\",\"inLanguage\":\"pt-BR\",\"@id\":\"https:\/\/www.notibras.com\/site\/consideracao-nao-se-implora\/#primaryimage\",\"url\":\"https:\/\/www.notibras.com\/site\/wp-content\/uploads\/2026\/02\/6ff8b5c1-d975-46a2-bf00-cc93cb92ad97.jpg\",\"contentUrl\":\"https:\/\/www.notibras.com\/site\/wp-content\/uploads\/2026\/02\/6ff8b5c1-d975-46a2-bf00-cc93cb92ad97.jpg\",\"width\":816,\"height\":1094},{\"@type\":\"BreadcrumbList\",\"@id\":\"https:\/\/www.notibras.com\/site\/consideracao-nao-se-implora\/#breadcrumb\",\"itemListElement\":[{\"@type\":\"ListItem\",\"position\":1,\"name\":\"In\u00edcio\",\"item\":\"https:\/\/www.notibras.com\/site\/\"},{\"@type\":\"ListItem\",\"position\":2,\"name\":\"Considera\u00e7\u00e3o n\u00e3o se implora\"}]},{\"@type\":\"WebSite\",\"@id\":\"https:\/\/www.notibras.com\/site\/#website\",\"url\":\"https:\/\/www.notibras.com\/site\/\",\"name\":\"Notibras\",\"description\":\"Not\u00edcias de Bras\u00edlia, do Brasil e do Mundo\",\"publisher\":{\"@id\":\"https:\/\/www.notibras.com\/site\/#organization\"},\"potentialAction\":[{\"@type\":\"SearchAction\",\"target\":{\"@type\":\"EntryPoint\",\"urlTemplate\":\"https:\/\/www.notibras.com\/site\/?s={search_term_string}\"},\"query-input\":{\"@type\":\"PropertyValueSpecification\",\"valueRequired\":true,\"valueName\":\"search_term_string\"}}],\"inLanguage\":\"pt-BR\"},{\"@type\":\"Organization\",\"@id\":\"https:\/\/www.notibras.com\/site\/#organization\",\"name\":\"Grupo Notibras de Comunica\u00e7\u00e3o\",\"url\":\"https:\/\/www.notibras.com\/site\/\",\"logo\":{\"@type\":\"ImageObject\",\"inLanguage\":\"pt-BR\",\"@id\":\"https:\/\/www.notibras.com\/site\/#\/schema\/logo\/image\/\",\"url\":\"https:\/\/www.notibras.com\/site\/wp-content\/uploads\/2023\/01\/notibras23.png\",\"contentUrl\":\"https:\/\/www.notibras.com\/site\/wp-content\/uploads\/2023\/01\/notibras23.png\",\"width\":350,\"height\":87,\"caption\":\"Grupo Notibras de Comunica\u00e7\u00e3o\"},\"image\":{\"@id\":\"https:\/\/www.notibras.com\/site\/#\/schema\/logo\/image\/\"},\"sameAs\":[\"https:\/\/www.facebook.com\/notibras\/\",\"https:\/\/x.com\/Notibras\",\"https:\/\/www.instagram.com\/notibras\/\"]},{\"@type\":\"Person\",\"@id\":\"https:\/\/www.notibras.com\/site\/#\/schema\/person\/5b7fabf2aedc3ada2105f03b22b4d3dd\",\"name\":\"Eduardo Mart\u00ednez\",\"image\":{\"@type\":\"ImageObject\",\"inLanguage\":\"pt-BR\",\"@id\":\"https:\/\/secure.gravatar.com\/avatar\/7902f906289926289cbcda644b5197c796b893c6ffd7b9a536a42d290f7704a0?s=96&d=mm&r=g\",\"url\":\"https:\/\/secure.gravatar.com\/avatar\/7902f906289926289cbcda644b5197c796b893c6ffd7b9a536a42d290f7704a0?s=96&d=mm&r=g\",\"contentUrl\":\"https:\/\/secure.gravatar.com\/avatar\/7902f906289926289cbcda644b5197c796b893c6ffd7b9a536a42d290f7704a0?s=96&d=mm&r=g\",\"caption\":\"Eduardo Mart\u00ednez\"}}]}<\/script>\n<!-- \/ Yoast SEO plugin. -->","yoast_head_json":{"title":"Considera\u00e7\u00e3o n\u00e3o se implora - Notibras","robots":{"index":"index","follow":"follow","max-snippet":"max-snippet:-1","max-image-preview":"max-image-preview:large","max-video-preview":"max-video-preview:-1"},"canonical":"https:\/\/www.notibras.com\/site\/consideracao-nao-se-implora\/","og_locale":"pt_BR","og_type":"article","og_title":"Considera\u00e7\u00e3o n\u00e3o se implora - Notibras","og_description":"Falta de considera\u00e7\u00e3o n\u00e3o se resolve com cobran\u00e7a. Se resolve com dist\u00e2ncia. Demoramos a entender isso porque fomos educadas a dialogar at\u00e9 a exaust\u00e3o, a explicar o \u00f3bvio, a dar mais uma chance, a elaborar o que j\u00e1 estava claro. Acreditamos que, se falarmos com a entona\u00e7\u00e3o correta, a pessoa finalmente compreender\u00e1. Mas considera\u00e7\u00e3o n\u00e3o [&hellip;]","og_url":"https:\/\/www.notibras.com\/site\/consideracao-nao-se-implora\/","og_site_name":"Notibras","article_publisher":"https:\/\/www.facebook.com\/notibras\/","article_published_time":"2026-02-20T05:00:06+00:00","og_image":[{"width":816,"height":1094,"url":"https:\/\/www.notibras.com\/site\/wp-content\/uploads\/2026\/02\/6ff8b5c1-d975-46a2-bf00-cc93cb92ad97.jpg","type":"image\/jpeg"}],"author":"Eduardo Mart\u00ednez","twitter_card":"summary_large_image","twitter_creator":"@Notibras","twitter_site":"@Notibras","twitter_misc":{"Escrito por":"Eduardo Mart\u00ednez","Est. tempo de leitura":"2 minutos"},"schema":{"@context":"https:\/\/schema.org","@graph":[{"@type":"Article","@id":"https:\/\/www.notibras.com\/site\/consideracao-nao-se-implora\/#article","isPartOf":{"@id":"https:\/\/www.notibras.com\/site\/consideracao-nao-se-implora\/"},"author":{"name":"Eduardo Mart\u00ednez","@id":"https:\/\/www.notibras.com\/site\/#\/schema\/person\/5b7fabf2aedc3ada2105f03b22b4d3dd"},"headline":"Considera\u00e7\u00e3o n\u00e3o se implora","datePublished":"2026-02-20T05:00:06+00:00","mainEntityOfPage":{"@id":"https:\/\/www.notibras.com\/site\/consideracao-nao-se-implora\/"},"wordCount":317,"publisher":{"@id":"https:\/\/www.notibras.com\/site\/#organization"},"image":{"@id":"https:\/\/www.notibras.com\/site\/consideracao-nao-se-implora\/#primaryimage"},"thumbnailUrl":"https:\/\/www.notibras.com\/site\/wp-content\/uploads\/2026\/02\/6ff8b5c1-d975-46a2-bf00-cc93cb92ad97.jpg","articleSection":["Ponto de Vista"],"inLanguage":"pt-BR"},{"@type":"WebPage","@id":"https:\/\/www.notibras.com\/site\/consideracao-nao-se-implora\/","url":"https:\/\/www.notibras.com\/site\/consideracao-nao-se-implora\/","name":"Considera\u00e7\u00e3o n\u00e3o se implora - Notibras","isPartOf":{"@id":"https:\/\/www.notibras.com\/site\/#website"},"primaryImageOfPage":{"@id":"https:\/\/www.notibras.com\/site\/consideracao-nao-se-implora\/#primaryimage"},"image":{"@id":"https:\/\/www.notibras.com\/site\/consideracao-nao-se-implora\/#primaryimage"},"thumbnailUrl":"https:\/\/www.notibras.com\/site\/wp-content\/uploads\/2026\/02\/6ff8b5c1-d975-46a2-bf00-cc93cb92ad97.jpg","datePublished":"2026-02-20T05:00:06+00:00","breadcrumb":{"@id":"https:\/\/www.notibras.com\/site\/consideracao-nao-se-implora\/#breadcrumb"},"inLanguage":"pt-BR","potentialAction":[{"@type":"ReadAction","target":["https:\/\/www.notibras.com\/site\/consideracao-nao-se-implora\/"]}]},{"@type":"ImageObject","inLanguage":"pt-BR","@id":"https:\/\/www.notibras.com\/site\/consideracao-nao-se-implora\/#primaryimage","url":"https:\/\/www.notibras.com\/site\/wp-content\/uploads\/2026\/02\/6ff8b5c1-d975-46a2-bf00-cc93cb92ad97.jpg","contentUrl":"https:\/\/www.notibras.com\/site\/wp-content\/uploads\/2026\/02\/6ff8b5c1-d975-46a2-bf00-cc93cb92ad97.jpg","width":816,"height":1094},{"@type":"BreadcrumbList","@id":"https:\/\/www.notibras.com\/site\/consideracao-nao-se-implora\/#breadcrumb","itemListElement":[{"@type":"ListItem","position":1,"name":"In\u00edcio","item":"https:\/\/www.notibras.com\/site\/"},{"@type":"ListItem","position":2,"name":"Considera\u00e7\u00e3o n\u00e3o se implora"}]},{"@type":"WebSite","@id":"https:\/\/www.notibras.com\/site\/#website","url":"https:\/\/www.notibras.com\/site\/","name":"Notibras","description":"Not\u00edcias de Bras\u00edlia, do Brasil e do Mundo","publisher":{"@id":"https:\/\/www.notibras.com\/site\/#organization"},"potentialAction":[{"@type":"SearchAction","target":{"@type":"EntryPoint","urlTemplate":"https:\/\/www.notibras.com\/site\/?s={search_term_string}"},"query-input":{"@type":"PropertyValueSpecification","valueRequired":true,"valueName":"search_term_string"}}],"inLanguage":"pt-BR"},{"@type":"Organization","@id":"https:\/\/www.notibras.com\/site\/#organization","name":"Grupo Notibras de Comunica\u00e7\u00e3o","url":"https:\/\/www.notibras.com\/site\/","logo":{"@type":"ImageObject","inLanguage":"pt-BR","@id":"https:\/\/www.notibras.com\/site\/#\/schema\/logo\/image\/","url":"https:\/\/www.notibras.com\/site\/wp-content\/uploads\/2023\/01\/notibras23.png","contentUrl":"https:\/\/www.notibras.com\/site\/wp-content\/uploads\/2023\/01\/notibras23.png","width":350,"height":87,"caption":"Grupo Notibras de Comunica\u00e7\u00e3o"},"image":{"@id":"https:\/\/www.notibras.com\/site\/#\/schema\/logo\/image\/"},"sameAs":["https:\/\/www.facebook.com\/notibras\/","https:\/\/x.com\/Notibras","https:\/\/www.instagram.com\/notibras\/"]},{"@type":"Person","@id":"https:\/\/www.notibras.com\/site\/#\/schema\/person\/5b7fabf2aedc3ada2105f03b22b4d3dd","name":"Eduardo Mart\u00ednez","image":{"@type":"ImageObject","inLanguage":"pt-BR","@id":"https:\/\/secure.gravatar.com\/avatar\/7902f906289926289cbcda644b5197c796b893c6ffd7b9a536a42d290f7704a0?s=96&d=mm&r=g","url":"https:\/\/secure.gravatar.com\/avatar\/7902f906289926289cbcda644b5197c796b893c6ffd7b9a536a42d290f7704a0?s=96&d=mm&r=g","contentUrl":"https:\/\/secure.gravatar.com\/avatar\/7902f906289926289cbcda644b5197c796b893c6ffd7b9a536a42d290f7704a0?s=96&d=mm&r=g","caption":"Eduardo Mart\u00ednez"}}]}},"amp_enabled":true,"_links":{"self":[{"href":"https:\/\/www.notibras.com\/site\/wp-json\/wp\/v2\/posts\/383606","targetHints":{"allow":["GET"]}}],"collection":[{"href":"https:\/\/www.notibras.com\/site\/wp-json\/wp\/v2\/posts"}],"about":[{"href":"https:\/\/www.notibras.com\/site\/wp-json\/wp\/v2\/types\/post"}],"author":[{"embeddable":true,"href":"https:\/\/www.notibras.com\/site\/wp-json\/wp\/v2\/users\/21"}],"replies":[{"embeddable":true,"href":"https:\/\/www.notibras.com\/site\/wp-json\/wp\/v2\/comments?post=383606"}],"version-history":[{"count":2,"href":"https:\/\/www.notibras.com\/site\/wp-json\/wp\/v2\/posts\/383606\/revisions"}],"predecessor-version":[{"id":383609,"href":"https:\/\/www.notibras.com\/site\/wp-json\/wp\/v2\/posts\/383606\/revisions\/383609"}],"wp:featuredmedia":[{"embeddable":true,"href":"https:\/\/www.notibras.com\/site\/wp-json\/wp\/v2\/media\/383607"}],"wp:attachment":[{"href":"https:\/\/www.notibras.com\/site\/wp-json\/wp\/v2\/media?parent=383606"}],"wp:term":[{"taxonomy":"category","embeddable":true,"href":"https:\/\/www.notibras.com\/site\/wp-json\/wp\/v2\/categories?post=383606"},{"taxonomy":"post_tag","embeddable":true,"href":"https:\/\/www.notibras.com\/site\/wp-json\/wp\/v2\/tags?post=383606"}],"curies":[{"name":"wp","href":"https:\/\/api.w.org\/{rel}","templated":true}]}}