{"id":383643,"date":"2026-02-19T02:00:52","date_gmt":"2026-02-19T05:00:52","guid":{"rendered":"https:\/\/www.notibras.com\/site\/?p=383643"},"modified":"2026-02-18T01:02:45","modified_gmt":"2026-02-18T04:02:45","slug":"arlete-e-amauri-os-doutorandos","status":"publish","type":"post","link":"https:\/\/www.notibras.com\/site\/arlete-e-amauri-os-doutorandos\/","title":{"rendered":"Arlete e Amauri, os doutorandos"},"content":{"rendered":"<p>Arlete, que tinha afinidade por exatas, formou-se em f\u00edsica aos 20 anos. Emendou com o mestrado e, em seguida, entrou no doutorado em f\u00edsica qu\u00e2ntica. Entretanto, por mais estranho que pudesse parecer aos olhos dos colegas de curso, era apaixonada por poesia. E n\u00e3o pense voc\u00ea que aquilo era da boca para fora, j\u00e1 que a mulher tinha por h\u00e1bito declamar diariamente Cruz e Sousa, Alphonsus de Guimaraens, passando por Manuel Bandeira, Cec\u00edlia Meireles, Vinicius de Moraes, Murilo Mendes, Drummond, chegando aos contempor\u00e2neos Daniel Marchi, Sarah Munck, Luzia Couto e a inquieta Simone Magalh\u00e3es.<\/p>\n<p>Enquanto estudava o comportamento de \u00e1tomos, el\u00e9trons e f\u00f3tons, a mulher conheceu Amauri, que tamb\u00e9m era doutorando, mas em geopol\u00edtica. E, a despeito de temas distantes, os dois acabaram por engatar um namoro com direito a ardentes momentos, ora no cafofo da mo\u00e7a, ora no aconchego do rapaz. E aquele emaranhado, por mais esdr\u00faxulo que pudesse ser aos olhos de outrem, funcionava que era uma beleza.<\/p>\n<p>Entre o trajeto di\u00e1rio para a UnB, o casal gostava de apreciar um bom caf\u00e9. Coado, naturalmente, j\u00e1 que os jovens eram terminantemente avessos \u00e0 brevidade de c\u00e1psulas ou at\u00e9 mesmo ao t\u00e3o requisitado expresso. E nesses momentos faziam quest\u00e3o de s\u00f3 falar de coisas importantes.<\/p>\n<p>\u2014 Sabe uma coisa que percebi hoje de manh\u00e3?<\/p>\n<p>\u2014 O qu\u00ea?<\/p>\n<p>\u2014 Seus olhos combinam com os meus.<\/p>\n<p>\u2014 Como assim, Amauri?<\/p>\n<p>\u2014 Os seus s\u00e3o castanhos escuros, enquanto os meus s\u00e3o verdes.<\/p>\n<p>\u2014 Hum&#8230; Isso eu sei, mas n\u00e3o entendi a rela\u00e7\u00e3o.<\/p>\n<p>\u2014 Voc\u00ea \u00e9 que nem o caule, a parte que sustenta a nossa rela\u00e7\u00e3o. \u00c9 a raz\u00e3o, enquanto sou o sonho, longe do solo.<\/p>\n<p>\u2014 Hum&#8230; Mas, sem o verde das suas folhas, a minha vida n\u00e3o seria doce.<\/p>\n<p>O romance, apesar da enorme carga hor\u00e1ria de estudos, vingou, a despeito dos que diziam que n\u00e3o resistiria a um semestre. E, por coincid\u00eancia ou predestina\u00e7\u00e3o, a defesa das teses ocorreram no mesmo dia, uma sexta-feira, sendo a do Amauri logo nas primeiras horas da manh\u00e3, enquanto a da Arlete aconteceu no in\u00edcio da tarde.<\/p>\n<p>Os dois foram aprovados com louvor, o que levou a uma comemora\u00e7\u00e3o regada a espumantes. Apagaram bem pra l\u00e1 de Bagd\u00e1 e, no dia seguinte, o sujeito foi o primeiro a despertar. Ele preparou duas x\u00edcaras de caf\u00e9 bem forte.<\/p>\n<p>Em p\u00e9 diante da cama, Amauri percebeu as p\u00e1lpebras da amada se abrirem. Um sorriso logo se fez nos l\u00e1bios da Arlete.<\/p>\n<p>\u2014 Meu amor, conseguimos!<\/p>\n<p>\u2014 Sim, minha linda! Conseguimos! Fiz caf\u00e9 pra voc\u00ea.<\/p>\n<p>\u2014 Hum&#8230; Muito obrigada!<\/p>\n<p>\u2014 Quer comer alguma coisa?<\/p>\n<p>\u2014 Agora n\u00e3o. Mas se voc\u00ea for \u00e0 feira mais tarde, por favor, me traga um quilo de neur\u00f4nios.<\/p>\n<p><strong>\u2026\u2026\u2026\u2026\u2026\u2026\u2026\u2026<\/strong><\/p>\n<p><strong>Eduardo Mart\u00ednez \u00e9 autor do livro \u201957 Contos e Cr\u00f4nicas por um Autor Muito Velho\u2019 (Vencedor do Pr\u00eamio Liter\u00e1rio Clarice Lispector \u2013 2025 na categoria livro de contos).<\/strong><\/p>\n<p><strong>Compre aqui<\/strong><\/p>\n<p><a href=\"https:\/\/www.joanineditora.com.br\/57-contos-e-cronicas-por-um-autor-muito-velho\"><strong>https:\/\/www.joanineditora.com.br\/57-contos-e-cronicas-por-um-autor-muito-velho<\/strong><\/a><\/p>\n","protected":false},"excerpt":{"rendered":"<p>Arlete, que tinha afinidade por exatas, formou-se em f\u00edsica aos 20 anos. Emendou com o mestrado e, em seguida, entrou no doutorado em f\u00edsica qu\u00e2ntica. Entretanto, por mais estranho que pudesse parecer aos olhos dos colegas de curso, era apaixonada por poesia. E n\u00e3o pense voc\u00ea que aquilo era da boca para fora, j\u00e1 que [&hellip;]<\/p>\n","protected":false},"author":21,"featured_media":383644,"comment_status":"closed","ping_status":"closed","sticky":false,"template":"","format":"standard","meta":{"_acf_changed":false,"footnotes":""},"categories":[161],"tags":[],"class_list":["post-383643","post","type-post","status-publish","format-standard","has-post-thumbnail","hentry","category-quadradinho-em-foco"],"acf":[],"yoast_head":"<!-- This site is optimized with the Yoast SEO plugin v27.2 - https:\/\/yoast.com\/product\/yoast-seo-wordpress\/ -->\n<title>Arlete e Amauri, os doutorandos - Notibras<\/title>\n<meta name=\"robots\" content=\"index, follow, max-snippet:-1, max-image-preview:large, max-video-preview:-1\" \/>\n<link rel=\"canonical\" href=\"https:\/\/www.notibras.com\/site\/arlete-e-amauri-os-doutorandos\/\" \/>\n<meta property=\"og:locale\" content=\"pt_BR\" \/>\n<meta property=\"og:type\" content=\"article\" \/>\n<meta property=\"og:title\" content=\"Arlete e Amauri, os doutorandos - Notibras\" \/>\n<meta property=\"og:description\" content=\"Arlete, que tinha afinidade por exatas, formou-se em f\u00edsica aos 20 anos. Emendou com o mestrado e, em seguida, entrou no doutorado em f\u00edsica qu\u00e2ntica. Entretanto, por mais estranho que pudesse parecer aos olhos dos colegas de curso, era apaixonada por poesia. E n\u00e3o pense voc\u00ea que aquilo era da boca para fora, j\u00e1 que [&hellip;]\" \/>\n<meta property=\"og:url\" content=\"https:\/\/www.notibras.com\/site\/arlete-e-amauri-os-doutorandos\/\" \/>\n<meta property=\"og:site_name\" content=\"Notibras\" \/>\n<meta property=\"article:publisher\" content=\"https:\/\/www.facebook.com\/notibras\/\" \/>\n<meta property=\"article:published_time\" content=\"2026-02-19T05:00:52+00:00\" \/>\n<meta property=\"og:image\" content=\"https:\/\/www.notibras.com\/site\/wp-content\/uploads\/2026\/02\/WhatsApp-Image-2026-02-18-at-00.59.35.jpeg\" \/>\n\t<meta property=\"og:image:width\" content=\"1024\" \/>\n\t<meta property=\"og:image:height\" content=\"1024\" \/>\n\t<meta property=\"og:image:type\" content=\"image\/jpeg\" \/>\n<meta name=\"author\" content=\"Eduardo Mart\u00ednez\" \/>\n<meta name=\"twitter:card\" content=\"summary_large_image\" \/>\n<meta name=\"twitter:creator\" content=\"@Notibras\" \/>\n<meta name=\"twitter:site\" content=\"@Notibras\" \/>\n<meta name=\"twitter:label1\" content=\"Escrito por\" \/>\n\t<meta name=\"twitter:data1\" content=\"Eduardo Mart\u00ednez\" \/>\n\t<meta name=\"twitter:label2\" content=\"Est. tempo de leitura\" \/>\n\t<meta name=\"twitter:data2\" content=\"3 minutos\" \/>\n<script type=\"application\/ld+json\" class=\"yoast-schema-graph\">{\"@context\":\"https:\/\/schema.org\",\"@graph\":[{\"@type\":\"Article\",\"@id\":\"https:\/\/www.notibras.com\/site\/arlete-e-amauri-os-doutorandos\/#article\",\"isPartOf\":{\"@id\":\"https:\/\/www.notibras.com\/site\/arlete-e-amauri-os-doutorandos\/\"},\"author\":{\"name\":\"Eduardo Mart\u00ednez\",\"@id\":\"https:\/\/www.notibras.com\/site\/#\/schema\/person\/5b7fabf2aedc3ada2105f03b22b4d3dd\"},\"headline\":\"Arlete e Amauri, os doutorandos\",\"datePublished\":\"2026-02-19T05:00:52+00:00\",\"mainEntityOfPage\":{\"@id\":\"https:\/\/www.notibras.com\/site\/arlete-e-amauri-os-doutorandos\/\"},\"wordCount\":506,\"publisher\":{\"@id\":\"https:\/\/www.notibras.com\/site\/#organization\"},\"image\":{\"@id\":\"https:\/\/www.notibras.com\/site\/arlete-e-amauri-os-doutorandos\/#primaryimage\"},\"thumbnailUrl\":\"https:\/\/www.notibras.com\/site\/wp-content\/uploads\/2026\/02\/WhatsApp-Image-2026-02-18-at-00.59.35.jpeg\",\"articleSection\":[\"Quadradinho em Foco\"],\"inLanguage\":\"pt-BR\"},{\"@type\":\"WebPage\",\"@id\":\"https:\/\/www.notibras.com\/site\/arlete-e-amauri-os-doutorandos\/\",\"url\":\"https:\/\/www.notibras.com\/site\/arlete-e-amauri-os-doutorandos\/\",\"name\":\"Arlete e Amauri, os doutorandos - Notibras\",\"isPartOf\":{\"@id\":\"https:\/\/www.notibras.com\/site\/#website\"},\"primaryImageOfPage\":{\"@id\":\"https:\/\/www.notibras.com\/site\/arlete-e-amauri-os-doutorandos\/#primaryimage\"},\"image\":{\"@id\":\"https:\/\/www.notibras.com\/site\/arlete-e-amauri-os-doutorandos\/#primaryimage\"},\"thumbnailUrl\":\"https:\/\/www.notibras.com\/site\/wp-content\/uploads\/2026\/02\/WhatsApp-Image-2026-02-18-at-00.59.35.jpeg\",\"datePublished\":\"2026-02-19T05:00:52+00:00\",\"breadcrumb\":{\"@id\":\"https:\/\/www.notibras.com\/site\/arlete-e-amauri-os-doutorandos\/#breadcrumb\"},\"inLanguage\":\"pt-BR\",\"potentialAction\":[{\"@type\":\"ReadAction\",\"target\":[\"https:\/\/www.notibras.com\/site\/arlete-e-amauri-os-doutorandos\/\"]}]},{\"@type\":\"ImageObject\",\"inLanguage\":\"pt-BR\",\"@id\":\"https:\/\/www.notibras.com\/site\/arlete-e-amauri-os-doutorandos\/#primaryimage\",\"url\":\"https:\/\/www.notibras.com\/site\/wp-content\/uploads\/2026\/02\/WhatsApp-Image-2026-02-18-at-00.59.35.jpeg\",\"contentUrl\":\"https:\/\/www.notibras.com\/site\/wp-content\/uploads\/2026\/02\/WhatsApp-Image-2026-02-18-at-00.59.35.jpeg\",\"width\":1024,\"height\":1024},{\"@type\":\"BreadcrumbList\",\"@id\":\"https:\/\/www.notibras.com\/site\/arlete-e-amauri-os-doutorandos\/#breadcrumb\",\"itemListElement\":[{\"@type\":\"ListItem\",\"position\":1,\"name\":\"In\u00edcio\",\"item\":\"https:\/\/www.notibras.com\/site\/\"},{\"@type\":\"ListItem\",\"position\":2,\"name\":\"Arlete e Amauri, os doutorandos\"}]},{\"@type\":\"WebSite\",\"@id\":\"https:\/\/www.notibras.com\/site\/#website\",\"url\":\"https:\/\/www.notibras.com\/site\/\",\"name\":\"Notibras\",\"description\":\"Not\u00edcias de Bras\u00edlia, do Brasil e do Mundo\",\"publisher\":{\"@id\":\"https:\/\/www.notibras.com\/site\/#organization\"},\"potentialAction\":[{\"@type\":\"SearchAction\",\"target\":{\"@type\":\"EntryPoint\",\"urlTemplate\":\"https:\/\/www.notibras.com\/site\/?s={search_term_string}\"},\"query-input\":{\"@type\":\"PropertyValueSpecification\",\"valueRequired\":true,\"valueName\":\"search_term_string\"}}],\"inLanguage\":\"pt-BR\"},{\"@type\":\"Organization\",\"@id\":\"https:\/\/www.notibras.com\/site\/#organization\",\"name\":\"Grupo Notibras de Comunica\u00e7\u00e3o\",\"url\":\"https:\/\/www.notibras.com\/site\/\",\"logo\":{\"@type\":\"ImageObject\",\"inLanguage\":\"pt-BR\",\"@id\":\"https:\/\/www.notibras.com\/site\/#\/schema\/logo\/image\/\",\"url\":\"https:\/\/www.notibras.com\/site\/wp-content\/uploads\/2023\/01\/notibras23.png\",\"contentUrl\":\"https:\/\/www.notibras.com\/site\/wp-content\/uploads\/2023\/01\/notibras23.png\",\"width\":350,\"height\":87,\"caption\":\"Grupo Notibras de Comunica\u00e7\u00e3o\"},\"image\":{\"@id\":\"https:\/\/www.notibras.com\/site\/#\/schema\/logo\/image\/\"},\"sameAs\":[\"https:\/\/www.facebook.com\/notibras\/\",\"https:\/\/x.com\/Notibras\",\"https:\/\/www.instagram.com\/notibras\/\"]},{\"@type\":\"Person\",\"@id\":\"https:\/\/www.notibras.com\/site\/#\/schema\/person\/5b7fabf2aedc3ada2105f03b22b4d3dd\",\"name\":\"Eduardo Mart\u00ednez\",\"image\":{\"@type\":\"ImageObject\",\"inLanguage\":\"pt-BR\",\"@id\":\"https:\/\/secure.gravatar.com\/avatar\/7902f906289926289cbcda644b5197c796b893c6ffd7b9a536a42d290f7704a0?s=96&d=mm&r=g\",\"url\":\"https:\/\/secure.gravatar.com\/avatar\/7902f906289926289cbcda644b5197c796b893c6ffd7b9a536a42d290f7704a0?s=96&d=mm&r=g\",\"contentUrl\":\"https:\/\/secure.gravatar.com\/avatar\/7902f906289926289cbcda644b5197c796b893c6ffd7b9a536a42d290f7704a0?s=96&d=mm&r=g\",\"caption\":\"Eduardo Mart\u00ednez\"}}]}<\/script>\n<!-- \/ Yoast SEO plugin. -->","yoast_head_json":{"title":"Arlete e Amauri, os doutorandos - Notibras","robots":{"index":"index","follow":"follow","max-snippet":"max-snippet:-1","max-image-preview":"max-image-preview:large","max-video-preview":"max-video-preview:-1"},"canonical":"https:\/\/www.notibras.com\/site\/arlete-e-amauri-os-doutorandos\/","og_locale":"pt_BR","og_type":"article","og_title":"Arlete e Amauri, os doutorandos - Notibras","og_description":"Arlete, que tinha afinidade por exatas, formou-se em f\u00edsica aos 20 anos. Emendou com o mestrado e, em seguida, entrou no doutorado em f\u00edsica qu\u00e2ntica. Entretanto, por mais estranho que pudesse parecer aos olhos dos colegas de curso, era apaixonada por poesia. E n\u00e3o pense voc\u00ea que aquilo era da boca para fora, j\u00e1 que [&hellip;]","og_url":"https:\/\/www.notibras.com\/site\/arlete-e-amauri-os-doutorandos\/","og_site_name":"Notibras","article_publisher":"https:\/\/www.facebook.com\/notibras\/","article_published_time":"2026-02-19T05:00:52+00:00","og_image":[{"width":1024,"height":1024,"url":"https:\/\/www.notibras.com\/site\/wp-content\/uploads\/2026\/02\/WhatsApp-Image-2026-02-18-at-00.59.35.jpeg","type":"image\/jpeg"}],"author":"Eduardo Mart\u00ednez","twitter_card":"summary_large_image","twitter_creator":"@Notibras","twitter_site":"@Notibras","twitter_misc":{"Escrito por":"Eduardo Mart\u00ednez","Est. tempo de leitura":"3 minutos"},"schema":{"@context":"https:\/\/schema.org","@graph":[{"@type":"Article","@id":"https:\/\/www.notibras.com\/site\/arlete-e-amauri-os-doutorandos\/#article","isPartOf":{"@id":"https:\/\/www.notibras.com\/site\/arlete-e-amauri-os-doutorandos\/"},"author":{"name":"Eduardo Mart\u00ednez","@id":"https:\/\/www.notibras.com\/site\/#\/schema\/person\/5b7fabf2aedc3ada2105f03b22b4d3dd"},"headline":"Arlete e Amauri, os doutorandos","datePublished":"2026-02-19T05:00:52+00:00","mainEntityOfPage":{"@id":"https:\/\/www.notibras.com\/site\/arlete-e-amauri-os-doutorandos\/"},"wordCount":506,"publisher":{"@id":"https:\/\/www.notibras.com\/site\/#organization"},"image":{"@id":"https:\/\/www.notibras.com\/site\/arlete-e-amauri-os-doutorandos\/#primaryimage"},"thumbnailUrl":"https:\/\/www.notibras.com\/site\/wp-content\/uploads\/2026\/02\/WhatsApp-Image-2026-02-18-at-00.59.35.jpeg","articleSection":["Quadradinho em Foco"],"inLanguage":"pt-BR"},{"@type":"WebPage","@id":"https:\/\/www.notibras.com\/site\/arlete-e-amauri-os-doutorandos\/","url":"https:\/\/www.notibras.com\/site\/arlete-e-amauri-os-doutorandos\/","name":"Arlete e Amauri, os doutorandos - Notibras","isPartOf":{"@id":"https:\/\/www.notibras.com\/site\/#website"},"primaryImageOfPage":{"@id":"https:\/\/www.notibras.com\/site\/arlete-e-amauri-os-doutorandos\/#primaryimage"},"image":{"@id":"https:\/\/www.notibras.com\/site\/arlete-e-amauri-os-doutorandos\/#primaryimage"},"thumbnailUrl":"https:\/\/www.notibras.com\/site\/wp-content\/uploads\/2026\/02\/WhatsApp-Image-2026-02-18-at-00.59.35.jpeg","datePublished":"2026-02-19T05:00:52+00:00","breadcrumb":{"@id":"https:\/\/www.notibras.com\/site\/arlete-e-amauri-os-doutorandos\/#breadcrumb"},"inLanguage":"pt-BR","potentialAction":[{"@type":"ReadAction","target":["https:\/\/www.notibras.com\/site\/arlete-e-amauri-os-doutorandos\/"]}]},{"@type":"ImageObject","inLanguage":"pt-BR","@id":"https:\/\/www.notibras.com\/site\/arlete-e-amauri-os-doutorandos\/#primaryimage","url":"https:\/\/www.notibras.com\/site\/wp-content\/uploads\/2026\/02\/WhatsApp-Image-2026-02-18-at-00.59.35.jpeg","contentUrl":"https:\/\/www.notibras.com\/site\/wp-content\/uploads\/2026\/02\/WhatsApp-Image-2026-02-18-at-00.59.35.jpeg","width":1024,"height":1024},{"@type":"BreadcrumbList","@id":"https:\/\/www.notibras.com\/site\/arlete-e-amauri-os-doutorandos\/#breadcrumb","itemListElement":[{"@type":"ListItem","position":1,"name":"In\u00edcio","item":"https:\/\/www.notibras.com\/site\/"},{"@type":"ListItem","position":2,"name":"Arlete e Amauri, os doutorandos"}]},{"@type":"WebSite","@id":"https:\/\/www.notibras.com\/site\/#website","url":"https:\/\/www.notibras.com\/site\/","name":"Notibras","description":"Not\u00edcias de Bras\u00edlia, do Brasil e do Mundo","publisher":{"@id":"https:\/\/www.notibras.com\/site\/#organization"},"potentialAction":[{"@type":"SearchAction","target":{"@type":"EntryPoint","urlTemplate":"https:\/\/www.notibras.com\/site\/?s={search_term_string}"},"query-input":{"@type":"PropertyValueSpecification","valueRequired":true,"valueName":"search_term_string"}}],"inLanguage":"pt-BR"},{"@type":"Organization","@id":"https:\/\/www.notibras.com\/site\/#organization","name":"Grupo Notibras de Comunica\u00e7\u00e3o","url":"https:\/\/www.notibras.com\/site\/","logo":{"@type":"ImageObject","inLanguage":"pt-BR","@id":"https:\/\/www.notibras.com\/site\/#\/schema\/logo\/image\/","url":"https:\/\/www.notibras.com\/site\/wp-content\/uploads\/2023\/01\/notibras23.png","contentUrl":"https:\/\/www.notibras.com\/site\/wp-content\/uploads\/2023\/01\/notibras23.png","width":350,"height":87,"caption":"Grupo Notibras de Comunica\u00e7\u00e3o"},"image":{"@id":"https:\/\/www.notibras.com\/site\/#\/schema\/logo\/image\/"},"sameAs":["https:\/\/www.facebook.com\/notibras\/","https:\/\/x.com\/Notibras","https:\/\/www.instagram.com\/notibras\/"]},{"@type":"Person","@id":"https:\/\/www.notibras.com\/site\/#\/schema\/person\/5b7fabf2aedc3ada2105f03b22b4d3dd","name":"Eduardo Mart\u00ednez","image":{"@type":"ImageObject","inLanguage":"pt-BR","@id":"https:\/\/secure.gravatar.com\/avatar\/7902f906289926289cbcda644b5197c796b893c6ffd7b9a536a42d290f7704a0?s=96&d=mm&r=g","url":"https:\/\/secure.gravatar.com\/avatar\/7902f906289926289cbcda644b5197c796b893c6ffd7b9a536a42d290f7704a0?s=96&d=mm&r=g","contentUrl":"https:\/\/secure.gravatar.com\/avatar\/7902f906289926289cbcda644b5197c796b893c6ffd7b9a536a42d290f7704a0?s=96&d=mm&r=g","caption":"Eduardo Mart\u00ednez"}}]}},"amp_enabled":true,"_links":{"self":[{"href":"https:\/\/www.notibras.com\/site\/wp-json\/wp\/v2\/posts\/383643","targetHints":{"allow":["GET"]}}],"collection":[{"href":"https:\/\/www.notibras.com\/site\/wp-json\/wp\/v2\/posts"}],"about":[{"href":"https:\/\/www.notibras.com\/site\/wp-json\/wp\/v2\/types\/post"}],"author":[{"embeddable":true,"href":"https:\/\/www.notibras.com\/site\/wp-json\/wp\/v2\/users\/21"}],"replies":[{"embeddable":true,"href":"https:\/\/www.notibras.com\/site\/wp-json\/wp\/v2\/comments?post=383643"}],"version-history":[{"count":2,"href":"https:\/\/www.notibras.com\/site\/wp-json\/wp\/v2\/posts\/383643\/revisions"}],"predecessor-version":[{"id":383646,"href":"https:\/\/www.notibras.com\/site\/wp-json\/wp\/v2\/posts\/383643\/revisions\/383646"}],"wp:featuredmedia":[{"embeddable":true,"href":"https:\/\/www.notibras.com\/site\/wp-json\/wp\/v2\/media\/383644"}],"wp:attachment":[{"href":"https:\/\/www.notibras.com\/site\/wp-json\/wp\/v2\/media?parent=383643"}],"wp:term":[{"taxonomy":"category","embeddable":true,"href":"https:\/\/www.notibras.com\/site\/wp-json\/wp\/v2\/categories?post=383643"},{"taxonomy":"post_tag","embeddable":true,"href":"https:\/\/www.notibras.com\/site\/wp-json\/wp\/v2\/tags?post=383643"}],"curies":[{"name":"wp","href":"https:\/\/api.w.org\/{rel}","templated":true}]}}