{"id":38365,"date":"2015-02-27T01:37:39","date_gmt":"2015-02-27T04:37:39","guid":{"rendered":"http:\/\/www.notibras.com\/site\/?p=38365"},"modified":"2015-02-27T01:37:39","modified_gmt":"2015-02-27T04:37:39","slug":"inter-bate-universidade-de-chile-e-se-recupera-na-libertadores","status":"publish","type":"post","link":"https:\/\/www.notibras.com\/site\/inter-bate-universidade-de-chile-e-se-recupera-na-libertadores\/","title":{"rendered":"Inter bate Universidade de Chile e se recupera na Libertadores"},"content":{"rendered":"<p>Jorge Henrique e Eduardo Sasha foram as grandes surpresas do Internacional diante da Universidad de Chile, nesta quinta-feira (26), no segundo jogo do Colorado pelo grupo 4 da Libertadores. E eles garantiram a primeira vit\u00f3ria de Diego Aguirre com o time principal em 2015. O triunfo no Beira-Rio, 3 a 1, D&#8217;Alessandro marcou outro de p\u00eanalti, tamb\u00e9m d\u00e1 f\u00f4lego ao t\u00e9cnico que come\u00e7ava a ser contestado.<\/p>\n<p>Com o resultado, o Inter passa a ser o segundo colocado do grupo \u2013 atr\u00e1s somente do Emelec, que tem seis pontos. O jogo em Porto Alegre n\u00e3o foi tranquilo, mas serviu de afirma\u00e7\u00e3o para o t\u00e9cnico, que optou por um &#8216;falso nove&#8217; na vaga do suspenso Nilmar e resgatou Jorge Henrique do limbo. O camisa 23 chegou a ser multado por indisciplina e tratado como negoci\u00e1vel. Esteve em vias de ser emprestado ao Ava\u00ed e fez o treinador preterir Alex e Anderson em um jogo que tinha status de decis\u00e3o. N\u00e3o s\u00f3 para a equipe, mas tamb\u00e9m para o comandante.<\/p>\n<p>A escala\u00e7\u00e3o in\u00e9dita j\u00e1 era esperada, mas a escolha por Jorge Henrique foi para l\u00e1 de surpreendente. Com ele e um meia-atacante improvisado como &#8216;falso nove&#8217;, o Internacional teve mais posse de bola e foi intenso. Chegando a ter uma linha de quatro jogadores na frente: Vitinho, D&#8217;Alessandro, Eduardo Sasha e Jorge Henrique. Mas mesmo com toda essa legi\u00e3o na frente da \u00e1rea, criou apenas tr\u00eas chances vivas de gol no primeiro tempo. E pior, deu espa\u00e7os para a Universidad de Chile assustar.<\/p>\n<p>Eduardo Sasha arriscou uma bicicleta e Maxi Rodr\u00edguez respondeu com um chuta\u00e7o no travess\u00e3o. L\u00e9o tentou de longe e de novo o meia emprestado pelo Gr\u00eamio ao time chileno assustou \u2013 livre na \u00e1rea, finalizando por cima. Ao mesmo tempo em que era agudo, o Colorado se mostrava fr\u00e1gil. Inconstante.<\/p>\n<blockquote><p>O primeiro tempo no Beira-Rio teve um cap\u00edtulo a parte e que no final das contas ajudou o time ga\u00facho, a arbitragem de Victor Carrillo. Jorge Henrique foi derrubado em lance pol\u00eamico aos 19, Vitinho foi claramente atingido por Su\u00e1rez. Mas s\u00f3 com D&#8217;Alessandro, aos 44, o p\u00eanalti foi assinalado. E a falta no camisa 10 foi a menos clara de todas. Na cobran\u00e7a, o gringo deslocou Herrera e abriu o placar.<\/p><\/blockquote>\n<p>Na etapa final o Inter voltou igual e s\u00f3 mudou aos 13 minutos, quando Vitinho foi sacado para entrada de Alex. Diego Aguirre foi vaiado pela torcida, que queria a sa\u00edda de Jorge Henrique. Mas tr\u00eas minutos depois o camisa 23 respondeu com um gol. Alex deu lindo lan\u00e7amento e ele saiu cara a cara com o goleiro Herrera. Chute no canto esquerdo e 2 a 0 no placar. Na comemora\u00e7\u00e3o, choro do jogador que esteve com um p\u00e9 fora do Beira-Rio no come\u00e7o do m\u00eas.<\/p>\n<p>Quando a partida parecia definida, o Internacional vacilou e deixou &#8216;La U&#8217; incendiar o jogo. Ubiila escorou cruzamento na \u00e1rea e Canales chutou no canto direito de Alisson. O gol voltou a deixar o confronto tenso e aberto. A equipe treinada por Diego Aguirre passou a ceder campo e viu se multiplicarem os chutes dos chilenos. Mas 10 minutos mais tarde Eduardo Sasha liquidou o confronto. Com um chute de primeira, fuzilou o goleiro e colocou 3 a 1 no placar.<\/p>\n","protected":false},"excerpt":{"rendered":"<p>Jorge Henrique e Eduardo Sasha foram as grandes surpresas do Internacional diante da Universidad de Chile, nesta quinta-feira (26), no segundo jogo do Colorado pelo grupo 4 da Libertadores. E eles garantiram a primeira vit\u00f3ria de Diego Aguirre com o time principal em 2015. O triunfo no Beira-Rio, 3 a 1, D&#8217;Alessandro marcou outro de [&hellip;]<\/p>\n","protected":false},"author":2,"featured_media":38366,"comment_status":"open","ping_status":"closed","sticky":false,"template":"","format":"standard","meta":{"_acf_changed":false,"footnotes":""},"categories":[19,29],"tags":[],"class_list":["post-38365","post","type-post","status-publish","format-standard","has-post-thumbnail","hentry","category-esportes","category-futebol"],"acf":[],"yoast_head":"<!-- This site is optimized with the Yoast SEO plugin v27.2 - https:\/\/yoast.com\/product\/yoast-seo-wordpress\/ -->\n<title>Inter bate Universidade de Chile e se recupera na Libertadores - Notibras<\/title>\n<meta name=\"robots\" content=\"index, follow, max-snippet:-1, max-image-preview:large, max-video-preview:-1\" \/>\n<link rel=\"canonical\" href=\"https:\/\/www.notibras.com\/site\/inter-bate-universidade-de-chile-e-se-recupera-na-libertadores\/\" \/>\n<meta property=\"og:locale\" content=\"pt_BR\" \/>\n<meta property=\"og:type\" content=\"article\" \/>\n<meta property=\"og:title\" content=\"Inter bate Universidade de Chile e se recupera na Libertadores - Notibras\" \/>\n<meta property=\"og:description\" content=\"Jorge Henrique e Eduardo Sasha foram as grandes surpresas do Internacional diante da Universidad de Chile, nesta quinta-feira (26), no segundo jogo do Colorado pelo grupo 4 da Libertadores. E eles garantiram a primeira vit\u00f3ria de Diego Aguirre com o time principal em 2015. O triunfo no Beira-Rio, 3 a 1, D&#8217;Alessandro marcou outro de [&hellip;]\" \/>\n<meta property=\"og:url\" content=\"https:\/\/www.notibras.com\/site\/inter-bate-universidade-de-chile-e-se-recupera-na-libertadores\/\" \/>\n<meta property=\"og:site_name\" content=\"Notibras\" \/>\n<meta property=\"article:publisher\" content=\"https:\/\/www.facebook.com\/notibras\/\" \/>\n<meta property=\"article:published_time\" content=\"2015-02-27T04:37:39+00:00\" \/>\n<meta property=\"og:image\" content=\"https:\/\/www.notibras.com\/site\/wp-content\/uploads\/2015\/02\/dalessandrofestaviniciuscostaafp.jpg\" \/>\n\t<meta property=\"og:image:width\" content=\"600\" \/>\n\t<meta property=\"og:image:height\" content=\"399\" \/>\n\t<meta property=\"og:image:type\" content=\"image\/jpeg\" \/>\n<meta name=\"author\" content=\"Reda\u00e7\u00e3o\" \/>\n<meta name=\"twitter:card\" content=\"summary_large_image\" \/>\n<meta name=\"twitter:creator\" content=\"@Notibras\" \/>\n<meta name=\"twitter:site\" content=\"@Notibras\" \/>\n<meta name=\"twitter:label1\" content=\"Escrito por\" \/>\n\t<meta name=\"twitter:data1\" content=\"Reda\u00e7\u00e3o\" \/>\n\t<meta name=\"twitter:label2\" content=\"Est. tempo de leitura\" \/>\n\t<meta name=\"twitter:data2\" content=\"3 minutos\" \/>\n<script type=\"application\/ld+json\" class=\"yoast-schema-graph\">{\"@context\":\"https:\/\/schema.org\",\"@graph\":[{\"@type\":\"Article\",\"@id\":\"https:\/\/www.notibras.com\/site\/inter-bate-universidade-de-chile-e-se-recupera-na-libertadores\/#article\",\"isPartOf\":{\"@id\":\"https:\/\/www.notibras.com\/site\/inter-bate-universidade-de-chile-e-se-recupera-na-libertadores\/\"},\"author\":{\"name\":\"Reda\u00e7\u00e3o\",\"@id\":\"https:\/\/www.notibras.com\/site\/#\/schema\/person\/36ab0979449956132d3e5b517ea76ac8\"},\"headline\":\"Inter bate Universidade de Chile e se recupera na Libertadores\",\"datePublished\":\"2015-02-27T04:37:39+00:00\",\"mainEntityOfPage\":{\"@id\":\"https:\/\/www.notibras.com\/site\/inter-bate-universidade-de-chile-e-se-recupera-na-libertadores\/\"},\"wordCount\":568,\"commentCount\":0,\"publisher\":{\"@id\":\"https:\/\/www.notibras.com\/site\/#organization\"},\"image\":{\"@id\":\"https:\/\/www.notibras.com\/site\/inter-bate-universidade-de-chile-e-se-recupera-na-libertadores\/#primaryimage\"},\"thumbnailUrl\":\"https:\/\/www.notibras.com\/site\/wp-content\/uploads\/2015\/02\/dalessandrofestaviniciuscostaafp.jpg\",\"articleSection\":[\"Esportes\",\"Futebol\"],\"inLanguage\":\"pt-BR\",\"potentialAction\":[{\"@type\":\"CommentAction\",\"name\":\"Comment\",\"target\":[\"https:\/\/www.notibras.com\/site\/inter-bate-universidade-de-chile-e-se-recupera-na-libertadores\/#respond\"]}]},{\"@type\":\"WebPage\",\"@id\":\"https:\/\/www.notibras.com\/site\/inter-bate-universidade-de-chile-e-se-recupera-na-libertadores\/\",\"url\":\"https:\/\/www.notibras.com\/site\/inter-bate-universidade-de-chile-e-se-recupera-na-libertadores\/\",\"name\":\"Inter bate Universidade de Chile e se recupera na Libertadores - Notibras\",\"isPartOf\":{\"@id\":\"https:\/\/www.notibras.com\/site\/#website\"},\"primaryImageOfPage\":{\"@id\":\"https:\/\/www.notibras.com\/site\/inter-bate-universidade-de-chile-e-se-recupera-na-libertadores\/#primaryimage\"},\"image\":{\"@id\":\"https:\/\/www.notibras.com\/site\/inter-bate-universidade-de-chile-e-se-recupera-na-libertadores\/#primaryimage\"},\"thumbnailUrl\":\"https:\/\/www.notibras.com\/site\/wp-content\/uploads\/2015\/02\/dalessandrofestaviniciuscostaafp.jpg\",\"datePublished\":\"2015-02-27T04:37:39+00:00\",\"breadcrumb\":{\"@id\":\"https:\/\/www.notibras.com\/site\/inter-bate-universidade-de-chile-e-se-recupera-na-libertadores\/#breadcrumb\"},\"inLanguage\":\"pt-BR\",\"potentialAction\":[{\"@type\":\"ReadAction\",\"target\":[\"https:\/\/www.notibras.com\/site\/inter-bate-universidade-de-chile-e-se-recupera-na-libertadores\/\"]}]},{\"@type\":\"ImageObject\",\"inLanguage\":\"pt-BR\",\"@id\":\"https:\/\/www.notibras.com\/site\/inter-bate-universidade-de-chile-e-se-recupera-na-libertadores\/#primaryimage\",\"url\":\"https:\/\/www.notibras.com\/site\/wp-content\/uploads\/2015\/02\/dalessandrofestaviniciuscostaafp.jpg\",\"contentUrl\":\"https:\/\/www.notibras.com\/site\/wp-content\/uploads\/2015\/02\/dalessandrofestaviniciuscostaafp.jpg\",\"width\":600,\"height\":399},{\"@type\":\"BreadcrumbList\",\"@id\":\"https:\/\/www.notibras.com\/site\/inter-bate-universidade-de-chile-e-se-recupera-na-libertadores\/#breadcrumb\",\"itemListElement\":[{\"@type\":\"ListItem\",\"position\":1,\"name\":\"In\u00edcio\",\"item\":\"https:\/\/www.notibras.com\/site\/\"},{\"@type\":\"ListItem\",\"position\":2,\"name\":\"Inter bate Universidade de Chile e se recupera na Libertadores\"}]},{\"@type\":\"WebSite\",\"@id\":\"https:\/\/www.notibras.com\/site\/#website\",\"url\":\"https:\/\/www.notibras.com\/site\/\",\"name\":\"Notibras\",\"description\":\"Not\u00edcias de Bras\u00edlia, do Brasil e do Mundo\",\"publisher\":{\"@id\":\"https:\/\/www.notibras.com\/site\/#organization\"},\"potentialAction\":[{\"@type\":\"SearchAction\",\"target\":{\"@type\":\"EntryPoint\",\"urlTemplate\":\"https:\/\/www.notibras.com\/site\/?s={search_term_string}\"},\"query-input\":{\"@type\":\"PropertyValueSpecification\",\"valueRequired\":true,\"valueName\":\"search_term_string\"}}],\"inLanguage\":\"pt-BR\"},{\"@type\":\"Organization\",\"@id\":\"https:\/\/www.notibras.com\/site\/#organization\",\"name\":\"Grupo Notibras de Comunica\u00e7\u00e3o\",\"url\":\"https:\/\/www.notibras.com\/site\/\",\"logo\":{\"@type\":\"ImageObject\",\"inLanguage\":\"pt-BR\",\"@id\":\"https:\/\/www.notibras.com\/site\/#\/schema\/logo\/image\/\",\"url\":\"https:\/\/www.notibras.com\/site\/wp-content\/uploads\/2023\/01\/notibras23.png\",\"contentUrl\":\"https:\/\/www.notibras.com\/site\/wp-content\/uploads\/2023\/01\/notibras23.png\",\"width\":350,\"height\":87,\"caption\":\"Grupo Notibras de Comunica\u00e7\u00e3o\"},\"image\":{\"@id\":\"https:\/\/www.notibras.com\/site\/#\/schema\/logo\/image\/\"},\"sameAs\":[\"https:\/\/www.facebook.com\/notibras\/\",\"https:\/\/x.com\/Notibras\",\"https:\/\/www.instagram.com\/notibras\/\"]},{\"@type\":\"Person\",\"@id\":\"https:\/\/www.notibras.com\/site\/#\/schema\/person\/36ab0979449956132d3e5b517ea76ac8\",\"name\":\"Reda\u00e7\u00e3o\",\"image\":{\"@type\":\"ImageObject\",\"inLanguage\":\"pt-BR\",\"@id\":\"https:\/\/secure.gravatar.com\/avatar\/e0a867bdedb85fd243eadf09663511f96fc81e0720a4a42581f334ad4303aa6b?s=96&d=mm&r=g\",\"url\":\"https:\/\/secure.gravatar.com\/avatar\/e0a867bdedb85fd243eadf09663511f96fc81e0720a4a42581f334ad4303aa6b?s=96&d=mm&r=g\",\"contentUrl\":\"https:\/\/secure.gravatar.com\/avatar\/e0a867bdedb85fd243eadf09663511f96fc81e0720a4a42581f334ad4303aa6b?s=96&d=mm&r=g\",\"caption\":\"Reda\u00e7\u00e3o\"}}]}<\/script>\n<!-- \/ Yoast SEO plugin. -->","yoast_head_json":{"title":"Inter bate Universidade de Chile e se recupera na Libertadores - Notibras","robots":{"index":"index","follow":"follow","max-snippet":"max-snippet:-1","max-image-preview":"max-image-preview:large","max-video-preview":"max-video-preview:-1"},"canonical":"https:\/\/www.notibras.com\/site\/inter-bate-universidade-de-chile-e-se-recupera-na-libertadores\/","og_locale":"pt_BR","og_type":"article","og_title":"Inter bate Universidade de Chile e se recupera na Libertadores - Notibras","og_description":"Jorge Henrique e Eduardo Sasha foram as grandes surpresas do Internacional diante da Universidad de Chile, nesta quinta-feira (26), no segundo jogo do Colorado pelo grupo 4 da Libertadores. E eles garantiram a primeira vit\u00f3ria de Diego Aguirre com o time principal em 2015. O triunfo no Beira-Rio, 3 a 1, D&#8217;Alessandro marcou outro de [&hellip;]","og_url":"https:\/\/www.notibras.com\/site\/inter-bate-universidade-de-chile-e-se-recupera-na-libertadores\/","og_site_name":"Notibras","article_publisher":"https:\/\/www.facebook.com\/notibras\/","article_published_time":"2015-02-27T04:37:39+00:00","og_image":[{"width":600,"height":399,"url":"https:\/\/www.notibras.com\/site\/wp-content\/uploads\/2015\/02\/dalessandrofestaviniciuscostaafp.jpg","type":"image\/jpeg"}],"author":"Reda\u00e7\u00e3o","twitter_card":"summary_large_image","twitter_creator":"@Notibras","twitter_site":"@Notibras","twitter_misc":{"Escrito por":"Reda\u00e7\u00e3o","Est. tempo de leitura":"3 minutos"},"schema":{"@context":"https:\/\/schema.org","@graph":[{"@type":"Article","@id":"https:\/\/www.notibras.com\/site\/inter-bate-universidade-de-chile-e-se-recupera-na-libertadores\/#article","isPartOf":{"@id":"https:\/\/www.notibras.com\/site\/inter-bate-universidade-de-chile-e-se-recupera-na-libertadores\/"},"author":{"name":"Reda\u00e7\u00e3o","@id":"https:\/\/www.notibras.com\/site\/#\/schema\/person\/36ab0979449956132d3e5b517ea76ac8"},"headline":"Inter bate Universidade de Chile e se recupera na Libertadores","datePublished":"2015-02-27T04:37:39+00:00","mainEntityOfPage":{"@id":"https:\/\/www.notibras.com\/site\/inter-bate-universidade-de-chile-e-se-recupera-na-libertadores\/"},"wordCount":568,"commentCount":0,"publisher":{"@id":"https:\/\/www.notibras.com\/site\/#organization"},"image":{"@id":"https:\/\/www.notibras.com\/site\/inter-bate-universidade-de-chile-e-se-recupera-na-libertadores\/#primaryimage"},"thumbnailUrl":"https:\/\/www.notibras.com\/site\/wp-content\/uploads\/2015\/02\/dalessandrofestaviniciuscostaafp.jpg","articleSection":["Esportes","Futebol"],"inLanguage":"pt-BR","potentialAction":[{"@type":"CommentAction","name":"Comment","target":["https:\/\/www.notibras.com\/site\/inter-bate-universidade-de-chile-e-se-recupera-na-libertadores\/#respond"]}]},{"@type":"WebPage","@id":"https:\/\/www.notibras.com\/site\/inter-bate-universidade-de-chile-e-se-recupera-na-libertadores\/","url":"https:\/\/www.notibras.com\/site\/inter-bate-universidade-de-chile-e-se-recupera-na-libertadores\/","name":"Inter bate Universidade de Chile e se recupera na Libertadores - Notibras","isPartOf":{"@id":"https:\/\/www.notibras.com\/site\/#website"},"primaryImageOfPage":{"@id":"https:\/\/www.notibras.com\/site\/inter-bate-universidade-de-chile-e-se-recupera-na-libertadores\/#primaryimage"},"image":{"@id":"https:\/\/www.notibras.com\/site\/inter-bate-universidade-de-chile-e-se-recupera-na-libertadores\/#primaryimage"},"thumbnailUrl":"https:\/\/www.notibras.com\/site\/wp-content\/uploads\/2015\/02\/dalessandrofestaviniciuscostaafp.jpg","datePublished":"2015-02-27T04:37:39+00:00","breadcrumb":{"@id":"https:\/\/www.notibras.com\/site\/inter-bate-universidade-de-chile-e-se-recupera-na-libertadores\/#breadcrumb"},"inLanguage":"pt-BR","potentialAction":[{"@type":"ReadAction","target":["https:\/\/www.notibras.com\/site\/inter-bate-universidade-de-chile-e-se-recupera-na-libertadores\/"]}]},{"@type":"ImageObject","inLanguage":"pt-BR","@id":"https:\/\/www.notibras.com\/site\/inter-bate-universidade-de-chile-e-se-recupera-na-libertadores\/#primaryimage","url":"https:\/\/www.notibras.com\/site\/wp-content\/uploads\/2015\/02\/dalessandrofestaviniciuscostaafp.jpg","contentUrl":"https:\/\/www.notibras.com\/site\/wp-content\/uploads\/2015\/02\/dalessandrofestaviniciuscostaafp.jpg","width":600,"height":399},{"@type":"BreadcrumbList","@id":"https:\/\/www.notibras.com\/site\/inter-bate-universidade-de-chile-e-se-recupera-na-libertadores\/#breadcrumb","itemListElement":[{"@type":"ListItem","position":1,"name":"In\u00edcio","item":"https:\/\/www.notibras.com\/site\/"},{"@type":"ListItem","position":2,"name":"Inter bate Universidade de Chile e se recupera na Libertadores"}]},{"@type":"WebSite","@id":"https:\/\/www.notibras.com\/site\/#website","url":"https:\/\/www.notibras.com\/site\/","name":"Notibras","description":"Not\u00edcias de Bras\u00edlia, do Brasil e do Mundo","publisher":{"@id":"https:\/\/www.notibras.com\/site\/#organization"},"potentialAction":[{"@type":"SearchAction","target":{"@type":"EntryPoint","urlTemplate":"https:\/\/www.notibras.com\/site\/?s={search_term_string}"},"query-input":{"@type":"PropertyValueSpecification","valueRequired":true,"valueName":"search_term_string"}}],"inLanguage":"pt-BR"},{"@type":"Organization","@id":"https:\/\/www.notibras.com\/site\/#organization","name":"Grupo Notibras de Comunica\u00e7\u00e3o","url":"https:\/\/www.notibras.com\/site\/","logo":{"@type":"ImageObject","inLanguage":"pt-BR","@id":"https:\/\/www.notibras.com\/site\/#\/schema\/logo\/image\/","url":"https:\/\/www.notibras.com\/site\/wp-content\/uploads\/2023\/01\/notibras23.png","contentUrl":"https:\/\/www.notibras.com\/site\/wp-content\/uploads\/2023\/01\/notibras23.png","width":350,"height":87,"caption":"Grupo Notibras de Comunica\u00e7\u00e3o"},"image":{"@id":"https:\/\/www.notibras.com\/site\/#\/schema\/logo\/image\/"},"sameAs":["https:\/\/www.facebook.com\/notibras\/","https:\/\/x.com\/Notibras","https:\/\/www.instagram.com\/notibras\/"]},{"@type":"Person","@id":"https:\/\/www.notibras.com\/site\/#\/schema\/person\/36ab0979449956132d3e5b517ea76ac8","name":"Reda\u00e7\u00e3o","image":{"@type":"ImageObject","inLanguage":"pt-BR","@id":"https:\/\/secure.gravatar.com\/avatar\/e0a867bdedb85fd243eadf09663511f96fc81e0720a4a42581f334ad4303aa6b?s=96&d=mm&r=g","url":"https:\/\/secure.gravatar.com\/avatar\/e0a867bdedb85fd243eadf09663511f96fc81e0720a4a42581f334ad4303aa6b?s=96&d=mm&r=g","contentUrl":"https:\/\/secure.gravatar.com\/avatar\/e0a867bdedb85fd243eadf09663511f96fc81e0720a4a42581f334ad4303aa6b?s=96&d=mm&r=g","caption":"Reda\u00e7\u00e3o"}}]}},"amp_enabled":true,"_links":{"self":[{"href":"https:\/\/www.notibras.com\/site\/wp-json\/wp\/v2\/posts\/38365","targetHints":{"allow":["GET"]}}],"collection":[{"href":"https:\/\/www.notibras.com\/site\/wp-json\/wp\/v2\/posts"}],"about":[{"href":"https:\/\/www.notibras.com\/site\/wp-json\/wp\/v2\/types\/post"}],"author":[{"embeddable":true,"href":"https:\/\/www.notibras.com\/site\/wp-json\/wp\/v2\/users\/2"}],"replies":[{"embeddable":true,"href":"https:\/\/www.notibras.com\/site\/wp-json\/wp\/v2\/comments?post=38365"}],"version-history":[{"count":0,"href":"https:\/\/www.notibras.com\/site\/wp-json\/wp\/v2\/posts\/38365\/revisions"}],"wp:featuredmedia":[{"embeddable":true,"href":"https:\/\/www.notibras.com\/site\/wp-json\/wp\/v2\/media\/38366"}],"wp:attachment":[{"href":"https:\/\/www.notibras.com\/site\/wp-json\/wp\/v2\/media?parent=38365"}],"wp:term":[{"taxonomy":"category","embeddable":true,"href":"https:\/\/www.notibras.com\/site\/wp-json\/wp\/v2\/categories?post=38365"},{"taxonomy":"post_tag","embeddable":true,"href":"https:\/\/www.notibras.com\/site\/wp-json\/wp\/v2\/tags?post=38365"}],"curies":[{"name":"wp","href":"https:\/\/api.w.org\/{rel}","templated":true}]}}