{"id":383739,"date":"2026-02-20T00:45:35","date_gmt":"2026-02-20T03:45:35","guid":{"rendered":"https:\/\/www.notibras.com\/site\/?p=383739"},"modified":"2026-02-18T20:02:57","modified_gmt":"2026-02-18T23:02:57","slug":"a-via-crucis-do-corpo","status":"publish","type":"post","link":"https:\/\/www.notibras.com\/site\/a-via-crucis-do-corpo\/","title":{"rendered":"A via Crucis do Corpo"},"content":{"rendered":"<p>\u00c9 meia noite em ponto. Acordo. Levanto. Come\u00e7a a saga!<\/p>\n<p>Sinto arrepio, frio, calafrio. O cora\u00e7\u00e3o dispara, a boca seca, o desespero me toma. Tomo \u00e1gua com a\u00e7\u00facar.<\/p>\n<p>Abro a porta. L\u00e1 fora o sil\u00eancio impera. Sento e tento respirar calmamente.<\/p>\n<p>Algo toma meu ser. N\u00e3o sei o qu\u00ea. N\u00e3o sei por que tanto pavor. Parece que vou morrer. A cada cinco minutos sento, levanto, volto pra cama e<br \/>\nrolo. Sinto a presen\u00e7a da morte a me chamar. Tomo ch\u00e1, n\u00e3o me conformo por tudo o que sinto. S\u00e3o muitos os sintomas.<\/p>\n<p>O dia amanhece. Rezo, pe\u00e7o aos santos:<\/p>\n<p>&#8211; Quero o meu eu de volta!<\/p>\n<p>N\u00e3o sei mais quem sou. Pe\u00e7o ajuda ao farmac\u00eautico, ao curandeiro, ao m\u00e9dico&#8230;<\/p>\n<p>Ningu\u00e9m me entende. Ningu\u00e9m me atende.<\/p>\n<p>Meu corpo fragilizado pede ajuda. \u00c9 uma mistura de tudo: meu corpo padece quando a mente fica confusa. Nela h\u00e1 um mundo estranho e cheio de d\u00favidas.<\/p>\n<p>As horas passam. O rel\u00f3gio n\u00e3o para. Sinto ang\u00fastia.<\/p>\n<p>A noite \u00e9 uma penumbra. Todos dormem um sono dos deuses! E eu estou acordada no sof\u00e1 da sala. Conto nos dedos, fa\u00e7o uma prece, medito, ou\u00e7o m\u00fasica. E em mim nada muda!<\/p>\n<p>A garganta fecha. Sinto cheiro de queimado. Olhos arregalados, vou ao banheiro e me olho no espelho. Boto a l\u00edngua pra fora e vejo empolas.<br \/>\nFalo pra mim que n\u00e3o \u00e9 afta&#8230;<\/p>\n<p>Caminho por todos os c\u00f4modos.<\/p>\n<p>Algu\u00e9m me fala que \u00e9 hora do banho.<\/p>\n<p>\u00c9 a hora mais complicada. Tiro a roupa, abro o chuveiro. \u00c9 um verdadeiro tormento! Um desespero me toma. N\u00e3o uso sabonete e nem shampoo. Parece que tudo pode me sufocar. De portas abertas, mal tomo banho. Saio, me seco.<\/p>\n<p>Algu\u00e9m me chama:<\/p>\n<p>&#8211; J\u00e1 tomou banho? \u00c9 hora do jantar.<\/p>\n<p>Tudo recome\u00e7a: boca seca, garganta fecha, etc&#8230;<\/p>\n<p>Parece que tudo vai me fazer mal. A\u00ed come\u00e7a uma pesquisa na minha cabe\u00e7a. Preciso descobrir qual o tempero que est\u00e1 me causando tanto desespero! Por que tantas doen\u00e7as?<\/p>\n<p>Meu corpo parece vai cair por terra. Tampei o rel\u00f3gio para n\u00e3o enxergar mais as horas. Os dias me levam com frio, calafrio, arrepio&#8230;<\/p>\n<p>Estamos em 2020 e a morte est\u00e1 presente por todo lado e em tudo aquilo em que penso.<\/p>\n<p>Mas que diabos? Por que tantos pensamentos ruins me perseguem?<\/p>\n<p>Ser\u00e1 que dei espa\u00e7o pra tantos fantasmas?<\/p>\n<p>Uma amiga me disse que sou uma pessoa extremamente sugestion\u00e1vel em meio a uma pandemia, num pa\u00eds cujo executivo aderiu \u00e0 Necropol\u00edtica.<\/p>\n<p><strong>&#8230;&#8230;&#8230;&#8230;&#8230;&#8230;&#8230;&#8230;&#8230;&#8230;<\/strong><\/p>\n<p><strong>Marlene Xavier Nobre \u00e9 coautora de Raps\u00f3dia da Rua da Mooca (T\u00e3o Livros, no prelo), com Edna Domenica, Eduardo Mart\u00ednez, Gilberto Motta e Rosilene Souza.<\/strong><\/p>\n","protected":false},"excerpt":{"rendered":"<p>\u00c9 meia noite em ponto. Acordo. Levanto. Come\u00e7a a saga! Sinto arrepio, frio, calafrio. O cora\u00e7\u00e3o dispara, a boca seca, o desespero me toma. Tomo \u00e1gua com a\u00e7\u00facar. Abro a porta. L\u00e1 fora o sil\u00eancio impera. Sento e tento respirar calmamente. Algo toma meu ser. N\u00e3o sei o qu\u00ea. N\u00e3o sei por que tanto pavor. [&hellip;]<\/p>\n","protected":false},"author":21,"featured_media":383740,"comment_status":"closed","ping_status":"closed","sticky":false,"template":"","format":"standard","meta":{"_acf_changed":false,"footnotes":""},"categories":[234],"tags":[],"class_list":["post-383739","post","type-post","status-publish","format-standard","has-post-thumbnail","hentry","category-cafe-literario"],"acf":[],"yoast_head":"<!-- This site is optimized with the Yoast SEO plugin v27.2 - https:\/\/yoast.com\/product\/yoast-seo-wordpress\/ -->\n<title>A via Crucis do Corpo - Notibras<\/title>\n<meta name=\"robots\" content=\"index, follow, max-snippet:-1, max-image-preview:large, max-video-preview:-1\" \/>\n<link rel=\"canonical\" href=\"https:\/\/www.notibras.com\/site\/a-via-crucis-do-corpo\/\" \/>\n<meta property=\"og:locale\" content=\"pt_BR\" \/>\n<meta property=\"og:type\" content=\"article\" \/>\n<meta property=\"og:title\" content=\"A via Crucis do Corpo - Notibras\" \/>\n<meta property=\"og:description\" content=\"\u00c9 meia noite em ponto. Acordo. Levanto. Come\u00e7a a saga! Sinto arrepio, frio, calafrio. O cora\u00e7\u00e3o dispara, a boca seca, o desespero me toma. Tomo \u00e1gua com a\u00e7\u00facar. Abro a porta. L\u00e1 fora o sil\u00eancio impera. Sento e tento respirar calmamente. Algo toma meu ser. N\u00e3o sei o qu\u00ea. N\u00e3o sei por que tanto pavor. [&hellip;]\" \/>\n<meta property=\"og:url\" content=\"https:\/\/www.notibras.com\/site\/a-via-crucis-do-corpo\/\" \/>\n<meta property=\"og:site_name\" content=\"Notibras\" \/>\n<meta property=\"article:publisher\" content=\"https:\/\/www.facebook.com\/notibras\/\" \/>\n<meta property=\"article:published_time\" content=\"2026-02-20T03:45:35+00:00\" \/>\n<meta property=\"og:image\" content=\"https:\/\/www.notibras.com\/site\/wp-content\/uploads\/2026\/02\/WhatsApp-Image-2026-02-18-at-19.54.46.jpeg\" \/>\n\t<meta property=\"og:image:width\" content=\"1024\" \/>\n\t<meta property=\"og:image:height\" content=\"1024\" \/>\n\t<meta property=\"og:image:type\" content=\"image\/jpeg\" \/>\n<meta name=\"author\" content=\"Eduardo Mart\u00ednez\" \/>\n<meta name=\"twitter:card\" content=\"summary_large_image\" \/>\n<meta name=\"twitter:creator\" content=\"@Notibras\" \/>\n<meta name=\"twitter:site\" content=\"@Notibras\" \/>\n<meta name=\"twitter:label1\" content=\"Escrito por\" \/>\n\t<meta name=\"twitter:data1\" content=\"Eduardo Mart\u00ednez\" \/>\n\t<meta name=\"twitter:label2\" content=\"Est. tempo de leitura\" \/>\n\t<meta name=\"twitter:data2\" content=\"3 minutos\" \/>\n<script type=\"application\/ld+json\" class=\"yoast-schema-graph\">{\"@context\":\"https:\/\/schema.org\",\"@graph\":[{\"@type\":\"Article\",\"@id\":\"https:\/\/www.notibras.com\/site\/a-via-crucis-do-corpo\/#article\",\"isPartOf\":{\"@id\":\"https:\/\/www.notibras.com\/site\/a-via-crucis-do-corpo\/\"},\"author\":{\"name\":\"Eduardo Mart\u00ednez\",\"@id\":\"https:\/\/www.notibras.com\/site\/#\/schema\/person\/5b7fabf2aedc3ada2105f03b22b4d3dd\"},\"headline\":\"A via Crucis do Corpo\",\"datePublished\":\"2026-02-20T03:45:35+00:00\",\"mainEntityOfPage\":{\"@id\":\"https:\/\/www.notibras.com\/site\/a-via-crucis-do-corpo\/\"},\"wordCount\":468,\"publisher\":{\"@id\":\"https:\/\/www.notibras.com\/site\/#organization\"},\"image\":{\"@id\":\"https:\/\/www.notibras.com\/site\/a-via-crucis-do-corpo\/#primaryimage\"},\"thumbnailUrl\":\"https:\/\/www.notibras.com\/site\/wp-content\/uploads\/2026\/02\/WhatsApp-Image-2026-02-18-at-19.54.46.jpeg\",\"articleSection\":[\"Caf\u00e9 Liter\u00e1rio\"],\"inLanguage\":\"pt-BR\"},{\"@type\":\"WebPage\",\"@id\":\"https:\/\/www.notibras.com\/site\/a-via-crucis-do-corpo\/\",\"url\":\"https:\/\/www.notibras.com\/site\/a-via-crucis-do-corpo\/\",\"name\":\"A via Crucis do Corpo - Notibras\",\"isPartOf\":{\"@id\":\"https:\/\/www.notibras.com\/site\/#website\"},\"primaryImageOfPage\":{\"@id\":\"https:\/\/www.notibras.com\/site\/a-via-crucis-do-corpo\/#primaryimage\"},\"image\":{\"@id\":\"https:\/\/www.notibras.com\/site\/a-via-crucis-do-corpo\/#primaryimage\"},\"thumbnailUrl\":\"https:\/\/www.notibras.com\/site\/wp-content\/uploads\/2026\/02\/WhatsApp-Image-2026-02-18-at-19.54.46.jpeg\",\"datePublished\":\"2026-02-20T03:45:35+00:00\",\"breadcrumb\":{\"@id\":\"https:\/\/www.notibras.com\/site\/a-via-crucis-do-corpo\/#breadcrumb\"},\"inLanguage\":\"pt-BR\",\"potentialAction\":[{\"@type\":\"ReadAction\",\"target\":[\"https:\/\/www.notibras.com\/site\/a-via-crucis-do-corpo\/\"]}]},{\"@type\":\"ImageObject\",\"inLanguage\":\"pt-BR\",\"@id\":\"https:\/\/www.notibras.com\/site\/a-via-crucis-do-corpo\/#primaryimage\",\"url\":\"https:\/\/www.notibras.com\/site\/wp-content\/uploads\/2026\/02\/WhatsApp-Image-2026-02-18-at-19.54.46.jpeg\",\"contentUrl\":\"https:\/\/www.notibras.com\/site\/wp-content\/uploads\/2026\/02\/WhatsApp-Image-2026-02-18-at-19.54.46.jpeg\",\"width\":1024,\"height\":1024},{\"@type\":\"BreadcrumbList\",\"@id\":\"https:\/\/www.notibras.com\/site\/a-via-crucis-do-corpo\/#breadcrumb\",\"itemListElement\":[{\"@type\":\"ListItem\",\"position\":1,\"name\":\"In\u00edcio\",\"item\":\"https:\/\/www.notibras.com\/site\/\"},{\"@type\":\"ListItem\",\"position\":2,\"name\":\"A via Crucis do Corpo\"}]},{\"@type\":\"WebSite\",\"@id\":\"https:\/\/www.notibras.com\/site\/#website\",\"url\":\"https:\/\/www.notibras.com\/site\/\",\"name\":\"Notibras\",\"description\":\"Not\u00edcias de Bras\u00edlia, do Brasil e do Mundo\",\"publisher\":{\"@id\":\"https:\/\/www.notibras.com\/site\/#organization\"},\"potentialAction\":[{\"@type\":\"SearchAction\",\"target\":{\"@type\":\"EntryPoint\",\"urlTemplate\":\"https:\/\/www.notibras.com\/site\/?s={search_term_string}\"},\"query-input\":{\"@type\":\"PropertyValueSpecification\",\"valueRequired\":true,\"valueName\":\"search_term_string\"}}],\"inLanguage\":\"pt-BR\"},{\"@type\":\"Organization\",\"@id\":\"https:\/\/www.notibras.com\/site\/#organization\",\"name\":\"Grupo Notibras de Comunica\u00e7\u00e3o\",\"url\":\"https:\/\/www.notibras.com\/site\/\",\"logo\":{\"@type\":\"ImageObject\",\"inLanguage\":\"pt-BR\",\"@id\":\"https:\/\/www.notibras.com\/site\/#\/schema\/logo\/image\/\",\"url\":\"https:\/\/www.notibras.com\/site\/wp-content\/uploads\/2023\/01\/notibras23.png\",\"contentUrl\":\"https:\/\/www.notibras.com\/site\/wp-content\/uploads\/2023\/01\/notibras23.png\",\"width\":350,\"height\":87,\"caption\":\"Grupo Notibras de Comunica\u00e7\u00e3o\"},\"image\":{\"@id\":\"https:\/\/www.notibras.com\/site\/#\/schema\/logo\/image\/\"},\"sameAs\":[\"https:\/\/www.facebook.com\/notibras\/\",\"https:\/\/x.com\/Notibras\",\"https:\/\/www.instagram.com\/notibras\/\"]},{\"@type\":\"Person\",\"@id\":\"https:\/\/www.notibras.com\/site\/#\/schema\/person\/5b7fabf2aedc3ada2105f03b22b4d3dd\",\"name\":\"Eduardo Mart\u00ednez\",\"image\":{\"@type\":\"ImageObject\",\"inLanguage\":\"pt-BR\",\"@id\":\"https:\/\/secure.gravatar.com\/avatar\/7902f906289926289cbcda644b5197c796b893c6ffd7b9a536a42d290f7704a0?s=96&d=mm&r=g\",\"url\":\"https:\/\/secure.gravatar.com\/avatar\/7902f906289926289cbcda644b5197c796b893c6ffd7b9a536a42d290f7704a0?s=96&d=mm&r=g\",\"contentUrl\":\"https:\/\/secure.gravatar.com\/avatar\/7902f906289926289cbcda644b5197c796b893c6ffd7b9a536a42d290f7704a0?s=96&d=mm&r=g\",\"caption\":\"Eduardo Mart\u00ednez\"}}]}<\/script>\n<!-- \/ Yoast SEO plugin. -->","yoast_head_json":{"title":"A via Crucis do Corpo - Notibras","robots":{"index":"index","follow":"follow","max-snippet":"max-snippet:-1","max-image-preview":"max-image-preview:large","max-video-preview":"max-video-preview:-1"},"canonical":"https:\/\/www.notibras.com\/site\/a-via-crucis-do-corpo\/","og_locale":"pt_BR","og_type":"article","og_title":"A via Crucis do Corpo - Notibras","og_description":"\u00c9 meia noite em ponto. Acordo. Levanto. Come\u00e7a a saga! Sinto arrepio, frio, calafrio. O cora\u00e7\u00e3o dispara, a boca seca, o desespero me toma. Tomo \u00e1gua com a\u00e7\u00facar. Abro a porta. L\u00e1 fora o sil\u00eancio impera. Sento e tento respirar calmamente. Algo toma meu ser. N\u00e3o sei o qu\u00ea. N\u00e3o sei por que tanto pavor. [&hellip;]","og_url":"https:\/\/www.notibras.com\/site\/a-via-crucis-do-corpo\/","og_site_name":"Notibras","article_publisher":"https:\/\/www.facebook.com\/notibras\/","article_published_time":"2026-02-20T03:45:35+00:00","og_image":[{"width":1024,"height":1024,"url":"https:\/\/www.notibras.com\/site\/wp-content\/uploads\/2026\/02\/WhatsApp-Image-2026-02-18-at-19.54.46.jpeg","type":"image\/jpeg"}],"author":"Eduardo Mart\u00ednez","twitter_card":"summary_large_image","twitter_creator":"@Notibras","twitter_site":"@Notibras","twitter_misc":{"Escrito por":"Eduardo Mart\u00ednez","Est. tempo de leitura":"3 minutos"},"schema":{"@context":"https:\/\/schema.org","@graph":[{"@type":"Article","@id":"https:\/\/www.notibras.com\/site\/a-via-crucis-do-corpo\/#article","isPartOf":{"@id":"https:\/\/www.notibras.com\/site\/a-via-crucis-do-corpo\/"},"author":{"name":"Eduardo Mart\u00ednez","@id":"https:\/\/www.notibras.com\/site\/#\/schema\/person\/5b7fabf2aedc3ada2105f03b22b4d3dd"},"headline":"A via Crucis do Corpo","datePublished":"2026-02-20T03:45:35+00:00","mainEntityOfPage":{"@id":"https:\/\/www.notibras.com\/site\/a-via-crucis-do-corpo\/"},"wordCount":468,"publisher":{"@id":"https:\/\/www.notibras.com\/site\/#organization"},"image":{"@id":"https:\/\/www.notibras.com\/site\/a-via-crucis-do-corpo\/#primaryimage"},"thumbnailUrl":"https:\/\/www.notibras.com\/site\/wp-content\/uploads\/2026\/02\/WhatsApp-Image-2026-02-18-at-19.54.46.jpeg","articleSection":["Caf\u00e9 Liter\u00e1rio"],"inLanguage":"pt-BR"},{"@type":"WebPage","@id":"https:\/\/www.notibras.com\/site\/a-via-crucis-do-corpo\/","url":"https:\/\/www.notibras.com\/site\/a-via-crucis-do-corpo\/","name":"A via Crucis do Corpo - Notibras","isPartOf":{"@id":"https:\/\/www.notibras.com\/site\/#website"},"primaryImageOfPage":{"@id":"https:\/\/www.notibras.com\/site\/a-via-crucis-do-corpo\/#primaryimage"},"image":{"@id":"https:\/\/www.notibras.com\/site\/a-via-crucis-do-corpo\/#primaryimage"},"thumbnailUrl":"https:\/\/www.notibras.com\/site\/wp-content\/uploads\/2026\/02\/WhatsApp-Image-2026-02-18-at-19.54.46.jpeg","datePublished":"2026-02-20T03:45:35+00:00","breadcrumb":{"@id":"https:\/\/www.notibras.com\/site\/a-via-crucis-do-corpo\/#breadcrumb"},"inLanguage":"pt-BR","potentialAction":[{"@type":"ReadAction","target":["https:\/\/www.notibras.com\/site\/a-via-crucis-do-corpo\/"]}]},{"@type":"ImageObject","inLanguage":"pt-BR","@id":"https:\/\/www.notibras.com\/site\/a-via-crucis-do-corpo\/#primaryimage","url":"https:\/\/www.notibras.com\/site\/wp-content\/uploads\/2026\/02\/WhatsApp-Image-2026-02-18-at-19.54.46.jpeg","contentUrl":"https:\/\/www.notibras.com\/site\/wp-content\/uploads\/2026\/02\/WhatsApp-Image-2026-02-18-at-19.54.46.jpeg","width":1024,"height":1024},{"@type":"BreadcrumbList","@id":"https:\/\/www.notibras.com\/site\/a-via-crucis-do-corpo\/#breadcrumb","itemListElement":[{"@type":"ListItem","position":1,"name":"In\u00edcio","item":"https:\/\/www.notibras.com\/site\/"},{"@type":"ListItem","position":2,"name":"A via Crucis do Corpo"}]},{"@type":"WebSite","@id":"https:\/\/www.notibras.com\/site\/#website","url":"https:\/\/www.notibras.com\/site\/","name":"Notibras","description":"Not\u00edcias de Bras\u00edlia, do Brasil e do Mundo","publisher":{"@id":"https:\/\/www.notibras.com\/site\/#organization"},"potentialAction":[{"@type":"SearchAction","target":{"@type":"EntryPoint","urlTemplate":"https:\/\/www.notibras.com\/site\/?s={search_term_string}"},"query-input":{"@type":"PropertyValueSpecification","valueRequired":true,"valueName":"search_term_string"}}],"inLanguage":"pt-BR"},{"@type":"Organization","@id":"https:\/\/www.notibras.com\/site\/#organization","name":"Grupo Notibras de Comunica\u00e7\u00e3o","url":"https:\/\/www.notibras.com\/site\/","logo":{"@type":"ImageObject","inLanguage":"pt-BR","@id":"https:\/\/www.notibras.com\/site\/#\/schema\/logo\/image\/","url":"https:\/\/www.notibras.com\/site\/wp-content\/uploads\/2023\/01\/notibras23.png","contentUrl":"https:\/\/www.notibras.com\/site\/wp-content\/uploads\/2023\/01\/notibras23.png","width":350,"height":87,"caption":"Grupo Notibras de Comunica\u00e7\u00e3o"},"image":{"@id":"https:\/\/www.notibras.com\/site\/#\/schema\/logo\/image\/"},"sameAs":["https:\/\/www.facebook.com\/notibras\/","https:\/\/x.com\/Notibras","https:\/\/www.instagram.com\/notibras\/"]},{"@type":"Person","@id":"https:\/\/www.notibras.com\/site\/#\/schema\/person\/5b7fabf2aedc3ada2105f03b22b4d3dd","name":"Eduardo Mart\u00ednez","image":{"@type":"ImageObject","inLanguage":"pt-BR","@id":"https:\/\/secure.gravatar.com\/avatar\/7902f906289926289cbcda644b5197c796b893c6ffd7b9a536a42d290f7704a0?s=96&d=mm&r=g","url":"https:\/\/secure.gravatar.com\/avatar\/7902f906289926289cbcda644b5197c796b893c6ffd7b9a536a42d290f7704a0?s=96&d=mm&r=g","contentUrl":"https:\/\/secure.gravatar.com\/avatar\/7902f906289926289cbcda644b5197c796b893c6ffd7b9a536a42d290f7704a0?s=96&d=mm&r=g","caption":"Eduardo Mart\u00ednez"}}]}},"amp_enabled":true,"_links":{"self":[{"href":"https:\/\/www.notibras.com\/site\/wp-json\/wp\/v2\/posts\/383739","targetHints":{"allow":["GET"]}}],"collection":[{"href":"https:\/\/www.notibras.com\/site\/wp-json\/wp\/v2\/posts"}],"about":[{"href":"https:\/\/www.notibras.com\/site\/wp-json\/wp\/v2\/types\/post"}],"author":[{"embeddable":true,"href":"https:\/\/www.notibras.com\/site\/wp-json\/wp\/v2\/users\/21"}],"replies":[{"embeddable":true,"href":"https:\/\/www.notibras.com\/site\/wp-json\/wp\/v2\/comments?post=383739"}],"version-history":[{"count":2,"href":"https:\/\/www.notibras.com\/site\/wp-json\/wp\/v2\/posts\/383739\/revisions"}],"predecessor-version":[{"id":383742,"href":"https:\/\/www.notibras.com\/site\/wp-json\/wp\/v2\/posts\/383739\/revisions\/383742"}],"wp:featuredmedia":[{"embeddable":true,"href":"https:\/\/www.notibras.com\/site\/wp-json\/wp\/v2\/media\/383740"}],"wp:attachment":[{"href":"https:\/\/www.notibras.com\/site\/wp-json\/wp\/v2\/media?parent=383739"}],"wp:term":[{"taxonomy":"category","embeddable":true,"href":"https:\/\/www.notibras.com\/site\/wp-json\/wp\/v2\/categories?post=383739"},{"taxonomy":"post_tag","embeddable":true,"href":"https:\/\/www.notibras.com\/site\/wp-json\/wp\/v2\/tags?post=383739"}],"curies":[{"name":"wp","href":"https:\/\/api.w.org\/{rel}","templated":true}]}}