{"id":383743,"date":"2026-02-19T02:00:32","date_gmt":"2026-02-19T05:00:32","guid":{"rendered":"https:\/\/www.notibras.com\/site\/?p=383743"},"modified":"2026-02-18T20:33:15","modified_gmt":"2026-02-18T23:33:15","slug":"a-dor-que-nao-passa","status":"publish","type":"post","link":"https:\/\/www.notibras.com\/site\/a-dor-que-nao-passa\/","title":{"rendered":"A dor que n\u00e3o passa"},"content":{"rendered":"<p>Todos os dias mulheres est\u00e3o morrendo. Morrendo nas m\u00e3os de homens que dizem que amam, mas continuam matando porque &#8220;n\u00e3o aceitam o fim&#8221;. Ou porque preferem v\u00ea-las em um caix\u00e3o a imagin\u00e1-las seguindo em frente com outra pessoa. Que tipo de &#8220;amor&#8221; \u00e9 esse?<\/p>\n<p>Todos os dias meninas s\u00e3o abusadas sexualmente. Muitas vezes por familiares &#8220;confi\u00e1veis&#8221;. Muitas vezes por aqueles que a sociedade insiste em chamar de &#8220;cidad\u00e3os de bem&#8221;. Muitas vezes por pastores, padres, l\u00edderes espirituais e gurus que usam a f\u00e9, a autoridade e a fragilidade alheia como ferramentas de domina\u00e7\u00e3o.<\/p>\n<p>Isso n\u00e3o \u00e9 desvio de curso, nem exce\u00e7\u00e3o \u00e0 parte. \u00c9 abuso.<\/p>\n<p>Vivemos em uma sociedade que questiona a roupa da v\u00edtima, mas raramente questiona a conduta do agressor. Uma sociedade que pergunta por que ela estava ali, mas n\u00e3o pergunta por que ele achou que tinha direito sobre o corpo dela. Uma sociedade que exige que a mulher prove sua dor, sua inoc\u00eancia e sua honestidade, enquanto concede ao agressor o benef\u00edcio da d\u00favida.<\/p>\n<p>Quando uma mulher denuncia, ela \u00e9 desacreditada e questionada.<\/p>\n<p>Quando grita, \u00e9 chamada de hist\u00e9rica.<\/p>\n<p>Quando se cala, dizem que consentiu.<\/p>\n<p>Quando sobrevive, esperam que ela &#8220;supere&#8221; sem traumas.<\/p>\n<p>Quando morre, procuram motivos.<\/p>\n<p>Transformaram a viol\u00eancia contra mulheres em manchete passageira e n\u00famero estat\u00edstico. Mas cada n\u00famero tem um nome, um rosto, uma hist\u00f3ria interrompida e uma fam\u00edlia destru\u00edda.<\/p>\n<p>At\u00e9 quando vamos normalizar piadas que desumanizam mulheres?<\/p>\n<p>At\u00e9 quando vamos tolerar discursos que romantizam ci\u00fame, posse e controle possessivo?<\/p>\n<p>At\u00e9 quando as mulheres sofrer\u00e3o em uma sociedade que relativiza agress\u00f5es, abusos e mortes quando a v\u00edtima \u00e9 mulher?<\/p>\n<p>A resposta deveria ser: nunca mais.<\/p>\n<p>Mas para que esse &#8220;nunca mais&#8221; exista, \u00e9 preciso responsabilizar os agressores, e n\u00e3o buscar meios para proteger as suas reputa\u00e7\u00f5es. \u00c9 preciso acreditar nas v\u00edtimas e parar de chamar viol\u00eancia de amor.<\/p>\n<p>Amor n\u00e3o controla, n\u00e3o persegue, n\u00e3o aprisiona e, principalmente, amor n\u00e3o mata.<\/p>\n","protected":false},"excerpt":{"rendered":"<p>Todos os dias mulheres est\u00e3o morrendo. Morrendo nas m\u00e3os de homens que dizem que amam, mas continuam matando porque &#8220;n\u00e3o aceitam o fim&#8221;. Ou porque preferem v\u00ea-las em um caix\u00e3o a imagin\u00e1-las seguindo em frente com outra pessoa. Que tipo de &#8220;amor&#8221; \u00e9 esse? Todos os dias meninas s\u00e3o abusadas sexualmente. Muitas vezes por familiares [&hellip;]<\/p>\n","protected":false},"author":21,"featured_media":383744,"comment_status":"closed","ping_status":"closed","sticky":false,"template":"","format":"standard","meta":{"_acf_changed":false,"footnotes":""},"categories":[236],"tags":[],"class_list":["post-383743","post","type-post","status-publish","format-standard","has-post-thumbnail","hentry","category-ponto-de-vista"],"acf":[],"yoast_head":"<!-- This site is optimized with the Yoast SEO plugin v27.2 - https:\/\/yoast.com\/product\/yoast-seo-wordpress\/ -->\n<title>A dor que n\u00e3o passa - Notibras<\/title>\n<meta name=\"robots\" content=\"index, follow, max-snippet:-1, max-image-preview:large, max-video-preview:-1\" \/>\n<link rel=\"canonical\" href=\"https:\/\/www.notibras.com\/site\/a-dor-que-nao-passa\/\" \/>\n<meta property=\"og:locale\" content=\"pt_BR\" \/>\n<meta property=\"og:type\" content=\"article\" \/>\n<meta property=\"og:title\" content=\"A dor que n\u00e3o passa - Notibras\" \/>\n<meta property=\"og:description\" content=\"Todos os dias mulheres est\u00e3o morrendo. Morrendo nas m\u00e3os de homens que dizem que amam, mas continuam matando porque &#8220;n\u00e3o aceitam o fim&#8221;. Ou porque preferem v\u00ea-las em um caix\u00e3o a imagin\u00e1-las seguindo em frente com outra pessoa. Que tipo de &#8220;amor&#8221; \u00e9 esse? Todos os dias meninas s\u00e3o abusadas sexualmente. Muitas vezes por familiares [&hellip;]\" \/>\n<meta property=\"og:url\" content=\"https:\/\/www.notibras.com\/site\/a-dor-que-nao-passa\/\" \/>\n<meta property=\"og:site_name\" content=\"Notibras\" \/>\n<meta property=\"article:publisher\" content=\"https:\/\/www.facebook.com\/notibras\/\" \/>\n<meta property=\"article:published_time\" content=\"2026-02-19T05:00:32+00:00\" \/>\n<meta property=\"og:image\" content=\"https:\/\/www.notibras.com\/site\/wp-content\/uploads\/2026\/02\/WhatsApp-Image-2026-02-18-at-20.08.53.jpeg\" \/>\n\t<meta property=\"og:image:width\" content=\"1024\" \/>\n\t<meta property=\"og:image:height\" content=\"1024\" \/>\n\t<meta property=\"og:image:type\" content=\"image\/jpeg\" \/>\n<meta name=\"author\" content=\"Eduardo Mart\u00ednez\" \/>\n<meta name=\"twitter:card\" content=\"summary_large_image\" \/>\n<meta name=\"twitter:creator\" content=\"@Notibras\" \/>\n<meta name=\"twitter:site\" content=\"@Notibras\" \/>\n<meta name=\"twitter:label1\" content=\"Escrito por\" \/>\n\t<meta name=\"twitter:data1\" content=\"Eduardo Mart\u00ednez\" \/>\n\t<meta name=\"twitter:label2\" content=\"Est. tempo de leitura\" \/>\n\t<meta name=\"twitter:data2\" content=\"3 minutos\" \/>\n<script type=\"application\/ld+json\" class=\"yoast-schema-graph\">{\"@context\":\"https:\/\/schema.org\",\"@graph\":[{\"@type\":\"Article\",\"@id\":\"https:\/\/www.notibras.com\/site\/a-dor-que-nao-passa\/#article\",\"isPartOf\":{\"@id\":\"https:\/\/www.notibras.com\/site\/a-dor-que-nao-passa\/\"},\"author\":{\"name\":\"Eduardo Mart\u00ednez\",\"@id\":\"https:\/\/www.notibras.com\/site\/#\/schema\/person\/5b7fabf2aedc3ada2105f03b22b4d3dd\"},\"headline\":\"A dor que n\u00e3o passa\",\"datePublished\":\"2026-02-19T05:00:32+00:00\",\"mainEntityOfPage\":{\"@id\":\"https:\/\/www.notibras.com\/site\/a-dor-que-nao-passa\/\"},\"wordCount\":352,\"publisher\":{\"@id\":\"https:\/\/www.notibras.com\/site\/#organization\"},\"image\":{\"@id\":\"https:\/\/www.notibras.com\/site\/a-dor-que-nao-passa\/#primaryimage\"},\"thumbnailUrl\":\"https:\/\/www.notibras.com\/site\/wp-content\/uploads\/2026\/02\/WhatsApp-Image-2026-02-18-at-20.08.53.jpeg\",\"articleSection\":[\"Ponto de Vista\"],\"inLanguage\":\"pt-BR\"},{\"@type\":\"WebPage\",\"@id\":\"https:\/\/www.notibras.com\/site\/a-dor-que-nao-passa\/\",\"url\":\"https:\/\/www.notibras.com\/site\/a-dor-que-nao-passa\/\",\"name\":\"A dor que n\u00e3o passa - Notibras\",\"isPartOf\":{\"@id\":\"https:\/\/www.notibras.com\/site\/#website\"},\"primaryImageOfPage\":{\"@id\":\"https:\/\/www.notibras.com\/site\/a-dor-que-nao-passa\/#primaryimage\"},\"image\":{\"@id\":\"https:\/\/www.notibras.com\/site\/a-dor-que-nao-passa\/#primaryimage\"},\"thumbnailUrl\":\"https:\/\/www.notibras.com\/site\/wp-content\/uploads\/2026\/02\/WhatsApp-Image-2026-02-18-at-20.08.53.jpeg\",\"datePublished\":\"2026-02-19T05:00:32+00:00\",\"breadcrumb\":{\"@id\":\"https:\/\/www.notibras.com\/site\/a-dor-que-nao-passa\/#breadcrumb\"},\"inLanguage\":\"pt-BR\",\"potentialAction\":[{\"@type\":\"ReadAction\",\"target\":[\"https:\/\/www.notibras.com\/site\/a-dor-que-nao-passa\/\"]}]},{\"@type\":\"ImageObject\",\"inLanguage\":\"pt-BR\",\"@id\":\"https:\/\/www.notibras.com\/site\/a-dor-que-nao-passa\/#primaryimage\",\"url\":\"https:\/\/www.notibras.com\/site\/wp-content\/uploads\/2026\/02\/WhatsApp-Image-2026-02-18-at-20.08.53.jpeg\",\"contentUrl\":\"https:\/\/www.notibras.com\/site\/wp-content\/uploads\/2026\/02\/WhatsApp-Image-2026-02-18-at-20.08.53.jpeg\",\"width\":1024,\"height\":1024},{\"@type\":\"BreadcrumbList\",\"@id\":\"https:\/\/www.notibras.com\/site\/a-dor-que-nao-passa\/#breadcrumb\",\"itemListElement\":[{\"@type\":\"ListItem\",\"position\":1,\"name\":\"In\u00edcio\",\"item\":\"https:\/\/www.notibras.com\/site\/\"},{\"@type\":\"ListItem\",\"position\":2,\"name\":\"A dor que n\u00e3o passa\"}]},{\"@type\":\"WebSite\",\"@id\":\"https:\/\/www.notibras.com\/site\/#website\",\"url\":\"https:\/\/www.notibras.com\/site\/\",\"name\":\"Notibras\",\"description\":\"Not\u00edcias de Bras\u00edlia, do Brasil e do Mundo\",\"publisher\":{\"@id\":\"https:\/\/www.notibras.com\/site\/#organization\"},\"potentialAction\":[{\"@type\":\"SearchAction\",\"target\":{\"@type\":\"EntryPoint\",\"urlTemplate\":\"https:\/\/www.notibras.com\/site\/?s={search_term_string}\"},\"query-input\":{\"@type\":\"PropertyValueSpecification\",\"valueRequired\":true,\"valueName\":\"search_term_string\"}}],\"inLanguage\":\"pt-BR\"},{\"@type\":\"Organization\",\"@id\":\"https:\/\/www.notibras.com\/site\/#organization\",\"name\":\"Grupo Notibras de Comunica\u00e7\u00e3o\",\"url\":\"https:\/\/www.notibras.com\/site\/\",\"logo\":{\"@type\":\"ImageObject\",\"inLanguage\":\"pt-BR\",\"@id\":\"https:\/\/www.notibras.com\/site\/#\/schema\/logo\/image\/\",\"url\":\"https:\/\/www.notibras.com\/site\/wp-content\/uploads\/2023\/01\/notibras23.png\",\"contentUrl\":\"https:\/\/www.notibras.com\/site\/wp-content\/uploads\/2023\/01\/notibras23.png\",\"width\":350,\"height\":87,\"caption\":\"Grupo Notibras de Comunica\u00e7\u00e3o\"},\"image\":{\"@id\":\"https:\/\/www.notibras.com\/site\/#\/schema\/logo\/image\/\"},\"sameAs\":[\"https:\/\/www.facebook.com\/notibras\/\",\"https:\/\/x.com\/Notibras\",\"https:\/\/www.instagram.com\/notibras\/\"]},{\"@type\":\"Person\",\"@id\":\"https:\/\/www.notibras.com\/site\/#\/schema\/person\/5b7fabf2aedc3ada2105f03b22b4d3dd\",\"name\":\"Eduardo Mart\u00ednez\",\"image\":{\"@type\":\"ImageObject\",\"inLanguage\":\"pt-BR\",\"@id\":\"https:\/\/secure.gravatar.com\/avatar\/7902f906289926289cbcda644b5197c796b893c6ffd7b9a536a42d290f7704a0?s=96&d=mm&r=g\",\"url\":\"https:\/\/secure.gravatar.com\/avatar\/7902f906289926289cbcda644b5197c796b893c6ffd7b9a536a42d290f7704a0?s=96&d=mm&r=g\",\"contentUrl\":\"https:\/\/secure.gravatar.com\/avatar\/7902f906289926289cbcda644b5197c796b893c6ffd7b9a536a42d290f7704a0?s=96&d=mm&r=g\",\"caption\":\"Eduardo Mart\u00ednez\"}}]}<\/script>\n<!-- \/ Yoast SEO plugin. -->","yoast_head_json":{"title":"A dor que n\u00e3o passa - Notibras","robots":{"index":"index","follow":"follow","max-snippet":"max-snippet:-1","max-image-preview":"max-image-preview:large","max-video-preview":"max-video-preview:-1"},"canonical":"https:\/\/www.notibras.com\/site\/a-dor-que-nao-passa\/","og_locale":"pt_BR","og_type":"article","og_title":"A dor que n\u00e3o passa - Notibras","og_description":"Todos os dias mulheres est\u00e3o morrendo. Morrendo nas m\u00e3os de homens que dizem que amam, mas continuam matando porque &#8220;n\u00e3o aceitam o fim&#8221;. Ou porque preferem v\u00ea-las em um caix\u00e3o a imagin\u00e1-las seguindo em frente com outra pessoa. Que tipo de &#8220;amor&#8221; \u00e9 esse? Todos os dias meninas s\u00e3o abusadas sexualmente. Muitas vezes por familiares [&hellip;]","og_url":"https:\/\/www.notibras.com\/site\/a-dor-que-nao-passa\/","og_site_name":"Notibras","article_publisher":"https:\/\/www.facebook.com\/notibras\/","article_published_time":"2026-02-19T05:00:32+00:00","og_image":[{"width":1024,"height":1024,"url":"https:\/\/www.notibras.com\/site\/wp-content\/uploads\/2026\/02\/WhatsApp-Image-2026-02-18-at-20.08.53.jpeg","type":"image\/jpeg"}],"author":"Eduardo Mart\u00ednez","twitter_card":"summary_large_image","twitter_creator":"@Notibras","twitter_site":"@Notibras","twitter_misc":{"Escrito por":"Eduardo Mart\u00ednez","Est. tempo de leitura":"3 minutos"},"schema":{"@context":"https:\/\/schema.org","@graph":[{"@type":"Article","@id":"https:\/\/www.notibras.com\/site\/a-dor-que-nao-passa\/#article","isPartOf":{"@id":"https:\/\/www.notibras.com\/site\/a-dor-que-nao-passa\/"},"author":{"name":"Eduardo Mart\u00ednez","@id":"https:\/\/www.notibras.com\/site\/#\/schema\/person\/5b7fabf2aedc3ada2105f03b22b4d3dd"},"headline":"A dor que n\u00e3o passa","datePublished":"2026-02-19T05:00:32+00:00","mainEntityOfPage":{"@id":"https:\/\/www.notibras.com\/site\/a-dor-que-nao-passa\/"},"wordCount":352,"publisher":{"@id":"https:\/\/www.notibras.com\/site\/#organization"},"image":{"@id":"https:\/\/www.notibras.com\/site\/a-dor-que-nao-passa\/#primaryimage"},"thumbnailUrl":"https:\/\/www.notibras.com\/site\/wp-content\/uploads\/2026\/02\/WhatsApp-Image-2026-02-18-at-20.08.53.jpeg","articleSection":["Ponto de Vista"],"inLanguage":"pt-BR"},{"@type":"WebPage","@id":"https:\/\/www.notibras.com\/site\/a-dor-que-nao-passa\/","url":"https:\/\/www.notibras.com\/site\/a-dor-que-nao-passa\/","name":"A dor que n\u00e3o passa - Notibras","isPartOf":{"@id":"https:\/\/www.notibras.com\/site\/#website"},"primaryImageOfPage":{"@id":"https:\/\/www.notibras.com\/site\/a-dor-que-nao-passa\/#primaryimage"},"image":{"@id":"https:\/\/www.notibras.com\/site\/a-dor-que-nao-passa\/#primaryimage"},"thumbnailUrl":"https:\/\/www.notibras.com\/site\/wp-content\/uploads\/2026\/02\/WhatsApp-Image-2026-02-18-at-20.08.53.jpeg","datePublished":"2026-02-19T05:00:32+00:00","breadcrumb":{"@id":"https:\/\/www.notibras.com\/site\/a-dor-que-nao-passa\/#breadcrumb"},"inLanguage":"pt-BR","potentialAction":[{"@type":"ReadAction","target":["https:\/\/www.notibras.com\/site\/a-dor-que-nao-passa\/"]}]},{"@type":"ImageObject","inLanguage":"pt-BR","@id":"https:\/\/www.notibras.com\/site\/a-dor-que-nao-passa\/#primaryimage","url":"https:\/\/www.notibras.com\/site\/wp-content\/uploads\/2026\/02\/WhatsApp-Image-2026-02-18-at-20.08.53.jpeg","contentUrl":"https:\/\/www.notibras.com\/site\/wp-content\/uploads\/2026\/02\/WhatsApp-Image-2026-02-18-at-20.08.53.jpeg","width":1024,"height":1024},{"@type":"BreadcrumbList","@id":"https:\/\/www.notibras.com\/site\/a-dor-que-nao-passa\/#breadcrumb","itemListElement":[{"@type":"ListItem","position":1,"name":"In\u00edcio","item":"https:\/\/www.notibras.com\/site\/"},{"@type":"ListItem","position":2,"name":"A dor que n\u00e3o passa"}]},{"@type":"WebSite","@id":"https:\/\/www.notibras.com\/site\/#website","url":"https:\/\/www.notibras.com\/site\/","name":"Notibras","description":"Not\u00edcias de Bras\u00edlia, do Brasil e do Mundo","publisher":{"@id":"https:\/\/www.notibras.com\/site\/#organization"},"potentialAction":[{"@type":"SearchAction","target":{"@type":"EntryPoint","urlTemplate":"https:\/\/www.notibras.com\/site\/?s={search_term_string}"},"query-input":{"@type":"PropertyValueSpecification","valueRequired":true,"valueName":"search_term_string"}}],"inLanguage":"pt-BR"},{"@type":"Organization","@id":"https:\/\/www.notibras.com\/site\/#organization","name":"Grupo Notibras de Comunica\u00e7\u00e3o","url":"https:\/\/www.notibras.com\/site\/","logo":{"@type":"ImageObject","inLanguage":"pt-BR","@id":"https:\/\/www.notibras.com\/site\/#\/schema\/logo\/image\/","url":"https:\/\/www.notibras.com\/site\/wp-content\/uploads\/2023\/01\/notibras23.png","contentUrl":"https:\/\/www.notibras.com\/site\/wp-content\/uploads\/2023\/01\/notibras23.png","width":350,"height":87,"caption":"Grupo Notibras de Comunica\u00e7\u00e3o"},"image":{"@id":"https:\/\/www.notibras.com\/site\/#\/schema\/logo\/image\/"},"sameAs":["https:\/\/www.facebook.com\/notibras\/","https:\/\/x.com\/Notibras","https:\/\/www.instagram.com\/notibras\/"]},{"@type":"Person","@id":"https:\/\/www.notibras.com\/site\/#\/schema\/person\/5b7fabf2aedc3ada2105f03b22b4d3dd","name":"Eduardo Mart\u00ednez","image":{"@type":"ImageObject","inLanguage":"pt-BR","@id":"https:\/\/secure.gravatar.com\/avatar\/7902f906289926289cbcda644b5197c796b893c6ffd7b9a536a42d290f7704a0?s=96&d=mm&r=g","url":"https:\/\/secure.gravatar.com\/avatar\/7902f906289926289cbcda644b5197c796b893c6ffd7b9a536a42d290f7704a0?s=96&d=mm&r=g","contentUrl":"https:\/\/secure.gravatar.com\/avatar\/7902f906289926289cbcda644b5197c796b893c6ffd7b9a536a42d290f7704a0?s=96&d=mm&r=g","caption":"Eduardo Mart\u00ednez"}}]}},"amp_enabled":true,"_links":{"self":[{"href":"https:\/\/www.notibras.com\/site\/wp-json\/wp\/v2\/posts\/383743","targetHints":{"allow":["GET"]}}],"collection":[{"href":"https:\/\/www.notibras.com\/site\/wp-json\/wp\/v2\/posts"}],"about":[{"href":"https:\/\/www.notibras.com\/site\/wp-json\/wp\/v2\/types\/post"}],"author":[{"embeddable":true,"href":"https:\/\/www.notibras.com\/site\/wp-json\/wp\/v2\/users\/21"}],"replies":[{"embeddable":true,"href":"https:\/\/www.notibras.com\/site\/wp-json\/wp\/v2\/comments?post=383743"}],"version-history":[{"count":1,"href":"https:\/\/www.notibras.com\/site\/wp-json\/wp\/v2\/posts\/383743\/revisions"}],"predecessor-version":[{"id":383745,"href":"https:\/\/www.notibras.com\/site\/wp-json\/wp\/v2\/posts\/383743\/revisions\/383745"}],"wp:featuredmedia":[{"embeddable":true,"href":"https:\/\/www.notibras.com\/site\/wp-json\/wp\/v2\/media\/383744"}],"wp:attachment":[{"href":"https:\/\/www.notibras.com\/site\/wp-json\/wp\/v2\/media?parent=383743"}],"wp:term":[{"taxonomy":"category","embeddable":true,"href":"https:\/\/www.notibras.com\/site\/wp-json\/wp\/v2\/categories?post=383743"},{"taxonomy":"post_tag","embeddable":true,"href":"https:\/\/www.notibras.com\/site\/wp-json\/wp\/v2\/tags?post=383743"}],"curies":[{"name":"wp","href":"https:\/\/api.w.org\/{rel}","templated":true}]}}