{"id":383750,"date":"2026-02-19T01:15:13","date_gmt":"2026-02-19T04:15:13","guid":{"rendered":"https:\/\/www.notibras.com\/site\/?p=383750"},"modified":"2026-02-18T23:27:11","modified_gmt":"2026-02-19T02:27:11","slug":"gama-vence-monte-roraima-e-avanca-para-a-segunda-fase-da-copa-do-brasil","status":"publish","type":"post","link":"https:\/\/www.notibras.com\/site\/gama-vence-monte-roraima-e-avanca-para-a-segunda-fase-da-copa-do-brasil\/","title":{"rendered":"Gama vence Monte Roraima e avan\u00e7a para a segunda fase da Copa do Brasil"},"content":{"rendered":"<p>O Gama conquistou uma importante vit\u00f3ria sobre o Monte Roraima, por 2 a 0, no Est\u00e1dio Bezerr\u00e3o, e garantiu a classifica\u00e7\u00e3o para a segunda fase da Copa do Brasil. Os gols da partida foram marcados por Russo e David, ambos no primeiro tempo.<\/p>\n<p>O jogo come\u00e7ou com um Gama dominando a posse de bola, mas sem criar chances claras de gol. No entanto, aos 23 minutos, Russo abriu o placar ap\u00f3s uma cobran\u00e7a de falta. Cinco minutos depois, David ampliou a vantagem com um chute de longe.<\/p>\n<p>Na segunda etapa, o Monte Roraima tentou reagir, mas o Gama administrou bem o resultado e garantiu a classifica\u00e7\u00e3o. O pr\u00f3ximo advers\u00e1rio do Periquito ser\u00e1 o Goi\u00e1s, no dia 25 de fevereiro, tamb\u00e9m no Bezerr\u00e3o.<\/p>\n<p>&#8220;Estamos em um momento espetacular. Estamos invictos no ano e dentro de casa a gente \u00e9 muito forte, ent\u00e3o n\u00f3s ficamos muito felizes por poder ganhar o jogo&#8221;, disse Russo, autor de um dos gols.<\/p>\n<p>O Gama agora se prepara para enfrentar a ARUC no campeonato Candango, no s\u00e1bado (21\/2), \u00e0s 19h30, no Bezerr\u00e3o.<\/p>\n<p><strong>Escala\u00e7\u00e3o:<\/strong><\/p>\n<p><strong>Gama:<\/strong> Renan Rinaldi, Michel Henrique, Zulu, Wellington (Russo), Lucas Piau\u00ed, Mois\u00e9s (Luc\u00e3o), L\u00facio, David, Renato, Ramon e Felipe Clemente.<\/p>\n<p>T\u00e9cnico: Luis Carlos Souza<\/p>\n<p><strong>Monte Roraima:<\/strong> Lu\u00eds Henrique, Romailson, Felipe, Camilo, Jonathan, Marquinhos (Germano), Geovani (Kayo Vieira), Eydison (Elielton), Felipe Brisola, Luis Gustavo e Romarinho (Jefer).<\/p>\n<p>T\u00e9cnico: Paulo Junges<\/p>\n","protected":false},"excerpt":{"rendered":"<p>O Gama conquistou uma importante vit\u00f3ria sobre o Monte Roraima, por 2 a 0, no Est\u00e1dio Bezerr\u00e3o, e garantiu a classifica\u00e7\u00e3o para a segunda fase da Copa do Brasil. Os gols da partida foram marcados por Russo e David, ambos no primeiro tempo. O jogo come\u00e7ou com um Gama dominando a posse de bola, mas [&hellip;]<\/p>\n","protected":false},"author":21,"featured_media":383753,"comment_status":"closed","ping_status":"closed","sticky":false,"template":"","format":"standard","meta":{"_acf_changed":false,"footnotes":""},"categories":[161],"tags":[],"class_list":["post-383750","post","type-post","status-publish","format-standard","has-post-thumbnail","hentry","category-quadradinho-em-foco"],"acf":[],"yoast_head":"<!-- This site is optimized with the Yoast SEO plugin v27.2 - https:\/\/yoast.com\/product\/yoast-seo-wordpress\/ -->\n<title>Gama vence Monte Roraima e avan\u00e7a para a segunda fase da Copa do Brasil - Notibras<\/title>\n<meta name=\"robots\" content=\"index, follow, max-snippet:-1, max-image-preview:large, max-video-preview:-1\" \/>\n<link rel=\"canonical\" href=\"https:\/\/www.notibras.com\/site\/gama-vence-monte-roraima-e-avanca-para-a-segunda-fase-da-copa-do-brasil\/\" \/>\n<meta property=\"og:locale\" content=\"pt_BR\" \/>\n<meta property=\"og:type\" content=\"article\" \/>\n<meta property=\"og:title\" content=\"Gama vence Monte Roraima e avan\u00e7a para a segunda fase da Copa do Brasil - Notibras\" \/>\n<meta property=\"og:description\" content=\"O Gama conquistou uma importante vit\u00f3ria sobre o Monte Roraima, por 2 a 0, no Est\u00e1dio Bezerr\u00e3o, e garantiu a classifica\u00e7\u00e3o para a segunda fase da Copa do Brasil. Os gols da partida foram marcados por Russo e David, ambos no primeiro tempo. O jogo come\u00e7ou com um Gama dominando a posse de bola, mas [&hellip;]\" \/>\n<meta property=\"og:url\" content=\"https:\/\/www.notibras.com\/site\/gama-vence-monte-roraima-e-avanca-para-a-segunda-fase-da-copa-do-brasil\/\" \/>\n<meta property=\"og:site_name\" content=\"Notibras\" \/>\n<meta property=\"article:publisher\" content=\"https:\/\/www.facebook.com\/notibras\/\" \/>\n<meta property=\"article:published_time\" content=\"2026-02-19T04:15:13+00:00\" \/>\n<meta property=\"og:image\" content=\"https:\/\/www.notibras.com\/site\/wp-content\/uploads\/2026\/02\/IMG_1253-scaled.jpg\" \/>\n\t<meta property=\"og:image:width\" content=\"2560\" \/>\n\t<meta property=\"og:image:height\" content=\"1432\" \/>\n\t<meta property=\"og:image:type\" content=\"image\/jpeg\" \/>\n<meta name=\"author\" content=\"Eduardo Mart\u00ednez\" \/>\n<meta name=\"twitter:card\" content=\"summary_large_image\" \/>\n<meta name=\"twitter:creator\" content=\"@Notibras\" \/>\n<meta name=\"twitter:site\" content=\"@Notibras\" \/>\n<meta name=\"twitter:label1\" content=\"Escrito por\" \/>\n\t<meta name=\"twitter:data1\" content=\"Eduardo Mart\u00ednez\" \/>\n\t<meta name=\"twitter:label2\" content=\"Est. tempo de leitura\" \/>\n\t<meta name=\"twitter:data2\" content=\"2 minutos\" \/>\n<script type=\"application\/ld+json\" class=\"yoast-schema-graph\">{\"@context\":\"https:\/\/schema.org\",\"@graph\":[{\"@type\":\"Article\",\"@id\":\"https:\/\/www.notibras.com\/site\/gama-vence-monte-roraima-e-avanca-para-a-segunda-fase-da-copa-do-brasil\/#article\",\"isPartOf\":{\"@id\":\"https:\/\/www.notibras.com\/site\/gama-vence-monte-roraima-e-avanca-para-a-segunda-fase-da-copa-do-brasil\/\"},\"author\":{\"name\":\"Eduardo Mart\u00ednez\",\"@id\":\"https:\/\/www.notibras.com\/site\/#\/schema\/person\/5b7fabf2aedc3ada2105f03b22b4d3dd\"},\"headline\":\"Gama vence Monte Roraima e avan\u00e7a para a segunda fase da Copa do Brasil\",\"datePublished\":\"2026-02-19T04:15:13+00:00\",\"mainEntityOfPage\":{\"@id\":\"https:\/\/www.notibras.com\/site\/gama-vence-monte-roraima-e-avanca-para-a-segunda-fase-da-copa-do-brasil\/\"},\"wordCount\":258,\"publisher\":{\"@id\":\"https:\/\/www.notibras.com\/site\/#organization\"},\"image\":{\"@id\":\"https:\/\/www.notibras.com\/site\/gama-vence-monte-roraima-e-avanca-para-a-segunda-fase-da-copa-do-brasil\/#primaryimage\"},\"thumbnailUrl\":\"https:\/\/www.notibras.com\/site\/wp-content\/uploads\/2026\/02\/IMG_1253-scaled.jpg\",\"articleSection\":[\"Quadradinho em Foco\"],\"inLanguage\":\"pt-BR\"},{\"@type\":\"WebPage\",\"@id\":\"https:\/\/www.notibras.com\/site\/gama-vence-monte-roraima-e-avanca-para-a-segunda-fase-da-copa-do-brasil\/\",\"url\":\"https:\/\/www.notibras.com\/site\/gama-vence-monte-roraima-e-avanca-para-a-segunda-fase-da-copa-do-brasil\/\",\"name\":\"Gama vence Monte Roraima e avan\u00e7a para a segunda fase da Copa do Brasil - Notibras\",\"isPartOf\":{\"@id\":\"https:\/\/www.notibras.com\/site\/#website\"},\"primaryImageOfPage\":{\"@id\":\"https:\/\/www.notibras.com\/site\/gama-vence-monte-roraima-e-avanca-para-a-segunda-fase-da-copa-do-brasil\/#primaryimage\"},\"image\":{\"@id\":\"https:\/\/www.notibras.com\/site\/gama-vence-monte-roraima-e-avanca-para-a-segunda-fase-da-copa-do-brasil\/#primaryimage\"},\"thumbnailUrl\":\"https:\/\/www.notibras.com\/site\/wp-content\/uploads\/2026\/02\/IMG_1253-scaled.jpg\",\"datePublished\":\"2026-02-19T04:15:13+00:00\",\"breadcrumb\":{\"@id\":\"https:\/\/www.notibras.com\/site\/gama-vence-monte-roraima-e-avanca-para-a-segunda-fase-da-copa-do-brasil\/#breadcrumb\"},\"inLanguage\":\"pt-BR\",\"potentialAction\":[{\"@type\":\"ReadAction\",\"target\":[\"https:\/\/www.notibras.com\/site\/gama-vence-monte-roraima-e-avanca-para-a-segunda-fase-da-copa-do-brasil\/\"]}]},{\"@type\":\"ImageObject\",\"inLanguage\":\"pt-BR\",\"@id\":\"https:\/\/www.notibras.com\/site\/gama-vence-monte-roraima-e-avanca-para-a-segunda-fase-da-copa-do-brasil\/#primaryimage\",\"url\":\"https:\/\/www.notibras.com\/site\/wp-content\/uploads\/2026\/02\/IMG_1253-scaled.jpg\",\"contentUrl\":\"https:\/\/www.notibras.com\/site\/wp-content\/uploads\/2026\/02\/IMG_1253-scaled.jpg\",\"width\":2560,\"height\":1432},{\"@type\":\"BreadcrumbList\",\"@id\":\"https:\/\/www.notibras.com\/site\/gama-vence-monte-roraima-e-avanca-para-a-segunda-fase-da-copa-do-brasil\/#breadcrumb\",\"itemListElement\":[{\"@type\":\"ListItem\",\"position\":1,\"name\":\"In\u00edcio\",\"item\":\"https:\/\/www.notibras.com\/site\/\"},{\"@type\":\"ListItem\",\"position\":2,\"name\":\"Gama vence Monte Roraima e avan\u00e7a para a segunda fase da Copa do Brasil\"}]},{\"@type\":\"WebSite\",\"@id\":\"https:\/\/www.notibras.com\/site\/#website\",\"url\":\"https:\/\/www.notibras.com\/site\/\",\"name\":\"Notibras\",\"description\":\"Not\u00edcias de Bras\u00edlia, do Brasil e do Mundo\",\"publisher\":{\"@id\":\"https:\/\/www.notibras.com\/site\/#organization\"},\"potentialAction\":[{\"@type\":\"SearchAction\",\"target\":{\"@type\":\"EntryPoint\",\"urlTemplate\":\"https:\/\/www.notibras.com\/site\/?s={search_term_string}\"},\"query-input\":{\"@type\":\"PropertyValueSpecification\",\"valueRequired\":true,\"valueName\":\"search_term_string\"}}],\"inLanguage\":\"pt-BR\"},{\"@type\":\"Organization\",\"@id\":\"https:\/\/www.notibras.com\/site\/#organization\",\"name\":\"Grupo Notibras de Comunica\u00e7\u00e3o\",\"url\":\"https:\/\/www.notibras.com\/site\/\",\"logo\":{\"@type\":\"ImageObject\",\"inLanguage\":\"pt-BR\",\"@id\":\"https:\/\/www.notibras.com\/site\/#\/schema\/logo\/image\/\",\"url\":\"https:\/\/www.notibras.com\/site\/wp-content\/uploads\/2023\/01\/notibras23.png\",\"contentUrl\":\"https:\/\/www.notibras.com\/site\/wp-content\/uploads\/2023\/01\/notibras23.png\",\"width\":350,\"height\":87,\"caption\":\"Grupo Notibras de Comunica\u00e7\u00e3o\"},\"image\":{\"@id\":\"https:\/\/www.notibras.com\/site\/#\/schema\/logo\/image\/\"},\"sameAs\":[\"https:\/\/www.facebook.com\/notibras\/\",\"https:\/\/x.com\/Notibras\",\"https:\/\/www.instagram.com\/notibras\/\"]},{\"@type\":\"Person\",\"@id\":\"https:\/\/www.notibras.com\/site\/#\/schema\/person\/5b7fabf2aedc3ada2105f03b22b4d3dd\",\"name\":\"Eduardo Mart\u00ednez\",\"image\":{\"@type\":\"ImageObject\",\"inLanguage\":\"pt-BR\",\"@id\":\"https:\/\/secure.gravatar.com\/avatar\/7902f906289926289cbcda644b5197c796b893c6ffd7b9a536a42d290f7704a0?s=96&d=mm&r=g\",\"url\":\"https:\/\/secure.gravatar.com\/avatar\/7902f906289926289cbcda644b5197c796b893c6ffd7b9a536a42d290f7704a0?s=96&d=mm&r=g\",\"contentUrl\":\"https:\/\/secure.gravatar.com\/avatar\/7902f906289926289cbcda644b5197c796b893c6ffd7b9a536a42d290f7704a0?s=96&d=mm&r=g\",\"caption\":\"Eduardo Mart\u00ednez\"}}]}<\/script>\n<!-- \/ Yoast SEO plugin. -->","yoast_head_json":{"title":"Gama vence Monte Roraima e avan\u00e7a para a segunda fase da Copa do Brasil - Notibras","robots":{"index":"index","follow":"follow","max-snippet":"max-snippet:-1","max-image-preview":"max-image-preview:large","max-video-preview":"max-video-preview:-1"},"canonical":"https:\/\/www.notibras.com\/site\/gama-vence-monte-roraima-e-avanca-para-a-segunda-fase-da-copa-do-brasil\/","og_locale":"pt_BR","og_type":"article","og_title":"Gama vence Monte Roraima e avan\u00e7a para a segunda fase da Copa do Brasil - Notibras","og_description":"O Gama conquistou uma importante vit\u00f3ria sobre o Monte Roraima, por 2 a 0, no Est\u00e1dio Bezerr\u00e3o, e garantiu a classifica\u00e7\u00e3o para a segunda fase da Copa do Brasil. Os gols da partida foram marcados por Russo e David, ambos no primeiro tempo. O jogo come\u00e7ou com um Gama dominando a posse de bola, mas [&hellip;]","og_url":"https:\/\/www.notibras.com\/site\/gama-vence-monte-roraima-e-avanca-para-a-segunda-fase-da-copa-do-brasil\/","og_site_name":"Notibras","article_publisher":"https:\/\/www.facebook.com\/notibras\/","article_published_time":"2026-02-19T04:15:13+00:00","og_image":[{"width":2560,"height":1432,"url":"https:\/\/www.notibras.com\/site\/wp-content\/uploads\/2026\/02\/IMG_1253-scaled.jpg","type":"image\/jpeg"}],"author":"Eduardo Mart\u00ednez","twitter_card":"summary_large_image","twitter_creator":"@Notibras","twitter_site":"@Notibras","twitter_misc":{"Escrito por":"Eduardo Mart\u00ednez","Est. tempo de leitura":"2 minutos"},"schema":{"@context":"https:\/\/schema.org","@graph":[{"@type":"Article","@id":"https:\/\/www.notibras.com\/site\/gama-vence-monte-roraima-e-avanca-para-a-segunda-fase-da-copa-do-brasil\/#article","isPartOf":{"@id":"https:\/\/www.notibras.com\/site\/gama-vence-monte-roraima-e-avanca-para-a-segunda-fase-da-copa-do-brasil\/"},"author":{"name":"Eduardo Mart\u00ednez","@id":"https:\/\/www.notibras.com\/site\/#\/schema\/person\/5b7fabf2aedc3ada2105f03b22b4d3dd"},"headline":"Gama vence Monte Roraima e avan\u00e7a para a segunda fase da Copa do Brasil","datePublished":"2026-02-19T04:15:13+00:00","mainEntityOfPage":{"@id":"https:\/\/www.notibras.com\/site\/gama-vence-monte-roraima-e-avanca-para-a-segunda-fase-da-copa-do-brasil\/"},"wordCount":258,"publisher":{"@id":"https:\/\/www.notibras.com\/site\/#organization"},"image":{"@id":"https:\/\/www.notibras.com\/site\/gama-vence-monte-roraima-e-avanca-para-a-segunda-fase-da-copa-do-brasil\/#primaryimage"},"thumbnailUrl":"https:\/\/www.notibras.com\/site\/wp-content\/uploads\/2026\/02\/IMG_1253-scaled.jpg","articleSection":["Quadradinho em Foco"],"inLanguage":"pt-BR"},{"@type":"WebPage","@id":"https:\/\/www.notibras.com\/site\/gama-vence-monte-roraima-e-avanca-para-a-segunda-fase-da-copa-do-brasil\/","url":"https:\/\/www.notibras.com\/site\/gama-vence-monte-roraima-e-avanca-para-a-segunda-fase-da-copa-do-brasil\/","name":"Gama vence Monte Roraima e avan\u00e7a para a segunda fase da Copa do Brasil - Notibras","isPartOf":{"@id":"https:\/\/www.notibras.com\/site\/#website"},"primaryImageOfPage":{"@id":"https:\/\/www.notibras.com\/site\/gama-vence-monte-roraima-e-avanca-para-a-segunda-fase-da-copa-do-brasil\/#primaryimage"},"image":{"@id":"https:\/\/www.notibras.com\/site\/gama-vence-monte-roraima-e-avanca-para-a-segunda-fase-da-copa-do-brasil\/#primaryimage"},"thumbnailUrl":"https:\/\/www.notibras.com\/site\/wp-content\/uploads\/2026\/02\/IMG_1253-scaled.jpg","datePublished":"2026-02-19T04:15:13+00:00","breadcrumb":{"@id":"https:\/\/www.notibras.com\/site\/gama-vence-monte-roraima-e-avanca-para-a-segunda-fase-da-copa-do-brasil\/#breadcrumb"},"inLanguage":"pt-BR","potentialAction":[{"@type":"ReadAction","target":["https:\/\/www.notibras.com\/site\/gama-vence-monte-roraima-e-avanca-para-a-segunda-fase-da-copa-do-brasil\/"]}]},{"@type":"ImageObject","inLanguage":"pt-BR","@id":"https:\/\/www.notibras.com\/site\/gama-vence-monte-roraima-e-avanca-para-a-segunda-fase-da-copa-do-brasil\/#primaryimage","url":"https:\/\/www.notibras.com\/site\/wp-content\/uploads\/2026\/02\/IMG_1253-scaled.jpg","contentUrl":"https:\/\/www.notibras.com\/site\/wp-content\/uploads\/2026\/02\/IMG_1253-scaled.jpg","width":2560,"height":1432},{"@type":"BreadcrumbList","@id":"https:\/\/www.notibras.com\/site\/gama-vence-monte-roraima-e-avanca-para-a-segunda-fase-da-copa-do-brasil\/#breadcrumb","itemListElement":[{"@type":"ListItem","position":1,"name":"In\u00edcio","item":"https:\/\/www.notibras.com\/site\/"},{"@type":"ListItem","position":2,"name":"Gama vence Monte Roraima e avan\u00e7a para a segunda fase da Copa do Brasil"}]},{"@type":"WebSite","@id":"https:\/\/www.notibras.com\/site\/#website","url":"https:\/\/www.notibras.com\/site\/","name":"Notibras","description":"Not\u00edcias de Bras\u00edlia, do Brasil e do Mundo","publisher":{"@id":"https:\/\/www.notibras.com\/site\/#organization"},"potentialAction":[{"@type":"SearchAction","target":{"@type":"EntryPoint","urlTemplate":"https:\/\/www.notibras.com\/site\/?s={search_term_string}"},"query-input":{"@type":"PropertyValueSpecification","valueRequired":true,"valueName":"search_term_string"}}],"inLanguage":"pt-BR"},{"@type":"Organization","@id":"https:\/\/www.notibras.com\/site\/#organization","name":"Grupo Notibras de Comunica\u00e7\u00e3o","url":"https:\/\/www.notibras.com\/site\/","logo":{"@type":"ImageObject","inLanguage":"pt-BR","@id":"https:\/\/www.notibras.com\/site\/#\/schema\/logo\/image\/","url":"https:\/\/www.notibras.com\/site\/wp-content\/uploads\/2023\/01\/notibras23.png","contentUrl":"https:\/\/www.notibras.com\/site\/wp-content\/uploads\/2023\/01\/notibras23.png","width":350,"height":87,"caption":"Grupo Notibras de Comunica\u00e7\u00e3o"},"image":{"@id":"https:\/\/www.notibras.com\/site\/#\/schema\/logo\/image\/"},"sameAs":["https:\/\/www.facebook.com\/notibras\/","https:\/\/x.com\/Notibras","https:\/\/www.instagram.com\/notibras\/"]},{"@type":"Person","@id":"https:\/\/www.notibras.com\/site\/#\/schema\/person\/5b7fabf2aedc3ada2105f03b22b4d3dd","name":"Eduardo Mart\u00ednez","image":{"@type":"ImageObject","inLanguage":"pt-BR","@id":"https:\/\/secure.gravatar.com\/avatar\/7902f906289926289cbcda644b5197c796b893c6ffd7b9a536a42d290f7704a0?s=96&d=mm&r=g","url":"https:\/\/secure.gravatar.com\/avatar\/7902f906289926289cbcda644b5197c796b893c6ffd7b9a536a42d290f7704a0?s=96&d=mm&r=g","contentUrl":"https:\/\/secure.gravatar.com\/avatar\/7902f906289926289cbcda644b5197c796b893c6ffd7b9a536a42d290f7704a0?s=96&d=mm&r=g","caption":"Eduardo Mart\u00ednez"}}]}},"amp_enabled":true,"_links":{"self":[{"href":"https:\/\/www.notibras.com\/site\/wp-json\/wp\/v2\/posts\/383750","targetHints":{"allow":["GET"]}}],"collection":[{"href":"https:\/\/www.notibras.com\/site\/wp-json\/wp\/v2\/posts"}],"about":[{"href":"https:\/\/www.notibras.com\/site\/wp-json\/wp\/v2\/types\/post"}],"author":[{"embeddable":true,"href":"https:\/\/www.notibras.com\/site\/wp-json\/wp\/v2\/users\/21"}],"replies":[{"embeddable":true,"href":"https:\/\/www.notibras.com\/site\/wp-json\/wp\/v2\/comments?post=383750"}],"version-history":[{"count":4,"href":"https:\/\/www.notibras.com\/site\/wp-json\/wp\/v2\/posts\/383750\/revisions"}],"predecessor-version":[{"id":383756,"href":"https:\/\/www.notibras.com\/site\/wp-json\/wp\/v2\/posts\/383750\/revisions\/383756"}],"wp:featuredmedia":[{"embeddable":true,"href":"https:\/\/www.notibras.com\/site\/wp-json\/wp\/v2\/media\/383753"}],"wp:attachment":[{"href":"https:\/\/www.notibras.com\/site\/wp-json\/wp\/v2\/media?parent=383750"}],"wp:term":[{"taxonomy":"category","embeddable":true,"href":"https:\/\/www.notibras.com\/site\/wp-json\/wp\/v2\/categories?post=383750"},{"taxonomy":"post_tag","embeddable":true,"href":"https:\/\/www.notibras.com\/site\/wp-json\/wp\/v2\/tags?post=383750"}],"curies":[{"name":"wp","href":"https:\/\/api.w.org\/{rel}","templated":true}]}}