{"id":383760,"date":"2026-02-19T00:30:19","date_gmt":"2026-02-19T03:30:19","guid":{"rendered":"https:\/\/www.notibras.com\/site\/?p=383760"},"modified":"2026-02-18T23:30:33","modified_gmt":"2026-02-19T02:30:33","slug":"novos-beneficiarios-tem-ate-o-dia-24-para-abrir-conta-no-brb","status":"publish","type":"post","link":"https:\/\/www.notibras.com\/site\/novos-beneficiarios-tem-ate-o-dia-24-para-abrir-conta-no-brb\/","title":{"rendered":"Novos benefici\u00e1rios t\u00eam at\u00e9 o dia 24 para abrir conta no BRB"},"content":{"rendered":"<p>A Secretaria de Desenvolvimento Social do Distrito Federal (Sedes-DF) selecionou 408 novas fam\u00edlias benefici\u00e1rias do programa DF Social para abrirem a conta no Banco de Bras\u00edlia (BRB) e terem acesso ao aux\u00edlio mensal de R$ 150. Para garantir o recebimento do pr\u00f3ximo pagamento, \u00e9 necess\u00e1rio que o cidad\u00e3o tenha a conta social (n\u00e3o se trata de uma conta banc\u00e1ria comum) aberta at\u00e9 \u00e0s 18h do dia 24.<\/p>\n<p>Aqueles que n\u00e3o abrirem conta no prazo estabelecido v\u00e3o ter que aguardar nova contempla\u00e7\u00e3o. \u200cA abertura da conta social deve ser realizada pelo aplicativo BRB Mobile. Basta seguir o passo a passo.<\/p>\n<p>Para saber se foi contemplado, o cidad\u00e3o deve fazer a consulta no site GDF Social e confirmar se est\u00e1 entre os benefici\u00e1rios. No portal, em \u201cConsulta DF Social\u201d, \u00e9 necess\u00e1rio informar CPF e data de nascimento do respons\u00e1vel familiar, conforme declarado no Cadastro \u00danico. Ap\u00f3s esse procedimento, aparece mensagem na tela informando se a pessoa est\u00e1 ou n\u00e3o na lista de contemplados.<\/p>\n<p>\u201cTodos os meses temos contemplados no DF Social, este benef\u00edcio que complementa a renda das fam\u00edlias, reduzindo o impacto em seus or\u00e7amentos familiares. Ent\u00e3o, quem for contemplado precisa ficar atento ao prazo para abertura da conta social digital no aplicativo do BRB\u201d, declarou a secret\u00e1ria de Desenvolvimento Social, Ana Paula Marra.<\/p>\n<p>O DF Social \u00e9 o programa de transfer\u00eancia de renda do Governo do Distrito Federal (GDF) que concede o valor de R$ 150 mensais destinado \u00e0s fam\u00edlias de baixa renda residentes no Distrito Federal. T\u00eam direito ao benef\u00edcio os grupos com renda per capita de at\u00e9 meio sal\u00e1rio m\u00ednimo inscritos no Cadastro \u00danico, entre outros crit\u00e9rios. A contempla\u00e7\u00e3o \u00e9 feita por meio de sele\u00e7\u00e3o autom\u00e1tica, cruzando crit\u00e9rios do programa com os cadastros \u00fanicos.<\/p>\n<p>O cr\u00e9dito de R$ 150 \u00e9 realizado pelo BRB sempre no primeiro dia \u00fatil de cada m\u00eas, a partir das 18h.<\/p>\n","protected":false},"excerpt":{"rendered":"<p>A Secretaria de Desenvolvimento Social do Distrito Federal (Sedes-DF) selecionou 408 novas fam\u00edlias benefici\u00e1rias do programa DF Social para abrirem a conta no Banco de Bras\u00edlia (BRB) e terem acesso ao aux\u00edlio mensal de R$ 150. Para garantir o recebimento do pr\u00f3ximo pagamento, \u00e9 necess\u00e1rio que o cidad\u00e3o tenha a conta social (n\u00e3o se trata [&hellip;]<\/p>\n","protected":false},"author":21,"featured_media":383761,"comment_status":"closed","ping_status":"closed","sticky":false,"template":"","format":"standard","meta":{"_acf_changed":false,"footnotes":""},"categories":[161],"tags":[],"class_list":["post-383760","post","type-post","status-publish","format-standard","has-post-thumbnail","hentry","category-quadradinho-em-foco"],"acf":[],"yoast_head":"<!-- This site is optimized with the Yoast SEO plugin v27.2 - https:\/\/yoast.com\/product\/yoast-seo-wordpress\/ -->\n<title>Novos benefici\u00e1rios t\u00eam at\u00e9 o dia 24 para abrir conta no BRB - Notibras<\/title>\n<meta name=\"robots\" content=\"index, follow, max-snippet:-1, max-image-preview:large, max-video-preview:-1\" \/>\n<link rel=\"canonical\" href=\"https:\/\/www.notibras.com\/site\/novos-beneficiarios-tem-ate-o-dia-24-para-abrir-conta-no-brb\/\" \/>\n<meta property=\"og:locale\" content=\"pt_BR\" \/>\n<meta property=\"og:type\" content=\"article\" \/>\n<meta property=\"og:title\" content=\"Novos benefici\u00e1rios t\u00eam at\u00e9 o dia 24 para abrir conta no BRB - Notibras\" \/>\n<meta property=\"og:description\" content=\"A Secretaria de Desenvolvimento Social do Distrito Federal (Sedes-DF) selecionou 408 novas fam\u00edlias benefici\u00e1rias do programa DF Social para abrirem a conta no Banco de Bras\u00edlia (BRB) e terem acesso ao aux\u00edlio mensal de R$ 150. Para garantir o recebimento do pr\u00f3ximo pagamento, \u00e9 necess\u00e1rio que o cidad\u00e3o tenha a conta social (n\u00e3o se trata [&hellip;]\" \/>\n<meta property=\"og:url\" content=\"https:\/\/www.notibras.com\/site\/novos-beneficiarios-tem-ate-o-dia-24-para-abrir-conta-no-brb\/\" \/>\n<meta property=\"og:site_name\" content=\"Notibras\" \/>\n<meta property=\"article:publisher\" content=\"https:\/\/www.facebook.com\/notibras\/\" \/>\n<meta property=\"article:published_time\" content=\"2026-02-19T03:30:19+00:00\" \/>\n<meta property=\"og:image\" content=\"https:\/\/www.notibras.com\/site\/wp-content\/uploads\/2026\/02\/WhatsApp-Image-2026-02-18-at-17.25.36-1.jpeg\" \/>\n\t<meta property=\"og:image:width\" content=\"1600\" \/>\n\t<meta property=\"og:image:height\" content=\"1200\" \/>\n\t<meta property=\"og:image:type\" content=\"image\/jpeg\" \/>\n<meta name=\"author\" content=\"Eduardo Mart\u00ednez\" \/>\n<meta name=\"twitter:card\" content=\"summary_large_image\" \/>\n<meta name=\"twitter:creator\" content=\"@Notibras\" \/>\n<meta name=\"twitter:site\" content=\"@Notibras\" \/>\n<meta name=\"twitter:label1\" content=\"Escrito por\" \/>\n\t<meta name=\"twitter:data1\" content=\"Eduardo Mart\u00ednez\" \/>\n\t<meta name=\"twitter:label2\" content=\"Est. tempo de leitura\" \/>\n\t<meta name=\"twitter:data2\" content=\"2 minutos\" \/>\n<script type=\"application\/ld+json\" class=\"yoast-schema-graph\">{\"@context\":\"https:\/\/schema.org\",\"@graph\":[{\"@type\":\"Article\",\"@id\":\"https:\/\/www.notibras.com\/site\/novos-beneficiarios-tem-ate-o-dia-24-para-abrir-conta-no-brb\/#article\",\"isPartOf\":{\"@id\":\"https:\/\/www.notibras.com\/site\/novos-beneficiarios-tem-ate-o-dia-24-para-abrir-conta-no-brb\/\"},\"author\":{\"name\":\"Eduardo Mart\u00ednez\",\"@id\":\"https:\/\/www.notibras.com\/site\/#\/schema\/person\/5b7fabf2aedc3ada2105f03b22b4d3dd\"},\"headline\":\"Novos benefici\u00e1rios t\u00eam at\u00e9 o dia 24 para abrir conta no BRB\",\"datePublished\":\"2026-02-19T03:30:19+00:00\",\"mainEntityOfPage\":{\"@id\":\"https:\/\/www.notibras.com\/site\/novos-beneficiarios-tem-ate-o-dia-24-para-abrir-conta-no-brb\/\"},\"wordCount\":345,\"publisher\":{\"@id\":\"https:\/\/www.notibras.com\/site\/#organization\"},\"image\":{\"@id\":\"https:\/\/www.notibras.com\/site\/novos-beneficiarios-tem-ate-o-dia-24-para-abrir-conta-no-brb\/#primaryimage\"},\"thumbnailUrl\":\"https:\/\/www.notibras.com\/site\/wp-content\/uploads\/2026\/02\/WhatsApp-Image-2026-02-18-at-17.25.36-1.jpeg\",\"articleSection\":[\"Quadradinho em Foco\"],\"inLanguage\":\"pt-BR\"},{\"@type\":\"WebPage\",\"@id\":\"https:\/\/www.notibras.com\/site\/novos-beneficiarios-tem-ate-o-dia-24-para-abrir-conta-no-brb\/\",\"url\":\"https:\/\/www.notibras.com\/site\/novos-beneficiarios-tem-ate-o-dia-24-para-abrir-conta-no-brb\/\",\"name\":\"Novos benefici\u00e1rios t\u00eam at\u00e9 o dia 24 para abrir conta no BRB - Notibras\",\"isPartOf\":{\"@id\":\"https:\/\/www.notibras.com\/site\/#website\"},\"primaryImageOfPage\":{\"@id\":\"https:\/\/www.notibras.com\/site\/novos-beneficiarios-tem-ate-o-dia-24-para-abrir-conta-no-brb\/#primaryimage\"},\"image\":{\"@id\":\"https:\/\/www.notibras.com\/site\/novos-beneficiarios-tem-ate-o-dia-24-para-abrir-conta-no-brb\/#primaryimage\"},\"thumbnailUrl\":\"https:\/\/www.notibras.com\/site\/wp-content\/uploads\/2026\/02\/WhatsApp-Image-2026-02-18-at-17.25.36-1.jpeg\",\"datePublished\":\"2026-02-19T03:30:19+00:00\",\"breadcrumb\":{\"@id\":\"https:\/\/www.notibras.com\/site\/novos-beneficiarios-tem-ate-o-dia-24-para-abrir-conta-no-brb\/#breadcrumb\"},\"inLanguage\":\"pt-BR\",\"potentialAction\":[{\"@type\":\"ReadAction\",\"target\":[\"https:\/\/www.notibras.com\/site\/novos-beneficiarios-tem-ate-o-dia-24-para-abrir-conta-no-brb\/\"]}]},{\"@type\":\"ImageObject\",\"inLanguage\":\"pt-BR\",\"@id\":\"https:\/\/www.notibras.com\/site\/novos-beneficiarios-tem-ate-o-dia-24-para-abrir-conta-no-brb\/#primaryimage\",\"url\":\"https:\/\/www.notibras.com\/site\/wp-content\/uploads\/2026\/02\/WhatsApp-Image-2026-02-18-at-17.25.36-1.jpeg\",\"contentUrl\":\"https:\/\/www.notibras.com\/site\/wp-content\/uploads\/2026\/02\/WhatsApp-Image-2026-02-18-at-17.25.36-1.jpeg\",\"width\":1600,\"height\":1200},{\"@type\":\"BreadcrumbList\",\"@id\":\"https:\/\/www.notibras.com\/site\/novos-beneficiarios-tem-ate-o-dia-24-para-abrir-conta-no-brb\/#breadcrumb\",\"itemListElement\":[{\"@type\":\"ListItem\",\"position\":1,\"name\":\"In\u00edcio\",\"item\":\"https:\/\/www.notibras.com\/site\/\"},{\"@type\":\"ListItem\",\"position\":2,\"name\":\"Novos benefici\u00e1rios t\u00eam at\u00e9 o dia 24 para abrir conta no BRB\"}]},{\"@type\":\"WebSite\",\"@id\":\"https:\/\/www.notibras.com\/site\/#website\",\"url\":\"https:\/\/www.notibras.com\/site\/\",\"name\":\"Notibras\",\"description\":\"Not\u00edcias de Bras\u00edlia, do Brasil e do Mundo\",\"publisher\":{\"@id\":\"https:\/\/www.notibras.com\/site\/#organization\"},\"potentialAction\":[{\"@type\":\"SearchAction\",\"target\":{\"@type\":\"EntryPoint\",\"urlTemplate\":\"https:\/\/www.notibras.com\/site\/?s={search_term_string}\"},\"query-input\":{\"@type\":\"PropertyValueSpecification\",\"valueRequired\":true,\"valueName\":\"search_term_string\"}}],\"inLanguage\":\"pt-BR\"},{\"@type\":\"Organization\",\"@id\":\"https:\/\/www.notibras.com\/site\/#organization\",\"name\":\"Grupo Notibras de Comunica\u00e7\u00e3o\",\"url\":\"https:\/\/www.notibras.com\/site\/\",\"logo\":{\"@type\":\"ImageObject\",\"inLanguage\":\"pt-BR\",\"@id\":\"https:\/\/www.notibras.com\/site\/#\/schema\/logo\/image\/\",\"url\":\"https:\/\/www.notibras.com\/site\/wp-content\/uploads\/2023\/01\/notibras23.png\",\"contentUrl\":\"https:\/\/www.notibras.com\/site\/wp-content\/uploads\/2023\/01\/notibras23.png\",\"width\":350,\"height\":87,\"caption\":\"Grupo Notibras de Comunica\u00e7\u00e3o\"},\"image\":{\"@id\":\"https:\/\/www.notibras.com\/site\/#\/schema\/logo\/image\/\"},\"sameAs\":[\"https:\/\/www.facebook.com\/notibras\/\",\"https:\/\/x.com\/Notibras\",\"https:\/\/www.instagram.com\/notibras\/\"]},{\"@type\":\"Person\",\"@id\":\"https:\/\/www.notibras.com\/site\/#\/schema\/person\/5b7fabf2aedc3ada2105f03b22b4d3dd\",\"name\":\"Eduardo Mart\u00ednez\",\"image\":{\"@type\":\"ImageObject\",\"inLanguage\":\"pt-BR\",\"@id\":\"https:\/\/secure.gravatar.com\/avatar\/7902f906289926289cbcda644b5197c796b893c6ffd7b9a536a42d290f7704a0?s=96&d=mm&r=g\",\"url\":\"https:\/\/secure.gravatar.com\/avatar\/7902f906289926289cbcda644b5197c796b893c6ffd7b9a536a42d290f7704a0?s=96&d=mm&r=g\",\"contentUrl\":\"https:\/\/secure.gravatar.com\/avatar\/7902f906289926289cbcda644b5197c796b893c6ffd7b9a536a42d290f7704a0?s=96&d=mm&r=g\",\"caption\":\"Eduardo Mart\u00ednez\"}}]}<\/script>\n<!-- \/ Yoast SEO plugin. -->","yoast_head_json":{"title":"Novos benefici\u00e1rios t\u00eam at\u00e9 o dia 24 para abrir conta no BRB - Notibras","robots":{"index":"index","follow":"follow","max-snippet":"max-snippet:-1","max-image-preview":"max-image-preview:large","max-video-preview":"max-video-preview:-1"},"canonical":"https:\/\/www.notibras.com\/site\/novos-beneficiarios-tem-ate-o-dia-24-para-abrir-conta-no-brb\/","og_locale":"pt_BR","og_type":"article","og_title":"Novos benefici\u00e1rios t\u00eam at\u00e9 o dia 24 para abrir conta no BRB - Notibras","og_description":"A Secretaria de Desenvolvimento Social do Distrito Federal (Sedes-DF) selecionou 408 novas fam\u00edlias benefici\u00e1rias do programa DF Social para abrirem a conta no Banco de Bras\u00edlia (BRB) e terem acesso ao aux\u00edlio mensal de R$ 150. Para garantir o recebimento do pr\u00f3ximo pagamento, \u00e9 necess\u00e1rio que o cidad\u00e3o tenha a conta social (n\u00e3o se trata [&hellip;]","og_url":"https:\/\/www.notibras.com\/site\/novos-beneficiarios-tem-ate-o-dia-24-para-abrir-conta-no-brb\/","og_site_name":"Notibras","article_publisher":"https:\/\/www.facebook.com\/notibras\/","article_published_time":"2026-02-19T03:30:19+00:00","og_image":[{"width":1600,"height":1200,"url":"https:\/\/www.notibras.com\/site\/wp-content\/uploads\/2026\/02\/WhatsApp-Image-2026-02-18-at-17.25.36-1.jpeg","type":"image\/jpeg"}],"author":"Eduardo Mart\u00ednez","twitter_card":"summary_large_image","twitter_creator":"@Notibras","twitter_site":"@Notibras","twitter_misc":{"Escrito por":"Eduardo Mart\u00ednez","Est. tempo de leitura":"2 minutos"},"schema":{"@context":"https:\/\/schema.org","@graph":[{"@type":"Article","@id":"https:\/\/www.notibras.com\/site\/novos-beneficiarios-tem-ate-o-dia-24-para-abrir-conta-no-brb\/#article","isPartOf":{"@id":"https:\/\/www.notibras.com\/site\/novos-beneficiarios-tem-ate-o-dia-24-para-abrir-conta-no-brb\/"},"author":{"name":"Eduardo Mart\u00ednez","@id":"https:\/\/www.notibras.com\/site\/#\/schema\/person\/5b7fabf2aedc3ada2105f03b22b4d3dd"},"headline":"Novos benefici\u00e1rios t\u00eam at\u00e9 o dia 24 para abrir conta no BRB","datePublished":"2026-02-19T03:30:19+00:00","mainEntityOfPage":{"@id":"https:\/\/www.notibras.com\/site\/novos-beneficiarios-tem-ate-o-dia-24-para-abrir-conta-no-brb\/"},"wordCount":345,"publisher":{"@id":"https:\/\/www.notibras.com\/site\/#organization"},"image":{"@id":"https:\/\/www.notibras.com\/site\/novos-beneficiarios-tem-ate-o-dia-24-para-abrir-conta-no-brb\/#primaryimage"},"thumbnailUrl":"https:\/\/www.notibras.com\/site\/wp-content\/uploads\/2026\/02\/WhatsApp-Image-2026-02-18-at-17.25.36-1.jpeg","articleSection":["Quadradinho em Foco"],"inLanguage":"pt-BR"},{"@type":"WebPage","@id":"https:\/\/www.notibras.com\/site\/novos-beneficiarios-tem-ate-o-dia-24-para-abrir-conta-no-brb\/","url":"https:\/\/www.notibras.com\/site\/novos-beneficiarios-tem-ate-o-dia-24-para-abrir-conta-no-brb\/","name":"Novos benefici\u00e1rios t\u00eam at\u00e9 o dia 24 para abrir conta no BRB - Notibras","isPartOf":{"@id":"https:\/\/www.notibras.com\/site\/#website"},"primaryImageOfPage":{"@id":"https:\/\/www.notibras.com\/site\/novos-beneficiarios-tem-ate-o-dia-24-para-abrir-conta-no-brb\/#primaryimage"},"image":{"@id":"https:\/\/www.notibras.com\/site\/novos-beneficiarios-tem-ate-o-dia-24-para-abrir-conta-no-brb\/#primaryimage"},"thumbnailUrl":"https:\/\/www.notibras.com\/site\/wp-content\/uploads\/2026\/02\/WhatsApp-Image-2026-02-18-at-17.25.36-1.jpeg","datePublished":"2026-02-19T03:30:19+00:00","breadcrumb":{"@id":"https:\/\/www.notibras.com\/site\/novos-beneficiarios-tem-ate-o-dia-24-para-abrir-conta-no-brb\/#breadcrumb"},"inLanguage":"pt-BR","potentialAction":[{"@type":"ReadAction","target":["https:\/\/www.notibras.com\/site\/novos-beneficiarios-tem-ate-o-dia-24-para-abrir-conta-no-brb\/"]}]},{"@type":"ImageObject","inLanguage":"pt-BR","@id":"https:\/\/www.notibras.com\/site\/novos-beneficiarios-tem-ate-o-dia-24-para-abrir-conta-no-brb\/#primaryimage","url":"https:\/\/www.notibras.com\/site\/wp-content\/uploads\/2026\/02\/WhatsApp-Image-2026-02-18-at-17.25.36-1.jpeg","contentUrl":"https:\/\/www.notibras.com\/site\/wp-content\/uploads\/2026\/02\/WhatsApp-Image-2026-02-18-at-17.25.36-1.jpeg","width":1600,"height":1200},{"@type":"BreadcrumbList","@id":"https:\/\/www.notibras.com\/site\/novos-beneficiarios-tem-ate-o-dia-24-para-abrir-conta-no-brb\/#breadcrumb","itemListElement":[{"@type":"ListItem","position":1,"name":"In\u00edcio","item":"https:\/\/www.notibras.com\/site\/"},{"@type":"ListItem","position":2,"name":"Novos benefici\u00e1rios t\u00eam at\u00e9 o dia 24 para abrir conta no BRB"}]},{"@type":"WebSite","@id":"https:\/\/www.notibras.com\/site\/#website","url":"https:\/\/www.notibras.com\/site\/","name":"Notibras","description":"Not\u00edcias de Bras\u00edlia, do Brasil e do Mundo","publisher":{"@id":"https:\/\/www.notibras.com\/site\/#organization"},"potentialAction":[{"@type":"SearchAction","target":{"@type":"EntryPoint","urlTemplate":"https:\/\/www.notibras.com\/site\/?s={search_term_string}"},"query-input":{"@type":"PropertyValueSpecification","valueRequired":true,"valueName":"search_term_string"}}],"inLanguage":"pt-BR"},{"@type":"Organization","@id":"https:\/\/www.notibras.com\/site\/#organization","name":"Grupo Notibras de Comunica\u00e7\u00e3o","url":"https:\/\/www.notibras.com\/site\/","logo":{"@type":"ImageObject","inLanguage":"pt-BR","@id":"https:\/\/www.notibras.com\/site\/#\/schema\/logo\/image\/","url":"https:\/\/www.notibras.com\/site\/wp-content\/uploads\/2023\/01\/notibras23.png","contentUrl":"https:\/\/www.notibras.com\/site\/wp-content\/uploads\/2023\/01\/notibras23.png","width":350,"height":87,"caption":"Grupo Notibras de Comunica\u00e7\u00e3o"},"image":{"@id":"https:\/\/www.notibras.com\/site\/#\/schema\/logo\/image\/"},"sameAs":["https:\/\/www.facebook.com\/notibras\/","https:\/\/x.com\/Notibras","https:\/\/www.instagram.com\/notibras\/"]},{"@type":"Person","@id":"https:\/\/www.notibras.com\/site\/#\/schema\/person\/5b7fabf2aedc3ada2105f03b22b4d3dd","name":"Eduardo Mart\u00ednez","image":{"@type":"ImageObject","inLanguage":"pt-BR","@id":"https:\/\/secure.gravatar.com\/avatar\/7902f906289926289cbcda644b5197c796b893c6ffd7b9a536a42d290f7704a0?s=96&d=mm&r=g","url":"https:\/\/secure.gravatar.com\/avatar\/7902f906289926289cbcda644b5197c796b893c6ffd7b9a536a42d290f7704a0?s=96&d=mm&r=g","contentUrl":"https:\/\/secure.gravatar.com\/avatar\/7902f906289926289cbcda644b5197c796b893c6ffd7b9a536a42d290f7704a0?s=96&d=mm&r=g","caption":"Eduardo Mart\u00ednez"}}]}},"amp_enabled":true,"_links":{"self":[{"href":"https:\/\/www.notibras.com\/site\/wp-json\/wp\/v2\/posts\/383760","targetHints":{"allow":["GET"]}}],"collection":[{"href":"https:\/\/www.notibras.com\/site\/wp-json\/wp\/v2\/posts"}],"about":[{"href":"https:\/\/www.notibras.com\/site\/wp-json\/wp\/v2\/types\/post"}],"author":[{"embeddable":true,"href":"https:\/\/www.notibras.com\/site\/wp-json\/wp\/v2\/users\/21"}],"replies":[{"embeddable":true,"href":"https:\/\/www.notibras.com\/site\/wp-json\/wp\/v2\/comments?post=383760"}],"version-history":[{"count":2,"href":"https:\/\/www.notibras.com\/site\/wp-json\/wp\/v2\/posts\/383760\/revisions"}],"predecessor-version":[{"id":383763,"href":"https:\/\/www.notibras.com\/site\/wp-json\/wp\/v2\/posts\/383760\/revisions\/383763"}],"wp:featuredmedia":[{"embeddable":true,"href":"https:\/\/www.notibras.com\/site\/wp-json\/wp\/v2\/media\/383761"}],"wp:attachment":[{"href":"https:\/\/www.notibras.com\/site\/wp-json\/wp\/v2\/media?parent=383760"}],"wp:term":[{"taxonomy":"category","embeddable":true,"href":"https:\/\/www.notibras.com\/site\/wp-json\/wp\/v2\/categories?post=383760"},{"taxonomy":"post_tag","embeddable":true,"href":"https:\/\/www.notibras.com\/site\/wp-json\/wp\/v2\/tags?post=383760"}],"curies":[{"name":"wp","href":"https:\/\/api.w.org\/{rel}","templated":true}]}}