{"id":383764,"date":"2026-02-19T00:45:51","date_gmt":"2026-02-19T03:45:51","guid":{"rendered":"https:\/\/www.notibras.com\/site\/?p=383764"},"modified":"2026-02-18T23:47:19","modified_gmt":"2026-02-19T02:47:19","slug":"caps-ad-utilizam-croche-como-terapia-contra-a-dependencia-quimica","status":"publish","type":"post","link":"https:\/\/www.notibras.com\/site\/caps-ad-utilizam-croche-como-terapia-contra-a-dependencia-quimica\/","title":{"rendered":"Caps AD utilizam croch\u00ea como terapia contra a depend\u00eancia qu\u00edmica"},"content":{"rendered":"<p>A Organiza\u00e7\u00e3o Mundial da Sa\u00fade (OMS) considera que a depend\u00eancia em drogas il\u00edcitas ou l\u00edcitas seja, por si s\u00f3, uma doen\u00e7a, e a <a href=\"https:\/\/www.saude.df.gov.br\/saude-mental\">Rede de Aten\u00e7\u00e3o Psicossocial (Raps)<\/a> da Secretaria de Sa\u00fade (SES-DF) possui diversos recursos para enfrentar esse problema no Distrito Federal. Com servi\u00e7os que v\u00e3o da aten\u00e7\u00e3o b\u00e1sica ao atendimento hospitalar, das consultas de rotina \u00e0 emerg\u00eancia, h\u00e1 um expediente terap\u00eautico que se mostra importante contra a depend\u00eancia qu\u00edmica: o croch\u00ea.<\/p>\n<p>\u201cQuando trabalhamos com croch\u00ea, n\u00e3o ensinamos apenas a t\u00e9cnica. Trabalhamos a coordena\u00e7\u00e3o motora, o c\u00e9rebro, novos aprendizados e conex\u00f5es neurais&#8221;, afirma a enfermeira Angelita Bandeira, que coordena a oficina de croch\u00ea do Centro de Aten\u00e7\u00e3o Psicossocial para Tratamento de \u00c1lcool e outras Drogas (Caps AD) II de Santa Maria \u2014 tamb\u00e9m conhecido como Caps Flor de L\u00f3tus.<\/p>\n<p>Na atividade, Bandeira explica que os participantes desenvolvem importantes habilidades como lidar com a frustra\u00e7\u00e3o e ter persist\u00eancia. &#8220;Isso porque, \u00e0s vezes, n\u00e3o conseguimos fazer o ponto de primeira ou algo sai errado no meio do caminho, obrigando-nos a desmanchar o trabalho e recome\u00e7ar&#8221;, conta.<\/p>\n<p>Para a profissional, a t\u00e9cnica serve tamb\u00e9m como medita\u00e7\u00e3o, serenando o \u00e2nimo de pacientes e servidores da unidade. \u201cO croch\u00ea \u00e9 igual \u00e0 nossa vida: se voc\u00ea come\u00e7ar errado, l\u00e1 na frente vai dar problema. Ent\u00e3o, \u00e9 melhor parar, respirar, desmanchar, recome\u00e7ar. A linha torna-se uma met\u00e1fora do agir. Se estou tensa, o ponto aperta; se estou tranquila, o ponto relaxa.&#8221;<\/p>\n<p><strong>Acesso \u00e0 Raps<\/strong><\/p>\n<p>As<a href=\"https:\/\/www.saude.df.gov.br\/unidades-basicas\"> unidades b\u00e1sicas de sa\u00fade (UBSs)<\/a> da SES-DF s\u00e3o a porta de entrada preferencial ao tratamento da popula\u00e7\u00e3o, respons\u00e1veis por cuidar de quadros ps\u00edquicos mais leves. Para casos de maior complexidade, a Raps conta com 18 <a href=\"https:\/\/www.saude.df.gov.br\/carta-caps\">centros de aten\u00e7\u00e3o psicossocial (Caps)<\/a>, destinados ao atendimento de pessoas com sofrimento mental grave, inclu\u00eddo aquele decorrente da depend\u00eancia qu\u00edmica. As unidades funcionam em regime de porta aberta, sem necessidade de agendamento pr\u00e9vio ou encaminhamento m\u00e9dico \u2014 <a href=\"https:\/\/info.saude.df.gov.br\/busca-saude-caps\/\">clique aqui para localizar o Caps mais pr\u00f3ximo<\/a>.<\/p>\n<p>Os centros atuam de forma articulada com a Aten\u00e7\u00e3o Prim\u00e1ria, servi\u00e7os hospitalares, assist\u00eancia social, sistema de justi\u00e7a e demais pol\u00edticas p\u00fablicas. \u201cO tratamento vai al\u00e9m da abordagem cl\u00ednica. Entre outros aspectos, os Caps contribuem para a garantia do acesso \u00e0 sa\u00fade, como direito constitucional, o fortalecimento da autonomia e protagonismo do usu\u00e1rio, a reconstru\u00e7\u00e3o de v\u00ednculos familiares e comunit\u00e1rios, a inser\u00e7\u00e3o e reinser\u00e7\u00e3o social, assim como a redu\u00e7\u00e3o de estigmas\u201d, detalha a gerente do Caps AD II de Santa Maria, Adriana C\u00e2mara.<\/p>\n<p>Al\u00e9m do grupo de croch\u00ea, a unidade de Santa Maria conta com oficinas de pintura, manuten\u00e7\u00e3o de horta e v\u00e1rios grupos de terapia coletiva, com diferentes tem\u00e1ticas e atividades.<\/p>\n<p><strong>\u00c1lcool e outras drogas<\/strong><\/p>\n<p>No Caps AD II de Santa Maria, cerca de 90% dos usu\u00e1rios atendidos manifestam o abuso de bebida alco\u00f3lica, sendo esta a principal subst\u00e2ncia associada \u00e0s demandas do servi\u00e7o. \u201cTrata-se de uma subst\u00e2ncia l\u00edcita, aceita culturalmente e presente em contextos sociais como festas familiares, encontros e celebra\u00e7\u00f5es, o que muitas vezes dificulta o reconhecimento do uso problem\u00e1tico e a ades\u00e3o ao tratamento\u201d, salienta C\u00e2mara.<\/p>\n<p>A gerente pontua diversos impactos observados tanto no \u00e2mbito individual quanto comunit\u00e1rio, como perda de v\u00ednculos pessoais, sofrimento familiar, viol\u00eancia e sobrecarga dos servi\u00e7os p\u00fablicos. \u201cA maior complexidade ocorre quando o indiv\u00edduo decide interromper o uso e enfrenta sintomas intensos de abstin\u00eancia, o que exige acompanhamento profissional qualificado e suporte cont\u00ednuo.&#8221;<\/p>\n<p><strong>Paci\u00eancia e recome\u00e7o<\/strong><\/p>\n<p>Embora a depend\u00eancia qu\u00edmica seja uma condi\u00e7\u00e3o cr\u00f4nica \u2014 na qual busca-se, sobretudo, o \u201ccontrole\u201d, n\u00e3o a \u201ccura\u201d \u2014, \u00e9 sempre poss\u00edvel combater a doen\u00e7a. Alexandre Fraz\u00e3o est\u00e1 em tratamento h\u00e1 16 anos contra o alcoolismo, uma luta constante. \u201cO croch\u00ea, por\u00e9m, me ajuda na concentra\u00e7\u00e3o e eu esque\u00e7o do problema. O v\u00edcio n\u00e3o tem cura, \u00e9 preciso ficar no tratamento e ter const\u00e2ncia.&#8221;<\/p>\n<p>Terezinha de Jesus, por sua vez, combate a depend\u00eancia do \u00e1lcool h\u00e1 20 anos. \u201cDepois que comecei a fazer terapia, diminu\u00ed muito o consumo. Aqui a gente ouve, sente-se acolhido. O centro \u00e9 um lugar onde voc\u00ea encontra pessoas iguais a voc\u00ea, um fortalece o outro. O conselho que eu deixo a quem tamb\u00e9m passa por isso \u00e9 que procure ajuda. O alcoolismo \u00e9, sim, uma doen\u00e7a cr\u00f4nica, que vamos ter para o resto da vida. Todo dia \u00e9 uma batalha.&#8221;<\/p>\n","protected":false},"excerpt":{"rendered":"<p>A Organiza\u00e7\u00e3o Mundial da Sa\u00fade (OMS) considera que a depend\u00eancia em drogas il\u00edcitas ou l\u00edcitas seja, por si s\u00f3, uma doen\u00e7a, e a Rede de Aten\u00e7\u00e3o Psicossocial (Raps) da Secretaria de Sa\u00fade (SES-DF) possui diversos recursos para enfrentar esse problema no Distrito Federal. Com servi\u00e7os que v\u00e3o da aten\u00e7\u00e3o b\u00e1sica ao atendimento hospitalar, das consultas [&hellip;]<\/p>\n","protected":false},"author":21,"featured_media":383766,"comment_status":"closed","ping_status":"closed","sticky":false,"template":"","format":"standard","meta":{"_acf_changed":false,"footnotes":""},"categories":[161],"tags":[],"class_list":["post-383764","post","type-post","status-publish","format-standard","has-post-thumbnail","hentry","category-quadradinho-em-foco"],"acf":[],"yoast_head":"<!-- This site is optimized with the Yoast SEO plugin v27.2 - https:\/\/yoast.com\/product\/yoast-seo-wordpress\/ -->\n<title>Caps AD utilizam croch\u00ea como terapia contra a depend\u00eancia qu\u00edmica - Notibras<\/title>\n<meta name=\"robots\" content=\"index, follow, max-snippet:-1, max-image-preview:large, max-video-preview:-1\" \/>\n<link rel=\"canonical\" href=\"https:\/\/www.notibras.com\/site\/caps-ad-utilizam-croche-como-terapia-contra-a-dependencia-quimica\/\" \/>\n<meta property=\"og:locale\" content=\"pt_BR\" \/>\n<meta property=\"og:type\" content=\"article\" \/>\n<meta property=\"og:title\" content=\"Caps AD utilizam croch\u00ea como terapia contra a depend\u00eancia qu\u00edmica - Notibras\" \/>\n<meta property=\"og:description\" content=\"A Organiza\u00e7\u00e3o Mundial da Sa\u00fade (OMS) considera que a depend\u00eancia em drogas il\u00edcitas ou l\u00edcitas seja, por si s\u00f3, uma doen\u00e7a, e a Rede de Aten\u00e7\u00e3o Psicossocial (Raps) da Secretaria de Sa\u00fade (SES-DF) possui diversos recursos para enfrentar esse problema no Distrito Federal. Com servi\u00e7os que v\u00e3o da aten\u00e7\u00e3o b\u00e1sica ao atendimento hospitalar, das consultas [&hellip;]\" \/>\n<meta property=\"og:url\" content=\"https:\/\/www.notibras.com\/site\/caps-ad-utilizam-croche-como-terapia-contra-a-dependencia-quimica\/\" \/>\n<meta property=\"og:site_name\" content=\"Notibras\" \/>\n<meta property=\"article:publisher\" content=\"https:\/\/www.facebook.com\/notibras\/\" \/>\n<meta property=\"article:published_time\" content=\"2026-02-19T03:45:51+00:00\" \/>\n<meta property=\"og:image\" content=\"https:\/\/www.notibras.com\/site\/wp-content\/uploads\/2026\/02\/image_paste3426983.jpeg\" \/>\n\t<meta property=\"og:image:width\" content=\"2047\" \/>\n\t<meta property=\"og:image:height\" content=\"1356\" \/>\n\t<meta property=\"og:image:type\" content=\"image\/jpeg\" \/>\n<meta name=\"author\" content=\"Eduardo Mart\u00ednez\" \/>\n<meta name=\"twitter:card\" content=\"summary_large_image\" \/>\n<meta name=\"twitter:creator\" content=\"@Notibras\" \/>\n<meta name=\"twitter:site\" content=\"@Notibras\" \/>\n<meta name=\"twitter:label1\" content=\"Escrito por\" \/>\n\t<meta name=\"twitter:data1\" content=\"Eduardo Mart\u00ednez\" \/>\n\t<meta name=\"twitter:label2\" content=\"Est. tempo de leitura\" \/>\n\t<meta name=\"twitter:data2\" content=\"5 minutos\" \/>\n<script type=\"application\/ld+json\" class=\"yoast-schema-graph\">{\"@context\":\"https:\/\/schema.org\",\"@graph\":[{\"@type\":\"Article\",\"@id\":\"https:\/\/www.notibras.com\/site\/caps-ad-utilizam-croche-como-terapia-contra-a-dependencia-quimica\/#article\",\"isPartOf\":{\"@id\":\"https:\/\/www.notibras.com\/site\/caps-ad-utilizam-croche-como-terapia-contra-a-dependencia-quimica\/\"},\"author\":{\"name\":\"Eduardo Mart\u00ednez\",\"@id\":\"https:\/\/www.notibras.com\/site\/#\/schema\/person\/5b7fabf2aedc3ada2105f03b22b4d3dd\"},\"headline\":\"Caps AD utilizam croch\u00ea como terapia contra a depend\u00eancia qu\u00edmica\",\"datePublished\":\"2026-02-19T03:45:51+00:00\",\"mainEntityOfPage\":{\"@id\":\"https:\/\/www.notibras.com\/site\/caps-ad-utilizam-croche-como-terapia-contra-a-dependencia-quimica\/\"},\"wordCount\":798,\"publisher\":{\"@id\":\"https:\/\/www.notibras.com\/site\/#organization\"},\"image\":{\"@id\":\"https:\/\/www.notibras.com\/site\/caps-ad-utilizam-croche-como-terapia-contra-a-dependencia-quimica\/#primaryimage\"},\"thumbnailUrl\":\"https:\/\/www.notibras.com\/site\/wp-content\/uploads\/2026\/02\/image_paste3426983.jpeg\",\"articleSection\":[\"Quadradinho em Foco\"],\"inLanguage\":\"pt-BR\"},{\"@type\":\"WebPage\",\"@id\":\"https:\/\/www.notibras.com\/site\/caps-ad-utilizam-croche-como-terapia-contra-a-dependencia-quimica\/\",\"url\":\"https:\/\/www.notibras.com\/site\/caps-ad-utilizam-croche-como-terapia-contra-a-dependencia-quimica\/\",\"name\":\"Caps AD utilizam croch\u00ea como terapia contra a depend\u00eancia qu\u00edmica - Notibras\",\"isPartOf\":{\"@id\":\"https:\/\/www.notibras.com\/site\/#website\"},\"primaryImageOfPage\":{\"@id\":\"https:\/\/www.notibras.com\/site\/caps-ad-utilizam-croche-como-terapia-contra-a-dependencia-quimica\/#primaryimage\"},\"image\":{\"@id\":\"https:\/\/www.notibras.com\/site\/caps-ad-utilizam-croche-como-terapia-contra-a-dependencia-quimica\/#primaryimage\"},\"thumbnailUrl\":\"https:\/\/www.notibras.com\/site\/wp-content\/uploads\/2026\/02\/image_paste3426983.jpeg\",\"datePublished\":\"2026-02-19T03:45:51+00:00\",\"breadcrumb\":{\"@id\":\"https:\/\/www.notibras.com\/site\/caps-ad-utilizam-croche-como-terapia-contra-a-dependencia-quimica\/#breadcrumb\"},\"inLanguage\":\"pt-BR\",\"potentialAction\":[{\"@type\":\"ReadAction\",\"target\":[\"https:\/\/www.notibras.com\/site\/caps-ad-utilizam-croche-como-terapia-contra-a-dependencia-quimica\/\"]}]},{\"@type\":\"ImageObject\",\"inLanguage\":\"pt-BR\",\"@id\":\"https:\/\/www.notibras.com\/site\/caps-ad-utilizam-croche-como-terapia-contra-a-dependencia-quimica\/#primaryimage\",\"url\":\"https:\/\/www.notibras.com\/site\/wp-content\/uploads\/2026\/02\/image_paste3426983.jpeg\",\"contentUrl\":\"https:\/\/www.notibras.com\/site\/wp-content\/uploads\/2026\/02\/image_paste3426983.jpeg\",\"width\":2047,\"height\":1356},{\"@type\":\"BreadcrumbList\",\"@id\":\"https:\/\/www.notibras.com\/site\/caps-ad-utilizam-croche-como-terapia-contra-a-dependencia-quimica\/#breadcrumb\",\"itemListElement\":[{\"@type\":\"ListItem\",\"position\":1,\"name\":\"In\u00edcio\",\"item\":\"https:\/\/www.notibras.com\/site\/\"},{\"@type\":\"ListItem\",\"position\":2,\"name\":\"Caps AD utilizam croch\u00ea como terapia contra a depend\u00eancia qu\u00edmica\"}]},{\"@type\":\"WebSite\",\"@id\":\"https:\/\/www.notibras.com\/site\/#website\",\"url\":\"https:\/\/www.notibras.com\/site\/\",\"name\":\"Notibras\",\"description\":\"Not\u00edcias de Bras\u00edlia, do Brasil e do Mundo\",\"publisher\":{\"@id\":\"https:\/\/www.notibras.com\/site\/#organization\"},\"potentialAction\":[{\"@type\":\"SearchAction\",\"target\":{\"@type\":\"EntryPoint\",\"urlTemplate\":\"https:\/\/www.notibras.com\/site\/?s={search_term_string}\"},\"query-input\":{\"@type\":\"PropertyValueSpecification\",\"valueRequired\":true,\"valueName\":\"search_term_string\"}}],\"inLanguage\":\"pt-BR\"},{\"@type\":\"Organization\",\"@id\":\"https:\/\/www.notibras.com\/site\/#organization\",\"name\":\"Grupo Notibras de Comunica\u00e7\u00e3o\",\"url\":\"https:\/\/www.notibras.com\/site\/\",\"logo\":{\"@type\":\"ImageObject\",\"inLanguage\":\"pt-BR\",\"@id\":\"https:\/\/www.notibras.com\/site\/#\/schema\/logo\/image\/\",\"url\":\"https:\/\/www.notibras.com\/site\/wp-content\/uploads\/2023\/01\/notibras23.png\",\"contentUrl\":\"https:\/\/www.notibras.com\/site\/wp-content\/uploads\/2023\/01\/notibras23.png\",\"width\":350,\"height\":87,\"caption\":\"Grupo Notibras de Comunica\u00e7\u00e3o\"},\"image\":{\"@id\":\"https:\/\/www.notibras.com\/site\/#\/schema\/logo\/image\/\"},\"sameAs\":[\"https:\/\/www.facebook.com\/notibras\/\",\"https:\/\/x.com\/Notibras\",\"https:\/\/www.instagram.com\/notibras\/\"]},{\"@type\":\"Person\",\"@id\":\"https:\/\/www.notibras.com\/site\/#\/schema\/person\/5b7fabf2aedc3ada2105f03b22b4d3dd\",\"name\":\"Eduardo Mart\u00ednez\",\"image\":{\"@type\":\"ImageObject\",\"inLanguage\":\"pt-BR\",\"@id\":\"https:\/\/secure.gravatar.com\/avatar\/7902f906289926289cbcda644b5197c796b893c6ffd7b9a536a42d290f7704a0?s=96&d=mm&r=g\",\"url\":\"https:\/\/secure.gravatar.com\/avatar\/7902f906289926289cbcda644b5197c796b893c6ffd7b9a536a42d290f7704a0?s=96&d=mm&r=g\",\"contentUrl\":\"https:\/\/secure.gravatar.com\/avatar\/7902f906289926289cbcda644b5197c796b893c6ffd7b9a536a42d290f7704a0?s=96&d=mm&r=g\",\"caption\":\"Eduardo Mart\u00ednez\"}}]}<\/script>\n<!-- \/ Yoast SEO plugin. -->","yoast_head_json":{"title":"Caps AD utilizam croch\u00ea como terapia contra a depend\u00eancia qu\u00edmica - Notibras","robots":{"index":"index","follow":"follow","max-snippet":"max-snippet:-1","max-image-preview":"max-image-preview:large","max-video-preview":"max-video-preview:-1"},"canonical":"https:\/\/www.notibras.com\/site\/caps-ad-utilizam-croche-como-terapia-contra-a-dependencia-quimica\/","og_locale":"pt_BR","og_type":"article","og_title":"Caps AD utilizam croch\u00ea como terapia contra a depend\u00eancia qu\u00edmica - Notibras","og_description":"A Organiza\u00e7\u00e3o Mundial da Sa\u00fade (OMS) considera que a depend\u00eancia em drogas il\u00edcitas ou l\u00edcitas seja, por si s\u00f3, uma doen\u00e7a, e a Rede de Aten\u00e7\u00e3o Psicossocial (Raps) da Secretaria de Sa\u00fade (SES-DF) possui diversos recursos para enfrentar esse problema no Distrito Federal. Com servi\u00e7os que v\u00e3o da aten\u00e7\u00e3o b\u00e1sica ao atendimento hospitalar, das consultas [&hellip;]","og_url":"https:\/\/www.notibras.com\/site\/caps-ad-utilizam-croche-como-terapia-contra-a-dependencia-quimica\/","og_site_name":"Notibras","article_publisher":"https:\/\/www.facebook.com\/notibras\/","article_published_time":"2026-02-19T03:45:51+00:00","og_image":[{"width":2047,"height":1356,"url":"https:\/\/www.notibras.com\/site\/wp-content\/uploads\/2026\/02\/image_paste3426983.jpeg","type":"image\/jpeg"}],"author":"Eduardo Mart\u00ednez","twitter_card":"summary_large_image","twitter_creator":"@Notibras","twitter_site":"@Notibras","twitter_misc":{"Escrito por":"Eduardo Mart\u00ednez","Est. tempo de leitura":"5 minutos"},"schema":{"@context":"https:\/\/schema.org","@graph":[{"@type":"Article","@id":"https:\/\/www.notibras.com\/site\/caps-ad-utilizam-croche-como-terapia-contra-a-dependencia-quimica\/#article","isPartOf":{"@id":"https:\/\/www.notibras.com\/site\/caps-ad-utilizam-croche-como-terapia-contra-a-dependencia-quimica\/"},"author":{"name":"Eduardo Mart\u00ednez","@id":"https:\/\/www.notibras.com\/site\/#\/schema\/person\/5b7fabf2aedc3ada2105f03b22b4d3dd"},"headline":"Caps AD utilizam croch\u00ea como terapia contra a depend\u00eancia qu\u00edmica","datePublished":"2026-02-19T03:45:51+00:00","mainEntityOfPage":{"@id":"https:\/\/www.notibras.com\/site\/caps-ad-utilizam-croche-como-terapia-contra-a-dependencia-quimica\/"},"wordCount":798,"publisher":{"@id":"https:\/\/www.notibras.com\/site\/#organization"},"image":{"@id":"https:\/\/www.notibras.com\/site\/caps-ad-utilizam-croche-como-terapia-contra-a-dependencia-quimica\/#primaryimage"},"thumbnailUrl":"https:\/\/www.notibras.com\/site\/wp-content\/uploads\/2026\/02\/image_paste3426983.jpeg","articleSection":["Quadradinho em Foco"],"inLanguage":"pt-BR"},{"@type":"WebPage","@id":"https:\/\/www.notibras.com\/site\/caps-ad-utilizam-croche-como-terapia-contra-a-dependencia-quimica\/","url":"https:\/\/www.notibras.com\/site\/caps-ad-utilizam-croche-como-terapia-contra-a-dependencia-quimica\/","name":"Caps AD utilizam croch\u00ea como terapia contra a depend\u00eancia qu\u00edmica - Notibras","isPartOf":{"@id":"https:\/\/www.notibras.com\/site\/#website"},"primaryImageOfPage":{"@id":"https:\/\/www.notibras.com\/site\/caps-ad-utilizam-croche-como-terapia-contra-a-dependencia-quimica\/#primaryimage"},"image":{"@id":"https:\/\/www.notibras.com\/site\/caps-ad-utilizam-croche-como-terapia-contra-a-dependencia-quimica\/#primaryimage"},"thumbnailUrl":"https:\/\/www.notibras.com\/site\/wp-content\/uploads\/2026\/02\/image_paste3426983.jpeg","datePublished":"2026-02-19T03:45:51+00:00","breadcrumb":{"@id":"https:\/\/www.notibras.com\/site\/caps-ad-utilizam-croche-como-terapia-contra-a-dependencia-quimica\/#breadcrumb"},"inLanguage":"pt-BR","potentialAction":[{"@type":"ReadAction","target":["https:\/\/www.notibras.com\/site\/caps-ad-utilizam-croche-como-terapia-contra-a-dependencia-quimica\/"]}]},{"@type":"ImageObject","inLanguage":"pt-BR","@id":"https:\/\/www.notibras.com\/site\/caps-ad-utilizam-croche-como-terapia-contra-a-dependencia-quimica\/#primaryimage","url":"https:\/\/www.notibras.com\/site\/wp-content\/uploads\/2026\/02\/image_paste3426983.jpeg","contentUrl":"https:\/\/www.notibras.com\/site\/wp-content\/uploads\/2026\/02\/image_paste3426983.jpeg","width":2047,"height":1356},{"@type":"BreadcrumbList","@id":"https:\/\/www.notibras.com\/site\/caps-ad-utilizam-croche-como-terapia-contra-a-dependencia-quimica\/#breadcrumb","itemListElement":[{"@type":"ListItem","position":1,"name":"In\u00edcio","item":"https:\/\/www.notibras.com\/site\/"},{"@type":"ListItem","position":2,"name":"Caps AD utilizam croch\u00ea como terapia contra a depend\u00eancia qu\u00edmica"}]},{"@type":"WebSite","@id":"https:\/\/www.notibras.com\/site\/#website","url":"https:\/\/www.notibras.com\/site\/","name":"Notibras","description":"Not\u00edcias de Bras\u00edlia, do Brasil e do Mundo","publisher":{"@id":"https:\/\/www.notibras.com\/site\/#organization"},"potentialAction":[{"@type":"SearchAction","target":{"@type":"EntryPoint","urlTemplate":"https:\/\/www.notibras.com\/site\/?s={search_term_string}"},"query-input":{"@type":"PropertyValueSpecification","valueRequired":true,"valueName":"search_term_string"}}],"inLanguage":"pt-BR"},{"@type":"Organization","@id":"https:\/\/www.notibras.com\/site\/#organization","name":"Grupo Notibras de Comunica\u00e7\u00e3o","url":"https:\/\/www.notibras.com\/site\/","logo":{"@type":"ImageObject","inLanguage":"pt-BR","@id":"https:\/\/www.notibras.com\/site\/#\/schema\/logo\/image\/","url":"https:\/\/www.notibras.com\/site\/wp-content\/uploads\/2023\/01\/notibras23.png","contentUrl":"https:\/\/www.notibras.com\/site\/wp-content\/uploads\/2023\/01\/notibras23.png","width":350,"height":87,"caption":"Grupo Notibras de Comunica\u00e7\u00e3o"},"image":{"@id":"https:\/\/www.notibras.com\/site\/#\/schema\/logo\/image\/"},"sameAs":["https:\/\/www.facebook.com\/notibras\/","https:\/\/x.com\/Notibras","https:\/\/www.instagram.com\/notibras\/"]},{"@type":"Person","@id":"https:\/\/www.notibras.com\/site\/#\/schema\/person\/5b7fabf2aedc3ada2105f03b22b4d3dd","name":"Eduardo Mart\u00ednez","image":{"@type":"ImageObject","inLanguage":"pt-BR","@id":"https:\/\/secure.gravatar.com\/avatar\/7902f906289926289cbcda644b5197c796b893c6ffd7b9a536a42d290f7704a0?s=96&d=mm&r=g","url":"https:\/\/secure.gravatar.com\/avatar\/7902f906289926289cbcda644b5197c796b893c6ffd7b9a536a42d290f7704a0?s=96&d=mm&r=g","contentUrl":"https:\/\/secure.gravatar.com\/avatar\/7902f906289926289cbcda644b5197c796b893c6ffd7b9a536a42d290f7704a0?s=96&d=mm&r=g","caption":"Eduardo Mart\u00ednez"}}]}},"amp_enabled":true,"_links":{"self":[{"href":"https:\/\/www.notibras.com\/site\/wp-json\/wp\/v2\/posts\/383764","targetHints":{"allow":["GET"]}}],"collection":[{"href":"https:\/\/www.notibras.com\/site\/wp-json\/wp\/v2\/posts"}],"about":[{"href":"https:\/\/www.notibras.com\/site\/wp-json\/wp\/v2\/types\/post"}],"author":[{"embeddable":true,"href":"https:\/\/www.notibras.com\/site\/wp-json\/wp\/v2\/users\/21"}],"replies":[{"embeddable":true,"href":"https:\/\/www.notibras.com\/site\/wp-json\/wp\/v2\/comments?post=383764"}],"version-history":[{"count":3,"href":"https:\/\/www.notibras.com\/site\/wp-json\/wp\/v2\/posts\/383764\/revisions"}],"predecessor-version":[{"id":383768,"href":"https:\/\/www.notibras.com\/site\/wp-json\/wp\/v2\/posts\/383764\/revisions\/383768"}],"wp:featuredmedia":[{"embeddable":true,"href":"https:\/\/www.notibras.com\/site\/wp-json\/wp\/v2\/media\/383766"}],"wp:attachment":[{"href":"https:\/\/www.notibras.com\/site\/wp-json\/wp\/v2\/media?parent=383764"}],"wp:term":[{"taxonomy":"category","embeddable":true,"href":"https:\/\/www.notibras.com\/site\/wp-json\/wp\/v2\/categories?post=383764"},{"taxonomy":"post_tag","embeddable":true,"href":"https:\/\/www.notibras.com\/site\/wp-json\/wp\/v2\/tags?post=383764"}],"curies":[{"name":"wp","href":"https:\/\/api.w.org\/{rel}","templated":true}]}}