{"id":383769,"date":"2026-02-19T01:00:17","date_gmt":"2026-02-19T04:00:17","guid":{"rendered":"https:\/\/www.notibras.com\/site\/?p=383769"},"modified":"2026-02-18T23:55:06","modified_gmt":"2026-02-19T02:55:06","slug":"criancas-e-adolescentes-de-10-a-14-anos-precisam-se-vacinar","status":"publish","type":"post","link":"https:\/\/www.notibras.com\/site\/criancas-e-adolescentes-de-10-a-14-anos-precisam-se-vacinar\/","title":{"rendered":"Crian\u00e7as e adolescentes de 10 a 14 anos precisam se vacinar"},"content":{"rendered":"<p>Crian\u00e7as e adolescentes de 10 a 14 anos de idade precisam comparecer a uma das <a href=\"https:\/\/www.saude.df.gov.br\/vacina%C3%A7%C3%A3o-contra-a-dengue\">mais de cem salas de vacina\u00e7\u00e3o<\/a> onde est\u00e3o dispon\u00edveis imunizantes contra a dengue. Conforme dados da Secretaria de Sa\u00fade do Distrito Federal (SES-DF), 41,9% das crian\u00e7as de 10 anos tomaram a primeira dose e apenas 16% completaram o esquema vacinal de duas aplica\u00e7\u00f5es. Em nenhuma dessas idades foi atingida a meta de 90%, sequer para a primeira dose.<\/p>\n<p>A diretora de Vigil\u00e2ncia Epidemiol\u00f3gica da SES-DF, Juliane Malta, ressalta que, apesar da queda de 95% no n\u00famero de casos entre 2024 e 2025, a vacina\u00e7\u00e3o \u00e9 fortemente recomendada. &#8220;Mesmo com a redu\u00e7\u00e3o expressiva dos casos de dengue, o risco de novas epidemias n\u00e3o pode ser descartado. A vacina oferece prote\u00e7\u00e3o n\u00e3o apenas no curto prazo, mas tamb\u00e9m por muitos anos ap\u00f3s a imuniza\u00e7\u00e3o, sendo uma estrat\u00e9gia eficaz e segura&#8221;, afirma.<\/p>\n<p>Juliane Malta destaca que a vacina\u00e7\u00e3o \u00e9 importante, inclusive, para quem j\u00e1 teve a doen\u00e7a. &#8220;Quem j\u00e1 foi infectado apresenta maior risco de desenvolver formas graves em uma nova infec\u00e7\u00e3o, em raz\u00e3o de um fen\u00f4meno imunol\u00f3gico caracter\u00edstico da dengue, conhecido como exacerba\u00e7\u00e3o da doen\u00e7a mediada por anticorpos&#8221;, explica.<\/p>\n<p><strong>Vacina\u00e7\u00e3o em atraso<\/strong><\/p>\n<p>A gerente da Rede de Frio Central da SES-DF, Tereza Luiza Pereira, contabiliza 24.178 doses da vacina contra a dengue no dep\u00f3sito. Outras seis mil est\u00e3o distribu\u00eddas para as redes de frio regionais e nos estoques das pr\u00f3prias unidades b\u00e1sicas de sa\u00fade (UBSs). O p\u00fablico atual, de 10 a 14 anos, \u00e9 indicado pelo Minist\u00e9rio da Sa\u00fade e, por enquanto, n\u00e3o h\u00e1 indica\u00e7\u00e3o de amplia\u00e7\u00e3o. A data de validade das vacinas \u00e9 julho de 2027.<\/p>\n<p>Tereza Luiza Pereira ressalta que quem tomou a primeira dose e n\u00e3o voltou ap\u00f3s os 90 dias, conforme recomendado, pode retornar para completar o esquema vacinal, mesmo em atraso. &#8220;N\u00e3o \u00e9 necess\u00e1rio reiniciar o esquema vacinal em caso de atraso. A conduta indicada \u00e9 apenas completar o esquema, respeitando as orienta\u00e7\u00f5es t\u00e9cnicas vigentes&#8221;, esclarece. Tamb\u00e9m \u00e9 poss\u00edvel aproveitar a ida \u00e0 sala de vacina para tomar outros imunizantes, como o da HPV, por exemplo.<\/p>\n<p>A SES-DF orienta a popula\u00e7\u00e3o a comparecer a uma das salas de vacina com documento de identifica\u00e7\u00e3o e a caderneta de vacina\u00e7\u00e3o. Caso esse documento tenha sido perdido, isso n\u00e3o impede o atendimento. &#8220;Nesses casos, a equipe deve buscar os registros nos sistemas de informa\u00e7\u00e3o dispon\u00edveis. Assim, de acordo com as informa\u00e7\u00f5es dispon\u00edveis no sistema ou prestadas pelo usu\u00e1rio, \u00e9 feita uma avalia\u00e7\u00e3o mais precisa, garantindo seguran\u00e7a e efetividade&#8221;, acrescenta a m\u00e9dica da Coordena\u00e7\u00e3o de Aten\u00e7\u00e3o Prim\u00e1ria \u00e0 Sa\u00fade da SES-DF, Gabriela Villar.<\/p>\n<p><strong>A\u00e7\u00e3o contra a dengue<\/strong><\/p>\n<p>De fevereiro de 2024 a janeiro de 2026, a Secretaria de Sa\u00fade aplicou 183,4 mil doses de vacina contra a dengue para crian\u00e7as e adolescentes de 10 a 14 anos, conforme indicado pelo Minist\u00e9rio da Sa\u00fade. A meta \u00e9 chegar a 90% dessa popula\u00e7\u00e3o com as duas doses aplicadas.<\/p>\n<p>Esta, por\u00e9m, n\u00e3o \u00e9 a \u00fanica estrat\u00e9gia de combate \u00e0 doen\u00e7a. Ao longo de 2025, 362 servidores da SES-DF realizaram mais de 1,8 milh\u00e3o de visitas domiciliares, tanto para levar informa\u00e7\u00e3o quanto para combater focos do mosquito transmissor da doen\u00e7a, o Aedes aegypti.<\/p>\n<p>Al\u00e9m disso, agentes de vigil\u00e2ncia ambiental instalaram mais de 3,8 mil armadilhas para mosquitos (ovitrampas) e 3,2 mil esta\u00e7\u00f5es disseminadoras de larvicidas. Outra estrat\u00e9gia \u00e9 a dissemina\u00e7\u00e3o de mosquitos inoculados com a bact\u00e9ria Wolbachia, com menor capacidade de transmitir doen\u00e7as e com potencial para substituir as popula\u00e7\u00f5es do mosquito inicial.<\/p>\n<p>Os resultados s\u00e3o acompanhados pelos boletins epidemiol\u00f3gicos. Em 2025, o Distrito Federal fechou o ano com queda de 96% nos casos prov\u00e1veis de dengue.<\/p>\n<p><strong>Vacina\u00e7\u00e3o de profissionais de sa\u00fade<\/strong><\/p>\n<p>Os servidores que atuam nas unidades b\u00e1sicas de sa\u00fade (UBSs) v\u00e3o come\u00e7ar a receber, nesta semana, a vacina contra a dengue. A imuniza\u00e7\u00e3o vai contemplar, primeiramente, os trabalhadores com maior exposi\u00e7\u00e3o no territ\u00f3rio, como agentes comunit\u00e1rios de sa\u00fade (ACS), agentes de vigil\u00e2ncia ambiental (AVAs), equipes de consult\u00f3rio na rua (eCR) e equipes de sa\u00fade da fam\u00edlia (eSF).<\/p>\n","protected":false},"excerpt":{"rendered":"<p>Crian\u00e7as e adolescentes de 10 a 14 anos de idade precisam comparecer a uma das mais de cem salas de vacina\u00e7\u00e3o onde est\u00e3o dispon\u00edveis imunizantes contra a dengue. Conforme dados da Secretaria de Sa\u00fade do Distrito Federal (SES-DF), 41,9% das crian\u00e7as de 10 anos tomaram a primeira dose e apenas 16% completaram o esquema vacinal [&hellip;]<\/p>\n","protected":false},"author":21,"featured_media":383770,"comment_status":"closed","ping_status":"closed","sticky":false,"template":"","format":"standard","meta":{"_acf_changed":false,"footnotes":""},"categories":[161],"tags":[],"class_list":["post-383769","post","type-post","status-publish","format-standard","has-post-thumbnail","hentry","category-quadradinho-em-foco"],"acf":[],"yoast_head":"<!-- This site is optimized with the Yoast SEO plugin v27.2 - https:\/\/yoast.com\/product\/yoast-seo-wordpress\/ -->\n<title>Crian\u00e7as e adolescentes de 10 a 14 anos precisam se vacinar - Notibras<\/title>\n<meta name=\"robots\" content=\"index, follow, max-snippet:-1, max-image-preview:large, max-video-preview:-1\" \/>\n<link rel=\"canonical\" href=\"https:\/\/www.notibras.com\/site\/criancas-e-adolescentes-de-10-a-14-anos-precisam-se-vacinar\/\" \/>\n<meta property=\"og:locale\" content=\"pt_BR\" \/>\n<meta property=\"og:type\" content=\"article\" \/>\n<meta property=\"og:title\" content=\"Crian\u00e7as e adolescentes de 10 a 14 anos precisam se vacinar - Notibras\" \/>\n<meta property=\"og:description\" content=\"Crian\u00e7as e adolescentes de 10 a 14 anos de idade precisam comparecer a uma das mais de cem salas de vacina\u00e7\u00e3o onde est\u00e3o dispon\u00edveis imunizantes contra a dengue. Conforme dados da Secretaria de Sa\u00fade do Distrito Federal (SES-DF), 41,9% das crian\u00e7as de 10 anos tomaram a primeira dose e apenas 16% completaram o esquema vacinal [&hellip;]\" \/>\n<meta property=\"og:url\" content=\"https:\/\/www.notibras.com\/site\/criancas-e-adolescentes-de-10-a-14-anos-precisam-se-vacinar\/\" \/>\n<meta property=\"og:site_name\" content=\"Notibras\" \/>\n<meta property=\"article:publisher\" content=\"https:\/\/www.facebook.com\/notibras\/\" \/>\n<meta property=\"article:published_time\" content=\"2026-02-19T04:00:17+00:00\" \/>\n<meta property=\"og:image\" content=\"https:\/\/www.notibras.com\/site\/wp-content\/uploads\/2026\/02\/Vacinacao-contra-a-dengue.-Foto-Jhonatan-Cantarelle-Agencia-Saude-DF.jpg\" \/>\n\t<meta property=\"og:image:width\" content=\"2048\" \/>\n\t<meta property=\"og:image:height\" content=\"1365\" \/>\n\t<meta property=\"og:image:type\" content=\"image\/jpeg\" \/>\n<meta name=\"author\" content=\"Eduardo Mart\u00ednez\" \/>\n<meta name=\"twitter:card\" content=\"summary_large_image\" \/>\n<meta name=\"twitter:creator\" content=\"@Notibras\" \/>\n<meta name=\"twitter:site\" content=\"@Notibras\" \/>\n<meta name=\"twitter:label1\" content=\"Escrito por\" \/>\n\t<meta name=\"twitter:data1\" content=\"Eduardo Mart\u00ednez\" \/>\n\t<meta name=\"twitter:label2\" content=\"Est. tempo de leitura\" \/>\n\t<meta name=\"twitter:data2\" content=\"4 minutos\" \/>\n<script type=\"application\/ld+json\" class=\"yoast-schema-graph\">{\"@context\":\"https:\/\/schema.org\",\"@graph\":[{\"@type\":\"Article\",\"@id\":\"https:\/\/www.notibras.com\/site\/criancas-e-adolescentes-de-10-a-14-anos-precisam-se-vacinar\/#article\",\"isPartOf\":{\"@id\":\"https:\/\/www.notibras.com\/site\/criancas-e-adolescentes-de-10-a-14-anos-precisam-se-vacinar\/\"},\"author\":{\"name\":\"Eduardo Mart\u00ednez\",\"@id\":\"https:\/\/www.notibras.com\/site\/#\/schema\/person\/5b7fabf2aedc3ada2105f03b22b4d3dd\"},\"headline\":\"Crian\u00e7as e adolescentes de 10 a 14 anos precisam se vacinar\",\"datePublished\":\"2026-02-19T04:00:17+00:00\",\"mainEntityOfPage\":{\"@id\":\"https:\/\/www.notibras.com\/site\/criancas-e-adolescentes-de-10-a-14-anos-precisam-se-vacinar\/\"},\"wordCount\":732,\"publisher\":{\"@id\":\"https:\/\/www.notibras.com\/site\/#organization\"},\"image\":{\"@id\":\"https:\/\/www.notibras.com\/site\/criancas-e-adolescentes-de-10-a-14-anos-precisam-se-vacinar\/#primaryimage\"},\"thumbnailUrl\":\"https:\/\/www.notibras.com\/site\/wp-content\/uploads\/2026\/02\/Vacinacao-contra-a-dengue.-Foto-Jhonatan-Cantarelle-Agencia-Saude-DF.jpg\",\"articleSection\":[\"Quadradinho em Foco\"],\"inLanguage\":\"pt-BR\"},{\"@type\":\"WebPage\",\"@id\":\"https:\/\/www.notibras.com\/site\/criancas-e-adolescentes-de-10-a-14-anos-precisam-se-vacinar\/\",\"url\":\"https:\/\/www.notibras.com\/site\/criancas-e-adolescentes-de-10-a-14-anos-precisam-se-vacinar\/\",\"name\":\"Crian\u00e7as e adolescentes de 10 a 14 anos precisam se vacinar - Notibras\",\"isPartOf\":{\"@id\":\"https:\/\/www.notibras.com\/site\/#website\"},\"primaryImageOfPage\":{\"@id\":\"https:\/\/www.notibras.com\/site\/criancas-e-adolescentes-de-10-a-14-anos-precisam-se-vacinar\/#primaryimage\"},\"image\":{\"@id\":\"https:\/\/www.notibras.com\/site\/criancas-e-adolescentes-de-10-a-14-anos-precisam-se-vacinar\/#primaryimage\"},\"thumbnailUrl\":\"https:\/\/www.notibras.com\/site\/wp-content\/uploads\/2026\/02\/Vacinacao-contra-a-dengue.-Foto-Jhonatan-Cantarelle-Agencia-Saude-DF.jpg\",\"datePublished\":\"2026-02-19T04:00:17+00:00\",\"breadcrumb\":{\"@id\":\"https:\/\/www.notibras.com\/site\/criancas-e-adolescentes-de-10-a-14-anos-precisam-se-vacinar\/#breadcrumb\"},\"inLanguage\":\"pt-BR\",\"potentialAction\":[{\"@type\":\"ReadAction\",\"target\":[\"https:\/\/www.notibras.com\/site\/criancas-e-adolescentes-de-10-a-14-anos-precisam-se-vacinar\/\"]}]},{\"@type\":\"ImageObject\",\"inLanguage\":\"pt-BR\",\"@id\":\"https:\/\/www.notibras.com\/site\/criancas-e-adolescentes-de-10-a-14-anos-precisam-se-vacinar\/#primaryimage\",\"url\":\"https:\/\/www.notibras.com\/site\/wp-content\/uploads\/2026\/02\/Vacinacao-contra-a-dengue.-Foto-Jhonatan-Cantarelle-Agencia-Saude-DF.jpg\",\"contentUrl\":\"https:\/\/www.notibras.com\/site\/wp-content\/uploads\/2026\/02\/Vacinacao-contra-a-dengue.-Foto-Jhonatan-Cantarelle-Agencia-Saude-DF.jpg\",\"width\":2048,\"height\":1365},{\"@type\":\"BreadcrumbList\",\"@id\":\"https:\/\/www.notibras.com\/site\/criancas-e-adolescentes-de-10-a-14-anos-precisam-se-vacinar\/#breadcrumb\",\"itemListElement\":[{\"@type\":\"ListItem\",\"position\":1,\"name\":\"In\u00edcio\",\"item\":\"https:\/\/www.notibras.com\/site\/\"},{\"@type\":\"ListItem\",\"position\":2,\"name\":\"Crian\u00e7as e adolescentes de 10 a 14 anos precisam se vacinar\"}]},{\"@type\":\"WebSite\",\"@id\":\"https:\/\/www.notibras.com\/site\/#website\",\"url\":\"https:\/\/www.notibras.com\/site\/\",\"name\":\"Notibras\",\"description\":\"Not\u00edcias de Bras\u00edlia, do Brasil e do Mundo\",\"publisher\":{\"@id\":\"https:\/\/www.notibras.com\/site\/#organization\"},\"potentialAction\":[{\"@type\":\"SearchAction\",\"target\":{\"@type\":\"EntryPoint\",\"urlTemplate\":\"https:\/\/www.notibras.com\/site\/?s={search_term_string}\"},\"query-input\":{\"@type\":\"PropertyValueSpecification\",\"valueRequired\":true,\"valueName\":\"search_term_string\"}}],\"inLanguage\":\"pt-BR\"},{\"@type\":\"Organization\",\"@id\":\"https:\/\/www.notibras.com\/site\/#organization\",\"name\":\"Grupo Notibras de Comunica\u00e7\u00e3o\",\"url\":\"https:\/\/www.notibras.com\/site\/\",\"logo\":{\"@type\":\"ImageObject\",\"inLanguage\":\"pt-BR\",\"@id\":\"https:\/\/www.notibras.com\/site\/#\/schema\/logo\/image\/\",\"url\":\"https:\/\/www.notibras.com\/site\/wp-content\/uploads\/2023\/01\/notibras23.png\",\"contentUrl\":\"https:\/\/www.notibras.com\/site\/wp-content\/uploads\/2023\/01\/notibras23.png\",\"width\":350,\"height\":87,\"caption\":\"Grupo Notibras de Comunica\u00e7\u00e3o\"},\"image\":{\"@id\":\"https:\/\/www.notibras.com\/site\/#\/schema\/logo\/image\/\"},\"sameAs\":[\"https:\/\/www.facebook.com\/notibras\/\",\"https:\/\/x.com\/Notibras\",\"https:\/\/www.instagram.com\/notibras\/\"]},{\"@type\":\"Person\",\"@id\":\"https:\/\/www.notibras.com\/site\/#\/schema\/person\/5b7fabf2aedc3ada2105f03b22b4d3dd\",\"name\":\"Eduardo Mart\u00ednez\",\"image\":{\"@type\":\"ImageObject\",\"inLanguage\":\"pt-BR\",\"@id\":\"https:\/\/secure.gravatar.com\/avatar\/7902f906289926289cbcda644b5197c796b893c6ffd7b9a536a42d290f7704a0?s=96&d=mm&r=g\",\"url\":\"https:\/\/secure.gravatar.com\/avatar\/7902f906289926289cbcda644b5197c796b893c6ffd7b9a536a42d290f7704a0?s=96&d=mm&r=g\",\"contentUrl\":\"https:\/\/secure.gravatar.com\/avatar\/7902f906289926289cbcda644b5197c796b893c6ffd7b9a536a42d290f7704a0?s=96&d=mm&r=g\",\"caption\":\"Eduardo Mart\u00ednez\"}}]}<\/script>\n<!-- \/ Yoast SEO plugin. -->","yoast_head_json":{"title":"Crian\u00e7as e adolescentes de 10 a 14 anos precisam se vacinar - Notibras","robots":{"index":"index","follow":"follow","max-snippet":"max-snippet:-1","max-image-preview":"max-image-preview:large","max-video-preview":"max-video-preview:-1"},"canonical":"https:\/\/www.notibras.com\/site\/criancas-e-adolescentes-de-10-a-14-anos-precisam-se-vacinar\/","og_locale":"pt_BR","og_type":"article","og_title":"Crian\u00e7as e adolescentes de 10 a 14 anos precisam se vacinar - Notibras","og_description":"Crian\u00e7as e adolescentes de 10 a 14 anos de idade precisam comparecer a uma das mais de cem salas de vacina\u00e7\u00e3o onde est\u00e3o dispon\u00edveis imunizantes contra a dengue. Conforme dados da Secretaria de Sa\u00fade do Distrito Federal (SES-DF), 41,9% das crian\u00e7as de 10 anos tomaram a primeira dose e apenas 16% completaram o esquema vacinal [&hellip;]","og_url":"https:\/\/www.notibras.com\/site\/criancas-e-adolescentes-de-10-a-14-anos-precisam-se-vacinar\/","og_site_name":"Notibras","article_publisher":"https:\/\/www.facebook.com\/notibras\/","article_published_time":"2026-02-19T04:00:17+00:00","og_image":[{"width":2048,"height":1365,"url":"https:\/\/www.notibras.com\/site\/wp-content\/uploads\/2026\/02\/Vacinacao-contra-a-dengue.-Foto-Jhonatan-Cantarelle-Agencia-Saude-DF.jpg","type":"image\/jpeg"}],"author":"Eduardo Mart\u00ednez","twitter_card":"summary_large_image","twitter_creator":"@Notibras","twitter_site":"@Notibras","twitter_misc":{"Escrito por":"Eduardo Mart\u00ednez","Est. tempo de leitura":"4 minutos"},"schema":{"@context":"https:\/\/schema.org","@graph":[{"@type":"Article","@id":"https:\/\/www.notibras.com\/site\/criancas-e-adolescentes-de-10-a-14-anos-precisam-se-vacinar\/#article","isPartOf":{"@id":"https:\/\/www.notibras.com\/site\/criancas-e-adolescentes-de-10-a-14-anos-precisam-se-vacinar\/"},"author":{"name":"Eduardo Mart\u00ednez","@id":"https:\/\/www.notibras.com\/site\/#\/schema\/person\/5b7fabf2aedc3ada2105f03b22b4d3dd"},"headline":"Crian\u00e7as e adolescentes de 10 a 14 anos precisam se vacinar","datePublished":"2026-02-19T04:00:17+00:00","mainEntityOfPage":{"@id":"https:\/\/www.notibras.com\/site\/criancas-e-adolescentes-de-10-a-14-anos-precisam-se-vacinar\/"},"wordCount":732,"publisher":{"@id":"https:\/\/www.notibras.com\/site\/#organization"},"image":{"@id":"https:\/\/www.notibras.com\/site\/criancas-e-adolescentes-de-10-a-14-anos-precisam-se-vacinar\/#primaryimage"},"thumbnailUrl":"https:\/\/www.notibras.com\/site\/wp-content\/uploads\/2026\/02\/Vacinacao-contra-a-dengue.-Foto-Jhonatan-Cantarelle-Agencia-Saude-DF.jpg","articleSection":["Quadradinho em Foco"],"inLanguage":"pt-BR"},{"@type":"WebPage","@id":"https:\/\/www.notibras.com\/site\/criancas-e-adolescentes-de-10-a-14-anos-precisam-se-vacinar\/","url":"https:\/\/www.notibras.com\/site\/criancas-e-adolescentes-de-10-a-14-anos-precisam-se-vacinar\/","name":"Crian\u00e7as e adolescentes de 10 a 14 anos precisam se vacinar - Notibras","isPartOf":{"@id":"https:\/\/www.notibras.com\/site\/#website"},"primaryImageOfPage":{"@id":"https:\/\/www.notibras.com\/site\/criancas-e-adolescentes-de-10-a-14-anos-precisam-se-vacinar\/#primaryimage"},"image":{"@id":"https:\/\/www.notibras.com\/site\/criancas-e-adolescentes-de-10-a-14-anos-precisam-se-vacinar\/#primaryimage"},"thumbnailUrl":"https:\/\/www.notibras.com\/site\/wp-content\/uploads\/2026\/02\/Vacinacao-contra-a-dengue.-Foto-Jhonatan-Cantarelle-Agencia-Saude-DF.jpg","datePublished":"2026-02-19T04:00:17+00:00","breadcrumb":{"@id":"https:\/\/www.notibras.com\/site\/criancas-e-adolescentes-de-10-a-14-anos-precisam-se-vacinar\/#breadcrumb"},"inLanguage":"pt-BR","potentialAction":[{"@type":"ReadAction","target":["https:\/\/www.notibras.com\/site\/criancas-e-adolescentes-de-10-a-14-anos-precisam-se-vacinar\/"]}]},{"@type":"ImageObject","inLanguage":"pt-BR","@id":"https:\/\/www.notibras.com\/site\/criancas-e-adolescentes-de-10-a-14-anos-precisam-se-vacinar\/#primaryimage","url":"https:\/\/www.notibras.com\/site\/wp-content\/uploads\/2026\/02\/Vacinacao-contra-a-dengue.-Foto-Jhonatan-Cantarelle-Agencia-Saude-DF.jpg","contentUrl":"https:\/\/www.notibras.com\/site\/wp-content\/uploads\/2026\/02\/Vacinacao-contra-a-dengue.-Foto-Jhonatan-Cantarelle-Agencia-Saude-DF.jpg","width":2048,"height":1365},{"@type":"BreadcrumbList","@id":"https:\/\/www.notibras.com\/site\/criancas-e-adolescentes-de-10-a-14-anos-precisam-se-vacinar\/#breadcrumb","itemListElement":[{"@type":"ListItem","position":1,"name":"In\u00edcio","item":"https:\/\/www.notibras.com\/site\/"},{"@type":"ListItem","position":2,"name":"Crian\u00e7as e adolescentes de 10 a 14 anos precisam se vacinar"}]},{"@type":"WebSite","@id":"https:\/\/www.notibras.com\/site\/#website","url":"https:\/\/www.notibras.com\/site\/","name":"Notibras","description":"Not\u00edcias de Bras\u00edlia, do Brasil e do Mundo","publisher":{"@id":"https:\/\/www.notibras.com\/site\/#organization"},"potentialAction":[{"@type":"SearchAction","target":{"@type":"EntryPoint","urlTemplate":"https:\/\/www.notibras.com\/site\/?s={search_term_string}"},"query-input":{"@type":"PropertyValueSpecification","valueRequired":true,"valueName":"search_term_string"}}],"inLanguage":"pt-BR"},{"@type":"Organization","@id":"https:\/\/www.notibras.com\/site\/#organization","name":"Grupo Notibras de Comunica\u00e7\u00e3o","url":"https:\/\/www.notibras.com\/site\/","logo":{"@type":"ImageObject","inLanguage":"pt-BR","@id":"https:\/\/www.notibras.com\/site\/#\/schema\/logo\/image\/","url":"https:\/\/www.notibras.com\/site\/wp-content\/uploads\/2023\/01\/notibras23.png","contentUrl":"https:\/\/www.notibras.com\/site\/wp-content\/uploads\/2023\/01\/notibras23.png","width":350,"height":87,"caption":"Grupo Notibras de Comunica\u00e7\u00e3o"},"image":{"@id":"https:\/\/www.notibras.com\/site\/#\/schema\/logo\/image\/"},"sameAs":["https:\/\/www.facebook.com\/notibras\/","https:\/\/x.com\/Notibras","https:\/\/www.instagram.com\/notibras\/"]},{"@type":"Person","@id":"https:\/\/www.notibras.com\/site\/#\/schema\/person\/5b7fabf2aedc3ada2105f03b22b4d3dd","name":"Eduardo Mart\u00ednez","image":{"@type":"ImageObject","inLanguage":"pt-BR","@id":"https:\/\/secure.gravatar.com\/avatar\/7902f906289926289cbcda644b5197c796b893c6ffd7b9a536a42d290f7704a0?s=96&d=mm&r=g","url":"https:\/\/secure.gravatar.com\/avatar\/7902f906289926289cbcda644b5197c796b893c6ffd7b9a536a42d290f7704a0?s=96&d=mm&r=g","contentUrl":"https:\/\/secure.gravatar.com\/avatar\/7902f906289926289cbcda644b5197c796b893c6ffd7b9a536a42d290f7704a0?s=96&d=mm&r=g","caption":"Eduardo Mart\u00ednez"}}]}},"amp_enabled":true,"_links":{"self":[{"href":"https:\/\/www.notibras.com\/site\/wp-json\/wp\/v2\/posts\/383769","targetHints":{"allow":["GET"]}}],"collection":[{"href":"https:\/\/www.notibras.com\/site\/wp-json\/wp\/v2\/posts"}],"about":[{"href":"https:\/\/www.notibras.com\/site\/wp-json\/wp\/v2\/types\/post"}],"author":[{"embeddable":true,"href":"https:\/\/www.notibras.com\/site\/wp-json\/wp\/v2\/users\/21"}],"replies":[{"embeddable":true,"href":"https:\/\/www.notibras.com\/site\/wp-json\/wp\/v2\/comments?post=383769"}],"version-history":[{"count":3,"href":"https:\/\/www.notibras.com\/site\/wp-json\/wp\/v2\/posts\/383769\/revisions"}],"predecessor-version":[{"id":383773,"href":"https:\/\/www.notibras.com\/site\/wp-json\/wp\/v2\/posts\/383769\/revisions\/383773"}],"wp:featuredmedia":[{"embeddable":true,"href":"https:\/\/www.notibras.com\/site\/wp-json\/wp\/v2\/media\/383770"}],"wp:attachment":[{"href":"https:\/\/www.notibras.com\/site\/wp-json\/wp\/v2\/media?parent=383769"}],"wp:term":[{"taxonomy":"category","embeddable":true,"href":"https:\/\/www.notibras.com\/site\/wp-json\/wp\/v2\/categories?post=383769"},{"taxonomy":"post_tag","embeddable":true,"href":"https:\/\/www.notibras.com\/site\/wp-json\/wp\/v2\/tags?post=383769"}],"curies":[{"name":"wp","href":"https:\/\/api.w.org\/{rel}","templated":true}]}}