{"id":383839,"date":"2026-02-19T00:11:52","date_gmt":"2026-02-19T03:11:52","guid":{"rendered":"https:\/\/www.notibras.com\/site\/?p=383839"},"modified":"2026-02-19T08:07:29","modified_gmt":"2026-02-19T11:07:29","slug":"apreendida-carga-com-20-mil-garrafas-de-bebidas-sem-documentacao","status":"publish","type":"post","link":"https:\/\/www.notibras.com\/site\/apreendida-carga-com-20-mil-garrafas-de-bebidas-sem-documentacao\/","title":{"rendered":"Apreendida carga com 20 mil garrafas de bebidas sem documenta\u00e7\u00e3o"},"content":{"rendered":"<p>Uma carga com mais de 20 mil garrafas de bebidas quentes, avaliada em 412 mil 800 reais foi apreendida no munic\u00edpio de Penaforte. Os produtos estavam sem a devida documenta\u00e7\u00e3o tribut\u00e1ria.<\/p>\n<p>Segundo a Secretaria da Fazenda do Cear\u00e1 foi utilizado um caminho alternativo para driblar a fiscaliza\u00e7\u00e3o. Ao ser questionado pelos fiscais, o motorista afirmou que n\u00e3o tinha nenhum documento fiscal da carga. A aus\u00eancia da documenta\u00e7\u00e3o caracteriza descumprimento da obriga\u00e7\u00e3o tribut\u00e1ria.<\/p>\n<p>Diante da irregularidade, o ve\u00edculo foi levado ao p\u00e1tio da unidade da Secretaria da Fazenda, onde foi feita a confer\u00eancia f\u00edsica e a contagem da carga. O \u00f3rg\u00e3o lavrou um auto de infra\u00e7\u00e3o, e o motorista foi encaminhado aos \u00f3rg\u00e3os de seguran\u00e7a para prestar esclarecimentos.<\/p>\n<p>Depois da fiscaliza\u00e7\u00e3o, o propriet\u00e1rio quitou o imposto e a multa. A mercadoria foi liberada.<\/p>\n<p>Segundo a coordenadora de Fiscaliza\u00e7\u00e3o de Mercadorias em Tr\u00e2nsito (Cofit), Susely Martins, a Secretaria vem refor\u00e7ando o monitoramento das cargas que circulam pelo Estado para combater a sonega\u00e7\u00e3o e a concorr\u00eancia desleal.<\/p>\n<p>\u201cPara intensificar essa a\u00e7\u00e3o, a Sefaz-CE est\u00e1 dedicando aten\u00e7\u00e3o especial \u00e0 fiscaliza\u00e7\u00e3o de mercadorias sens\u00edveis, como bebidas alco\u00f3licas, combust\u00edveis, cigarros e fumo\u201d, afirmou.<\/p>\n","protected":false},"excerpt":{"rendered":"<p>Uma carga com mais de 20 mil garrafas de bebidas quentes, avaliada em 412 mil 800 reais foi apreendida no munic\u00edpio de Penaforte. Os produtos estavam sem a devida documenta\u00e7\u00e3o tribut\u00e1ria. Segundo a Secretaria da Fazenda do Cear\u00e1 foi utilizado um caminho alternativo para driblar a fiscaliza\u00e7\u00e3o. Ao ser questionado pelos fiscais, o motorista afirmou [&hellip;]<\/p>\n","protected":false},"author":2,"featured_media":383840,"comment_status":"closed","ping_status":"closed","sticky":false,"template":"","format":"standard","meta":{"_acf_changed":false,"footnotes":""},"categories":[165],"tags":[],"class_list":["post-383839","post","type-post","status-publish","format-standard","has-post-thumbnail","hentry","category-nordeste"],"acf":[],"yoast_head":"<!-- This site is optimized with the Yoast SEO plugin v27.2 - https:\/\/yoast.com\/product\/yoast-seo-wordpress\/ -->\n<title>Apreendida carga com 20 mil garrafas de bebidas sem documenta\u00e7\u00e3o - Notibras<\/title>\n<meta name=\"robots\" content=\"index, follow, max-snippet:-1, max-image-preview:large, max-video-preview:-1\" \/>\n<link rel=\"canonical\" href=\"https:\/\/www.notibras.com\/site\/apreendida-carga-com-20-mil-garrafas-de-bebidas-sem-documentacao\/\" \/>\n<meta property=\"og:locale\" content=\"pt_BR\" \/>\n<meta property=\"og:type\" content=\"article\" \/>\n<meta property=\"og:title\" content=\"Apreendida carga com 20 mil garrafas de bebidas sem documenta\u00e7\u00e3o - Notibras\" \/>\n<meta property=\"og:description\" content=\"Uma carga com mais de 20 mil garrafas de bebidas quentes, avaliada em 412 mil 800 reais foi apreendida no munic\u00edpio de Penaforte. Os produtos estavam sem a devida documenta\u00e7\u00e3o tribut\u00e1ria. Segundo a Secretaria da Fazenda do Cear\u00e1 foi utilizado um caminho alternativo para driblar a fiscaliza\u00e7\u00e3o. Ao ser questionado pelos fiscais, o motorista afirmou [&hellip;]\" \/>\n<meta property=\"og:url\" content=\"https:\/\/www.notibras.com\/site\/apreendida-carga-com-20-mil-garrafas-de-bebidas-sem-documentacao\/\" \/>\n<meta property=\"og:site_name\" content=\"Notibras\" \/>\n<meta property=\"article:publisher\" content=\"https:\/\/www.facebook.com\/notibras\/\" \/>\n<meta property=\"article:published_time\" content=\"2026-02-19T03:11:52+00:00\" \/>\n<meta property=\"article:modified_time\" content=\"2026-02-19T11:07:29+00:00\" \/>\n<meta property=\"og:image\" content=\"https:\/\/www.notibras.com\/site\/wp-content\/uploads\/2026\/02\/bdaae8a3-ed3f-490d-8fbd-46cef2c476b1.jpg\" \/>\n\t<meta property=\"og:image:width\" content=\"984\" \/>\n\t<meta property=\"og:image:height\" content=\"554\" \/>\n\t<meta property=\"og:image:type\" content=\"image\/jpeg\" \/>\n<meta name=\"author\" content=\"Reda\u00e7\u00e3o\" \/>\n<meta name=\"twitter:card\" content=\"summary_large_image\" \/>\n<meta name=\"twitter:creator\" content=\"@Notibras\" \/>\n<meta name=\"twitter:site\" content=\"@Notibras\" \/>\n<meta name=\"twitter:label1\" content=\"Escrito por\" \/>\n\t<meta name=\"twitter:data1\" content=\"Reda\u00e7\u00e3o\" \/>\n\t<meta name=\"twitter:label2\" content=\"Est. tempo de leitura\" \/>\n\t<meta name=\"twitter:data2\" content=\"2 minutos\" \/>\n<script type=\"application\/ld+json\" class=\"yoast-schema-graph\">{\"@context\":\"https:\/\/schema.org\",\"@graph\":[{\"@type\":\"Article\",\"@id\":\"https:\/\/www.notibras.com\/site\/apreendida-carga-com-20-mil-garrafas-de-bebidas-sem-documentacao\/#article\",\"isPartOf\":{\"@id\":\"https:\/\/www.notibras.com\/site\/apreendida-carga-com-20-mil-garrafas-de-bebidas-sem-documentacao\/\"},\"author\":{\"name\":\"Reda\u00e7\u00e3o\",\"@id\":\"https:\/\/www.notibras.com\/site\/#\/schema\/person\/36ab0979449956132d3e5b517ea76ac8\"},\"headline\":\"Apreendida carga com 20 mil garrafas de bebidas sem documenta\u00e7\u00e3o\",\"datePublished\":\"2026-02-19T03:11:52+00:00\",\"dateModified\":\"2026-02-19T11:07:29+00:00\",\"mainEntityOfPage\":{\"@id\":\"https:\/\/www.notibras.com\/site\/apreendida-carga-com-20-mil-garrafas-de-bebidas-sem-documentacao\/\"},\"wordCount\":223,\"publisher\":{\"@id\":\"https:\/\/www.notibras.com\/site\/#organization\"},\"image\":{\"@id\":\"https:\/\/www.notibras.com\/site\/apreendida-carga-com-20-mil-garrafas-de-bebidas-sem-documentacao\/#primaryimage\"},\"thumbnailUrl\":\"https:\/\/www.notibras.com\/site\/wp-content\/uploads\/2026\/02\/bdaae8a3-ed3f-490d-8fbd-46cef2c476b1.jpg\",\"articleSection\":[\"Nordeste\"],\"inLanguage\":\"pt-BR\"},{\"@type\":\"WebPage\",\"@id\":\"https:\/\/www.notibras.com\/site\/apreendida-carga-com-20-mil-garrafas-de-bebidas-sem-documentacao\/\",\"url\":\"https:\/\/www.notibras.com\/site\/apreendida-carga-com-20-mil-garrafas-de-bebidas-sem-documentacao\/\",\"name\":\"Apreendida carga com 20 mil garrafas de bebidas sem documenta\u00e7\u00e3o - Notibras\",\"isPartOf\":{\"@id\":\"https:\/\/www.notibras.com\/site\/#website\"},\"primaryImageOfPage\":{\"@id\":\"https:\/\/www.notibras.com\/site\/apreendida-carga-com-20-mil-garrafas-de-bebidas-sem-documentacao\/#primaryimage\"},\"image\":{\"@id\":\"https:\/\/www.notibras.com\/site\/apreendida-carga-com-20-mil-garrafas-de-bebidas-sem-documentacao\/#primaryimage\"},\"thumbnailUrl\":\"https:\/\/www.notibras.com\/site\/wp-content\/uploads\/2026\/02\/bdaae8a3-ed3f-490d-8fbd-46cef2c476b1.jpg\",\"datePublished\":\"2026-02-19T03:11:52+00:00\",\"dateModified\":\"2026-02-19T11:07:29+00:00\",\"breadcrumb\":{\"@id\":\"https:\/\/www.notibras.com\/site\/apreendida-carga-com-20-mil-garrafas-de-bebidas-sem-documentacao\/#breadcrumb\"},\"inLanguage\":\"pt-BR\",\"potentialAction\":[{\"@type\":\"ReadAction\",\"target\":[\"https:\/\/www.notibras.com\/site\/apreendida-carga-com-20-mil-garrafas-de-bebidas-sem-documentacao\/\"]}]},{\"@type\":\"ImageObject\",\"inLanguage\":\"pt-BR\",\"@id\":\"https:\/\/www.notibras.com\/site\/apreendida-carga-com-20-mil-garrafas-de-bebidas-sem-documentacao\/#primaryimage\",\"url\":\"https:\/\/www.notibras.com\/site\/wp-content\/uploads\/2026\/02\/bdaae8a3-ed3f-490d-8fbd-46cef2c476b1.jpg\",\"contentUrl\":\"https:\/\/www.notibras.com\/site\/wp-content\/uploads\/2026\/02\/bdaae8a3-ed3f-490d-8fbd-46cef2c476b1.jpg\",\"width\":984,\"height\":554},{\"@type\":\"BreadcrumbList\",\"@id\":\"https:\/\/www.notibras.com\/site\/apreendida-carga-com-20-mil-garrafas-de-bebidas-sem-documentacao\/#breadcrumb\",\"itemListElement\":[{\"@type\":\"ListItem\",\"position\":1,\"name\":\"In\u00edcio\",\"item\":\"https:\/\/www.notibras.com\/site\/\"},{\"@type\":\"ListItem\",\"position\":2,\"name\":\"Apreendida carga com 20 mil garrafas de bebidas sem documenta\u00e7\u00e3o\"}]},{\"@type\":\"WebSite\",\"@id\":\"https:\/\/www.notibras.com\/site\/#website\",\"url\":\"https:\/\/www.notibras.com\/site\/\",\"name\":\"Notibras\",\"description\":\"Not\u00edcias de Bras\u00edlia, do Brasil e do Mundo\",\"publisher\":{\"@id\":\"https:\/\/www.notibras.com\/site\/#organization\"},\"potentialAction\":[{\"@type\":\"SearchAction\",\"target\":{\"@type\":\"EntryPoint\",\"urlTemplate\":\"https:\/\/www.notibras.com\/site\/?s={search_term_string}\"},\"query-input\":{\"@type\":\"PropertyValueSpecification\",\"valueRequired\":true,\"valueName\":\"search_term_string\"}}],\"inLanguage\":\"pt-BR\"},{\"@type\":\"Organization\",\"@id\":\"https:\/\/www.notibras.com\/site\/#organization\",\"name\":\"Grupo Notibras de Comunica\u00e7\u00e3o\",\"url\":\"https:\/\/www.notibras.com\/site\/\",\"logo\":{\"@type\":\"ImageObject\",\"inLanguage\":\"pt-BR\",\"@id\":\"https:\/\/www.notibras.com\/site\/#\/schema\/logo\/image\/\",\"url\":\"https:\/\/www.notibras.com\/site\/wp-content\/uploads\/2023\/01\/notibras23.png\",\"contentUrl\":\"https:\/\/www.notibras.com\/site\/wp-content\/uploads\/2023\/01\/notibras23.png\",\"width\":350,\"height\":87,\"caption\":\"Grupo Notibras de Comunica\u00e7\u00e3o\"},\"image\":{\"@id\":\"https:\/\/www.notibras.com\/site\/#\/schema\/logo\/image\/\"},\"sameAs\":[\"https:\/\/www.facebook.com\/notibras\/\",\"https:\/\/x.com\/Notibras\",\"https:\/\/www.instagram.com\/notibras\/\"]},{\"@type\":\"Person\",\"@id\":\"https:\/\/www.notibras.com\/site\/#\/schema\/person\/36ab0979449956132d3e5b517ea76ac8\",\"name\":\"Reda\u00e7\u00e3o\",\"image\":{\"@type\":\"ImageObject\",\"inLanguage\":\"pt-BR\",\"@id\":\"https:\/\/secure.gravatar.com\/avatar\/e0a867bdedb85fd243eadf09663511f96fc81e0720a4a42581f334ad4303aa6b?s=96&d=mm&r=g\",\"url\":\"https:\/\/secure.gravatar.com\/avatar\/e0a867bdedb85fd243eadf09663511f96fc81e0720a4a42581f334ad4303aa6b?s=96&d=mm&r=g\",\"contentUrl\":\"https:\/\/secure.gravatar.com\/avatar\/e0a867bdedb85fd243eadf09663511f96fc81e0720a4a42581f334ad4303aa6b?s=96&d=mm&r=g\",\"caption\":\"Reda\u00e7\u00e3o\"}}]}<\/script>\n<!-- \/ Yoast SEO plugin. -->","yoast_head_json":{"title":"Apreendida carga com 20 mil garrafas de bebidas sem documenta\u00e7\u00e3o - Notibras","robots":{"index":"index","follow":"follow","max-snippet":"max-snippet:-1","max-image-preview":"max-image-preview:large","max-video-preview":"max-video-preview:-1"},"canonical":"https:\/\/www.notibras.com\/site\/apreendida-carga-com-20-mil-garrafas-de-bebidas-sem-documentacao\/","og_locale":"pt_BR","og_type":"article","og_title":"Apreendida carga com 20 mil garrafas de bebidas sem documenta\u00e7\u00e3o - Notibras","og_description":"Uma carga com mais de 20 mil garrafas de bebidas quentes, avaliada em 412 mil 800 reais foi apreendida no munic\u00edpio de Penaforte. Os produtos estavam sem a devida documenta\u00e7\u00e3o tribut\u00e1ria. Segundo a Secretaria da Fazenda do Cear\u00e1 foi utilizado um caminho alternativo para driblar a fiscaliza\u00e7\u00e3o. Ao ser questionado pelos fiscais, o motorista afirmou [&hellip;]","og_url":"https:\/\/www.notibras.com\/site\/apreendida-carga-com-20-mil-garrafas-de-bebidas-sem-documentacao\/","og_site_name":"Notibras","article_publisher":"https:\/\/www.facebook.com\/notibras\/","article_published_time":"2026-02-19T03:11:52+00:00","article_modified_time":"2026-02-19T11:07:29+00:00","og_image":[{"width":984,"height":554,"url":"https:\/\/www.notibras.com\/site\/wp-content\/uploads\/2026\/02\/bdaae8a3-ed3f-490d-8fbd-46cef2c476b1.jpg","type":"image\/jpeg"}],"author":"Reda\u00e7\u00e3o","twitter_card":"summary_large_image","twitter_creator":"@Notibras","twitter_site":"@Notibras","twitter_misc":{"Escrito por":"Reda\u00e7\u00e3o","Est. tempo de leitura":"2 minutos"},"schema":{"@context":"https:\/\/schema.org","@graph":[{"@type":"Article","@id":"https:\/\/www.notibras.com\/site\/apreendida-carga-com-20-mil-garrafas-de-bebidas-sem-documentacao\/#article","isPartOf":{"@id":"https:\/\/www.notibras.com\/site\/apreendida-carga-com-20-mil-garrafas-de-bebidas-sem-documentacao\/"},"author":{"name":"Reda\u00e7\u00e3o","@id":"https:\/\/www.notibras.com\/site\/#\/schema\/person\/36ab0979449956132d3e5b517ea76ac8"},"headline":"Apreendida carga com 20 mil garrafas de bebidas sem documenta\u00e7\u00e3o","datePublished":"2026-02-19T03:11:52+00:00","dateModified":"2026-02-19T11:07:29+00:00","mainEntityOfPage":{"@id":"https:\/\/www.notibras.com\/site\/apreendida-carga-com-20-mil-garrafas-de-bebidas-sem-documentacao\/"},"wordCount":223,"publisher":{"@id":"https:\/\/www.notibras.com\/site\/#organization"},"image":{"@id":"https:\/\/www.notibras.com\/site\/apreendida-carga-com-20-mil-garrafas-de-bebidas-sem-documentacao\/#primaryimage"},"thumbnailUrl":"https:\/\/www.notibras.com\/site\/wp-content\/uploads\/2026\/02\/bdaae8a3-ed3f-490d-8fbd-46cef2c476b1.jpg","articleSection":["Nordeste"],"inLanguage":"pt-BR"},{"@type":"WebPage","@id":"https:\/\/www.notibras.com\/site\/apreendida-carga-com-20-mil-garrafas-de-bebidas-sem-documentacao\/","url":"https:\/\/www.notibras.com\/site\/apreendida-carga-com-20-mil-garrafas-de-bebidas-sem-documentacao\/","name":"Apreendida carga com 20 mil garrafas de bebidas sem documenta\u00e7\u00e3o - Notibras","isPartOf":{"@id":"https:\/\/www.notibras.com\/site\/#website"},"primaryImageOfPage":{"@id":"https:\/\/www.notibras.com\/site\/apreendida-carga-com-20-mil-garrafas-de-bebidas-sem-documentacao\/#primaryimage"},"image":{"@id":"https:\/\/www.notibras.com\/site\/apreendida-carga-com-20-mil-garrafas-de-bebidas-sem-documentacao\/#primaryimage"},"thumbnailUrl":"https:\/\/www.notibras.com\/site\/wp-content\/uploads\/2026\/02\/bdaae8a3-ed3f-490d-8fbd-46cef2c476b1.jpg","datePublished":"2026-02-19T03:11:52+00:00","dateModified":"2026-02-19T11:07:29+00:00","breadcrumb":{"@id":"https:\/\/www.notibras.com\/site\/apreendida-carga-com-20-mil-garrafas-de-bebidas-sem-documentacao\/#breadcrumb"},"inLanguage":"pt-BR","potentialAction":[{"@type":"ReadAction","target":["https:\/\/www.notibras.com\/site\/apreendida-carga-com-20-mil-garrafas-de-bebidas-sem-documentacao\/"]}]},{"@type":"ImageObject","inLanguage":"pt-BR","@id":"https:\/\/www.notibras.com\/site\/apreendida-carga-com-20-mil-garrafas-de-bebidas-sem-documentacao\/#primaryimage","url":"https:\/\/www.notibras.com\/site\/wp-content\/uploads\/2026\/02\/bdaae8a3-ed3f-490d-8fbd-46cef2c476b1.jpg","contentUrl":"https:\/\/www.notibras.com\/site\/wp-content\/uploads\/2026\/02\/bdaae8a3-ed3f-490d-8fbd-46cef2c476b1.jpg","width":984,"height":554},{"@type":"BreadcrumbList","@id":"https:\/\/www.notibras.com\/site\/apreendida-carga-com-20-mil-garrafas-de-bebidas-sem-documentacao\/#breadcrumb","itemListElement":[{"@type":"ListItem","position":1,"name":"In\u00edcio","item":"https:\/\/www.notibras.com\/site\/"},{"@type":"ListItem","position":2,"name":"Apreendida carga com 20 mil garrafas de bebidas sem documenta\u00e7\u00e3o"}]},{"@type":"WebSite","@id":"https:\/\/www.notibras.com\/site\/#website","url":"https:\/\/www.notibras.com\/site\/","name":"Notibras","description":"Not\u00edcias de Bras\u00edlia, do Brasil e do Mundo","publisher":{"@id":"https:\/\/www.notibras.com\/site\/#organization"},"potentialAction":[{"@type":"SearchAction","target":{"@type":"EntryPoint","urlTemplate":"https:\/\/www.notibras.com\/site\/?s={search_term_string}"},"query-input":{"@type":"PropertyValueSpecification","valueRequired":true,"valueName":"search_term_string"}}],"inLanguage":"pt-BR"},{"@type":"Organization","@id":"https:\/\/www.notibras.com\/site\/#organization","name":"Grupo Notibras de Comunica\u00e7\u00e3o","url":"https:\/\/www.notibras.com\/site\/","logo":{"@type":"ImageObject","inLanguage":"pt-BR","@id":"https:\/\/www.notibras.com\/site\/#\/schema\/logo\/image\/","url":"https:\/\/www.notibras.com\/site\/wp-content\/uploads\/2023\/01\/notibras23.png","contentUrl":"https:\/\/www.notibras.com\/site\/wp-content\/uploads\/2023\/01\/notibras23.png","width":350,"height":87,"caption":"Grupo Notibras de Comunica\u00e7\u00e3o"},"image":{"@id":"https:\/\/www.notibras.com\/site\/#\/schema\/logo\/image\/"},"sameAs":["https:\/\/www.facebook.com\/notibras\/","https:\/\/x.com\/Notibras","https:\/\/www.instagram.com\/notibras\/"]},{"@type":"Person","@id":"https:\/\/www.notibras.com\/site\/#\/schema\/person\/36ab0979449956132d3e5b517ea76ac8","name":"Reda\u00e7\u00e3o","image":{"@type":"ImageObject","inLanguage":"pt-BR","@id":"https:\/\/secure.gravatar.com\/avatar\/e0a867bdedb85fd243eadf09663511f96fc81e0720a4a42581f334ad4303aa6b?s=96&d=mm&r=g","url":"https:\/\/secure.gravatar.com\/avatar\/e0a867bdedb85fd243eadf09663511f96fc81e0720a4a42581f334ad4303aa6b?s=96&d=mm&r=g","contentUrl":"https:\/\/secure.gravatar.com\/avatar\/e0a867bdedb85fd243eadf09663511f96fc81e0720a4a42581f334ad4303aa6b?s=96&d=mm&r=g","caption":"Reda\u00e7\u00e3o"}}]}},"amp_enabled":true,"_links":{"self":[{"href":"https:\/\/www.notibras.com\/site\/wp-json\/wp\/v2\/posts\/383839","targetHints":{"allow":["GET"]}}],"collection":[{"href":"https:\/\/www.notibras.com\/site\/wp-json\/wp\/v2\/posts"}],"about":[{"href":"https:\/\/www.notibras.com\/site\/wp-json\/wp\/v2\/types\/post"}],"author":[{"embeddable":true,"href":"https:\/\/www.notibras.com\/site\/wp-json\/wp\/v2\/users\/2"}],"replies":[{"embeddable":true,"href":"https:\/\/www.notibras.com\/site\/wp-json\/wp\/v2\/comments?post=383839"}],"version-history":[{"count":1,"href":"https:\/\/www.notibras.com\/site\/wp-json\/wp\/v2\/posts\/383839\/revisions"}],"predecessor-version":[{"id":383841,"href":"https:\/\/www.notibras.com\/site\/wp-json\/wp\/v2\/posts\/383839\/revisions\/383841"}],"wp:featuredmedia":[{"embeddable":true,"href":"https:\/\/www.notibras.com\/site\/wp-json\/wp\/v2\/media\/383840"}],"wp:attachment":[{"href":"https:\/\/www.notibras.com\/site\/wp-json\/wp\/v2\/media?parent=383839"}],"wp:term":[{"taxonomy":"category","embeddable":true,"href":"https:\/\/www.notibras.com\/site\/wp-json\/wp\/v2\/categories?post=383839"},{"taxonomy":"post_tag","embeddable":true,"href":"https:\/\/www.notibras.com\/site\/wp-json\/wp\/v2\/tags?post=383839"}],"curies":[{"name":"wp","href":"https:\/\/api.w.org\/{rel}","templated":true}]}}