{"id":383846,"date":"2026-02-19T08:00:11","date_gmt":"2026-02-19T11:00:11","guid":{"rendered":"https:\/\/www.notibras.com\/site\/?p=383846"},"modified":"2026-02-19T08:19:14","modified_gmt":"2026-02-19T11:19:14","slug":"porto-digital-consolida-recife-como-polo-oficial-de-inovacao","status":"publish","type":"post","link":"https:\/\/www.notibras.com\/site\/porto-digital-consolida-recife-como-polo-oficial-de-inovacao\/","title":{"rendered":"Porto Digital consolida Recife como polo oficial de inova\u00e7\u00e3o"},"content":{"rendered":"<p>O estado de Pernambuco segue fortalecendo sua posi\u00e7\u00e3o como um dos principais centros de tecnologia e economia criativa do Brasil. Um dos maiores s\u00edmbolos desse avan\u00e7o \u00e9 o Porto Digital, parque tecnol\u00f3gico oficialmente reconhecido como pol\u00edtica p\u00fablica estrat\u00e9gica do governo estadual.<\/p>\n<p>Criado no ano 2000, o Porto Digital est\u00e1 localizado no bairro hist\u00f3rico do Recife Antigo e re\u00fane centenas de empresas nas \u00e1reas de tecnologia da informa\u00e7\u00e3o (TI), economia criativa, design, games e comunica\u00e7\u00e3o. Atualmente, o parque abriga startups, multinacionais e centros de inova\u00e7\u00e3o, al\u00e9m de manter parcerias com universidades p\u00fablicas como a Universidade Federal de Pernambuco.<\/p>\n<p>Hoje, o Porto Digital \u00e9 considerado um dos maiores parques tecnol\u00f3gicos da Am\u00e9rica Latina. O ambiente gera milhares de empregos diretos e indiretos, impulsionando a economia pernambucana e atraindo investimentos nacionais e internacionais.<\/p>\n<p>O modelo de gest\u00e3o \u00e9 feito por uma organiza\u00e7\u00e3o social, com apoio oficial do Governo de Pernambuco e da Prefeitura do Recife. A iniciativa tamb\u00e9m estimula a requalifica\u00e7\u00e3o urbana do centro hist\u00f3rico da capital, revitalizando pr\u00e9dios antigos e promovendo ocupa\u00e7\u00e3o sustent\u00e1vel da \u00e1rea.<\/p>\n<p>Al\u00e9m do desenvolvimento empresarial, o Porto Digital investe em forma\u00e7\u00e3o profissional, oferecendo programas de capacita\u00e7\u00e3o para jovens e profissionais que desejam ingressar no setor de tecnologia. A integra\u00e7\u00e3o entre governo, iniciativa privada e universidades \u00e9 apontada como um dos principais diferenciais do projeto.<\/p>\n<p>O sucesso da iniciativa transformou Pernambuco em refer\u00eancia no Nordeste quando o assunto \u00e9 inova\u00e7\u00e3o e tecnologia. Outros estados da regi\u00e3o t\u00eam buscado modelos semelhantes para fomentar o desenvolvimento econ\u00f4mico sustent\u00e1vel.<\/p>\n<p>Com pol\u00edticas p\u00fablicas consolidadas e foco em inova\u00e7\u00e3o, Pernambuco demonstra como o Nordeste brasileiro tamb\u00e9m \u00e9 protagonista na economia digital do pa\u00eds.<\/p>\n","protected":false},"excerpt":{"rendered":"<p>O estado de Pernambuco segue fortalecendo sua posi\u00e7\u00e3o como um dos principais centros de tecnologia e economia criativa do Brasil. Um dos maiores s\u00edmbolos desse avan\u00e7o \u00e9 o Porto Digital, parque tecnol\u00f3gico oficialmente reconhecido como pol\u00edtica p\u00fablica estrat\u00e9gica do governo estadual. Criado no ano 2000, o Porto Digital est\u00e1 localizado no bairro hist\u00f3rico do Recife [&hellip;]<\/p>\n","protected":false},"author":2,"featured_media":383847,"comment_status":"closed","ping_status":"closed","sticky":false,"template":"","format":"standard","meta":{"_acf_changed":false,"footnotes":""},"categories":[165],"tags":[],"class_list":["post-383846","post","type-post","status-publish","format-standard","has-post-thumbnail","hentry","category-nordeste"],"acf":[],"yoast_head":"<!-- This site is optimized with the Yoast SEO plugin v27.2 - https:\/\/yoast.com\/product\/yoast-seo-wordpress\/ -->\n<title>Porto Digital consolida Recife como polo oficial de inova\u00e7\u00e3o - Notibras<\/title>\n<meta name=\"robots\" content=\"index, follow, max-snippet:-1, max-image-preview:large, max-video-preview:-1\" \/>\n<link rel=\"canonical\" href=\"https:\/\/www.notibras.com\/site\/porto-digital-consolida-recife-como-polo-oficial-de-inovacao\/\" \/>\n<meta property=\"og:locale\" content=\"pt_BR\" \/>\n<meta property=\"og:type\" content=\"article\" \/>\n<meta property=\"og:title\" content=\"Porto Digital consolida Recife como polo oficial de inova\u00e7\u00e3o - Notibras\" \/>\n<meta property=\"og:description\" content=\"O estado de Pernambuco segue fortalecendo sua posi\u00e7\u00e3o como um dos principais centros de tecnologia e economia criativa do Brasil. Um dos maiores s\u00edmbolos desse avan\u00e7o \u00e9 o Porto Digital, parque tecnol\u00f3gico oficialmente reconhecido como pol\u00edtica p\u00fablica estrat\u00e9gica do governo estadual. Criado no ano 2000, o Porto Digital est\u00e1 localizado no bairro hist\u00f3rico do Recife [&hellip;]\" \/>\n<meta property=\"og:url\" content=\"https:\/\/www.notibras.com\/site\/porto-digital-consolida-recife-como-polo-oficial-de-inovacao\/\" \/>\n<meta property=\"og:site_name\" content=\"Notibras\" \/>\n<meta property=\"article:publisher\" content=\"https:\/\/www.facebook.com\/notibras\/\" \/>\n<meta property=\"article:published_time\" content=\"2026-02-19T11:00:11+00:00\" \/>\n<meta property=\"article:modified_time\" content=\"2026-02-19T11:19:14+00:00\" \/>\n<meta property=\"og:image\" content=\"https:\/\/www.notibras.com\/site\/wp-content\/uploads\/2026\/02\/5fa18246-9cbd-452c-abdd-b535b74afb0e.jpg\" \/>\n\t<meta property=\"og:image:width\" content=\"1000\" \/>\n\t<meta property=\"og:image:height\" content=\"667\" \/>\n\t<meta property=\"og:image:type\" content=\"image\/jpeg\" \/>\n<meta name=\"author\" content=\"Reda\u00e7\u00e3o\" \/>\n<meta name=\"twitter:card\" content=\"summary_large_image\" \/>\n<meta name=\"twitter:creator\" content=\"@Notibras\" \/>\n<meta name=\"twitter:site\" content=\"@Notibras\" \/>\n<meta name=\"twitter:label1\" content=\"Escrito por\" \/>\n\t<meta name=\"twitter:data1\" content=\"Reda\u00e7\u00e3o\" \/>\n\t<meta name=\"twitter:label2\" content=\"Est. tempo de leitura\" \/>\n\t<meta name=\"twitter:data2\" content=\"2 minutos\" \/>\n<script type=\"application\/ld+json\" class=\"yoast-schema-graph\">{\"@context\":\"https:\/\/schema.org\",\"@graph\":[{\"@type\":\"Article\",\"@id\":\"https:\/\/www.notibras.com\/site\/porto-digital-consolida-recife-como-polo-oficial-de-inovacao\/#article\",\"isPartOf\":{\"@id\":\"https:\/\/www.notibras.com\/site\/porto-digital-consolida-recife-como-polo-oficial-de-inovacao\/\"},\"author\":{\"name\":\"Reda\u00e7\u00e3o\",\"@id\":\"https:\/\/www.notibras.com\/site\/#\/schema\/person\/36ab0979449956132d3e5b517ea76ac8\"},\"headline\":\"Porto Digital consolida Recife como polo oficial de inova\u00e7\u00e3o\",\"datePublished\":\"2026-02-19T11:00:11+00:00\",\"dateModified\":\"2026-02-19T11:19:14+00:00\",\"mainEntityOfPage\":{\"@id\":\"https:\/\/www.notibras.com\/site\/porto-digital-consolida-recife-como-polo-oficial-de-inovacao\/\"},\"wordCount\":311,\"publisher\":{\"@id\":\"https:\/\/www.notibras.com\/site\/#organization\"},\"image\":{\"@id\":\"https:\/\/www.notibras.com\/site\/porto-digital-consolida-recife-como-polo-oficial-de-inovacao\/#primaryimage\"},\"thumbnailUrl\":\"https:\/\/www.notibras.com\/site\/wp-content\/uploads\/2026\/02\/5fa18246-9cbd-452c-abdd-b535b74afb0e.jpg\",\"articleSection\":[\"Nordeste\"],\"inLanguage\":\"pt-BR\"},{\"@type\":\"WebPage\",\"@id\":\"https:\/\/www.notibras.com\/site\/porto-digital-consolida-recife-como-polo-oficial-de-inovacao\/\",\"url\":\"https:\/\/www.notibras.com\/site\/porto-digital-consolida-recife-como-polo-oficial-de-inovacao\/\",\"name\":\"Porto Digital consolida Recife como polo oficial de inova\u00e7\u00e3o - Notibras\",\"isPartOf\":{\"@id\":\"https:\/\/www.notibras.com\/site\/#website\"},\"primaryImageOfPage\":{\"@id\":\"https:\/\/www.notibras.com\/site\/porto-digital-consolida-recife-como-polo-oficial-de-inovacao\/#primaryimage\"},\"image\":{\"@id\":\"https:\/\/www.notibras.com\/site\/porto-digital-consolida-recife-como-polo-oficial-de-inovacao\/#primaryimage\"},\"thumbnailUrl\":\"https:\/\/www.notibras.com\/site\/wp-content\/uploads\/2026\/02\/5fa18246-9cbd-452c-abdd-b535b74afb0e.jpg\",\"datePublished\":\"2026-02-19T11:00:11+00:00\",\"dateModified\":\"2026-02-19T11:19:14+00:00\",\"breadcrumb\":{\"@id\":\"https:\/\/www.notibras.com\/site\/porto-digital-consolida-recife-como-polo-oficial-de-inovacao\/#breadcrumb\"},\"inLanguage\":\"pt-BR\",\"potentialAction\":[{\"@type\":\"ReadAction\",\"target\":[\"https:\/\/www.notibras.com\/site\/porto-digital-consolida-recife-como-polo-oficial-de-inovacao\/\"]}]},{\"@type\":\"ImageObject\",\"inLanguage\":\"pt-BR\",\"@id\":\"https:\/\/www.notibras.com\/site\/porto-digital-consolida-recife-como-polo-oficial-de-inovacao\/#primaryimage\",\"url\":\"https:\/\/www.notibras.com\/site\/wp-content\/uploads\/2026\/02\/5fa18246-9cbd-452c-abdd-b535b74afb0e.jpg\",\"contentUrl\":\"https:\/\/www.notibras.com\/site\/wp-content\/uploads\/2026\/02\/5fa18246-9cbd-452c-abdd-b535b74afb0e.jpg\",\"width\":1000,\"height\":667},{\"@type\":\"BreadcrumbList\",\"@id\":\"https:\/\/www.notibras.com\/site\/porto-digital-consolida-recife-como-polo-oficial-de-inovacao\/#breadcrumb\",\"itemListElement\":[{\"@type\":\"ListItem\",\"position\":1,\"name\":\"In\u00edcio\",\"item\":\"https:\/\/www.notibras.com\/site\/\"},{\"@type\":\"ListItem\",\"position\":2,\"name\":\"Porto Digital consolida Recife como polo oficial de inova\u00e7\u00e3o\"}]},{\"@type\":\"WebSite\",\"@id\":\"https:\/\/www.notibras.com\/site\/#website\",\"url\":\"https:\/\/www.notibras.com\/site\/\",\"name\":\"Notibras\",\"description\":\"Not\u00edcias de Bras\u00edlia, do Brasil e do Mundo\",\"publisher\":{\"@id\":\"https:\/\/www.notibras.com\/site\/#organization\"},\"potentialAction\":[{\"@type\":\"SearchAction\",\"target\":{\"@type\":\"EntryPoint\",\"urlTemplate\":\"https:\/\/www.notibras.com\/site\/?s={search_term_string}\"},\"query-input\":{\"@type\":\"PropertyValueSpecification\",\"valueRequired\":true,\"valueName\":\"search_term_string\"}}],\"inLanguage\":\"pt-BR\"},{\"@type\":\"Organization\",\"@id\":\"https:\/\/www.notibras.com\/site\/#organization\",\"name\":\"Grupo Notibras de Comunica\u00e7\u00e3o\",\"url\":\"https:\/\/www.notibras.com\/site\/\",\"logo\":{\"@type\":\"ImageObject\",\"inLanguage\":\"pt-BR\",\"@id\":\"https:\/\/www.notibras.com\/site\/#\/schema\/logo\/image\/\",\"url\":\"https:\/\/www.notibras.com\/site\/wp-content\/uploads\/2023\/01\/notibras23.png\",\"contentUrl\":\"https:\/\/www.notibras.com\/site\/wp-content\/uploads\/2023\/01\/notibras23.png\",\"width\":350,\"height\":87,\"caption\":\"Grupo Notibras de Comunica\u00e7\u00e3o\"},\"image\":{\"@id\":\"https:\/\/www.notibras.com\/site\/#\/schema\/logo\/image\/\"},\"sameAs\":[\"https:\/\/www.facebook.com\/notibras\/\",\"https:\/\/x.com\/Notibras\",\"https:\/\/www.instagram.com\/notibras\/\"]},{\"@type\":\"Person\",\"@id\":\"https:\/\/www.notibras.com\/site\/#\/schema\/person\/36ab0979449956132d3e5b517ea76ac8\",\"name\":\"Reda\u00e7\u00e3o\",\"image\":{\"@type\":\"ImageObject\",\"inLanguage\":\"pt-BR\",\"@id\":\"https:\/\/secure.gravatar.com\/avatar\/e0a867bdedb85fd243eadf09663511f96fc81e0720a4a42581f334ad4303aa6b?s=96&d=mm&r=g\",\"url\":\"https:\/\/secure.gravatar.com\/avatar\/e0a867bdedb85fd243eadf09663511f96fc81e0720a4a42581f334ad4303aa6b?s=96&d=mm&r=g\",\"contentUrl\":\"https:\/\/secure.gravatar.com\/avatar\/e0a867bdedb85fd243eadf09663511f96fc81e0720a4a42581f334ad4303aa6b?s=96&d=mm&r=g\",\"caption\":\"Reda\u00e7\u00e3o\"}}]}<\/script>\n<!-- \/ Yoast SEO plugin. -->","yoast_head_json":{"title":"Porto Digital consolida Recife como polo oficial de inova\u00e7\u00e3o - Notibras","robots":{"index":"index","follow":"follow","max-snippet":"max-snippet:-1","max-image-preview":"max-image-preview:large","max-video-preview":"max-video-preview:-1"},"canonical":"https:\/\/www.notibras.com\/site\/porto-digital-consolida-recife-como-polo-oficial-de-inovacao\/","og_locale":"pt_BR","og_type":"article","og_title":"Porto Digital consolida Recife como polo oficial de inova\u00e7\u00e3o - Notibras","og_description":"O estado de Pernambuco segue fortalecendo sua posi\u00e7\u00e3o como um dos principais centros de tecnologia e economia criativa do Brasil. Um dos maiores s\u00edmbolos desse avan\u00e7o \u00e9 o Porto Digital, parque tecnol\u00f3gico oficialmente reconhecido como pol\u00edtica p\u00fablica estrat\u00e9gica do governo estadual. Criado no ano 2000, o Porto Digital est\u00e1 localizado no bairro hist\u00f3rico do Recife [&hellip;]","og_url":"https:\/\/www.notibras.com\/site\/porto-digital-consolida-recife-como-polo-oficial-de-inovacao\/","og_site_name":"Notibras","article_publisher":"https:\/\/www.facebook.com\/notibras\/","article_published_time":"2026-02-19T11:00:11+00:00","article_modified_time":"2026-02-19T11:19:14+00:00","og_image":[{"width":1000,"height":667,"url":"https:\/\/www.notibras.com\/site\/wp-content\/uploads\/2026\/02\/5fa18246-9cbd-452c-abdd-b535b74afb0e.jpg","type":"image\/jpeg"}],"author":"Reda\u00e7\u00e3o","twitter_card":"summary_large_image","twitter_creator":"@Notibras","twitter_site":"@Notibras","twitter_misc":{"Escrito por":"Reda\u00e7\u00e3o","Est. tempo de leitura":"2 minutos"},"schema":{"@context":"https:\/\/schema.org","@graph":[{"@type":"Article","@id":"https:\/\/www.notibras.com\/site\/porto-digital-consolida-recife-como-polo-oficial-de-inovacao\/#article","isPartOf":{"@id":"https:\/\/www.notibras.com\/site\/porto-digital-consolida-recife-como-polo-oficial-de-inovacao\/"},"author":{"name":"Reda\u00e7\u00e3o","@id":"https:\/\/www.notibras.com\/site\/#\/schema\/person\/36ab0979449956132d3e5b517ea76ac8"},"headline":"Porto Digital consolida Recife como polo oficial de inova\u00e7\u00e3o","datePublished":"2026-02-19T11:00:11+00:00","dateModified":"2026-02-19T11:19:14+00:00","mainEntityOfPage":{"@id":"https:\/\/www.notibras.com\/site\/porto-digital-consolida-recife-como-polo-oficial-de-inovacao\/"},"wordCount":311,"publisher":{"@id":"https:\/\/www.notibras.com\/site\/#organization"},"image":{"@id":"https:\/\/www.notibras.com\/site\/porto-digital-consolida-recife-como-polo-oficial-de-inovacao\/#primaryimage"},"thumbnailUrl":"https:\/\/www.notibras.com\/site\/wp-content\/uploads\/2026\/02\/5fa18246-9cbd-452c-abdd-b535b74afb0e.jpg","articleSection":["Nordeste"],"inLanguage":"pt-BR"},{"@type":"WebPage","@id":"https:\/\/www.notibras.com\/site\/porto-digital-consolida-recife-como-polo-oficial-de-inovacao\/","url":"https:\/\/www.notibras.com\/site\/porto-digital-consolida-recife-como-polo-oficial-de-inovacao\/","name":"Porto Digital consolida Recife como polo oficial de inova\u00e7\u00e3o - Notibras","isPartOf":{"@id":"https:\/\/www.notibras.com\/site\/#website"},"primaryImageOfPage":{"@id":"https:\/\/www.notibras.com\/site\/porto-digital-consolida-recife-como-polo-oficial-de-inovacao\/#primaryimage"},"image":{"@id":"https:\/\/www.notibras.com\/site\/porto-digital-consolida-recife-como-polo-oficial-de-inovacao\/#primaryimage"},"thumbnailUrl":"https:\/\/www.notibras.com\/site\/wp-content\/uploads\/2026\/02\/5fa18246-9cbd-452c-abdd-b535b74afb0e.jpg","datePublished":"2026-02-19T11:00:11+00:00","dateModified":"2026-02-19T11:19:14+00:00","breadcrumb":{"@id":"https:\/\/www.notibras.com\/site\/porto-digital-consolida-recife-como-polo-oficial-de-inovacao\/#breadcrumb"},"inLanguage":"pt-BR","potentialAction":[{"@type":"ReadAction","target":["https:\/\/www.notibras.com\/site\/porto-digital-consolida-recife-como-polo-oficial-de-inovacao\/"]}]},{"@type":"ImageObject","inLanguage":"pt-BR","@id":"https:\/\/www.notibras.com\/site\/porto-digital-consolida-recife-como-polo-oficial-de-inovacao\/#primaryimage","url":"https:\/\/www.notibras.com\/site\/wp-content\/uploads\/2026\/02\/5fa18246-9cbd-452c-abdd-b535b74afb0e.jpg","contentUrl":"https:\/\/www.notibras.com\/site\/wp-content\/uploads\/2026\/02\/5fa18246-9cbd-452c-abdd-b535b74afb0e.jpg","width":1000,"height":667},{"@type":"BreadcrumbList","@id":"https:\/\/www.notibras.com\/site\/porto-digital-consolida-recife-como-polo-oficial-de-inovacao\/#breadcrumb","itemListElement":[{"@type":"ListItem","position":1,"name":"In\u00edcio","item":"https:\/\/www.notibras.com\/site\/"},{"@type":"ListItem","position":2,"name":"Porto Digital consolida Recife como polo oficial de inova\u00e7\u00e3o"}]},{"@type":"WebSite","@id":"https:\/\/www.notibras.com\/site\/#website","url":"https:\/\/www.notibras.com\/site\/","name":"Notibras","description":"Not\u00edcias de Bras\u00edlia, do Brasil e do Mundo","publisher":{"@id":"https:\/\/www.notibras.com\/site\/#organization"},"potentialAction":[{"@type":"SearchAction","target":{"@type":"EntryPoint","urlTemplate":"https:\/\/www.notibras.com\/site\/?s={search_term_string}"},"query-input":{"@type":"PropertyValueSpecification","valueRequired":true,"valueName":"search_term_string"}}],"inLanguage":"pt-BR"},{"@type":"Organization","@id":"https:\/\/www.notibras.com\/site\/#organization","name":"Grupo Notibras de Comunica\u00e7\u00e3o","url":"https:\/\/www.notibras.com\/site\/","logo":{"@type":"ImageObject","inLanguage":"pt-BR","@id":"https:\/\/www.notibras.com\/site\/#\/schema\/logo\/image\/","url":"https:\/\/www.notibras.com\/site\/wp-content\/uploads\/2023\/01\/notibras23.png","contentUrl":"https:\/\/www.notibras.com\/site\/wp-content\/uploads\/2023\/01\/notibras23.png","width":350,"height":87,"caption":"Grupo Notibras de Comunica\u00e7\u00e3o"},"image":{"@id":"https:\/\/www.notibras.com\/site\/#\/schema\/logo\/image\/"},"sameAs":["https:\/\/www.facebook.com\/notibras\/","https:\/\/x.com\/Notibras","https:\/\/www.instagram.com\/notibras\/"]},{"@type":"Person","@id":"https:\/\/www.notibras.com\/site\/#\/schema\/person\/36ab0979449956132d3e5b517ea76ac8","name":"Reda\u00e7\u00e3o","image":{"@type":"ImageObject","inLanguage":"pt-BR","@id":"https:\/\/secure.gravatar.com\/avatar\/e0a867bdedb85fd243eadf09663511f96fc81e0720a4a42581f334ad4303aa6b?s=96&d=mm&r=g","url":"https:\/\/secure.gravatar.com\/avatar\/e0a867bdedb85fd243eadf09663511f96fc81e0720a4a42581f334ad4303aa6b?s=96&d=mm&r=g","contentUrl":"https:\/\/secure.gravatar.com\/avatar\/e0a867bdedb85fd243eadf09663511f96fc81e0720a4a42581f334ad4303aa6b?s=96&d=mm&r=g","caption":"Reda\u00e7\u00e3o"}}]}},"amp_enabled":true,"_links":{"self":[{"href":"https:\/\/www.notibras.com\/site\/wp-json\/wp\/v2\/posts\/383846","targetHints":{"allow":["GET"]}}],"collection":[{"href":"https:\/\/www.notibras.com\/site\/wp-json\/wp\/v2\/posts"}],"about":[{"href":"https:\/\/www.notibras.com\/site\/wp-json\/wp\/v2\/types\/post"}],"author":[{"embeddable":true,"href":"https:\/\/www.notibras.com\/site\/wp-json\/wp\/v2\/users\/2"}],"replies":[{"embeddable":true,"href":"https:\/\/www.notibras.com\/site\/wp-json\/wp\/v2\/comments?post=383846"}],"version-history":[{"count":1,"href":"https:\/\/www.notibras.com\/site\/wp-json\/wp\/v2\/posts\/383846\/revisions"}],"predecessor-version":[{"id":383848,"href":"https:\/\/www.notibras.com\/site\/wp-json\/wp\/v2\/posts\/383846\/revisions\/383848"}],"wp:featuredmedia":[{"embeddable":true,"href":"https:\/\/www.notibras.com\/site\/wp-json\/wp\/v2\/media\/383847"}],"wp:attachment":[{"href":"https:\/\/www.notibras.com\/site\/wp-json\/wp\/v2\/media?parent=383846"}],"wp:term":[{"taxonomy":"category","embeddable":true,"href":"https:\/\/www.notibras.com\/site\/wp-json\/wp\/v2\/categories?post=383846"},{"taxonomy":"post_tag","embeddable":true,"href":"https:\/\/www.notibras.com\/site\/wp-json\/wp\/v2\/tags?post=383846"}],"curies":[{"name":"wp","href":"https:\/\/api.w.org\/{rel}","templated":true}]}}