{"id":383857,"date":"2026-02-20T02:00:05","date_gmt":"2026-02-20T05:00:05","guid":{"rendered":"https:\/\/www.notibras.com\/site\/?p=383857"},"modified":"2026-02-19T21:25:25","modified_gmt":"2026-02-20T00:25:25","slug":"cidinha-do-cemiterio","status":"publish","type":"post","link":"https:\/\/www.notibras.com\/site\/cidinha-do-cemiterio\/","title":{"rendered":"Cidinha do Cemit\u00e9rio"},"content":{"rendered":"<p>Maria Aparecida dos Santos, a Cidinha, foi de tudo no \u00fanico cemit\u00e9rio da cidade. Come\u00e7ou como coveira e tanatopraxista, quando ganhou fama por conta dos nervos de a\u00e7o, bem como zeladora, chegando ao concorrido posto de administradora. Acabou virando vereadora com o sugestivo slogan: &#8220;Vote na Cidinha para enterrar a velha pol\u00edtica de vez!&#8221; E foi reeleita nas elei\u00e7\u00f5es seguintes com &#8220;Cidinha: cavando um futuro melhor para a nossa gente&#8221;, &#8220;Para os problemas da cidade, Cidinha \u00e9 a solu\u00e7\u00e3o final&#8221;, &#8220;Chega de sujeira: Cidinha neles, pra limpara e enterrar o passado&#8221;, &#8220;Cidinha: enterrando a corrup\u00e7\u00e3o&#8221; e, talvez o melhor de todos, &#8220;Cidinha: a \u00fanica que sabe onde os problemas est\u00e3o enterrados&#8221;.<\/p>\n<p>A despeito da profiss\u00e3o que poderia afastar os desprovidos de coragem, Cidinha parecia ter nervos de a\u00e7o quando o assunto era ser o elo entre a vida terrena e o al\u00e9m. Dos mais paup\u00e9rrimos at\u00e9 os endinheirados, todos passavam por suas m\u00e3os. E isso a fez ser respeitada que nem o prefeito, o padre, o delegado e o gerente do Banco do Brasil. Era mais f\u00e1cil algu\u00e9m arrumar imbr\u00f3glio com o maior dos fac\u00ednoras a querer arrumar confus\u00e3o com a mulher. Mas eis que surgiu um desavisado na regi\u00e3o, que foi inventar treta justamente com a toda poderosa.<\/p>\n<p>O nome do sujeito era Firmino Oliveira, um tipo orgulhoso, apesar de sustentar as cal\u00e7as com embira. Andava com canivete na cintura para picotar fumo na palma da m\u00e3o. Os olhos corriam para ver se tinha gente curiosa e, se sentisse que dava conta, cuspia ofensa.<\/p>\n<p>\u2014 T\u00e1 olhando o qu\u00ea?<\/p>\n<p>Quase sempre a pessoa desviava o olhar e tratava de sair de perto. O problema foi que Firmino foi provocar justamente quem n\u00e3o podia. E olha que Cidinha at\u00e9 tentou n\u00e3o dar aten\u00e7\u00e3o, mas isso fez com que o sujeito estufasse o peito e lan\u00e7asse ofensa que n\u00e3o podia passar despercebida.<\/p>\n<p>\u2014 O que voc\u00ea tanto olha, jabiraca?<\/p>\n<p>Menos pior que xingasse a Cidinha de fofoqueira ou intrometida. Mas jabiraca era al\u00e9m da conta. E n\u00e3o deu outra.<\/p>\n<p>\u2014 Do que voc\u00ea me xingou?<\/p>\n<p>\u2014 T\u00e1 surda?<\/p>\n<p>\u2014 Pois diga se tu \u00e9 homem!<\/p>\n<p>\u2014 Jabiraca!<\/p>\n<p>Em vez de dar um safan\u00e3o na fu\u00e7a do atrevido, Cidinha fez o improv\u00e1vel, mas foi mais do que suficiente para que o homem tremesse na base e percebesse que havia cometido um erro fatal. Ela simplesmente lhe sorriu. Nada al\u00e9m do que um quase angelical sorriso.<\/p>\n<p>Cidinha, em seguida, virou-se e foi embora. Tal atitude, para quem supunha conhec\u00ea-la, foi interpretada como sinal de grandeza e poderia ser contada como anedota ou, o que era mais prov\u00e1vel, ser esquecida, caso n\u00e3o tivesse acontecido o que todos na cidade ficaram sabendo na manh\u00e3 seguinte. E a not\u00edcia correu mais ligeira do que pre\u00e1 quando foge de cachorro-vinagre.<\/p>\n<p>\u2014 Morreu?<\/p>\n<p>\u2014 Morreu!<\/p>\n<p>\u2014 De qu\u00ea?<\/p>\n<p>\u2014 Ningu\u00e9m sabe. Nem o doutor, nem o delegado, nem o juiz. Mas t\u00e1 l\u00e1 seco que nem espeto.<\/p>\n<p>Pois foi isso mesmo que aconteceu com o tal Firmino Oliveira. Amanheceu seco que nem espeto. Foi como se tivesse morrido h\u00e1 pelo menos duas semanas. E seria o que todos acreditariam, caso v\u00e1rias pessoas n\u00e3o o tivessem visto no dia anterior.<\/p>\n<p>Sem delongas, o caso foi arquivado antes de ser aberto. Firmino Oliveira foi enterrado e o ocorrido virou lenda urbana. E talvez permanecesse assim se, 43 anos ap\u00f3s, Cidinha n\u00e3o tivesse partido para a terra dos p\u00e9s juntos.<\/p>\n<p>\u2014 Morreu?<\/p>\n<p>\u2014 Morreu!<\/p>\n<p>\u2014 De qu\u00ea?<\/p>\n<p>\u2014 Pela idade, deve ser mesmo de velhice.<\/p>\n<p>\u2014 E quando v\u00e3o enterrar?<\/p>\n<p>\u2014 Ouvi dizer que amanh\u00e3 cedinho. S\u00f3 est\u00e3o maquiando o corpo pra ficar com apar\u00eancia melhorzinha.<\/p>\n<p>Calixto, que era Oliveira por causa do pai, Firmino, foi o encarregado de fazer a necromaquiagem. E l\u00e1 foi o sujeito preparar o corpo da Cidinha, quando a noite j\u00e1 n\u00e3o era mais crian\u00e7a.<\/p>\n<p>Na manh\u00e3 seguinte, quando abriram a porta do necrot\u00e9rio, eis que viram algo inexplic\u00e1vel. L\u00e1 estava o pobre Calixto seco que nem espeto. Quanto ao corpo da Cidinha, havia sumido. Nem sinal. E, apesar de j\u00e1 passados quase 20 anos do ocorrido, o mist\u00e9rio ainda n\u00e3o foi desvendado.<\/p>\n<p><strong>\u2026\u2026\u2026\u2026\u2026\u2026\u2026\u2026<\/strong><\/p>\n<p><strong>Eduardo Mart\u00ednez \u00e9 autor do livro \u201957 Contos e Cr\u00f4nicas por um Autor Muito Velho\u2019 (Vencedor do Pr\u00eamio Liter\u00e1rio Clarice Lispector \u2013 2025 na categoria livro de contos).<\/strong><\/p>\n<p><strong>Compre aqui<\/strong><\/p>\n<p><a href=\"https:\/\/www.joanineditora.com.br\/57-contos-e-cronicas-por-um-autor-muito-velho\"><strong>https:\/\/www.joanineditora.com.br\/57-contos-e-cronicas-por-um-autor-muito-velho<\/strong><\/a><\/p>\n","protected":false},"excerpt":{"rendered":"<p>Maria Aparecida dos Santos, a Cidinha, foi de tudo no \u00fanico cemit\u00e9rio da cidade. Come\u00e7ou como coveira e tanatopraxista, quando ganhou fama por conta dos nervos de a\u00e7o, bem como zeladora, chegando ao concorrido posto de administradora. Acabou virando vereadora com o sugestivo slogan: &#8220;Vote na Cidinha para enterrar a velha pol\u00edtica de vez!&#8221; E [&hellip;]<\/p>\n","protected":false},"author":21,"featured_media":383858,"comment_status":"closed","ping_status":"closed","sticky":false,"template":"","format":"standard","meta":{"_acf_changed":false,"footnotes":""},"categories":[161],"tags":[],"class_list":["post-383857","post","type-post","status-publish","format-standard","has-post-thumbnail","hentry","category-quadradinho-em-foco"],"acf":[],"yoast_head":"<!-- This site is optimized with the Yoast SEO plugin v27.2 - https:\/\/yoast.com\/product\/yoast-seo-wordpress\/ -->\n<title>Cidinha do Cemit\u00e9rio - Notibras<\/title>\n<meta name=\"robots\" content=\"index, follow, max-snippet:-1, max-image-preview:large, max-video-preview:-1\" \/>\n<link rel=\"canonical\" href=\"https:\/\/www.notibras.com\/site\/cidinha-do-cemiterio\/\" \/>\n<meta property=\"og:locale\" content=\"pt_BR\" \/>\n<meta property=\"og:type\" content=\"article\" \/>\n<meta property=\"og:title\" content=\"Cidinha do Cemit\u00e9rio - Notibras\" \/>\n<meta property=\"og:description\" content=\"Maria Aparecida dos Santos, a Cidinha, foi de tudo no \u00fanico cemit\u00e9rio da cidade. Come\u00e7ou como coveira e tanatopraxista, quando ganhou fama por conta dos nervos de a\u00e7o, bem como zeladora, chegando ao concorrido posto de administradora. Acabou virando vereadora com o sugestivo slogan: &#8220;Vote na Cidinha para enterrar a velha pol\u00edtica de vez!&#8221; E [&hellip;]\" \/>\n<meta property=\"og:url\" content=\"https:\/\/www.notibras.com\/site\/cidinha-do-cemiterio\/\" \/>\n<meta property=\"og:site_name\" content=\"Notibras\" \/>\n<meta property=\"article:publisher\" content=\"https:\/\/www.facebook.com\/notibras\/\" \/>\n<meta property=\"article:published_time\" content=\"2026-02-20T05:00:05+00:00\" \/>\n<meta property=\"og:image\" content=\"https:\/\/www.notibras.com\/site\/wp-content\/uploads\/2026\/02\/WhatsApp-Image-2026-02-19-at-03.21.37.jpeg\" \/>\n\t<meta property=\"og:image:width\" content=\"1024\" \/>\n\t<meta property=\"og:image:height\" content=\"1024\" \/>\n\t<meta property=\"og:image:type\" content=\"image\/jpeg\" \/>\n<meta name=\"author\" content=\"Eduardo Mart\u00ednez\" \/>\n<meta name=\"twitter:card\" content=\"summary_large_image\" \/>\n<meta name=\"twitter:creator\" content=\"@Notibras\" \/>\n<meta name=\"twitter:site\" content=\"@Notibras\" \/>\n<meta name=\"twitter:label1\" content=\"Escrito por\" \/>\n\t<meta name=\"twitter:data1\" content=\"Eduardo Mart\u00ednez\" \/>\n\t<meta name=\"twitter:label2\" content=\"Est. tempo de leitura\" \/>\n\t<meta name=\"twitter:data2\" content=\"5 minutos\" \/>\n<script type=\"application\/ld+json\" class=\"yoast-schema-graph\">{\"@context\":\"https:\/\/schema.org\",\"@graph\":[{\"@type\":\"Article\",\"@id\":\"https:\/\/www.notibras.com\/site\/cidinha-do-cemiterio\/#article\",\"isPartOf\":{\"@id\":\"https:\/\/www.notibras.com\/site\/cidinha-do-cemiterio\/\"},\"author\":{\"name\":\"Eduardo Mart\u00ednez\",\"@id\":\"https:\/\/www.notibras.com\/site\/#\/schema\/person\/5b7fabf2aedc3ada2105f03b22b4d3dd\"},\"headline\":\"Cidinha do Cemit\u00e9rio\",\"datePublished\":\"2026-02-20T05:00:05+00:00\",\"mainEntityOfPage\":{\"@id\":\"https:\/\/www.notibras.com\/site\/cidinha-do-cemiterio\/\"},\"wordCount\":758,\"publisher\":{\"@id\":\"https:\/\/www.notibras.com\/site\/#organization\"},\"image\":{\"@id\":\"https:\/\/www.notibras.com\/site\/cidinha-do-cemiterio\/#primaryimage\"},\"thumbnailUrl\":\"https:\/\/www.notibras.com\/site\/wp-content\/uploads\/2026\/02\/WhatsApp-Image-2026-02-19-at-03.21.37.jpeg\",\"articleSection\":[\"Quadradinho em Foco\"],\"inLanguage\":\"pt-BR\"},{\"@type\":\"WebPage\",\"@id\":\"https:\/\/www.notibras.com\/site\/cidinha-do-cemiterio\/\",\"url\":\"https:\/\/www.notibras.com\/site\/cidinha-do-cemiterio\/\",\"name\":\"Cidinha do Cemit\u00e9rio - Notibras\",\"isPartOf\":{\"@id\":\"https:\/\/www.notibras.com\/site\/#website\"},\"primaryImageOfPage\":{\"@id\":\"https:\/\/www.notibras.com\/site\/cidinha-do-cemiterio\/#primaryimage\"},\"image\":{\"@id\":\"https:\/\/www.notibras.com\/site\/cidinha-do-cemiterio\/#primaryimage\"},\"thumbnailUrl\":\"https:\/\/www.notibras.com\/site\/wp-content\/uploads\/2026\/02\/WhatsApp-Image-2026-02-19-at-03.21.37.jpeg\",\"datePublished\":\"2026-02-20T05:00:05+00:00\",\"breadcrumb\":{\"@id\":\"https:\/\/www.notibras.com\/site\/cidinha-do-cemiterio\/#breadcrumb\"},\"inLanguage\":\"pt-BR\",\"potentialAction\":[{\"@type\":\"ReadAction\",\"target\":[\"https:\/\/www.notibras.com\/site\/cidinha-do-cemiterio\/\"]}]},{\"@type\":\"ImageObject\",\"inLanguage\":\"pt-BR\",\"@id\":\"https:\/\/www.notibras.com\/site\/cidinha-do-cemiterio\/#primaryimage\",\"url\":\"https:\/\/www.notibras.com\/site\/wp-content\/uploads\/2026\/02\/WhatsApp-Image-2026-02-19-at-03.21.37.jpeg\",\"contentUrl\":\"https:\/\/www.notibras.com\/site\/wp-content\/uploads\/2026\/02\/WhatsApp-Image-2026-02-19-at-03.21.37.jpeg\",\"width\":1024,\"height\":1024},{\"@type\":\"BreadcrumbList\",\"@id\":\"https:\/\/www.notibras.com\/site\/cidinha-do-cemiterio\/#breadcrumb\",\"itemListElement\":[{\"@type\":\"ListItem\",\"position\":1,\"name\":\"In\u00edcio\",\"item\":\"https:\/\/www.notibras.com\/site\/\"},{\"@type\":\"ListItem\",\"position\":2,\"name\":\"Cidinha do Cemit\u00e9rio\"}]},{\"@type\":\"WebSite\",\"@id\":\"https:\/\/www.notibras.com\/site\/#website\",\"url\":\"https:\/\/www.notibras.com\/site\/\",\"name\":\"Notibras\",\"description\":\"Not\u00edcias de Bras\u00edlia, do Brasil e do Mundo\",\"publisher\":{\"@id\":\"https:\/\/www.notibras.com\/site\/#organization\"},\"potentialAction\":[{\"@type\":\"SearchAction\",\"target\":{\"@type\":\"EntryPoint\",\"urlTemplate\":\"https:\/\/www.notibras.com\/site\/?s={search_term_string}\"},\"query-input\":{\"@type\":\"PropertyValueSpecification\",\"valueRequired\":true,\"valueName\":\"search_term_string\"}}],\"inLanguage\":\"pt-BR\"},{\"@type\":\"Organization\",\"@id\":\"https:\/\/www.notibras.com\/site\/#organization\",\"name\":\"Grupo Notibras de Comunica\u00e7\u00e3o\",\"url\":\"https:\/\/www.notibras.com\/site\/\",\"logo\":{\"@type\":\"ImageObject\",\"inLanguage\":\"pt-BR\",\"@id\":\"https:\/\/www.notibras.com\/site\/#\/schema\/logo\/image\/\",\"url\":\"https:\/\/www.notibras.com\/site\/wp-content\/uploads\/2023\/01\/notibras23.png\",\"contentUrl\":\"https:\/\/www.notibras.com\/site\/wp-content\/uploads\/2023\/01\/notibras23.png\",\"width\":350,\"height\":87,\"caption\":\"Grupo Notibras de Comunica\u00e7\u00e3o\"},\"image\":{\"@id\":\"https:\/\/www.notibras.com\/site\/#\/schema\/logo\/image\/\"},\"sameAs\":[\"https:\/\/www.facebook.com\/notibras\/\",\"https:\/\/x.com\/Notibras\",\"https:\/\/www.instagram.com\/notibras\/\"]},{\"@type\":\"Person\",\"@id\":\"https:\/\/www.notibras.com\/site\/#\/schema\/person\/5b7fabf2aedc3ada2105f03b22b4d3dd\",\"name\":\"Eduardo Mart\u00ednez\",\"image\":{\"@type\":\"ImageObject\",\"inLanguage\":\"pt-BR\",\"@id\":\"https:\/\/secure.gravatar.com\/avatar\/7902f906289926289cbcda644b5197c796b893c6ffd7b9a536a42d290f7704a0?s=96&d=mm&r=g\",\"url\":\"https:\/\/secure.gravatar.com\/avatar\/7902f906289926289cbcda644b5197c796b893c6ffd7b9a536a42d290f7704a0?s=96&d=mm&r=g\",\"contentUrl\":\"https:\/\/secure.gravatar.com\/avatar\/7902f906289926289cbcda644b5197c796b893c6ffd7b9a536a42d290f7704a0?s=96&d=mm&r=g\",\"caption\":\"Eduardo Mart\u00ednez\"}}]}<\/script>\n<!-- \/ Yoast SEO plugin. -->","yoast_head_json":{"title":"Cidinha do Cemit\u00e9rio - Notibras","robots":{"index":"index","follow":"follow","max-snippet":"max-snippet:-1","max-image-preview":"max-image-preview:large","max-video-preview":"max-video-preview:-1"},"canonical":"https:\/\/www.notibras.com\/site\/cidinha-do-cemiterio\/","og_locale":"pt_BR","og_type":"article","og_title":"Cidinha do Cemit\u00e9rio - Notibras","og_description":"Maria Aparecida dos Santos, a Cidinha, foi de tudo no \u00fanico cemit\u00e9rio da cidade. Come\u00e7ou como coveira e tanatopraxista, quando ganhou fama por conta dos nervos de a\u00e7o, bem como zeladora, chegando ao concorrido posto de administradora. Acabou virando vereadora com o sugestivo slogan: &#8220;Vote na Cidinha para enterrar a velha pol\u00edtica de vez!&#8221; E [&hellip;]","og_url":"https:\/\/www.notibras.com\/site\/cidinha-do-cemiterio\/","og_site_name":"Notibras","article_publisher":"https:\/\/www.facebook.com\/notibras\/","article_published_time":"2026-02-20T05:00:05+00:00","og_image":[{"width":1024,"height":1024,"url":"https:\/\/www.notibras.com\/site\/wp-content\/uploads\/2026\/02\/WhatsApp-Image-2026-02-19-at-03.21.37.jpeg","type":"image\/jpeg"}],"author":"Eduardo Mart\u00ednez","twitter_card":"summary_large_image","twitter_creator":"@Notibras","twitter_site":"@Notibras","twitter_misc":{"Escrito por":"Eduardo Mart\u00ednez","Est. tempo de leitura":"5 minutos"},"schema":{"@context":"https:\/\/schema.org","@graph":[{"@type":"Article","@id":"https:\/\/www.notibras.com\/site\/cidinha-do-cemiterio\/#article","isPartOf":{"@id":"https:\/\/www.notibras.com\/site\/cidinha-do-cemiterio\/"},"author":{"name":"Eduardo Mart\u00ednez","@id":"https:\/\/www.notibras.com\/site\/#\/schema\/person\/5b7fabf2aedc3ada2105f03b22b4d3dd"},"headline":"Cidinha do Cemit\u00e9rio","datePublished":"2026-02-20T05:00:05+00:00","mainEntityOfPage":{"@id":"https:\/\/www.notibras.com\/site\/cidinha-do-cemiterio\/"},"wordCount":758,"publisher":{"@id":"https:\/\/www.notibras.com\/site\/#organization"},"image":{"@id":"https:\/\/www.notibras.com\/site\/cidinha-do-cemiterio\/#primaryimage"},"thumbnailUrl":"https:\/\/www.notibras.com\/site\/wp-content\/uploads\/2026\/02\/WhatsApp-Image-2026-02-19-at-03.21.37.jpeg","articleSection":["Quadradinho em Foco"],"inLanguage":"pt-BR"},{"@type":"WebPage","@id":"https:\/\/www.notibras.com\/site\/cidinha-do-cemiterio\/","url":"https:\/\/www.notibras.com\/site\/cidinha-do-cemiterio\/","name":"Cidinha do Cemit\u00e9rio - Notibras","isPartOf":{"@id":"https:\/\/www.notibras.com\/site\/#website"},"primaryImageOfPage":{"@id":"https:\/\/www.notibras.com\/site\/cidinha-do-cemiterio\/#primaryimage"},"image":{"@id":"https:\/\/www.notibras.com\/site\/cidinha-do-cemiterio\/#primaryimage"},"thumbnailUrl":"https:\/\/www.notibras.com\/site\/wp-content\/uploads\/2026\/02\/WhatsApp-Image-2026-02-19-at-03.21.37.jpeg","datePublished":"2026-02-20T05:00:05+00:00","breadcrumb":{"@id":"https:\/\/www.notibras.com\/site\/cidinha-do-cemiterio\/#breadcrumb"},"inLanguage":"pt-BR","potentialAction":[{"@type":"ReadAction","target":["https:\/\/www.notibras.com\/site\/cidinha-do-cemiterio\/"]}]},{"@type":"ImageObject","inLanguage":"pt-BR","@id":"https:\/\/www.notibras.com\/site\/cidinha-do-cemiterio\/#primaryimage","url":"https:\/\/www.notibras.com\/site\/wp-content\/uploads\/2026\/02\/WhatsApp-Image-2026-02-19-at-03.21.37.jpeg","contentUrl":"https:\/\/www.notibras.com\/site\/wp-content\/uploads\/2026\/02\/WhatsApp-Image-2026-02-19-at-03.21.37.jpeg","width":1024,"height":1024},{"@type":"BreadcrumbList","@id":"https:\/\/www.notibras.com\/site\/cidinha-do-cemiterio\/#breadcrumb","itemListElement":[{"@type":"ListItem","position":1,"name":"In\u00edcio","item":"https:\/\/www.notibras.com\/site\/"},{"@type":"ListItem","position":2,"name":"Cidinha do Cemit\u00e9rio"}]},{"@type":"WebSite","@id":"https:\/\/www.notibras.com\/site\/#website","url":"https:\/\/www.notibras.com\/site\/","name":"Notibras","description":"Not\u00edcias de Bras\u00edlia, do Brasil e do Mundo","publisher":{"@id":"https:\/\/www.notibras.com\/site\/#organization"},"potentialAction":[{"@type":"SearchAction","target":{"@type":"EntryPoint","urlTemplate":"https:\/\/www.notibras.com\/site\/?s={search_term_string}"},"query-input":{"@type":"PropertyValueSpecification","valueRequired":true,"valueName":"search_term_string"}}],"inLanguage":"pt-BR"},{"@type":"Organization","@id":"https:\/\/www.notibras.com\/site\/#organization","name":"Grupo Notibras de Comunica\u00e7\u00e3o","url":"https:\/\/www.notibras.com\/site\/","logo":{"@type":"ImageObject","inLanguage":"pt-BR","@id":"https:\/\/www.notibras.com\/site\/#\/schema\/logo\/image\/","url":"https:\/\/www.notibras.com\/site\/wp-content\/uploads\/2023\/01\/notibras23.png","contentUrl":"https:\/\/www.notibras.com\/site\/wp-content\/uploads\/2023\/01\/notibras23.png","width":350,"height":87,"caption":"Grupo Notibras de Comunica\u00e7\u00e3o"},"image":{"@id":"https:\/\/www.notibras.com\/site\/#\/schema\/logo\/image\/"},"sameAs":["https:\/\/www.facebook.com\/notibras\/","https:\/\/x.com\/Notibras","https:\/\/www.instagram.com\/notibras\/"]},{"@type":"Person","@id":"https:\/\/www.notibras.com\/site\/#\/schema\/person\/5b7fabf2aedc3ada2105f03b22b4d3dd","name":"Eduardo Mart\u00ednez","image":{"@type":"ImageObject","inLanguage":"pt-BR","@id":"https:\/\/secure.gravatar.com\/avatar\/7902f906289926289cbcda644b5197c796b893c6ffd7b9a536a42d290f7704a0?s=96&d=mm&r=g","url":"https:\/\/secure.gravatar.com\/avatar\/7902f906289926289cbcda644b5197c796b893c6ffd7b9a536a42d290f7704a0?s=96&d=mm&r=g","contentUrl":"https:\/\/secure.gravatar.com\/avatar\/7902f906289926289cbcda644b5197c796b893c6ffd7b9a536a42d290f7704a0?s=96&d=mm&r=g","caption":"Eduardo Mart\u00ednez"}}]}},"amp_enabled":true,"_links":{"self":[{"href":"https:\/\/www.notibras.com\/site\/wp-json\/wp\/v2\/posts\/383857","targetHints":{"allow":["GET"]}}],"collection":[{"href":"https:\/\/www.notibras.com\/site\/wp-json\/wp\/v2\/posts"}],"about":[{"href":"https:\/\/www.notibras.com\/site\/wp-json\/wp\/v2\/types\/post"}],"author":[{"embeddable":true,"href":"https:\/\/www.notibras.com\/site\/wp-json\/wp\/v2\/users\/21"}],"replies":[{"embeddable":true,"href":"https:\/\/www.notibras.com\/site\/wp-json\/wp\/v2\/comments?post=383857"}],"version-history":[{"count":2,"href":"https:\/\/www.notibras.com\/site\/wp-json\/wp\/v2\/posts\/383857\/revisions"}],"predecessor-version":[{"id":383860,"href":"https:\/\/www.notibras.com\/site\/wp-json\/wp\/v2\/posts\/383857\/revisions\/383860"}],"wp:featuredmedia":[{"embeddable":true,"href":"https:\/\/www.notibras.com\/site\/wp-json\/wp\/v2\/media\/383858"}],"wp:attachment":[{"href":"https:\/\/www.notibras.com\/site\/wp-json\/wp\/v2\/media?parent=383857"}],"wp:term":[{"taxonomy":"category","embeddable":true,"href":"https:\/\/www.notibras.com\/site\/wp-json\/wp\/v2\/categories?post=383857"},{"taxonomy":"post_tag","embeddable":true,"href":"https:\/\/www.notibras.com\/site\/wp-json\/wp\/v2\/tags?post=383857"}],"curies":[{"name":"wp","href":"https:\/\/api.w.org\/{rel}","templated":true}]}}