{"id":383861,"date":"2026-02-20T01:15:30","date_gmt":"2026-02-20T04:15:30","guid":{"rendered":"https:\/\/www.notibras.com\/site\/?p=383861"},"modified":"2026-02-20T01:57:57","modified_gmt":"2026-02-20T04:57:57","slug":"video-recuperado-revela-emboscada-e-premeditacao-em-assassinato","status":"publish","type":"post","link":"https:\/\/www.notibras.com\/site\/video-recuperado-revela-emboscada-e-premeditacao-em-assassinato\/","title":{"rendered":"V\u00eddeo recuperado revela emboscada e premedita\u00e7\u00e3o em assassinato"},"content":{"rendered":"<p>A Pol\u00edcia Civil de Goi\u00e1s divulgou nesta quinta-feira (19) imagens decisivas que detalham os \u00faltimos momentos da corretora Daiane Alves Souza, de 43 anos. O v\u00eddeo, gravado pela pr\u00f3pria v\u00edtima no momento em que era atacada, foi recuperado ap\u00f3s o celular permanecer 41 dias submerso em uma caixa de esgoto no pr\u00e9dio onde ela morava, em Caldas Novas. A prova t\u00e9cnica confirmou que o crime foi uma emboscada planejada pelo s\u00edndico do condom\u00ednio, Cl\u00e9ber Rosa de Oliveira.<\/p>\n<p>O crime aconteceu ap\u00f3s uma queda de energia no pr\u00e9dio em dezembro de 2025. Daiane, que gerenciava apartamentos da fam\u00edlia, desceu ao subsolo para verificar os quadros de luz e come\u00e7ou a filmar a situa\u00e7\u00e3o para mostrar o problema a uma amiga. Sem que ela soubesse, o v\u00eddeo capturou o exato momento em que foi rendida. O celular s\u00f3 foi encontrado porque o pr\u00f3prio s\u00edndico, ap\u00f3s ser preso e confessar o crime, indicou \u00e0 pol\u00edcia que havia jogado o aparelho na tubula\u00e7\u00e3o de esgoto durante uma per\u00edcia realizada em janeiro.<\/p>\n<p>Nas imagens, o s\u00edndico aparece esperando a corretora no subsolo usando luvas e com a ca\u00e7amba de sua caminhonete aberta, estrategicamente pr\u00f3xima ao local do ataque. Para a pol\u00edcia, esses detalhes provam a premedita\u00e7\u00e3o, ou seja, que ele planejou o ato com anteced\u00eancia. Ap\u00f3s ser rendida, Daiane foi levada para fora do pr\u00e9dio e morta com dois tiros na cabe\u00e7a disparados por uma pistola .380. Um dos disparos atingiu a v\u00edtima de forma fatal, com o proj\u00e9til saindo pelo olho esquerdo.<\/p>\n<p>A motiva\u00e7\u00e3o do assassinato foi uma disputa prolongada pela administra\u00e7\u00e3o de im\u00f3veis. Cl\u00e9ber era quem gerenciava os seis apartamentos da fam\u00edlia de Daiane, mas perdeu essa fun\u00e7\u00e3o quando ela assumiu o controle. Isso gerou uma s\u00e9rie de conflitos que resultaram em 12 processos na Justi\u00e7a. O s\u00edndico j\u00e1 havia sido denunciado anteriormente por persegui\u00e7\u00e3o (stalking), pois utilizava as c\u00e2meras de seguran\u00e7a do condom\u00ednio para monitorar e constranger a corretora.<\/p>\n<p>O corpo de Daiane foi localizado em uma \u00e1rea de mata, a cerca de 15 quil\u00f4metros de Caldas Novas, ap\u00f3s 40 dias de desaparecimento. Durante esse tempo, a fam\u00edlia suspeitou de crime porque a v\u00edtima havia deixado a porta do apartamento aberta e seus \u00f3culos de grau em casa, sinais de que n\u00e3o pretendia sair do pr\u00e9dio. A per\u00edcia t\u00e9cnica no subsolo e no carro do suspeito tamb\u00e9m encontrou vest\u00edgios que ajudaram a fechar o caso.<\/p>\n<p>O filho de Cl\u00e9ber, Maicon Douglas de Oliveira, tamb\u00e9m chegou a ser detido sob suspeita de ajudar a esconder provas. No entanto, o delegado Jo\u00e3o Paulo Mendes esclareceu que, ap\u00f3s a an\u00e1lise final das evid\u00eancias e do v\u00eddeo recuperado, o envolvimento dele foi descartado. A pol\u00edcia informou que o jovem ser\u00e1 colocado em liberdade, pois ficou comprovado que a a\u00e7\u00e3o criminosa foi executada solitariamente pelo pai.<\/p>\n<p>A defesa do s\u00edndico manifestou-se por meio de nota, afirmando que ainda n\u00e3o teve acesso a todo o conte\u00fado do relat\u00f3rio final da investiga\u00e7\u00e3o. Os advogados informaram que aguardar\u00e3o a an\u00e1lise completa dos documentos e per\u00edcias inseridos recentemente no processo para apresentar uma manifesta\u00e7\u00e3o detalhada sobre o caso.<\/p>\n<p>Para as autoridades, a recupera\u00e7\u00e3o do v\u00eddeo no celular foi o &#8220;\u00faltimo ato&#8221; da investiga\u00e7\u00e3o, permitindo concluir o inqu\u00e9rito com provas incontest\u00e1veis. O registro feito pela pr\u00f3pria Daiane serviu como uma voz p\u00f3stuma, revelando a trai\u00e7\u00e3o e a viol\u00eancia sofrida em um ambiente que deveria ser seguro, colocando fim \u00e0 ang\u00fastia da fam\u00edlia que buscava por respostas h\u00e1 mais de um m\u00eas.<\/p>\n<p><strong>Veja o v\u00eddeo (Aten\u00e7\u00e3o! Imagens chocantes):<\/strong><\/p>\n<div style=\"width: 480px;\" class=\"wp-video\"><video class=\"wp-video-shortcode\" id=\"video-383861-1\" width=\"480\" height=\"832\" preload=\"metadata\" controls=\"controls\"><source type=\"video\/mp4\" src=\"https:\/\/www.notibras.com\/site\/wp-content\/uploads\/2026\/02\/WhatsApp-Video-2026-02-20-at-01.41.01-1.mp4?_=1\" \/><a href=\"https:\/\/www.notibras.com\/site\/wp-content\/uploads\/2026\/02\/WhatsApp-Video-2026-02-20-at-01.41.01-1.mp4\">https:\/\/www.notibras.com\/site\/wp-content\/uploads\/2026\/02\/WhatsApp-Video-2026-02-20-at-01.41.01-1.mp4<\/a><\/video><\/div>\n<p>&nbsp;<\/p>\n","protected":false},"excerpt":{"rendered":"<p>A Pol\u00edcia Civil de Goi\u00e1s divulgou nesta quinta-feira (19) imagens decisivas que detalham os \u00faltimos momentos da corretora Daiane Alves Souza, de 43 anos. O v\u00eddeo, gravado pela pr\u00f3pria v\u00edtima no momento em que era atacada, foi recuperado ap\u00f3s o celular permanecer 41 dias submerso em uma caixa de esgoto no pr\u00e9dio onde ela morava, [&hellip;]<\/p>\n","protected":false},"author":21,"featured_media":383862,"comment_status":"closed","ping_status":"closed","sticky":false,"template":"","format":"standard","meta":{"_acf_changed":false,"footnotes":""},"categories":[161],"tags":[],"class_list":["post-383861","post","type-post","status-publish","format-standard","has-post-thumbnail","hentry","category-quadradinho-em-foco"],"acf":[],"yoast_head":"<!-- This site is optimized with the Yoast SEO plugin v27.2 - https:\/\/yoast.com\/product\/yoast-seo-wordpress\/ -->\n<title>V\u00eddeo recuperado revela emboscada e premedita\u00e7\u00e3o em assassinato - Notibras<\/title>\n<meta name=\"robots\" content=\"index, follow, max-snippet:-1, max-image-preview:large, max-video-preview:-1\" \/>\n<link rel=\"canonical\" href=\"https:\/\/www.notibras.com\/site\/video-recuperado-revela-emboscada-e-premeditacao-em-assassinato\/\" \/>\n<meta property=\"og:locale\" content=\"pt_BR\" \/>\n<meta property=\"og:type\" content=\"article\" \/>\n<meta property=\"og:title\" content=\"V\u00eddeo recuperado revela emboscada e premedita\u00e7\u00e3o em assassinato - Notibras\" \/>\n<meta property=\"og:description\" content=\"A Pol\u00edcia Civil de Goi\u00e1s divulgou nesta quinta-feira (19) imagens decisivas que detalham os \u00faltimos momentos da corretora Daiane Alves Souza, de 43 anos. O v\u00eddeo, gravado pela pr\u00f3pria v\u00edtima no momento em que era atacada, foi recuperado ap\u00f3s o celular permanecer 41 dias submerso em uma caixa de esgoto no pr\u00e9dio onde ela morava, [&hellip;]\" \/>\n<meta property=\"og:url\" content=\"https:\/\/www.notibras.com\/site\/video-recuperado-revela-emboscada-e-premeditacao-em-assassinato\/\" \/>\n<meta property=\"og:site_name\" content=\"Notibras\" \/>\n<meta property=\"article:publisher\" content=\"https:\/\/www.facebook.com\/notibras\/\" \/>\n<meta property=\"article:published_time\" content=\"2026-02-20T04:15:30+00:00\" \/>\n<meta property=\"article:modified_time\" content=\"2026-02-20T04:57:57+00:00\" \/>\n<meta property=\"og:image\" content=\"https:\/\/www.notibras.com\/site\/wp-content\/uploads\/2026\/02\/WhatsApp-Image-2026-02-19-at-21.27.51.jpeg\" \/>\n\t<meta property=\"og:image:width\" content=\"1132\" \/>\n\t<meta property=\"og:image:height\" content=\"723\" \/>\n\t<meta property=\"og:image:type\" content=\"image\/jpeg\" \/>\n<meta name=\"author\" content=\"Eduardo Mart\u00ednez\" \/>\n<meta name=\"twitter:card\" content=\"summary_large_image\" \/>\n<meta name=\"twitter:creator\" content=\"@Notibras\" \/>\n<meta name=\"twitter:site\" content=\"@Notibras\" \/>\n<meta name=\"twitter:label1\" content=\"Escrito por\" \/>\n\t<meta name=\"twitter:data1\" content=\"Eduardo Mart\u00ednez\" \/>\n\t<meta name=\"twitter:label2\" content=\"Est. tempo de leitura\" \/>\n\t<meta name=\"twitter:data2\" content=\"4 minutos\" \/>\n<script type=\"application\/ld+json\" class=\"yoast-schema-graph\">{\"@context\":\"https:\/\/schema.org\",\"@graph\":[{\"@type\":\"Article\",\"@id\":\"https:\/\/www.notibras.com\/site\/video-recuperado-revela-emboscada-e-premeditacao-em-assassinato\/#article\",\"isPartOf\":{\"@id\":\"https:\/\/www.notibras.com\/site\/video-recuperado-revela-emboscada-e-premeditacao-em-assassinato\/\"},\"author\":{\"name\":\"Eduardo Mart\u00ednez\",\"@id\":\"https:\/\/www.notibras.com\/site\/#\/schema\/person\/5b7fabf2aedc3ada2105f03b22b4d3dd\"},\"headline\":\"V\u00eddeo recuperado revela emboscada e premedita\u00e7\u00e3o em assassinato\",\"datePublished\":\"2026-02-20T04:15:30+00:00\",\"dateModified\":\"2026-02-20T04:57:57+00:00\",\"mainEntityOfPage\":{\"@id\":\"https:\/\/www.notibras.com\/site\/video-recuperado-revela-emboscada-e-premeditacao-em-assassinato\/\"},\"wordCount\":683,\"publisher\":{\"@id\":\"https:\/\/www.notibras.com\/site\/#organization\"},\"image\":{\"@id\":\"https:\/\/www.notibras.com\/site\/video-recuperado-revela-emboscada-e-premeditacao-em-assassinato\/#primaryimage\"},\"thumbnailUrl\":\"https:\/\/www.notibras.com\/site\/wp-content\/uploads\/2026\/02\/WhatsApp-Image-2026-02-19-at-21.27.51.jpeg\",\"articleSection\":[\"Quadradinho em Foco\"],\"inLanguage\":\"pt-BR\"},{\"@type\":\"WebPage\",\"@id\":\"https:\/\/www.notibras.com\/site\/video-recuperado-revela-emboscada-e-premeditacao-em-assassinato\/\",\"url\":\"https:\/\/www.notibras.com\/site\/video-recuperado-revela-emboscada-e-premeditacao-em-assassinato\/\",\"name\":\"V\u00eddeo recuperado revela emboscada e premedita\u00e7\u00e3o em assassinato - Notibras\",\"isPartOf\":{\"@id\":\"https:\/\/www.notibras.com\/site\/#website\"},\"primaryImageOfPage\":{\"@id\":\"https:\/\/www.notibras.com\/site\/video-recuperado-revela-emboscada-e-premeditacao-em-assassinato\/#primaryimage\"},\"image\":{\"@id\":\"https:\/\/www.notibras.com\/site\/video-recuperado-revela-emboscada-e-premeditacao-em-assassinato\/#primaryimage\"},\"thumbnailUrl\":\"https:\/\/www.notibras.com\/site\/wp-content\/uploads\/2026\/02\/WhatsApp-Image-2026-02-19-at-21.27.51.jpeg\",\"datePublished\":\"2026-02-20T04:15:30+00:00\",\"dateModified\":\"2026-02-20T04:57:57+00:00\",\"breadcrumb\":{\"@id\":\"https:\/\/www.notibras.com\/site\/video-recuperado-revela-emboscada-e-premeditacao-em-assassinato\/#breadcrumb\"},\"inLanguage\":\"pt-BR\",\"potentialAction\":[{\"@type\":\"ReadAction\",\"target\":[\"https:\/\/www.notibras.com\/site\/video-recuperado-revela-emboscada-e-premeditacao-em-assassinato\/\"]}]},{\"@type\":\"ImageObject\",\"inLanguage\":\"pt-BR\",\"@id\":\"https:\/\/www.notibras.com\/site\/video-recuperado-revela-emboscada-e-premeditacao-em-assassinato\/#primaryimage\",\"url\":\"https:\/\/www.notibras.com\/site\/wp-content\/uploads\/2026\/02\/WhatsApp-Image-2026-02-19-at-21.27.51.jpeg\",\"contentUrl\":\"https:\/\/www.notibras.com\/site\/wp-content\/uploads\/2026\/02\/WhatsApp-Image-2026-02-19-at-21.27.51.jpeg\",\"width\":1132,\"height\":723},{\"@type\":\"BreadcrumbList\",\"@id\":\"https:\/\/www.notibras.com\/site\/video-recuperado-revela-emboscada-e-premeditacao-em-assassinato\/#breadcrumb\",\"itemListElement\":[{\"@type\":\"ListItem\",\"position\":1,\"name\":\"In\u00edcio\",\"item\":\"https:\/\/www.notibras.com\/site\/\"},{\"@type\":\"ListItem\",\"position\":2,\"name\":\"V\u00eddeo recuperado revela emboscada e premedita\u00e7\u00e3o em assassinato\"}]},{\"@type\":\"WebSite\",\"@id\":\"https:\/\/www.notibras.com\/site\/#website\",\"url\":\"https:\/\/www.notibras.com\/site\/\",\"name\":\"Notibras\",\"description\":\"Not\u00edcias de Bras\u00edlia, do Brasil e do Mundo\",\"publisher\":{\"@id\":\"https:\/\/www.notibras.com\/site\/#organization\"},\"potentialAction\":[{\"@type\":\"SearchAction\",\"target\":{\"@type\":\"EntryPoint\",\"urlTemplate\":\"https:\/\/www.notibras.com\/site\/?s={search_term_string}\"},\"query-input\":{\"@type\":\"PropertyValueSpecification\",\"valueRequired\":true,\"valueName\":\"search_term_string\"}}],\"inLanguage\":\"pt-BR\"},{\"@type\":\"Organization\",\"@id\":\"https:\/\/www.notibras.com\/site\/#organization\",\"name\":\"Grupo Notibras de Comunica\u00e7\u00e3o\",\"url\":\"https:\/\/www.notibras.com\/site\/\",\"logo\":{\"@type\":\"ImageObject\",\"inLanguage\":\"pt-BR\",\"@id\":\"https:\/\/www.notibras.com\/site\/#\/schema\/logo\/image\/\",\"url\":\"https:\/\/www.notibras.com\/site\/wp-content\/uploads\/2023\/01\/notibras23.png\",\"contentUrl\":\"https:\/\/www.notibras.com\/site\/wp-content\/uploads\/2023\/01\/notibras23.png\",\"width\":350,\"height\":87,\"caption\":\"Grupo Notibras de Comunica\u00e7\u00e3o\"},\"image\":{\"@id\":\"https:\/\/www.notibras.com\/site\/#\/schema\/logo\/image\/\"},\"sameAs\":[\"https:\/\/www.facebook.com\/notibras\/\",\"https:\/\/x.com\/Notibras\",\"https:\/\/www.instagram.com\/notibras\/\"]},{\"@type\":\"Person\",\"@id\":\"https:\/\/www.notibras.com\/site\/#\/schema\/person\/5b7fabf2aedc3ada2105f03b22b4d3dd\",\"name\":\"Eduardo Mart\u00ednez\",\"image\":{\"@type\":\"ImageObject\",\"inLanguage\":\"pt-BR\",\"@id\":\"https:\/\/secure.gravatar.com\/avatar\/7902f906289926289cbcda644b5197c796b893c6ffd7b9a536a42d290f7704a0?s=96&d=mm&r=g\",\"url\":\"https:\/\/secure.gravatar.com\/avatar\/7902f906289926289cbcda644b5197c796b893c6ffd7b9a536a42d290f7704a0?s=96&d=mm&r=g\",\"contentUrl\":\"https:\/\/secure.gravatar.com\/avatar\/7902f906289926289cbcda644b5197c796b893c6ffd7b9a536a42d290f7704a0?s=96&d=mm&r=g\",\"caption\":\"Eduardo Mart\u00ednez\"}}]}<\/script>\n<!-- \/ Yoast SEO plugin. -->","yoast_head_json":{"title":"V\u00eddeo recuperado revela emboscada e premedita\u00e7\u00e3o em assassinato - Notibras","robots":{"index":"index","follow":"follow","max-snippet":"max-snippet:-1","max-image-preview":"max-image-preview:large","max-video-preview":"max-video-preview:-1"},"canonical":"https:\/\/www.notibras.com\/site\/video-recuperado-revela-emboscada-e-premeditacao-em-assassinato\/","og_locale":"pt_BR","og_type":"article","og_title":"V\u00eddeo recuperado revela emboscada e premedita\u00e7\u00e3o em assassinato - Notibras","og_description":"A Pol\u00edcia Civil de Goi\u00e1s divulgou nesta quinta-feira (19) imagens decisivas que detalham os \u00faltimos momentos da corretora Daiane Alves Souza, de 43 anos. O v\u00eddeo, gravado pela pr\u00f3pria v\u00edtima no momento em que era atacada, foi recuperado ap\u00f3s o celular permanecer 41 dias submerso em uma caixa de esgoto no pr\u00e9dio onde ela morava, [&hellip;]","og_url":"https:\/\/www.notibras.com\/site\/video-recuperado-revela-emboscada-e-premeditacao-em-assassinato\/","og_site_name":"Notibras","article_publisher":"https:\/\/www.facebook.com\/notibras\/","article_published_time":"2026-02-20T04:15:30+00:00","article_modified_time":"2026-02-20T04:57:57+00:00","og_image":[{"width":1132,"height":723,"url":"https:\/\/www.notibras.com\/site\/wp-content\/uploads\/2026\/02\/WhatsApp-Image-2026-02-19-at-21.27.51.jpeg","type":"image\/jpeg"}],"author":"Eduardo Mart\u00ednez","twitter_card":"summary_large_image","twitter_creator":"@Notibras","twitter_site":"@Notibras","twitter_misc":{"Escrito por":"Eduardo Mart\u00ednez","Est. tempo de leitura":"4 minutos"},"schema":{"@context":"https:\/\/schema.org","@graph":[{"@type":"Article","@id":"https:\/\/www.notibras.com\/site\/video-recuperado-revela-emboscada-e-premeditacao-em-assassinato\/#article","isPartOf":{"@id":"https:\/\/www.notibras.com\/site\/video-recuperado-revela-emboscada-e-premeditacao-em-assassinato\/"},"author":{"name":"Eduardo Mart\u00ednez","@id":"https:\/\/www.notibras.com\/site\/#\/schema\/person\/5b7fabf2aedc3ada2105f03b22b4d3dd"},"headline":"V\u00eddeo recuperado revela emboscada e premedita\u00e7\u00e3o em assassinato","datePublished":"2026-02-20T04:15:30+00:00","dateModified":"2026-02-20T04:57:57+00:00","mainEntityOfPage":{"@id":"https:\/\/www.notibras.com\/site\/video-recuperado-revela-emboscada-e-premeditacao-em-assassinato\/"},"wordCount":683,"publisher":{"@id":"https:\/\/www.notibras.com\/site\/#organization"},"image":{"@id":"https:\/\/www.notibras.com\/site\/video-recuperado-revela-emboscada-e-premeditacao-em-assassinato\/#primaryimage"},"thumbnailUrl":"https:\/\/www.notibras.com\/site\/wp-content\/uploads\/2026\/02\/WhatsApp-Image-2026-02-19-at-21.27.51.jpeg","articleSection":["Quadradinho em Foco"],"inLanguage":"pt-BR"},{"@type":"WebPage","@id":"https:\/\/www.notibras.com\/site\/video-recuperado-revela-emboscada-e-premeditacao-em-assassinato\/","url":"https:\/\/www.notibras.com\/site\/video-recuperado-revela-emboscada-e-premeditacao-em-assassinato\/","name":"V\u00eddeo recuperado revela emboscada e premedita\u00e7\u00e3o em assassinato - Notibras","isPartOf":{"@id":"https:\/\/www.notibras.com\/site\/#website"},"primaryImageOfPage":{"@id":"https:\/\/www.notibras.com\/site\/video-recuperado-revela-emboscada-e-premeditacao-em-assassinato\/#primaryimage"},"image":{"@id":"https:\/\/www.notibras.com\/site\/video-recuperado-revela-emboscada-e-premeditacao-em-assassinato\/#primaryimage"},"thumbnailUrl":"https:\/\/www.notibras.com\/site\/wp-content\/uploads\/2026\/02\/WhatsApp-Image-2026-02-19-at-21.27.51.jpeg","datePublished":"2026-02-20T04:15:30+00:00","dateModified":"2026-02-20T04:57:57+00:00","breadcrumb":{"@id":"https:\/\/www.notibras.com\/site\/video-recuperado-revela-emboscada-e-premeditacao-em-assassinato\/#breadcrumb"},"inLanguage":"pt-BR","potentialAction":[{"@type":"ReadAction","target":["https:\/\/www.notibras.com\/site\/video-recuperado-revela-emboscada-e-premeditacao-em-assassinato\/"]}]},{"@type":"ImageObject","inLanguage":"pt-BR","@id":"https:\/\/www.notibras.com\/site\/video-recuperado-revela-emboscada-e-premeditacao-em-assassinato\/#primaryimage","url":"https:\/\/www.notibras.com\/site\/wp-content\/uploads\/2026\/02\/WhatsApp-Image-2026-02-19-at-21.27.51.jpeg","contentUrl":"https:\/\/www.notibras.com\/site\/wp-content\/uploads\/2026\/02\/WhatsApp-Image-2026-02-19-at-21.27.51.jpeg","width":1132,"height":723},{"@type":"BreadcrumbList","@id":"https:\/\/www.notibras.com\/site\/video-recuperado-revela-emboscada-e-premeditacao-em-assassinato\/#breadcrumb","itemListElement":[{"@type":"ListItem","position":1,"name":"In\u00edcio","item":"https:\/\/www.notibras.com\/site\/"},{"@type":"ListItem","position":2,"name":"V\u00eddeo recuperado revela emboscada e premedita\u00e7\u00e3o em assassinato"}]},{"@type":"WebSite","@id":"https:\/\/www.notibras.com\/site\/#website","url":"https:\/\/www.notibras.com\/site\/","name":"Notibras","description":"Not\u00edcias de Bras\u00edlia, do Brasil e do Mundo","publisher":{"@id":"https:\/\/www.notibras.com\/site\/#organization"},"potentialAction":[{"@type":"SearchAction","target":{"@type":"EntryPoint","urlTemplate":"https:\/\/www.notibras.com\/site\/?s={search_term_string}"},"query-input":{"@type":"PropertyValueSpecification","valueRequired":true,"valueName":"search_term_string"}}],"inLanguage":"pt-BR"},{"@type":"Organization","@id":"https:\/\/www.notibras.com\/site\/#organization","name":"Grupo Notibras de Comunica\u00e7\u00e3o","url":"https:\/\/www.notibras.com\/site\/","logo":{"@type":"ImageObject","inLanguage":"pt-BR","@id":"https:\/\/www.notibras.com\/site\/#\/schema\/logo\/image\/","url":"https:\/\/www.notibras.com\/site\/wp-content\/uploads\/2023\/01\/notibras23.png","contentUrl":"https:\/\/www.notibras.com\/site\/wp-content\/uploads\/2023\/01\/notibras23.png","width":350,"height":87,"caption":"Grupo Notibras de Comunica\u00e7\u00e3o"},"image":{"@id":"https:\/\/www.notibras.com\/site\/#\/schema\/logo\/image\/"},"sameAs":["https:\/\/www.facebook.com\/notibras\/","https:\/\/x.com\/Notibras","https:\/\/www.instagram.com\/notibras\/"]},{"@type":"Person","@id":"https:\/\/www.notibras.com\/site\/#\/schema\/person\/5b7fabf2aedc3ada2105f03b22b4d3dd","name":"Eduardo Mart\u00ednez","image":{"@type":"ImageObject","inLanguage":"pt-BR","@id":"https:\/\/secure.gravatar.com\/avatar\/7902f906289926289cbcda644b5197c796b893c6ffd7b9a536a42d290f7704a0?s=96&d=mm&r=g","url":"https:\/\/secure.gravatar.com\/avatar\/7902f906289926289cbcda644b5197c796b893c6ffd7b9a536a42d290f7704a0?s=96&d=mm&r=g","contentUrl":"https:\/\/secure.gravatar.com\/avatar\/7902f906289926289cbcda644b5197c796b893c6ffd7b9a536a42d290f7704a0?s=96&d=mm&r=g","caption":"Eduardo Mart\u00ednez"}}]}},"amp_enabled":true,"_links":{"self":[{"href":"https:\/\/www.notibras.com\/site\/wp-json\/wp\/v2\/posts\/383861","targetHints":{"allow":["GET"]}}],"collection":[{"href":"https:\/\/www.notibras.com\/site\/wp-json\/wp\/v2\/posts"}],"about":[{"href":"https:\/\/www.notibras.com\/site\/wp-json\/wp\/v2\/types\/post"}],"author":[{"embeddable":true,"href":"https:\/\/www.notibras.com\/site\/wp-json\/wp\/v2\/users\/21"}],"replies":[{"embeddable":true,"href":"https:\/\/www.notibras.com\/site\/wp-json\/wp\/v2\/comments?post=383861"}],"version-history":[{"count":7,"href":"https:\/\/www.notibras.com\/site\/wp-json\/wp\/v2\/posts\/383861\/revisions"}],"predecessor-version":[{"id":383952,"href":"https:\/\/www.notibras.com\/site\/wp-json\/wp\/v2\/posts\/383861\/revisions\/383952"}],"wp:featuredmedia":[{"embeddable":true,"href":"https:\/\/www.notibras.com\/site\/wp-json\/wp\/v2\/media\/383862"}],"wp:attachment":[{"href":"https:\/\/www.notibras.com\/site\/wp-json\/wp\/v2\/media?parent=383861"}],"wp:term":[{"taxonomy":"category","embeddable":true,"href":"https:\/\/www.notibras.com\/site\/wp-json\/wp\/v2\/categories?post=383861"},{"taxonomy":"post_tag","embeddable":true,"href":"https:\/\/www.notibras.com\/site\/wp-json\/wp\/v2\/tags?post=383861"}],"curies":[{"name":"wp","href":"https:\/\/api.w.org\/{rel}","templated":true}]}}