{"id":383867,"date":"2026-02-21T02:00:58","date_gmt":"2026-02-21T05:00:58","guid":{"rendered":"https:\/\/www.notibras.com\/site\/?p=383867"},"modified":"2026-02-19T22:19:46","modified_gmt":"2026-02-20T01:19:46","slug":"virginia-e-tantas-outras","status":"publish","type":"post","link":"https:\/\/www.notibras.com\/site\/virginia-e-tantas-outras\/","title":{"rendered":"Virg\u00ednia e tantas outras"},"content":{"rendered":"<p>Virg\u00ednia, rosto delicado, olhos nervosos, bela at\u00e9, por\u00e9m de maneira solit\u00e1ria e assombrada, como se carregasse fardo pesado, ainda mais para algu\u00e9m que aparentava tamanha fragilidade. Isso, por outro \u00e2ngulo, lhe conferia certa altivez, j\u00e1 que o azul das veias servia como aparato de nobreza.<\/p>\n<p>\u2014 Anemia.<\/p>\n<p>\u2014 Anemia?<\/p>\n<p>\u2014 Regras. Implac\u00e1veis nessa situa\u00e7\u00e3o.<\/p>\n<p>\u2014 E o apetite n\u00e3o \u00e9 dos melhores. O doutor acredita que n\u00e3o come quase nada?<\/p>\n<p>\u2014 Carne?<\/p>\n<p>\u2014 Nem ovo. Tem pena. J\u00e1 falamos, insistimos, mas ela \u00e9 turrona. N\u00e3o cede.<\/p>\n<p>\u2014 Feij\u00e3o? Ervilha?<\/p>\n<p>\u2014 Hum! Tinhosa do jeito que \u00e9, aceita apenas sopa. Diz que n\u00e3o quer engordar. O doutor j\u00e1 viu algo assim? Parece um palito, mas se v\u00ea da cintura grossa. Grossa tenho eu, que sou m\u00e3e de cinco. Essa a\u00ed, do jeito que vai, nem marido arruma.<\/p>\n<p>Prostra\u00e7\u00e3o, falta de ar, sibil\u00e2ncia, alguns estertores, incha\u00e7o ao redor dos olhos, que despertavam rubros. Heran\u00e7a maldita de nascer mulher, quando o \u00fanico prop\u00f3sito, al\u00e9m de servir, era parir. E pobre daquelas desprovidas de ancas largas.<\/p>\n<p>\u2014 Qual \u00e9 o prop\u00f3sito disso tudo, Virg\u00ednia?<\/p>\n<p>\u2014 Estou doente, mam\u00e3e. O m\u00e9dico n\u00e3o disse?<\/p>\n<p>\u2014 Por que n\u00e3o come?<\/p>\n<p>\u2014 Falta-me apetite.<\/p>\n<p>\u2014 Temo que o seu prop\u00f3sito seja outro, minha filha.<\/p>\n<p>\u2014 Falta-me prop\u00f3sito.<\/p>\n<p>\u2014 Pois deveria ter o que nos pertence. E rezo todos os dias para que voc\u00ea logo o perceba ou&#8230;<\/p>\n<p>\u2014 Ou o qu\u00ea, mam\u00e3e?<\/p>\n<p>\u2014 Ou morro eu de desgosto.<\/p>\n<p>Sil\u00eancio, que logo foi rompido por ordem da matriarca.<\/p>\n<p>\u2014 Agora levante, que Augusto est\u00e1 l\u00e1 embaixo preocupado.<\/p>\n<p>\u2014 Augusto?<\/p>\n<p>\u2014 Sim. Ande, que n\u00e3o \u00e9 de bom tom fazer seu noivo esperar.<\/p>\n<p>\u2014 N\u00e3o quero me casar, mam\u00e3e.<\/p>\n<p>\u2014 Hum! N\u00e3o diga bobagem, Virg\u00ednia! Augusto \u00e9 bom mo\u00e7o, de fam\u00edlia influente.<\/p>\n<p>\u2014 Que case com Larissa.<\/p>\n<p>\u2014 Se sua irm\u00e3 n\u00e3o tivesse apenas 11 anos, teria eu mesma dito para seu pai promet\u00ea-la ao rapaz. N\u00e3o resta d\u00favida de que ela tenha mais ju\u00edzo do que voc\u00ea.<\/p>\n<p>\u2014 Pois eu me mato antes de me casar.<\/p>\n<p>\u2014 Que se mate, ent\u00e3o! Mas n\u00e3o envergonhe o nome do seu pai.<\/p>\n<p>\u2014 A senhora me quer morta?<\/p>\n<p>\u2014 Ande! Vamos! Que n\u00e3o tenho tempo pra tolices!<\/p>\n<p>Sem alternativa, Virg\u00ednia aprontou-se e, finalmente, acompanhou a m\u00e3e at\u00e9 a sala no andar de baixo do casar\u00e3o. L\u00e1 estavam o pai, os futuros sogros e o noivo, jovem de cabelos negros e olhos perdidos. Poucos anos mais velho do que Virg\u00ednia, apesar do rosto assustado de menino.<\/p>\n<p>Ao fim de um ano, aqueles quase imberbes foram empurrados para o altar. Mal se conheciam, apesar dos encontros semanais, mais para acertos dos pais do que troca de palavras entre os dois.<\/p>\n<p>\u2014 Mam\u00e3e, mas eu nem conhe\u00e7o direito o Augusto.<\/p>\n<p>\u2014 N\u00e3o se preocupe com isso, Virg\u00ednia. Voc\u00ea vai ter a vida inteira para conhecer o seu marido.<\/p>\n<p>N\u00e3o quis casar, casou. N\u00e3o quis filhos, teve quatro. A cintura engrossou. Foi infeliz, apesar do sorriso de resigna\u00e7\u00e3o.<\/p>\n<p><strong>\u2026\u2026\u2026\u2026\u2026\u2026\u2026\u2026<\/strong><\/p>\n<p><strong>Eduardo Mart\u00ednez \u00e9 autor do livro \u201957 Contos e Cr\u00f4nicas por um Autor Muito Velho\u2019 (Vencedor do Pr\u00eamio Liter\u00e1rio Clarice Lispector \u2013 2025 na categoria livro de contos).<\/strong><\/p>\n<p><strong>Compre aqui<\/strong><\/p>\n<p><a href=\"https:\/\/www.joanineditora.com.br\/57-contos-e-cronicas-por-um-autor-muito-velho\"><strong>https:\/\/www.joanineditora.com.br\/57-contos-e-cronicas-por-um-autor-muito-velho<\/strong><\/a><\/p>\n","protected":false},"excerpt":{"rendered":"<p>Virg\u00ednia, rosto delicado, olhos nervosos, bela at\u00e9, por\u00e9m de maneira solit\u00e1ria e assombrada, como se carregasse fardo pesado, ainda mais para algu\u00e9m que aparentava tamanha fragilidade. Isso, por outro \u00e2ngulo, lhe conferia certa altivez, j\u00e1 que o azul das veias servia como aparato de nobreza. \u2014 Anemia. \u2014 Anemia? \u2014 Regras. Implac\u00e1veis nessa situa\u00e7\u00e3o. \u2014 [&hellip;]<\/p>\n","protected":false},"author":21,"featured_media":383868,"comment_status":"closed","ping_status":"closed","sticky":false,"template":"","format":"standard","meta":{"_acf_changed":false,"footnotes":""},"categories":[161],"tags":[],"class_list":["post-383867","post","type-post","status-publish","format-standard","has-post-thumbnail","hentry","category-quadradinho-em-foco"],"acf":[],"yoast_head":"<!-- This site is optimized with the Yoast SEO plugin v27.2 - https:\/\/yoast.com\/product\/yoast-seo-wordpress\/ -->\n<title>Virg\u00ednia e tantas outras - Notibras<\/title>\n<meta name=\"robots\" content=\"index, follow, max-snippet:-1, max-image-preview:large, max-video-preview:-1\" \/>\n<link rel=\"canonical\" href=\"https:\/\/www.notibras.com\/site\/virginia-e-tantas-outras\/\" \/>\n<meta property=\"og:locale\" content=\"pt_BR\" \/>\n<meta property=\"og:type\" content=\"article\" \/>\n<meta property=\"og:title\" content=\"Virg\u00ednia e tantas outras - Notibras\" \/>\n<meta property=\"og:description\" content=\"Virg\u00ednia, rosto delicado, olhos nervosos, bela at\u00e9, por\u00e9m de maneira solit\u00e1ria e assombrada, como se carregasse fardo pesado, ainda mais para algu\u00e9m que aparentava tamanha fragilidade. Isso, por outro \u00e2ngulo, lhe conferia certa altivez, j\u00e1 que o azul das veias servia como aparato de nobreza. \u2014 Anemia. \u2014 Anemia? \u2014 Regras. Implac\u00e1veis nessa situa\u00e7\u00e3o. \u2014 [&hellip;]\" \/>\n<meta property=\"og:url\" content=\"https:\/\/www.notibras.com\/site\/virginia-e-tantas-outras\/\" \/>\n<meta property=\"og:site_name\" content=\"Notibras\" \/>\n<meta property=\"article:publisher\" content=\"https:\/\/www.facebook.com\/notibras\/\" \/>\n<meta property=\"article:published_time\" content=\"2026-02-21T05:00:58+00:00\" \/>\n<meta property=\"og:image\" content=\"https:\/\/www.notibras.com\/site\/wp-content\/uploads\/2026\/02\/WhatsApp-Image-2026-02-19-at-21.44.43-1.jpeg\" \/>\n\t<meta property=\"og:image:width\" content=\"1024\" \/>\n\t<meta property=\"og:image:height\" content=\"1024\" \/>\n\t<meta property=\"og:image:type\" content=\"image\/jpeg\" \/>\n<meta name=\"author\" content=\"Eduardo Mart\u00ednez\" \/>\n<meta name=\"twitter:card\" content=\"summary_large_image\" \/>\n<meta name=\"twitter:creator\" content=\"@Notibras\" \/>\n<meta name=\"twitter:site\" content=\"@Notibras\" \/>\n<meta name=\"twitter:label1\" content=\"Escrito por\" \/>\n\t<meta name=\"twitter:data1\" content=\"Eduardo Mart\u00ednez\" \/>\n\t<meta name=\"twitter:label2\" content=\"Est. tempo de leitura\" \/>\n\t<meta name=\"twitter:data2\" content=\"3 minutos\" \/>\n<script type=\"application\/ld+json\" class=\"yoast-schema-graph\">{\"@context\":\"https:\/\/schema.org\",\"@graph\":[{\"@type\":\"Article\",\"@id\":\"https:\/\/www.notibras.com\/site\/virginia-e-tantas-outras\/#article\",\"isPartOf\":{\"@id\":\"https:\/\/www.notibras.com\/site\/virginia-e-tantas-outras\/\"},\"author\":{\"name\":\"Eduardo Mart\u00ednez\",\"@id\":\"https:\/\/www.notibras.com\/site\/#\/schema\/person\/5b7fabf2aedc3ada2105f03b22b4d3dd\"},\"headline\":\"Virg\u00ednia e tantas outras\",\"datePublished\":\"2026-02-21T05:00:58+00:00\",\"mainEntityOfPage\":{\"@id\":\"https:\/\/www.notibras.com\/site\/virginia-e-tantas-outras\/\"},\"wordCount\":550,\"publisher\":{\"@id\":\"https:\/\/www.notibras.com\/site\/#organization\"},\"image\":{\"@id\":\"https:\/\/www.notibras.com\/site\/virginia-e-tantas-outras\/#primaryimage\"},\"thumbnailUrl\":\"https:\/\/www.notibras.com\/site\/wp-content\/uploads\/2026\/02\/WhatsApp-Image-2026-02-19-at-21.44.43-1.jpeg\",\"articleSection\":[\"Quadradinho em Foco\"],\"inLanguage\":\"pt-BR\"},{\"@type\":\"WebPage\",\"@id\":\"https:\/\/www.notibras.com\/site\/virginia-e-tantas-outras\/\",\"url\":\"https:\/\/www.notibras.com\/site\/virginia-e-tantas-outras\/\",\"name\":\"Virg\u00ednia e tantas outras - Notibras\",\"isPartOf\":{\"@id\":\"https:\/\/www.notibras.com\/site\/#website\"},\"primaryImageOfPage\":{\"@id\":\"https:\/\/www.notibras.com\/site\/virginia-e-tantas-outras\/#primaryimage\"},\"image\":{\"@id\":\"https:\/\/www.notibras.com\/site\/virginia-e-tantas-outras\/#primaryimage\"},\"thumbnailUrl\":\"https:\/\/www.notibras.com\/site\/wp-content\/uploads\/2026\/02\/WhatsApp-Image-2026-02-19-at-21.44.43-1.jpeg\",\"datePublished\":\"2026-02-21T05:00:58+00:00\",\"breadcrumb\":{\"@id\":\"https:\/\/www.notibras.com\/site\/virginia-e-tantas-outras\/#breadcrumb\"},\"inLanguage\":\"pt-BR\",\"potentialAction\":[{\"@type\":\"ReadAction\",\"target\":[\"https:\/\/www.notibras.com\/site\/virginia-e-tantas-outras\/\"]}]},{\"@type\":\"ImageObject\",\"inLanguage\":\"pt-BR\",\"@id\":\"https:\/\/www.notibras.com\/site\/virginia-e-tantas-outras\/#primaryimage\",\"url\":\"https:\/\/www.notibras.com\/site\/wp-content\/uploads\/2026\/02\/WhatsApp-Image-2026-02-19-at-21.44.43-1.jpeg\",\"contentUrl\":\"https:\/\/www.notibras.com\/site\/wp-content\/uploads\/2026\/02\/WhatsApp-Image-2026-02-19-at-21.44.43-1.jpeg\",\"width\":1024,\"height\":1024},{\"@type\":\"BreadcrumbList\",\"@id\":\"https:\/\/www.notibras.com\/site\/virginia-e-tantas-outras\/#breadcrumb\",\"itemListElement\":[{\"@type\":\"ListItem\",\"position\":1,\"name\":\"In\u00edcio\",\"item\":\"https:\/\/www.notibras.com\/site\/\"},{\"@type\":\"ListItem\",\"position\":2,\"name\":\"Virg\u00ednia e tantas outras\"}]},{\"@type\":\"WebSite\",\"@id\":\"https:\/\/www.notibras.com\/site\/#website\",\"url\":\"https:\/\/www.notibras.com\/site\/\",\"name\":\"Notibras\",\"description\":\"Not\u00edcias de Bras\u00edlia, do Brasil e do Mundo\",\"publisher\":{\"@id\":\"https:\/\/www.notibras.com\/site\/#organization\"},\"potentialAction\":[{\"@type\":\"SearchAction\",\"target\":{\"@type\":\"EntryPoint\",\"urlTemplate\":\"https:\/\/www.notibras.com\/site\/?s={search_term_string}\"},\"query-input\":{\"@type\":\"PropertyValueSpecification\",\"valueRequired\":true,\"valueName\":\"search_term_string\"}}],\"inLanguage\":\"pt-BR\"},{\"@type\":\"Organization\",\"@id\":\"https:\/\/www.notibras.com\/site\/#organization\",\"name\":\"Grupo Notibras de Comunica\u00e7\u00e3o\",\"url\":\"https:\/\/www.notibras.com\/site\/\",\"logo\":{\"@type\":\"ImageObject\",\"inLanguage\":\"pt-BR\",\"@id\":\"https:\/\/www.notibras.com\/site\/#\/schema\/logo\/image\/\",\"url\":\"https:\/\/www.notibras.com\/site\/wp-content\/uploads\/2023\/01\/notibras23.png\",\"contentUrl\":\"https:\/\/www.notibras.com\/site\/wp-content\/uploads\/2023\/01\/notibras23.png\",\"width\":350,\"height\":87,\"caption\":\"Grupo Notibras de Comunica\u00e7\u00e3o\"},\"image\":{\"@id\":\"https:\/\/www.notibras.com\/site\/#\/schema\/logo\/image\/\"},\"sameAs\":[\"https:\/\/www.facebook.com\/notibras\/\",\"https:\/\/x.com\/Notibras\",\"https:\/\/www.instagram.com\/notibras\/\"]},{\"@type\":\"Person\",\"@id\":\"https:\/\/www.notibras.com\/site\/#\/schema\/person\/5b7fabf2aedc3ada2105f03b22b4d3dd\",\"name\":\"Eduardo Mart\u00ednez\",\"image\":{\"@type\":\"ImageObject\",\"inLanguage\":\"pt-BR\",\"@id\":\"https:\/\/secure.gravatar.com\/avatar\/7902f906289926289cbcda644b5197c796b893c6ffd7b9a536a42d290f7704a0?s=96&d=mm&r=g\",\"url\":\"https:\/\/secure.gravatar.com\/avatar\/7902f906289926289cbcda644b5197c796b893c6ffd7b9a536a42d290f7704a0?s=96&d=mm&r=g\",\"contentUrl\":\"https:\/\/secure.gravatar.com\/avatar\/7902f906289926289cbcda644b5197c796b893c6ffd7b9a536a42d290f7704a0?s=96&d=mm&r=g\",\"caption\":\"Eduardo Mart\u00ednez\"}}]}<\/script>\n<!-- \/ Yoast SEO plugin. -->","yoast_head_json":{"title":"Virg\u00ednia e tantas outras - Notibras","robots":{"index":"index","follow":"follow","max-snippet":"max-snippet:-1","max-image-preview":"max-image-preview:large","max-video-preview":"max-video-preview:-1"},"canonical":"https:\/\/www.notibras.com\/site\/virginia-e-tantas-outras\/","og_locale":"pt_BR","og_type":"article","og_title":"Virg\u00ednia e tantas outras - Notibras","og_description":"Virg\u00ednia, rosto delicado, olhos nervosos, bela at\u00e9, por\u00e9m de maneira solit\u00e1ria e assombrada, como se carregasse fardo pesado, ainda mais para algu\u00e9m que aparentava tamanha fragilidade. Isso, por outro \u00e2ngulo, lhe conferia certa altivez, j\u00e1 que o azul das veias servia como aparato de nobreza. \u2014 Anemia. \u2014 Anemia? \u2014 Regras. Implac\u00e1veis nessa situa\u00e7\u00e3o. \u2014 [&hellip;]","og_url":"https:\/\/www.notibras.com\/site\/virginia-e-tantas-outras\/","og_site_name":"Notibras","article_publisher":"https:\/\/www.facebook.com\/notibras\/","article_published_time":"2026-02-21T05:00:58+00:00","og_image":[{"width":1024,"height":1024,"url":"https:\/\/www.notibras.com\/site\/wp-content\/uploads\/2026\/02\/WhatsApp-Image-2026-02-19-at-21.44.43-1.jpeg","type":"image\/jpeg"}],"author":"Eduardo Mart\u00ednez","twitter_card":"summary_large_image","twitter_creator":"@Notibras","twitter_site":"@Notibras","twitter_misc":{"Escrito por":"Eduardo Mart\u00ednez","Est. tempo de leitura":"3 minutos"},"schema":{"@context":"https:\/\/schema.org","@graph":[{"@type":"Article","@id":"https:\/\/www.notibras.com\/site\/virginia-e-tantas-outras\/#article","isPartOf":{"@id":"https:\/\/www.notibras.com\/site\/virginia-e-tantas-outras\/"},"author":{"name":"Eduardo Mart\u00ednez","@id":"https:\/\/www.notibras.com\/site\/#\/schema\/person\/5b7fabf2aedc3ada2105f03b22b4d3dd"},"headline":"Virg\u00ednia e tantas outras","datePublished":"2026-02-21T05:00:58+00:00","mainEntityOfPage":{"@id":"https:\/\/www.notibras.com\/site\/virginia-e-tantas-outras\/"},"wordCount":550,"publisher":{"@id":"https:\/\/www.notibras.com\/site\/#organization"},"image":{"@id":"https:\/\/www.notibras.com\/site\/virginia-e-tantas-outras\/#primaryimage"},"thumbnailUrl":"https:\/\/www.notibras.com\/site\/wp-content\/uploads\/2026\/02\/WhatsApp-Image-2026-02-19-at-21.44.43-1.jpeg","articleSection":["Quadradinho em Foco"],"inLanguage":"pt-BR"},{"@type":"WebPage","@id":"https:\/\/www.notibras.com\/site\/virginia-e-tantas-outras\/","url":"https:\/\/www.notibras.com\/site\/virginia-e-tantas-outras\/","name":"Virg\u00ednia e tantas outras - Notibras","isPartOf":{"@id":"https:\/\/www.notibras.com\/site\/#website"},"primaryImageOfPage":{"@id":"https:\/\/www.notibras.com\/site\/virginia-e-tantas-outras\/#primaryimage"},"image":{"@id":"https:\/\/www.notibras.com\/site\/virginia-e-tantas-outras\/#primaryimage"},"thumbnailUrl":"https:\/\/www.notibras.com\/site\/wp-content\/uploads\/2026\/02\/WhatsApp-Image-2026-02-19-at-21.44.43-1.jpeg","datePublished":"2026-02-21T05:00:58+00:00","breadcrumb":{"@id":"https:\/\/www.notibras.com\/site\/virginia-e-tantas-outras\/#breadcrumb"},"inLanguage":"pt-BR","potentialAction":[{"@type":"ReadAction","target":["https:\/\/www.notibras.com\/site\/virginia-e-tantas-outras\/"]}]},{"@type":"ImageObject","inLanguage":"pt-BR","@id":"https:\/\/www.notibras.com\/site\/virginia-e-tantas-outras\/#primaryimage","url":"https:\/\/www.notibras.com\/site\/wp-content\/uploads\/2026\/02\/WhatsApp-Image-2026-02-19-at-21.44.43-1.jpeg","contentUrl":"https:\/\/www.notibras.com\/site\/wp-content\/uploads\/2026\/02\/WhatsApp-Image-2026-02-19-at-21.44.43-1.jpeg","width":1024,"height":1024},{"@type":"BreadcrumbList","@id":"https:\/\/www.notibras.com\/site\/virginia-e-tantas-outras\/#breadcrumb","itemListElement":[{"@type":"ListItem","position":1,"name":"In\u00edcio","item":"https:\/\/www.notibras.com\/site\/"},{"@type":"ListItem","position":2,"name":"Virg\u00ednia e tantas outras"}]},{"@type":"WebSite","@id":"https:\/\/www.notibras.com\/site\/#website","url":"https:\/\/www.notibras.com\/site\/","name":"Notibras","description":"Not\u00edcias de Bras\u00edlia, do Brasil e do Mundo","publisher":{"@id":"https:\/\/www.notibras.com\/site\/#organization"},"potentialAction":[{"@type":"SearchAction","target":{"@type":"EntryPoint","urlTemplate":"https:\/\/www.notibras.com\/site\/?s={search_term_string}"},"query-input":{"@type":"PropertyValueSpecification","valueRequired":true,"valueName":"search_term_string"}}],"inLanguage":"pt-BR"},{"@type":"Organization","@id":"https:\/\/www.notibras.com\/site\/#organization","name":"Grupo Notibras de Comunica\u00e7\u00e3o","url":"https:\/\/www.notibras.com\/site\/","logo":{"@type":"ImageObject","inLanguage":"pt-BR","@id":"https:\/\/www.notibras.com\/site\/#\/schema\/logo\/image\/","url":"https:\/\/www.notibras.com\/site\/wp-content\/uploads\/2023\/01\/notibras23.png","contentUrl":"https:\/\/www.notibras.com\/site\/wp-content\/uploads\/2023\/01\/notibras23.png","width":350,"height":87,"caption":"Grupo Notibras de Comunica\u00e7\u00e3o"},"image":{"@id":"https:\/\/www.notibras.com\/site\/#\/schema\/logo\/image\/"},"sameAs":["https:\/\/www.facebook.com\/notibras\/","https:\/\/x.com\/Notibras","https:\/\/www.instagram.com\/notibras\/"]},{"@type":"Person","@id":"https:\/\/www.notibras.com\/site\/#\/schema\/person\/5b7fabf2aedc3ada2105f03b22b4d3dd","name":"Eduardo Mart\u00ednez","image":{"@type":"ImageObject","inLanguage":"pt-BR","@id":"https:\/\/secure.gravatar.com\/avatar\/7902f906289926289cbcda644b5197c796b893c6ffd7b9a536a42d290f7704a0?s=96&d=mm&r=g","url":"https:\/\/secure.gravatar.com\/avatar\/7902f906289926289cbcda644b5197c796b893c6ffd7b9a536a42d290f7704a0?s=96&d=mm&r=g","contentUrl":"https:\/\/secure.gravatar.com\/avatar\/7902f906289926289cbcda644b5197c796b893c6ffd7b9a536a42d290f7704a0?s=96&d=mm&r=g","caption":"Eduardo Mart\u00ednez"}}]}},"amp_enabled":true,"_links":{"self":[{"href":"https:\/\/www.notibras.com\/site\/wp-json\/wp\/v2\/posts\/383867","targetHints":{"allow":["GET"]}}],"collection":[{"href":"https:\/\/www.notibras.com\/site\/wp-json\/wp\/v2\/posts"}],"about":[{"href":"https:\/\/www.notibras.com\/site\/wp-json\/wp\/v2\/types\/post"}],"author":[{"embeddable":true,"href":"https:\/\/www.notibras.com\/site\/wp-json\/wp\/v2\/users\/21"}],"replies":[{"embeddable":true,"href":"https:\/\/www.notibras.com\/site\/wp-json\/wp\/v2\/comments?post=383867"}],"version-history":[{"count":2,"href":"https:\/\/www.notibras.com\/site\/wp-json\/wp\/v2\/posts\/383867\/revisions"}],"predecessor-version":[{"id":383870,"href":"https:\/\/www.notibras.com\/site\/wp-json\/wp\/v2\/posts\/383867\/revisions\/383870"}],"wp:featuredmedia":[{"embeddable":true,"href":"https:\/\/www.notibras.com\/site\/wp-json\/wp\/v2\/media\/383868"}],"wp:attachment":[{"href":"https:\/\/www.notibras.com\/site\/wp-json\/wp\/v2\/media?parent=383867"}],"wp:term":[{"taxonomy":"category","embeddable":true,"href":"https:\/\/www.notibras.com\/site\/wp-json\/wp\/v2\/categories?post=383867"},{"taxonomy":"post_tag","embeddable":true,"href":"https:\/\/www.notibras.com\/site\/wp-json\/wp\/v2\/tags?post=383867"}],"curies":[{"name":"wp","href":"https:\/\/api.w.org\/{rel}","templated":true}]}}