{"id":383876,"date":"2026-02-20T00:15:28","date_gmt":"2026-02-20T03:15:28","guid":{"rendered":"https:\/\/www.notibras.com\/site\/?p=383876"},"modified":"2026-02-19T23:02:02","modified_gmt":"2026-02-20T02:02:02","slug":"treinamento-em-emergencia-cardiaca-fortalece-atendimento-na-uti","status":"publish","type":"post","link":"https:\/\/www.notibras.com\/site\/treinamento-em-emergencia-cardiaca-fortalece-atendimento-na-uti\/","title":{"rendered":"Treinamento em emerg\u00eancia card\u00edaca fortalece atendimento na UTI"},"content":{"rendered":"<p>Os primeiros minutos de uma parada card\u00edaca s\u00e3o determinantes entre a vida e a morte. Pensando nisso, enfermeiros e fisioterapeutas da Unidade de Terapia Intensiva (UTI) do Hospital Regional de Santa Maria participaram, nesta quinta-feira (19), de um treinamento te\u00f3rico-pr\u00e1tico sobre Suporte Avan\u00e7ado de Vida em Cardiologia (ACLS).<\/p>\n<p>A capacita\u00e7\u00e3o, conduzida pelo intensivista do Instituto de Gest\u00e3o Estrat\u00e9gica de Sa\u00fade do DF (IgesDF), Fernando Oliveira Gomes, abordou a resposta a emerg\u00eancias card\u00edacas graves. O foco incluiu o manejo de paradas cardiorrespirat\u00f3rias, bradicardias (ritmo lento) e taquicardias (ritmo acelerado), priorizando a seguran\u00e7a e a rapidez no atendimento.<\/p>\n<p>\u201cQuando ocorre algum evento do tipo, a equipe precisa agir imediatamente. N\u00e3o h\u00e1 tempo para d\u00favidas. Cada profissional precisa saber exatamente qual \u00e9 o seu papel. O treinamento serve para que essa resposta seja quase autom\u00e1tica, ordenada e eficiente\u201d, explica o m\u00e9dico.<\/p>\n<p>Durante o encontro, os participantes revisaram protocolos e treinaram etapas essenciais do atendimento. Segundo o especialista, o ACLS pode ser resumido em tr\u00eas pilares fundamentais: tempo, qualidade e trabalho em equipe.<\/p>\n<p>Nos primeiros minutos, a prioridade \u00e9 seguir a chamada cadeia de sobreviv\u00eancia no adulto, que envolve reconhecimento precoce da parada card\u00edaca e acionamento imediato do time, realiza\u00e7\u00e3o de ressuscita\u00e7\u00e3o cardiopulmonar (RCP) de alta qualidade, desfibrila\u00e7\u00e3o r\u00e1pida quando indicada, manejo avan\u00e7ado de via a\u00e9rea com administra\u00e7\u00e3o de medicamentos, identifica\u00e7\u00e3o de causas revers\u00edveis e, ap\u00f3s o retorno da circula\u00e7\u00e3o espont\u00e2nea, cuidados intensivos p\u00f3s-parada.<\/p>\n<p><strong>Cada segundo conta<\/strong><\/p>\n<p>Na pr\u00e1tica, cada profissional precisa ter fun\u00e7\u00f5es espec\u00edficas dentro do atendimento. A equipe de enfermagem \u00e9 respons\u00e1vel pelo monitoramento do paciente, preparo e administra\u00e7\u00e3o de medicamentos, obten\u00e7\u00e3o de acesso venoso e registro das a\u00e7\u00f5es realizadas. J\u00e1 a fisioterapia atua principalmente no manejo da via a\u00e9rea, no controle da ventila\u00e7\u00e3o e na otimiza\u00e7\u00e3o da oxigena\u00e7\u00e3o do paciente.<\/p>\n<p>Ambos trabalham diretamente nas compress\u00f5es tor\u00e1cicas, revezando a cada dois minutos para manter a qualidade da manobra e reduzindo ao m\u00e1ximo as pausas, fator essencial para aumentar as chances de sobreviv\u00eancia.<\/p>\n<p>Para a enfermeira intensivista e chefe do Servi\u00e7o de Enfermagem da UTI, Fl\u00e1via Carvalho, o treinamento fortalece a seguran\u00e7a assistencial e a integra\u00e7\u00e3o da equipe. \u201c\u00c9 um momento para esclarecer d\u00favidas, aprimorar a identifica\u00e7\u00e3o dos ritmos card\u00edacos e melhorar a comunica\u00e7\u00e3o entre os profissionais. Em uma intercorr\u00eancia, sincronia e agilidade s\u00e3o fundamentais. Treinamos para que, quando acontecer, todos saibam exatamente como agir\u201d, afirma.<\/p>\n<p>A capacita\u00e7\u00e3o faz parte de um ciclo de treinamentos que contempla toda a equipe multiprofissional da UTI. Paralelamente, tamb\u00e9m est\u00e3o sendo realizadas aulas sobre Suporte B\u00e1sico de Vida (BLS), ministradas pelo m\u00e9dico intensivista Clayton Ferreira, com foco nas primeiras manobras em situa\u00e7\u00f5es de emerg\u00eancia.<\/p>\n<p>Ao todo, o treinamento ocorre ao longo de quatro dias, com quatro turmas di\u00e1rias, totalizando 16 encontros. A organiza\u00e7\u00e3o em diferentes hor\u00e1rios garante a participa\u00e7\u00e3o de todos os colaboradores sem comprometer a assist\u00eancia prestada aos pacientes.<\/p>\n","protected":false},"excerpt":{"rendered":"<p>Os primeiros minutos de uma parada card\u00edaca s\u00e3o determinantes entre a vida e a morte. Pensando nisso, enfermeiros e fisioterapeutas da Unidade de Terapia Intensiva (UTI) do Hospital Regional de Santa Maria participaram, nesta quinta-feira (19), de um treinamento te\u00f3rico-pr\u00e1tico sobre Suporte Avan\u00e7ado de Vida em Cardiologia (ACLS). A capacita\u00e7\u00e3o, conduzida pelo intensivista do Instituto [&hellip;]<\/p>\n","protected":false},"author":21,"featured_media":383877,"comment_status":"closed","ping_status":"closed","sticky":false,"template":"","format":"standard","meta":{"_acf_changed":false,"footnotes":""},"categories":[161],"tags":[],"class_list":["post-383876","post","type-post","status-publish","format-standard","has-post-thumbnail","hentry","category-quadradinho-em-foco"],"acf":[],"yoast_head":"<!-- This site is optimized with the Yoast SEO plugin v27.2 - https:\/\/yoast.com\/product\/yoast-seo-wordpress\/ -->\n<title>Treinamento em emerg\u00eancia card\u00edaca fortalece atendimento na UTI - Notibras<\/title>\n<meta name=\"robots\" content=\"index, follow, max-snippet:-1, max-image-preview:large, max-video-preview:-1\" \/>\n<link rel=\"canonical\" href=\"https:\/\/www.notibras.com\/site\/treinamento-em-emergencia-cardiaca-fortalece-atendimento-na-uti\/\" \/>\n<meta property=\"og:locale\" content=\"pt_BR\" \/>\n<meta property=\"og:type\" content=\"article\" \/>\n<meta property=\"og:title\" content=\"Treinamento em emerg\u00eancia card\u00edaca fortalece atendimento na UTI - Notibras\" \/>\n<meta property=\"og:description\" content=\"Os primeiros minutos de uma parada card\u00edaca s\u00e3o determinantes entre a vida e a morte. Pensando nisso, enfermeiros e fisioterapeutas da Unidade de Terapia Intensiva (UTI) do Hospital Regional de Santa Maria participaram, nesta quinta-feira (19), de um treinamento te\u00f3rico-pr\u00e1tico sobre Suporte Avan\u00e7ado de Vida em Cardiologia (ACLS). A capacita\u00e7\u00e3o, conduzida pelo intensivista do Instituto [&hellip;]\" \/>\n<meta property=\"og:url\" content=\"https:\/\/www.notibras.com\/site\/treinamento-em-emergencia-cardiaca-fortalece-atendimento-na-uti\/\" \/>\n<meta property=\"og:site_name\" content=\"Notibras\" \/>\n<meta property=\"article:publisher\" content=\"https:\/\/www.facebook.com\/notibras\/\" \/>\n<meta property=\"article:published_time\" content=\"2026-02-20T03:15:28+00:00\" \/>\n<meta property=\"og:image\" content=\"https:\/\/www.notibras.com\/site\/wp-content\/uploads\/2026\/02\/fotos-para-materia-4-1024x683.png\" \/>\n\t<meta property=\"og:image:width\" content=\"1024\" \/>\n\t<meta property=\"og:image:height\" content=\"683\" \/>\n\t<meta property=\"og:image:type\" content=\"image\/png\" \/>\n<meta name=\"author\" content=\"Eduardo Mart\u00ednez\" \/>\n<meta name=\"twitter:card\" content=\"summary_large_image\" \/>\n<meta name=\"twitter:creator\" content=\"@Notibras\" \/>\n<meta name=\"twitter:site\" content=\"@Notibras\" \/>\n<meta name=\"twitter:label1\" content=\"Escrito por\" \/>\n\t<meta name=\"twitter:data1\" content=\"Eduardo Mart\u00ednez\" \/>\n\t<meta name=\"twitter:label2\" content=\"Est. tempo de leitura\" \/>\n\t<meta name=\"twitter:data2\" content=\"3 minutos\" \/>\n<script type=\"application\/ld+json\" class=\"yoast-schema-graph\">{\"@context\":\"https:\/\/schema.org\",\"@graph\":[{\"@type\":\"Article\",\"@id\":\"https:\/\/www.notibras.com\/site\/treinamento-em-emergencia-cardiaca-fortalece-atendimento-na-uti\/#article\",\"isPartOf\":{\"@id\":\"https:\/\/www.notibras.com\/site\/treinamento-em-emergencia-cardiaca-fortalece-atendimento-na-uti\/\"},\"author\":{\"name\":\"Eduardo Mart\u00ednez\",\"@id\":\"https:\/\/www.notibras.com\/site\/#\/schema\/person\/5b7fabf2aedc3ada2105f03b22b4d3dd\"},\"headline\":\"Treinamento em emerg\u00eancia card\u00edaca fortalece atendimento na UTI\",\"datePublished\":\"2026-02-20T03:15:28+00:00\",\"mainEntityOfPage\":{\"@id\":\"https:\/\/www.notibras.com\/site\/treinamento-em-emergencia-cardiaca-fortalece-atendimento-na-uti\/\"},\"wordCount\":537,\"publisher\":{\"@id\":\"https:\/\/www.notibras.com\/site\/#organization\"},\"image\":{\"@id\":\"https:\/\/www.notibras.com\/site\/treinamento-em-emergencia-cardiaca-fortalece-atendimento-na-uti\/#primaryimage\"},\"thumbnailUrl\":\"https:\/\/www.notibras.com\/site\/wp-content\/uploads\/2026\/02\/fotos-para-materia-4.png\",\"articleSection\":[\"Quadradinho em Foco\"],\"inLanguage\":\"pt-BR\"},{\"@type\":\"WebPage\",\"@id\":\"https:\/\/www.notibras.com\/site\/treinamento-em-emergencia-cardiaca-fortalece-atendimento-na-uti\/\",\"url\":\"https:\/\/www.notibras.com\/site\/treinamento-em-emergencia-cardiaca-fortalece-atendimento-na-uti\/\",\"name\":\"Treinamento em emerg\u00eancia card\u00edaca fortalece atendimento na UTI - Notibras\",\"isPartOf\":{\"@id\":\"https:\/\/www.notibras.com\/site\/#website\"},\"primaryImageOfPage\":{\"@id\":\"https:\/\/www.notibras.com\/site\/treinamento-em-emergencia-cardiaca-fortalece-atendimento-na-uti\/#primaryimage\"},\"image\":{\"@id\":\"https:\/\/www.notibras.com\/site\/treinamento-em-emergencia-cardiaca-fortalece-atendimento-na-uti\/#primaryimage\"},\"thumbnailUrl\":\"https:\/\/www.notibras.com\/site\/wp-content\/uploads\/2026\/02\/fotos-para-materia-4.png\",\"datePublished\":\"2026-02-20T03:15:28+00:00\",\"breadcrumb\":{\"@id\":\"https:\/\/www.notibras.com\/site\/treinamento-em-emergencia-cardiaca-fortalece-atendimento-na-uti\/#breadcrumb\"},\"inLanguage\":\"pt-BR\",\"potentialAction\":[{\"@type\":\"ReadAction\",\"target\":[\"https:\/\/www.notibras.com\/site\/treinamento-em-emergencia-cardiaca-fortalece-atendimento-na-uti\/\"]}]},{\"@type\":\"ImageObject\",\"inLanguage\":\"pt-BR\",\"@id\":\"https:\/\/www.notibras.com\/site\/treinamento-em-emergencia-cardiaca-fortalece-atendimento-na-uti\/#primaryimage\",\"url\":\"https:\/\/www.notibras.com\/site\/wp-content\/uploads\/2026\/02\/fotos-para-materia-4.png\",\"contentUrl\":\"https:\/\/www.notibras.com\/site\/wp-content\/uploads\/2026\/02\/fotos-para-materia-4.png\",\"width\":2560,\"height\":1707},{\"@type\":\"BreadcrumbList\",\"@id\":\"https:\/\/www.notibras.com\/site\/treinamento-em-emergencia-cardiaca-fortalece-atendimento-na-uti\/#breadcrumb\",\"itemListElement\":[{\"@type\":\"ListItem\",\"position\":1,\"name\":\"In\u00edcio\",\"item\":\"https:\/\/www.notibras.com\/site\/\"},{\"@type\":\"ListItem\",\"position\":2,\"name\":\"Treinamento em emerg\u00eancia card\u00edaca fortalece atendimento na UTI\"}]},{\"@type\":\"WebSite\",\"@id\":\"https:\/\/www.notibras.com\/site\/#website\",\"url\":\"https:\/\/www.notibras.com\/site\/\",\"name\":\"Notibras\",\"description\":\"Not\u00edcias de Bras\u00edlia, do Brasil e do Mundo\",\"publisher\":{\"@id\":\"https:\/\/www.notibras.com\/site\/#organization\"},\"potentialAction\":[{\"@type\":\"SearchAction\",\"target\":{\"@type\":\"EntryPoint\",\"urlTemplate\":\"https:\/\/www.notibras.com\/site\/?s={search_term_string}\"},\"query-input\":{\"@type\":\"PropertyValueSpecification\",\"valueRequired\":true,\"valueName\":\"search_term_string\"}}],\"inLanguage\":\"pt-BR\"},{\"@type\":\"Organization\",\"@id\":\"https:\/\/www.notibras.com\/site\/#organization\",\"name\":\"Grupo Notibras de Comunica\u00e7\u00e3o\",\"url\":\"https:\/\/www.notibras.com\/site\/\",\"logo\":{\"@type\":\"ImageObject\",\"inLanguage\":\"pt-BR\",\"@id\":\"https:\/\/www.notibras.com\/site\/#\/schema\/logo\/image\/\",\"url\":\"https:\/\/www.notibras.com\/site\/wp-content\/uploads\/2023\/01\/notibras23.png\",\"contentUrl\":\"https:\/\/www.notibras.com\/site\/wp-content\/uploads\/2023\/01\/notibras23.png\",\"width\":350,\"height\":87,\"caption\":\"Grupo Notibras de Comunica\u00e7\u00e3o\"},\"image\":{\"@id\":\"https:\/\/www.notibras.com\/site\/#\/schema\/logo\/image\/\"},\"sameAs\":[\"https:\/\/www.facebook.com\/notibras\/\",\"https:\/\/x.com\/Notibras\",\"https:\/\/www.instagram.com\/notibras\/\"]},{\"@type\":\"Person\",\"@id\":\"https:\/\/www.notibras.com\/site\/#\/schema\/person\/5b7fabf2aedc3ada2105f03b22b4d3dd\",\"name\":\"Eduardo Mart\u00ednez\",\"image\":{\"@type\":\"ImageObject\",\"inLanguage\":\"pt-BR\",\"@id\":\"https:\/\/secure.gravatar.com\/avatar\/7902f906289926289cbcda644b5197c796b893c6ffd7b9a536a42d290f7704a0?s=96&d=mm&r=g\",\"url\":\"https:\/\/secure.gravatar.com\/avatar\/7902f906289926289cbcda644b5197c796b893c6ffd7b9a536a42d290f7704a0?s=96&d=mm&r=g\",\"contentUrl\":\"https:\/\/secure.gravatar.com\/avatar\/7902f906289926289cbcda644b5197c796b893c6ffd7b9a536a42d290f7704a0?s=96&d=mm&r=g\",\"caption\":\"Eduardo Mart\u00ednez\"}}]}<\/script>\n<!-- \/ Yoast SEO plugin. -->","yoast_head_json":{"title":"Treinamento em emerg\u00eancia card\u00edaca fortalece atendimento na UTI - Notibras","robots":{"index":"index","follow":"follow","max-snippet":"max-snippet:-1","max-image-preview":"max-image-preview:large","max-video-preview":"max-video-preview:-1"},"canonical":"https:\/\/www.notibras.com\/site\/treinamento-em-emergencia-cardiaca-fortalece-atendimento-na-uti\/","og_locale":"pt_BR","og_type":"article","og_title":"Treinamento em emerg\u00eancia card\u00edaca fortalece atendimento na UTI - Notibras","og_description":"Os primeiros minutos de uma parada card\u00edaca s\u00e3o determinantes entre a vida e a morte. Pensando nisso, enfermeiros e fisioterapeutas da Unidade de Terapia Intensiva (UTI) do Hospital Regional de Santa Maria participaram, nesta quinta-feira (19), de um treinamento te\u00f3rico-pr\u00e1tico sobre Suporte Avan\u00e7ado de Vida em Cardiologia (ACLS). A capacita\u00e7\u00e3o, conduzida pelo intensivista do Instituto [&hellip;]","og_url":"https:\/\/www.notibras.com\/site\/treinamento-em-emergencia-cardiaca-fortalece-atendimento-na-uti\/","og_site_name":"Notibras","article_publisher":"https:\/\/www.facebook.com\/notibras\/","article_published_time":"2026-02-20T03:15:28+00:00","og_image":[{"width":1024,"height":683,"url":"https:\/\/www.notibras.com\/site\/wp-content\/uploads\/2026\/02\/fotos-para-materia-4-1024x683.png","type":"image\/png"}],"author":"Eduardo Mart\u00ednez","twitter_card":"summary_large_image","twitter_creator":"@Notibras","twitter_site":"@Notibras","twitter_misc":{"Escrito por":"Eduardo Mart\u00ednez","Est. tempo de leitura":"3 minutos"},"schema":{"@context":"https:\/\/schema.org","@graph":[{"@type":"Article","@id":"https:\/\/www.notibras.com\/site\/treinamento-em-emergencia-cardiaca-fortalece-atendimento-na-uti\/#article","isPartOf":{"@id":"https:\/\/www.notibras.com\/site\/treinamento-em-emergencia-cardiaca-fortalece-atendimento-na-uti\/"},"author":{"name":"Eduardo Mart\u00ednez","@id":"https:\/\/www.notibras.com\/site\/#\/schema\/person\/5b7fabf2aedc3ada2105f03b22b4d3dd"},"headline":"Treinamento em emerg\u00eancia card\u00edaca fortalece atendimento na UTI","datePublished":"2026-02-20T03:15:28+00:00","mainEntityOfPage":{"@id":"https:\/\/www.notibras.com\/site\/treinamento-em-emergencia-cardiaca-fortalece-atendimento-na-uti\/"},"wordCount":537,"publisher":{"@id":"https:\/\/www.notibras.com\/site\/#organization"},"image":{"@id":"https:\/\/www.notibras.com\/site\/treinamento-em-emergencia-cardiaca-fortalece-atendimento-na-uti\/#primaryimage"},"thumbnailUrl":"https:\/\/www.notibras.com\/site\/wp-content\/uploads\/2026\/02\/fotos-para-materia-4.png","articleSection":["Quadradinho em Foco"],"inLanguage":"pt-BR"},{"@type":"WebPage","@id":"https:\/\/www.notibras.com\/site\/treinamento-em-emergencia-cardiaca-fortalece-atendimento-na-uti\/","url":"https:\/\/www.notibras.com\/site\/treinamento-em-emergencia-cardiaca-fortalece-atendimento-na-uti\/","name":"Treinamento em emerg\u00eancia card\u00edaca fortalece atendimento na UTI - Notibras","isPartOf":{"@id":"https:\/\/www.notibras.com\/site\/#website"},"primaryImageOfPage":{"@id":"https:\/\/www.notibras.com\/site\/treinamento-em-emergencia-cardiaca-fortalece-atendimento-na-uti\/#primaryimage"},"image":{"@id":"https:\/\/www.notibras.com\/site\/treinamento-em-emergencia-cardiaca-fortalece-atendimento-na-uti\/#primaryimage"},"thumbnailUrl":"https:\/\/www.notibras.com\/site\/wp-content\/uploads\/2026\/02\/fotos-para-materia-4.png","datePublished":"2026-02-20T03:15:28+00:00","breadcrumb":{"@id":"https:\/\/www.notibras.com\/site\/treinamento-em-emergencia-cardiaca-fortalece-atendimento-na-uti\/#breadcrumb"},"inLanguage":"pt-BR","potentialAction":[{"@type":"ReadAction","target":["https:\/\/www.notibras.com\/site\/treinamento-em-emergencia-cardiaca-fortalece-atendimento-na-uti\/"]}]},{"@type":"ImageObject","inLanguage":"pt-BR","@id":"https:\/\/www.notibras.com\/site\/treinamento-em-emergencia-cardiaca-fortalece-atendimento-na-uti\/#primaryimage","url":"https:\/\/www.notibras.com\/site\/wp-content\/uploads\/2026\/02\/fotos-para-materia-4.png","contentUrl":"https:\/\/www.notibras.com\/site\/wp-content\/uploads\/2026\/02\/fotos-para-materia-4.png","width":2560,"height":1707},{"@type":"BreadcrumbList","@id":"https:\/\/www.notibras.com\/site\/treinamento-em-emergencia-cardiaca-fortalece-atendimento-na-uti\/#breadcrumb","itemListElement":[{"@type":"ListItem","position":1,"name":"In\u00edcio","item":"https:\/\/www.notibras.com\/site\/"},{"@type":"ListItem","position":2,"name":"Treinamento em emerg\u00eancia card\u00edaca fortalece atendimento na UTI"}]},{"@type":"WebSite","@id":"https:\/\/www.notibras.com\/site\/#website","url":"https:\/\/www.notibras.com\/site\/","name":"Notibras","description":"Not\u00edcias de Bras\u00edlia, do Brasil e do Mundo","publisher":{"@id":"https:\/\/www.notibras.com\/site\/#organization"},"potentialAction":[{"@type":"SearchAction","target":{"@type":"EntryPoint","urlTemplate":"https:\/\/www.notibras.com\/site\/?s={search_term_string}"},"query-input":{"@type":"PropertyValueSpecification","valueRequired":true,"valueName":"search_term_string"}}],"inLanguage":"pt-BR"},{"@type":"Organization","@id":"https:\/\/www.notibras.com\/site\/#organization","name":"Grupo Notibras de Comunica\u00e7\u00e3o","url":"https:\/\/www.notibras.com\/site\/","logo":{"@type":"ImageObject","inLanguage":"pt-BR","@id":"https:\/\/www.notibras.com\/site\/#\/schema\/logo\/image\/","url":"https:\/\/www.notibras.com\/site\/wp-content\/uploads\/2023\/01\/notibras23.png","contentUrl":"https:\/\/www.notibras.com\/site\/wp-content\/uploads\/2023\/01\/notibras23.png","width":350,"height":87,"caption":"Grupo Notibras de Comunica\u00e7\u00e3o"},"image":{"@id":"https:\/\/www.notibras.com\/site\/#\/schema\/logo\/image\/"},"sameAs":["https:\/\/www.facebook.com\/notibras\/","https:\/\/x.com\/Notibras","https:\/\/www.instagram.com\/notibras\/"]},{"@type":"Person","@id":"https:\/\/www.notibras.com\/site\/#\/schema\/person\/5b7fabf2aedc3ada2105f03b22b4d3dd","name":"Eduardo Mart\u00ednez","image":{"@type":"ImageObject","inLanguage":"pt-BR","@id":"https:\/\/secure.gravatar.com\/avatar\/7902f906289926289cbcda644b5197c796b893c6ffd7b9a536a42d290f7704a0?s=96&d=mm&r=g","url":"https:\/\/secure.gravatar.com\/avatar\/7902f906289926289cbcda644b5197c796b893c6ffd7b9a536a42d290f7704a0?s=96&d=mm&r=g","contentUrl":"https:\/\/secure.gravatar.com\/avatar\/7902f906289926289cbcda644b5197c796b893c6ffd7b9a536a42d290f7704a0?s=96&d=mm&r=g","caption":"Eduardo Mart\u00ednez"}}]}},"amp_enabled":true,"_links":{"self":[{"href":"https:\/\/www.notibras.com\/site\/wp-json\/wp\/v2\/posts\/383876","targetHints":{"allow":["GET"]}}],"collection":[{"href":"https:\/\/www.notibras.com\/site\/wp-json\/wp\/v2\/posts"}],"about":[{"href":"https:\/\/www.notibras.com\/site\/wp-json\/wp\/v2\/types\/post"}],"author":[{"embeddable":true,"href":"https:\/\/www.notibras.com\/site\/wp-json\/wp\/v2\/users\/21"}],"replies":[{"embeddable":true,"href":"https:\/\/www.notibras.com\/site\/wp-json\/wp\/v2\/comments?post=383876"}],"version-history":[{"count":3,"href":"https:\/\/www.notibras.com\/site\/wp-json\/wp\/v2\/posts\/383876\/revisions"}],"predecessor-version":[{"id":383880,"href":"https:\/\/www.notibras.com\/site\/wp-json\/wp\/v2\/posts\/383876\/revisions\/383880"}],"wp:featuredmedia":[{"embeddable":true,"href":"https:\/\/www.notibras.com\/site\/wp-json\/wp\/v2\/media\/383877"}],"wp:attachment":[{"href":"https:\/\/www.notibras.com\/site\/wp-json\/wp\/v2\/media?parent=383876"}],"wp:term":[{"taxonomy":"category","embeddable":true,"href":"https:\/\/www.notibras.com\/site\/wp-json\/wp\/v2\/categories?post=383876"},{"taxonomy":"post_tag","embeddable":true,"href":"https:\/\/www.notibras.com\/site\/wp-json\/wp\/v2\/tags?post=383876"}],"curies":[{"name":"wp","href":"https:\/\/api.w.org\/{rel}","templated":true}]}}