{"id":383882,"date":"2026-02-20T00:30:50","date_gmt":"2026-02-20T03:30:50","guid":{"rendered":"https:\/\/www.notibras.com\/site\/?p=383882"},"modified":"2026-02-19T23:12:06","modified_gmt":"2026-02-20T02:12:06","slug":"vacinacao-contra-dengue-para-profissionais-de-saude-da-linha-de-frente","status":"publish","type":"post","link":"https:\/\/www.notibras.com\/site\/vacinacao-contra-dengue-para-profissionais-de-saude-da-linha-de-frente\/","title":{"rendered":"Vacina\u00e7\u00e3o contra dengue para profissionais de sa\u00fade da linha de frente"},"content":{"rendered":"<p>A Secretaria de Sa\u00fade (SES-DF) iniciou, nesta quinta-feira (19), a vacina\u00e7\u00e3o contra a dengue para profissionais da \u00e1rea no Distrito Federal. No primeiro momento, a imuniza\u00e7\u00e3o contempla trabalhadores com maior exposi\u00e7\u00e3o \u00e0 doen\u00e7a, como \u00e9 o caso dos agentes de Vigil\u00e2ncia Ambiental (Avas), que atuam no combate aos focos do Aedes aegypti, e dos que atendem diretamente pacientes, caso das equipes de Consult\u00f3rio na Rua (eCR) e de Sa\u00fade da Fam\u00edlia (eSF).<\/p>\n<p>A enfermeira Larissa Andrade, da Unidade B\u00e1sica de Sa\u00fade (UBS) 1 do N\u00facleo Bandeirante, ressalta a diferen\u00e7a que a imuniza\u00e7\u00e3o pode fazer na assist\u00eancia: &#8220;Para mim, \u00e9 muito importante ficar protegida. Assim, evito ficar doente e posso cuidar melhor dos pacientes&#8221;, argumenta. &#8220;Essa vacina me d\u00e1 a seguran\u00e7a necess\u00e1ria para fazer os atendimentos&#8221;, acrescenta a t\u00e9cnica de enfermagem Rosiane Correa, da eCR da UBS.<\/p>\n<p><strong>Estrat\u00e9gia complementar<\/strong><\/p>\n<p>A <a href=\"https:\/\/www.saude.df.gov.br\/w\/dengue-criancas-e-adolescentes-de-10-a-14-anos-precisam-comparecer-a-unidades-de-saude-para-imunizacao\">vacina\u00e7\u00e3o contra a dengue continua aberta a todas as crian\u00e7as e adolescentes de 10 a 14 anos de idade<\/a>. Em paralelo, a chegada de novas doses produzidas pelo Instituto Butantan permitiu o in\u00edcio da nova estrat\u00e9gia, focada na prote\u00e7\u00e3o dos profissionais de sa\u00fade que atuam na linha de frente do combate \u00e0 doen\u00e7a.<\/p>\n<p>\u201cEssa \u00e9 uma medida estrat\u00e9gica de prote\u00e7\u00e3o coletiva, que contribui para reduzir afastamentos, garantir a continuidade dos servi\u00e7os e assegurar assist\u00eancia qualificada \u00e0 popula\u00e7\u00e3o do DF\u201d, explica o coordenador da Aten\u00e7\u00e3o Prim\u00e1ria da SES-DF, Afonso Abreu. Nesse sentido, as salas de vacina t\u00eam recebido doses suficientes para atender tanto seus servidores eleg\u00edveis quanto os Avas dos N\u00facleos de Vigil\u00e2ncia Ambiental pr\u00f3ximos.<\/p>\n<p>Tereza Luiza Pereira, gerente da Rede de Frio da SES-DF, endossa o papel de equipes de sa\u00fade mais protegidas para garantir a qualidade da rede p\u00fablica. \u201cAo vacinar quem est\u00e1 na linha de frente, zelamos tamb\u00e9m pelos usu\u00e1rios do sistema, pois ampliamos a capacidade de resposta dos servi\u00e7os de sa\u00fade\u201d, avalia.<\/p>\n","protected":false},"excerpt":{"rendered":"<p>A Secretaria de Sa\u00fade (SES-DF) iniciou, nesta quinta-feira (19), a vacina\u00e7\u00e3o contra a dengue para profissionais da \u00e1rea no Distrito Federal. No primeiro momento, a imuniza\u00e7\u00e3o contempla trabalhadores com maior exposi\u00e7\u00e3o \u00e0 doen\u00e7a, como \u00e9 o caso dos agentes de Vigil\u00e2ncia Ambiental (Avas), que atuam no combate aos focos do Aedes aegypti, e dos que [&hellip;]<\/p>\n","protected":false},"author":21,"featured_media":383884,"comment_status":"closed","ping_status":"closed","sticky":false,"template":"","format":"standard","meta":{"_acf_changed":false,"footnotes":""},"categories":[161],"tags":[],"class_list":["post-383882","post","type-post","status-publish","format-standard","has-post-thumbnail","hentry","category-quadradinho-em-foco"],"acf":[],"yoast_head":"<!-- This site is optimized with the Yoast SEO plugin v27.2 - https:\/\/yoast.com\/product\/yoast-seo-wordpress\/ -->\n<title>Vacina\u00e7\u00e3o contra dengue para profissionais de sa\u00fade da linha de frente - Notibras<\/title>\n<meta name=\"robots\" content=\"index, follow, max-snippet:-1, max-image-preview:large, max-video-preview:-1\" \/>\n<link rel=\"canonical\" href=\"https:\/\/www.notibras.com\/site\/vacinacao-contra-dengue-para-profissionais-de-saude-da-linha-de-frente\/\" \/>\n<meta property=\"og:locale\" content=\"pt_BR\" \/>\n<meta property=\"og:type\" content=\"article\" \/>\n<meta property=\"og:title\" content=\"Vacina\u00e7\u00e3o contra dengue para profissionais de sa\u00fade da linha de frente - Notibras\" \/>\n<meta property=\"og:description\" content=\"A Secretaria de Sa\u00fade (SES-DF) iniciou, nesta quinta-feira (19), a vacina\u00e7\u00e3o contra a dengue para profissionais da \u00e1rea no Distrito Federal. No primeiro momento, a imuniza\u00e7\u00e3o contempla trabalhadores com maior exposi\u00e7\u00e3o \u00e0 doen\u00e7a, como \u00e9 o caso dos agentes de Vigil\u00e2ncia Ambiental (Avas), que atuam no combate aos focos do Aedes aegypti, e dos que [&hellip;]\" \/>\n<meta property=\"og:url\" content=\"https:\/\/www.notibras.com\/site\/vacinacao-contra-dengue-para-profissionais-de-saude-da-linha-de-frente\/\" \/>\n<meta property=\"og:site_name\" content=\"Notibras\" \/>\n<meta property=\"article:publisher\" content=\"https:\/\/www.facebook.com\/notibras\/\" \/>\n<meta property=\"article:published_time\" content=\"2026-02-20T03:30:50+00:00\" \/>\n<meta property=\"og:image\" content=\"https:\/\/www.notibras.com\/site\/wp-content\/uploads\/2026\/02\/Larissa-Andrade-Vacinacao-Dengue-Foto-Sandro-Araujo-Agencia-Saude-DF-02-scaled.jpg\" \/>\n\t<meta property=\"og:image:width\" content=\"2560\" \/>\n\t<meta property=\"og:image:height\" content=\"1707\" \/>\n\t<meta property=\"og:image:type\" content=\"image\/jpeg\" \/>\n<meta name=\"author\" content=\"Eduardo Mart\u00ednez\" \/>\n<meta name=\"twitter:card\" content=\"summary_large_image\" \/>\n<meta name=\"twitter:creator\" content=\"@Notibras\" \/>\n<meta name=\"twitter:site\" content=\"@Notibras\" \/>\n<meta name=\"twitter:label1\" content=\"Escrito por\" \/>\n\t<meta name=\"twitter:data1\" content=\"Eduardo Mart\u00ednez\" \/>\n\t<meta name=\"twitter:label2\" content=\"Est. tempo de leitura\" \/>\n\t<meta name=\"twitter:data2\" content=\"2 minutos\" \/>\n<script type=\"application\/ld+json\" class=\"yoast-schema-graph\">{\"@context\":\"https:\/\/schema.org\",\"@graph\":[{\"@type\":\"Article\",\"@id\":\"https:\/\/www.notibras.com\/site\/vacinacao-contra-dengue-para-profissionais-de-saude-da-linha-de-frente\/#article\",\"isPartOf\":{\"@id\":\"https:\/\/www.notibras.com\/site\/vacinacao-contra-dengue-para-profissionais-de-saude-da-linha-de-frente\/\"},\"author\":{\"name\":\"Eduardo Mart\u00ednez\",\"@id\":\"https:\/\/www.notibras.com\/site\/#\/schema\/person\/5b7fabf2aedc3ada2105f03b22b4d3dd\"},\"headline\":\"Vacina\u00e7\u00e3o contra dengue para profissionais de sa\u00fade da linha de frente\",\"datePublished\":\"2026-02-20T03:30:50+00:00\",\"mainEntityOfPage\":{\"@id\":\"https:\/\/www.notibras.com\/site\/vacinacao-contra-dengue-para-profissionais-de-saude-da-linha-de-frente\/\"},\"wordCount\":351,\"publisher\":{\"@id\":\"https:\/\/www.notibras.com\/site\/#organization\"},\"image\":{\"@id\":\"https:\/\/www.notibras.com\/site\/vacinacao-contra-dengue-para-profissionais-de-saude-da-linha-de-frente\/#primaryimage\"},\"thumbnailUrl\":\"https:\/\/www.notibras.com\/site\/wp-content\/uploads\/2026\/02\/Larissa-Andrade-Vacinacao-Dengue-Foto-Sandro-Araujo-Agencia-Saude-DF-02-scaled.jpg\",\"articleSection\":[\"Quadradinho em Foco\"],\"inLanguage\":\"pt-BR\"},{\"@type\":\"WebPage\",\"@id\":\"https:\/\/www.notibras.com\/site\/vacinacao-contra-dengue-para-profissionais-de-saude-da-linha-de-frente\/\",\"url\":\"https:\/\/www.notibras.com\/site\/vacinacao-contra-dengue-para-profissionais-de-saude-da-linha-de-frente\/\",\"name\":\"Vacina\u00e7\u00e3o contra dengue para profissionais de sa\u00fade da linha de frente - Notibras\",\"isPartOf\":{\"@id\":\"https:\/\/www.notibras.com\/site\/#website\"},\"primaryImageOfPage\":{\"@id\":\"https:\/\/www.notibras.com\/site\/vacinacao-contra-dengue-para-profissionais-de-saude-da-linha-de-frente\/#primaryimage\"},\"image\":{\"@id\":\"https:\/\/www.notibras.com\/site\/vacinacao-contra-dengue-para-profissionais-de-saude-da-linha-de-frente\/#primaryimage\"},\"thumbnailUrl\":\"https:\/\/www.notibras.com\/site\/wp-content\/uploads\/2026\/02\/Larissa-Andrade-Vacinacao-Dengue-Foto-Sandro-Araujo-Agencia-Saude-DF-02-scaled.jpg\",\"datePublished\":\"2026-02-20T03:30:50+00:00\",\"breadcrumb\":{\"@id\":\"https:\/\/www.notibras.com\/site\/vacinacao-contra-dengue-para-profissionais-de-saude-da-linha-de-frente\/#breadcrumb\"},\"inLanguage\":\"pt-BR\",\"potentialAction\":[{\"@type\":\"ReadAction\",\"target\":[\"https:\/\/www.notibras.com\/site\/vacinacao-contra-dengue-para-profissionais-de-saude-da-linha-de-frente\/\"]}]},{\"@type\":\"ImageObject\",\"inLanguage\":\"pt-BR\",\"@id\":\"https:\/\/www.notibras.com\/site\/vacinacao-contra-dengue-para-profissionais-de-saude-da-linha-de-frente\/#primaryimage\",\"url\":\"https:\/\/www.notibras.com\/site\/wp-content\/uploads\/2026\/02\/Larissa-Andrade-Vacinacao-Dengue-Foto-Sandro-Araujo-Agencia-Saude-DF-02-scaled.jpg\",\"contentUrl\":\"https:\/\/www.notibras.com\/site\/wp-content\/uploads\/2026\/02\/Larissa-Andrade-Vacinacao-Dengue-Foto-Sandro-Araujo-Agencia-Saude-DF-02-scaled.jpg\",\"width\":2560,\"height\":1707},{\"@type\":\"BreadcrumbList\",\"@id\":\"https:\/\/www.notibras.com\/site\/vacinacao-contra-dengue-para-profissionais-de-saude-da-linha-de-frente\/#breadcrumb\",\"itemListElement\":[{\"@type\":\"ListItem\",\"position\":1,\"name\":\"In\u00edcio\",\"item\":\"https:\/\/www.notibras.com\/site\/\"},{\"@type\":\"ListItem\",\"position\":2,\"name\":\"Vacina\u00e7\u00e3o contra dengue para profissionais de sa\u00fade da linha de frente\"}]},{\"@type\":\"WebSite\",\"@id\":\"https:\/\/www.notibras.com\/site\/#website\",\"url\":\"https:\/\/www.notibras.com\/site\/\",\"name\":\"Notibras\",\"description\":\"Not\u00edcias de Bras\u00edlia, do Brasil e do Mundo\",\"publisher\":{\"@id\":\"https:\/\/www.notibras.com\/site\/#organization\"},\"potentialAction\":[{\"@type\":\"SearchAction\",\"target\":{\"@type\":\"EntryPoint\",\"urlTemplate\":\"https:\/\/www.notibras.com\/site\/?s={search_term_string}\"},\"query-input\":{\"@type\":\"PropertyValueSpecification\",\"valueRequired\":true,\"valueName\":\"search_term_string\"}}],\"inLanguage\":\"pt-BR\"},{\"@type\":\"Organization\",\"@id\":\"https:\/\/www.notibras.com\/site\/#organization\",\"name\":\"Grupo Notibras de Comunica\u00e7\u00e3o\",\"url\":\"https:\/\/www.notibras.com\/site\/\",\"logo\":{\"@type\":\"ImageObject\",\"inLanguage\":\"pt-BR\",\"@id\":\"https:\/\/www.notibras.com\/site\/#\/schema\/logo\/image\/\",\"url\":\"https:\/\/www.notibras.com\/site\/wp-content\/uploads\/2023\/01\/notibras23.png\",\"contentUrl\":\"https:\/\/www.notibras.com\/site\/wp-content\/uploads\/2023\/01\/notibras23.png\",\"width\":350,\"height\":87,\"caption\":\"Grupo Notibras de Comunica\u00e7\u00e3o\"},\"image\":{\"@id\":\"https:\/\/www.notibras.com\/site\/#\/schema\/logo\/image\/\"},\"sameAs\":[\"https:\/\/www.facebook.com\/notibras\/\",\"https:\/\/x.com\/Notibras\",\"https:\/\/www.instagram.com\/notibras\/\"]},{\"@type\":\"Person\",\"@id\":\"https:\/\/www.notibras.com\/site\/#\/schema\/person\/5b7fabf2aedc3ada2105f03b22b4d3dd\",\"name\":\"Eduardo Mart\u00ednez\",\"image\":{\"@type\":\"ImageObject\",\"inLanguage\":\"pt-BR\",\"@id\":\"https:\/\/secure.gravatar.com\/avatar\/7902f906289926289cbcda644b5197c796b893c6ffd7b9a536a42d290f7704a0?s=96&d=mm&r=g\",\"url\":\"https:\/\/secure.gravatar.com\/avatar\/7902f906289926289cbcda644b5197c796b893c6ffd7b9a536a42d290f7704a0?s=96&d=mm&r=g\",\"contentUrl\":\"https:\/\/secure.gravatar.com\/avatar\/7902f906289926289cbcda644b5197c796b893c6ffd7b9a536a42d290f7704a0?s=96&d=mm&r=g\",\"caption\":\"Eduardo Mart\u00ednez\"}}]}<\/script>\n<!-- \/ Yoast SEO plugin. -->","yoast_head_json":{"title":"Vacina\u00e7\u00e3o contra dengue para profissionais de sa\u00fade da linha de frente - Notibras","robots":{"index":"index","follow":"follow","max-snippet":"max-snippet:-1","max-image-preview":"max-image-preview:large","max-video-preview":"max-video-preview:-1"},"canonical":"https:\/\/www.notibras.com\/site\/vacinacao-contra-dengue-para-profissionais-de-saude-da-linha-de-frente\/","og_locale":"pt_BR","og_type":"article","og_title":"Vacina\u00e7\u00e3o contra dengue para profissionais de sa\u00fade da linha de frente - Notibras","og_description":"A Secretaria de Sa\u00fade (SES-DF) iniciou, nesta quinta-feira (19), a vacina\u00e7\u00e3o contra a dengue para profissionais da \u00e1rea no Distrito Federal. No primeiro momento, a imuniza\u00e7\u00e3o contempla trabalhadores com maior exposi\u00e7\u00e3o \u00e0 doen\u00e7a, como \u00e9 o caso dos agentes de Vigil\u00e2ncia Ambiental (Avas), que atuam no combate aos focos do Aedes aegypti, e dos que [&hellip;]","og_url":"https:\/\/www.notibras.com\/site\/vacinacao-contra-dengue-para-profissionais-de-saude-da-linha-de-frente\/","og_site_name":"Notibras","article_publisher":"https:\/\/www.facebook.com\/notibras\/","article_published_time":"2026-02-20T03:30:50+00:00","og_image":[{"width":2560,"height":1707,"url":"https:\/\/www.notibras.com\/site\/wp-content\/uploads\/2026\/02\/Larissa-Andrade-Vacinacao-Dengue-Foto-Sandro-Araujo-Agencia-Saude-DF-02-scaled.jpg","type":"image\/jpeg"}],"author":"Eduardo Mart\u00ednez","twitter_card":"summary_large_image","twitter_creator":"@Notibras","twitter_site":"@Notibras","twitter_misc":{"Escrito por":"Eduardo Mart\u00ednez","Est. tempo de leitura":"2 minutos"},"schema":{"@context":"https:\/\/schema.org","@graph":[{"@type":"Article","@id":"https:\/\/www.notibras.com\/site\/vacinacao-contra-dengue-para-profissionais-de-saude-da-linha-de-frente\/#article","isPartOf":{"@id":"https:\/\/www.notibras.com\/site\/vacinacao-contra-dengue-para-profissionais-de-saude-da-linha-de-frente\/"},"author":{"name":"Eduardo Mart\u00ednez","@id":"https:\/\/www.notibras.com\/site\/#\/schema\/person\/5b7fabf2aedc3ada2105f03b22b4d3dd"},"headline":"Vacina\u00e7\u00e3o contra dengue para profissionais de sa\u00fade da linha de frente","datePublished":"2026-02-20T03:30:50+00:00","mainEntityOfPage":{"@id":"https:\/\/www.notibras.com\/site\/vacinacao-contra-dengue-para-profissionais-de-saude-da-linha-de-frente\/"},"wordCount":351,"publisher":{"@id":"https:\/\/www.notibras.com\/site\/#organization"},"image":{"@id":"https:\/\/www.notibras.com\/site\/vacinacao-contra-dengue-para-profissionais-de-saude-da-linha-de-frente\/#primaryimage"},"thumbnailUrl":"https:\/\/www.notibras.com\/site\/wp-content\/uploads\/2026\/02\/Larissa-Andrade-Vacinacao-Dengue-Foto-Sandro-Araujo-Agencia-Saude-DF-02-scaled.jpg","articleSection":["Quadradinho em Foco"],"inLanguage":"pt-BR"},{"@type":"WebPage","@id":"https:\/\/www.notibras.com\/site\/vacinacao-contra-dengue-para-profissionais-de-saude-da-linha-de-frente\/","url":"https:\/\/www.notibras.com\/site\/vacinacao-contra-dengue-para-profissionais-de-saude-da-linha-de-frente\/","name":"Vacina\u00e7\u00e3o contra dengue para profissionais de sa\u00fade da linha de frente - Notibras","isPartOf":{"@id":"https:\/\/www.notibras.com\/site\/#website"},"primaryImageOfPage":{"@id":"https:\/\/www.notibras.com\/site\/vacinacao-contra-dengue-para-profissionais-de-saude-da-linha-de-frente\/#primaryimage"},"image":{"@id":"https:\/\/www.notibras.com\/site\/vacinacao-contra-dengue-para-profissionais-de-saude-da-linha-de-frente\/#primaryimage"},"thumbnailUrl":"https:\/\/www.notibras.com\/site\/wp-content\/uploads\/2026\/02\/Larissa-Andrade-Vacinacao-Dengue-Foto-Sandro-Araujo-Agencia-Saude-DF-02-scaled.jpg","datePublished":"2026-02-20T03:30:50+00:00","breadcrumb":{"@id":"https:\/\/www.notibras.com\/site\/vacinacao-contra-dengue-para-profissionais-de-saude-da-linha-de-frente\/#breadcrumb"},"inLanguage":"pt-BR","potentialAction":[{"@type":"ReadAction","target":["https:\/\/www.notibras.com\/site\/vacinacao-contra-dengue-para-profissionais-de-saude-da-linha-de-frente\/"]}]},{"@type":"ImageObject","inLanguage":"pt-BR","@id":"https:\/\/www.notibras.com\/site\/vacinacao-contra-dengue-para-profissionais-de-saude-da-linha-de-frente\/#primaryimage","url":"https:\/\/www.notibras.com\/site\/wp-content\/uploads\/2026\/02\/Larissa-Andrade-Vacinacao-Dengue-Foto-Sandro-Araujo-Agencia-Saude-DF-02-scaled.jpg","contentUrl":"https:\/\/www.notibras.com\/site\/wp-content\/uploads\/2026\/02\/Larissa-Andrade-Vacinacao-Dengue-Foto-Sandro-Araujo-Agencia-Saude-DF-02-scaled.jpg","width":2560,"height":1707},{"@type":"BreadcrumbList","@id":"https:\/\/www.notibras.com\/site\/vacinacao-contra-dengue-para-profissionais-de-saude-da-linha-de-frente\/#breadcrumb","itemListElement":[{"@type":"ListItem","position":1,"name":"In\u00edcio","item":"https:\/\/www.notibras.com\/site\/"},{"@type":"ListItem","position":2,"name":"Vacina\u00e7\u00e3o contra dengue para profissionais de sa\u00fade da linha de frente"}]},{"@type":"WebSite","@id":"https:\/\/www.notibras.com\/site\/#website","url":"https:\/\/www.notibras.com\/site\/","name":"Notibras","description":"Not\u00edcias de Bras\u00edlia, do Brasil e do Mundo","publisher":{"@id":"https:\/\/www.notibras.com\/site\/#organization"},"potentialAction":[{"@type":"SearchAction","target":{"@type":"EntryPoint","urlTemplate":"https:\/\/www.notibras.com\/site\/?s={search_term_string}"},"query-input":{"@type":"PropertyValueSpecification","valueRequired":true,"valueName":"search_term_string"}}],"inLanguage":"pt-BR"},{"@type":"Organization","@id":"https:\/\/www.notibras.com\/site\/#organization","name":"Grupo Notibras de Comunica\u00e7\u00e3o","url":"https:\/\/www.notibras.com\/site\/","logo":{"@type":"ImageObject","inLanguage":"pt-BR","@id":"https:\/\/www.notibras.com\/site\/#\/schema\/logo\/image\/","url":"https:\/\/www.notibras.com\/site\/wp-content\/uploads\/2023\/01\/notibras23.png","contentUrl":"https:\/\/www.notibras.com\/site\/wp-content\/uploads\/2023\/01\/notibras23.png","width":350,"height":87,"caption":"Grupo Notibras de Comunica\u00e7\u00e3o"},"image":{"@id":"https:\/\/www.notibras.com\/site\/#\/schema\/logo\/image\/"},"sameAs":["https:\/\/www.facebook.com\/notibras\/","https:\/\/x.com\/Notibras","https:\/\/www.instagram.com\/notibras\/"]},{"@type":"Person","@id":"https:\/\/www.notibras.com\/site\/#\/schema\/person\/5b7fabf2aedc3ada2105f03b22b4d3dd","name":"Eduardo Mart\u00ednez","image":{"@type":"ImageObject","inLanguage":"pt-BR","@id":"https:\/\/secure.gravatar.com\/avatar\/7902f906289926289cbcda644b5197c796b893c6ffd7b9a536a42d290f7704a0?s=96&d=mm&r=g","url":"https:\/\/secure.gravatar.com\/avatar\/7902f906289926289cbcda644b5197c796b893c6ffd7b9a536a42d290f7704a0?s=96&d=mm&r=g","contentUrl":"https:\/\/secure.gravatar.com\/avatar\/7902f906289926289cbcda644b5197c796b893c6ffd7b9a536a42d290f7704a0?s=96&d=mm&r=g","caption":"Eduardo Mart\u00ednez"}}]}},"amp_enabled":true,"_links":{"self":[{"href":"https:\/\/www.notibras.com\/site\/wp-json\/wp\/v2\/posts\/383882","targetHints":{"allow":["GET"]}}],"collection":[{"href":"https:\/\/www.notibras.com\/site\/wp-json\/wp\/v2\/posts"}],"about":[{"href":"https:\/\/www.notibras.com\/site\/wp-json\/wp\/v2\/types\/post"}],"author":[{"embeddable":true,"href":"https:\/\/www.notibras.com\/site\/wp-json\/wp\/v2\/users\/21"}],"replies":[{"embeddable":true,"href":"https:\/\/www.notibras.com\/site\/wp-json\/wp\/v2\/comments?post=383882"}],"version-history":[{"count":3,"href":"https:\/\/www.notibras.com\/site\/wp-json\/wp\/v2\/posts\/383882\/revisions"}],"predecessor-version":[{"id":383886,"href":"https:\/\/www.notibras.com\/site\/wp-json\/wp\/v2\/posts\/383882\/revisions\/383886"}],"wp:featuredmedia":[{"embeddable":true,"href":"https:\/\/www.notibras.com\/site\/wp-json\/wp\/v2\/media\/383884"}],"wp:attachment":[{"href":"https:\/\/www.notibras.com\/site\/wp-json\/wp\/v2\/media?parent=383882"}],"wp:term":[{"taxonomy":"category","embeddable":true,"href":"https:\/\/www.notibras.com\/site\/wp-json\/wp\/v2\/categories?post=383882"},{"taxonomy":"post_tag","embeddable":true,"href":"https:\/\/www.notibras.com\/site\/wp-json\/wp\/v2\/tags?post=383882"}],"curies":[{"name":"wp","href":"https:\/\/api.w.org\/{rel}","templated":true}]}}