{"id":383892,"date":"2026-02-20T01:00:47","date_gmt":"2026-02-20T04:00:47","guid":{"rendered":"https:\/\/www.notibras.com\/site\/?p=383892"},"modified":"2026-02-19T23:25:46","modified_gmt":"2026-02-20T02:25:46","slug":"centro-cirurgico-inicia-adorno-zero-para-reduzir-risco-de-infeccoes","status":"publish","type":"post","link":"https:\/\/www.notibras.com\/site\/centro-cirurgico-inicia-adorno-zero-para-reduzir-risco-de-infeccoes\/","title":{"rendered":"Centro cir\u00fargico inicia Adorno Zero para reduzir risco de infec\u00e7\u00f5es"},"content":{"rendered":"<p>O Centro Cir\u00fargico do Hospital de Base do Distrito Federal (HBDF), unidade administrada pelo Instituto de Gest\u00e3o Estrat\u00e9gica de Sa\u00fade do Distrito Federal (IgesDF), iniciou uma campanha de conscientiza\u00e7\u00e3o para refor\u00e7ar a pol\u00edtica do chamado \u201cadorno zero\u201d, que pro\u00edbe o uso de acess\u00f3rios durante o trabalho. A regra, j\u00e1 vigente na unidade, tem um objetivo direto: reduzir o risco de infec\u00e7\u00f5es e fortalecer a seguran\u00e7a do paciente.<\/p>\n<p>\u201cO adorno zero n\u00e3o \u00e9 uma novidade. J\u00e1 \u00e9 uma regra do hospital. A campanha vem justamente para refor\u00e7ar essa cultura e garantir que ela esteja cada vez mais consolidada entre as equipes\u201d, explica o gerente de Servi\u00e7os Cir\u00fargicos do HBDF, Danillo Almeida.<\/p>\n<p>A medida chama aten\u00e7\u00e3o para um cuidado importante dentro do ambiente hospitalar. Adornos podem transportar germes, v\u00edrus e bact\u00e9rias de ambientes externos para dentro do hospital e aumentar o risco de contamina\u00e7\u00e3o, especialmente em locais onde h\u00e1 pacientes vulner\u00e1veis, como aqueles internados, em recupera\u00e7\u00e3o ou submetidos a procedimentos cir\u00fargicos.<\/p>\n<p>Mesmo com a lavagem adequada das m\u00e3os, o uso desses itens dificulta a limpeza completa e pode contribuir para infec\u00e7\u00f5es adquiridas durante o atendimento hospitalar. Al\u00e9m disso, o risco n\u00e3o se limita ao paciente: esses micro-organismos tamb\u00e9m podem ser levados para fora da unidade, alcan\u00e7ando o conv\u00edvio familiar dos colaboradores.<\/p>\n<p style=\"text-align: center;\"><img loading=\"lazy\" decoding=\"async\" class=\"alignnone wp-image-383895\" src=\"https:\/\/www.notibras.com\/site\/wp-content\/uploads\/2026\/02\/cartaz-mail-mkt-adorno-zero-2-v3-212x300.jpg\" alt=\"\" width=\"398\" height=\"563\" srcset=\"https:\/\/www.notibras.com\/site\/wp-content\/uploads\/2026\/02\/cartaz-mail-mkt-adorno-zero-2-v3-212x300.jpg 212w, https:\/\/www.notibras.com\/site\/wp-content\/uploads\/2026\/02\/cartaz-mail-mkt-adorno-zero-2-v3.jpg 595w\" sizes=\"auto, (max-width: 398px) 100vw, 398px\" \/><\/p>\n<p>Outro ponto destacado \u00e9 o risco de acidentes, j\u00e1 que adornos podem se enroscar em equipamentos m\u00e9dicos ou em objetos utilizados durante procedimentos.<\/p>\n<p>Segundo Danillo Almeida, o momento \u00e9 estrat\u00e9gico, especialmente com a chegada de novos profissionais \u00e0 unidade. \u201cSomos um hospital-escola e, em breve, receberemos novos residentes. A ideia \u00e9 que eles j\u00e1 entrem no centro cir\u00fargico com essa consci\u00eancia, entendendo que seguran\u00e7a do paciente come\u00e7a nos detalhes\u201d, destaca.<\/p>\n<p><strong>O que \u00e9 considerado adorno?<\/strong><\/p>\n<p>De acordo com a pol\u00edtica institucional, \u00e9 considerado adorno qualquer acess\u00f3rio utilizado como enfeite, mesmo que tenha fun\u00e7\u00e3o pr\u00e1tica, como an\u00e9is e alian\u00e7as, pulseiras e rel\u00f3gios, colares e correntes, brincos e broches, piercings expostos, gravatas e itens semelhantes. A \u00fanica exce\u00e7\u00e3o \u00e9 o uso de \u00f3culos de grau, por serem essenciais para a vis\u00e3o do profissional. Ainda assim, eles devem ser higienizados regularmente e n\u00e3o podem ser utilizados com cord\u00f5es ou correntes.<\/p>\n<p>A campanha tamb\u00e9m refor\u00e7a que o uso correto da m\u00e1scara \u00e9 obrigat\u00f3rio, sendo o \u00fanico item permitido no rosto, desde que cubra adequadamente nariz, boca e queixo. O cumprimento das orienta\u00e7\u00f5es faz parte da responsabilidade profissional e das boas pr\u00e1ticas assistenciais. Mais informa\u00e7\u00f5es est\u00e3o dispon\u00edveis na Pol\u00edtica de Adorno Zero, documento interno do Hospital de Base.<\/p>\n<p>Para o diretor de Aten\u00e7\u00e3o \u00e0 Sa\u00fade do IgesDF (Diase), Edson Gon\u00e7alves, a iniciativa refor\u00e7a um padr\u00e3o essencial de qualidade e seguran\u00e7a que deve ser seguido em toda a rede administrada pelo Instituto. Segundo ele, a campanha, iniciada no Hospital de Base, ser\u00e1 ampliada para as demais unidades, fortalecendo as boas pr\u00e1ticas assistenciais no dia a dia dos servi\u00e7os.<\/p>\n<p>\u201cA seguran\u00e7a do paciente \u00e9 um compromisso institucional e precisa estar presente em cada etapa do cuidado, desde as atitudes mais simples da rotina. A campanha Adorno Zero refor\u00e7a exatamente isso: padroniza\u00e7\u00e3o, preven\u00e7\u00e3o e responsabilidade. Por isso, nossa meta \u00e9 estender essa conscientiza\u00e7\u00e3o para todas as unidades do IgesDF, garantindo que a orienta\u00e7\u00e3o seja seguida de forma uniforme por todas as equipes\u201d, afirma.<\/p>\n","protected":false},"excerpt":{"rendered":"<p>O Centro Cir\u00fargico do Hospital de Base do Distrito Federal (HBDF), unidade administrada pelo Instituto de Gest\u00e3o Estrat\u00e9gica de Sa\u00fade do Distrito Federal (IgesDF), iniciou uma campanha de conscientiza\u00e7\u00e3o para refor\u00e7ar a pol\u00edtica do chamado \u201cadorno zero\u201d, que pro\u00edbe o uso de acess\u00f3rios durante o trabalho. A regra, j\u00e1 vigente na unidade, tem um objetivo [&hellip;]<\/p>\n","protected":false},"author":21,"featured_media":383894,"comment_status":"closed","ping_status":"closed","sticky":false,"template":"","format":"standard","meta":{"_acf_changed":false,"footnotes":""},"categories":[161],"tags":[],"class_list":["post-383892","post","type-post","status-publish","format-standard","has-post-thumbnail","hentry","category-quadradinho-em-foco"],"acf":[],"yoast_head":"<!-- This site is optimized with the Yoast SEO plugin v27.2 - https:\/\/yoast.com\/product\/yoast-seo-wordpress\/ -->\n<title>Centro cir\u00fargico inicia Adorno Zero para reduzir risco de infec\u00e7\u00f5es - Notibras<\/title>\n<meta name=\"robots\" content=\"index, follow, max-snippet:-1, max-image-preview:large, max-video-preview:-1\" \/>\n<link rel=\"canonical\" href=\"https:\/\/www.notibras.com\/site\/centro-cirurgico-inicia-adorno-zero-para-reduzir-risco-de-infeccoes\/\" \/>\n<meta property=\"og:locale\" content=\"pt_BR\" \/>\n<meta property=\"og:type\" content=\"article\" \/>\n<meta property=\"og:title\" content=\"Centro cir\u00fargico inicia Adorno Zero para reduzir risco de infec\u00e7\u00f5es - Notibras\" \/>\n<meta property=\"og:description\" content=\"O Centro Cir\u00fargico do Hospital de Base do Distrito Federal (HBDF), unidade administrada pelo Instituto de Gest\u00e3o Estrat\u00e9gica de Sa\u00fade do Distrito Federal (IgesDF), iniciou uma campanha de conscientiza\u00e7\u00e3o para refor\u00e7ar a pol\u00edtica do chamado \u201cadorno zero\u201d, que pro\u00edbe o uso de acess\u00f3rios durante o trabalho. A regra, j\u00e1 vigente na unidade, tem um objetivo [&hellip;]\" \/>\n<meta property=\"og:url\" content=\"https:\/\/www.notibras.com\/site\/centro-cirurgico-inicia-adorno-zero-para-reduzir-risco-de-infeccoes\/\" \/>\n<meta property=\"og:site_name\" content=\"Notibras\" \/>\n<meta property=\"article:publisher\" content=\"https:\/\/www.facebook.com\/notibras\/\" \/>\n<meta property=\"article:published_time\" content=\"2026-02-20T04:00:47+00:00\" \/>\n<meta property=\"og:image\" content=\"https:\/\/www.notibras.com\/site\/wp-content\/uploads\/2026\/02\/26102484981_315cdb1c97_k.jpg\" \/>\n\t<meta property=\"og:image:width\" content=\"2047\" \/>\n\t<meta property=\"og:image:height\" content=\"1360\" \/>\n\t<meta property=\"og:image:type\" content=\"image\/jpeg\" \/>\n<meta name=\"author\" content=\"Eduardo Mart\u00ednez\" \/>\n<meta name=\"twitter:card\" content=\"summary_large_image\" \/>\n<meta name=\"twitter:creator\" content=\"@Notibras\" \/>\n<meta name=\"twitter:site\" content=\"@Notibras\" \/>\n<meta name=\"twitter:label1\" content=\"Escrito por\" \/>\n\t<meta name=\"twitter:data1\" content=\"Eduardo Mart\u00ednez\" \/>\n\t<meta name=\"twitter:label2\" content=\"Est. tempo de leitura\" \/>\n\t<meta name=\"twitter:data2\" content=\"4 minutos\" \/>\n<script type=\"application\/ld+json\" class=\"yoast-schema-graph\">{\"@context\":\"https:\/\/schema.org\",\"@graph\":[{\"@type\":\"Article\",\"@id\":\"https:\/\/www.notibras.com\/site\/centro-cirurgico-inicia-adorno-zero-para-reduzir-risco-de-infeccoes\/#article\",\"isPartOf\":{\"@id\":\"https:\/\/www.notibras.com\/site\/centro-cirurgico-inicia-adorno-zero-para-reduzir-risco-de-infeccoes\/\"},\"author\":{\"name\":\"Eduardo Mart\u00ednez\",\"@id\":\"https:\/\/www.notibras.com\/site\/#\/schema\/person\/5b7fabf2aedc3ada2105f03b22b4d3dd\"},\"headline\":\"Centro cir\u00fargico inicia Adorno Zero para reduzir risco de infec\u00e7\u00f5es\",\"datePublished\":\"2026-02-20T04:00:47+00:00\",\"mainEntityOfPage\":{\"@id\":\"https:\/\/www.notibras.com\/site\/centro-cirurgico-inicia-adorno-zero-para-reduzir-risco-de-infeccoes\/\"},\"wordCount\":603,\"publisher\":{\"@id\":\"https:\/\/www.notibras.com\/site\/#organization\"},\"image\":{\"@id\":\"https:\/\/www.notibras.com\/site\/centro-cirurgico-inicia-adorno-zero-para-reduzir-risco-de-infeccoes\/#primaryimage\"},\"thumbnailUrl\":\"https:\/\/www.notibras.com\/site\/wp-content\/uploads\/2026\/02\/26102484981_315cdb1c97_k.jpg\",\"articleSection\":[\"Quadradinho em Foco\"],\"inLanguage\":\"pt-BR\"},{\"@type\":\"WebPage\",\"@id\":\"https:\/\/www.notibras.com\/site\/centro-cirurgico-inicia-adorno-zero-para-reduzir-risco-de-infeccoes\/\",\"url\":\"https:\/\/www.notibras.com\/site\/centro-cirurgico-inicia-adorno-zero-para-reduzir-risco-de-infeccoes\/\",\"name\":\"Centro cir\u00fargico inicia Adorno Zero para reduzir risco de infec\u00e7\u00f5es - Notibras\",\"isPartOf\":{\"@id\":\"https:\/\/www.notibras.com\/site\/#website\"},\"primaryImageOfPage\":{\"@id\":\"https:\/\/www.notibras.com\/site\/centro-cirurgico-inicia-adorno-zero-para-reduzir-risco-de-infeccoes\/#primaryimage\"},\"image\":{\"@id\":\"https:\/\/www.notibras.com\/site\/centro-cirurgico-inicia-adorno-zero-para-reduzir-risco-de-infeccoes\/#primaryimage\"},\"thumbnailUrl\":\"https:\/\/www.notibras.com\/site\/wp-content\/uploads\/2026\/02\/26102484981_315cdb1c97_k.jpg\",\"datePublished\":\"2026-02-20T04:00:47+00:00\",\"breadcrumb\":{\"@id\":\"https:\/\/www.notibras.com\/site\/centro-cirurgico-inicia-adorno-zero-para-reduzir-risco-de-infeccoes\/#breadcrumb\"},\"inLanguage\":\"pt-BR\",\"potentialAction\":[{\"@type\":\"ReadAction\",\"target\":[\"https:\/\/www.notibras.com\/site\/centro-cirurgico-inicia-adorno-zero-para-reduzir-risco-de-infeccoes\/\"]}]},{\"@type\":\"ImageObject\",\"inLanguage\":\"pt-BR\",\"@id\":\"https:\/\/www.notibras.com\/site\/centro-cirurgico-inicia-adorno-zero-para-reduzir-risco-de-infeccoes\/#primaryimage\",\"url\":\"https:\/\/www.notibras.com\/site\/wp-content\/uploads\/2026\/02\/26102484981_315cdb1c97_k.jpg\",\"contentUrl\":\"https:\/\/www.notibras.com\/site\/wp-content\/uploads\/2026\/02\/26102484981_315cdb1c97_k.jpg\",\"width\":2047,\"height\":1360},{\"@type\":\"BreadcrumbList\",\"@id\":\"https:\/\/www.notibras.com\/site\/centro-cirurgico-inicia-adorno-zero-para-reduzir-risco-de-infeccoes\/#breadcrumb\",\"itemListElement\":[{\"@type\":\"ListItem\",\"position\":1,\"name\":\"In\u00edcio\",\"item\":\"https:\/\/www.notibras.com\/site\/\"},{\"@type\":\"ListItem\",\"position\":2,\"name\":\"Centro cir\u00fargico inicia Adorno Zero para reduzir risco de infec\u00e7\u00f5es\"}]},{\"@type\":\"WebSite\",\"@id\":\"https:\/\/www.notibras.com\/site\/#website\",\"url\":\"https:\/\/www.notibras.com\/site\/\",\"name\":\"Notibras\",\"description\":\"Not\u00edcias de Bras\u00edlia, do Brasil e do Mundo\",\"publisher\":{\"@id\":\"https:\/\/www.notibras.com\/site\/#organization\"},\"potentialAction\":[{\"@type\":\"SearchAction\",\"target\":{\"@type\":\"EntryPoint\",\"urlTemplate\":\"https:\/\/www.notibras.com\/site\/?s={search_term_string}\"},\"query-input\":{\"@type\":\"PropertyValueSpecification\",\"valueRequired\":true,\"valueName\":\"search_term_string\"}}],\"inLanguage\":\"pt-BR\"},{\"@type\":\"Organization\",\"@id\":\"https:\/\/www.notibras.com\/site\/#organization\",\"name\":\"Grupo Notibras de Comunica\u00e7\u00e3o\",\"url\":\"https:\/\/www.notibras.com\/site\/\",\"logo\":{\"@type\":\"ImageObject\",\"inLanguage\":\"pt-BR\",\"@id\":\"https:\/\/www.notibras.com\/site\/#\/schema\/logo\/image\/\",\"url\":\"https:\/\/www.notibras.com\/site\/wp-content\/uploads\/2023\/01\/notibras23.png\",\"contentUrl\":\"https:\/\/www.notibras.com\/site\/wp-content\/uploads\/2023\/01\/notibras23.png\",\"width\":350,\"height\":87,\"caption\":\"Grupo Notibras de Comunica\u00e7\u00e3o\"},\"image\":{\"@id\":\"https:\/\/www.notibras.com\/site\/#\/schema\/logo\/image\/\"},\"sameAs\":[\"https:\/\/www.facebook.com\/notibras\/\",\"https:\/\/x.com\/Notibras\",\"https:\/\/www.instagram.com\/notibras\/\"]},{\"@type\":\"Person\",\"@id\":\"https:\/\/www.notibras.com\/site\/#\/schema\/person\/5b7fabf2aedc3ada2105f03b22b4d3dd\",\"name\":\"Eduardo Mart\u00ednez\",\"image\":{\"@type\":\"ImageObject\",\"inLanguage\":\"pt-BR\",\"@id\":\"https:\/\/secure.gravatar.com\/avatar\/7902f906289926289cbcda644b5197c796b893c6ffd7b9a536a42d290f7704a0?s=96&d=mm&r=g\",\"url\":\"https:\/\/secure.gravatar.com\/avatar\/7902f906289926289cbcda644b5197c796b893c6ffd7b9a536a42d290f7704a0?s=96&d=mm&r=g\",\"contentUrl\":\"https:\/\/secure.gravatar.com\/avatar\/7902f906289926289cbcda644b5197c796b893c6ffd7b9a536a42d290f7704a0?s=96&d=mm&r=g\",\"caption\":\"Eduardo Mart\u00ednez\"}}]}<\/script>\n<!-- \/ Yoast SEO plugin. -->","yoast_head_json":{"title":"Centro cir\u00fargico inicia Adorno Zero para reduzir risco de infec\u00e7\u00f5es - Notibras","robots":{"index":"index","follow":"follow","max-snippet":"max-snippet:-1","max-image-preview":"max-image-preview:large","max-video-preview":"max-video-preview:-1"},"canonical":"https:\/\/www.notibras.com\/site\/centro-cirurgico-inicia-adorno-zero-para-reduzir-risco-de-infeccoes\/","og_locale":"pt_BR","og_type":"article","og_title":"Centro cir\u00fargico inicia Adorno Zero para reduzir risco de infec\u00e7\u00f5es - Notibras","og_description":"O Centro Cir\u00fargico do Hospital de Base do Distrito Federal (HBDF), unidade administrada pelo Instituto de Gest\u00e3o Estrat\u00e9gica de Sa\u00fade do Distrito Federal (IgesDF), iniciou uma campanha de conscientiza\u00e7\u00e3o para refor\u00e7ar a pol\u00edtica do chamado \u201cadorno zero\u201d, que pro\u00edbe o uso de acess\u00f3rios durante o trabalho. A regra, j\u00e1 vigente na unidade, tem um objetivo [&hellip;]","og_url":"https:\/\/www.notibras.com\/site\/centro-cirurgico-inicia-adorno-zero-para-reduzir-risco-de-infeccoes\/","og_site_name":"Notibras","article_publisher":"https:\/\/www.facebook.com\/notibras\/","article_published_time":"2026-02-20T04:00:47+00:00","og_image":[{"width":2047,"height":1360,"url":"https:\/\/www.notibras.com\/site\/wp-content\/uploads\/2026\/02\/26102484981_315cdb1c97_k.jpg","type":"image\/jpeg"}],"author":"Eduardo Mart\u00ednez","twitter_card":"summary_large_image","twitter_creator":"@Notibras","twitter_site":"@Notibras","twitter_misc":{"Escrito por":"Eduardo Mart\u00ednez","Est. tempo de leitura":"4 minutos"},"schema":{"@context":"https:\/\/schema.org","@graph":[{"@type":"Article","@id":"https:\/\/www.notibras.com\/site\/centro-cirurgico-inicia-adorno-zero-para-reduzir-risco-de-infeccoes\/#article","isPartOf":{"@id":"https:\/\/www.notibras.com\/site\/centro-cirurgico-inicia-adorno-zero-para-reduzir-risco-de-infeccoes\/"},"author":{"name":"Eduardo Mart\u00ednez","@id":"https:\/\/www.notibras.com\/site\/#\/schema\/person\/5b7fabf2aedc3ada2105f03b22b4d3dd"},"headline":"Centro cir\u00fargico inicia Adorno Zero para reduzir risco de infec\u00e7\u00f5es","datePublished":"2026-02-20T04:00:47+00:00","mainEntityOfPage":{"@id":"https:\/\/www.notibras.com\/site\/centro-cirurgico-inicia-adorno-zero-para-reduzir-risco-de-infeccoes\/"},"wordCount":603,"publisher":{"@id":"https:\/\/www.notibras.com\/site\/#organization"},"image":{"@id":"https:\/\/www.notibras.com\/site\/centro-cirurgico-inicia-adorno-zero-para-reduzir-risco-de-infeccoes\/#primaryimage"},"thumbnailUrl":"https:\/\/www.notibras.com\/site\/wp-content\/uploads\/2026\/02\/26102484981_315cdb1c97_k.jpg","articleSection":["Quadradinho em Foco"],"inLanguage":"pt-BR"},{"@type":"WebPage","@id":"https:\/\/www.notibras.com\/site\/centro-cirurgico-inicia-adorno-zero-para-reduzir-risco-de-infeccoes\/","url":"https:\/\/www.notibras.com\/site\/centro-cirurgico-inicia-adorno-zero-para-reduzir-risco-de-infeccoes\/","name":"Centro cir\u00fargico inicia Adorno Zero para reduzir risco de infec\u00e7\u00f5es - Notibras","isPartOf":{"@id":"https:\/\/www.notibras.com\/site\/#website"},"primaryImageOfPage":{"@id":"https:\/\/www.notibras.com\/site\/centro-cirurgico-inicia-adorno-zero-para-reduzir-risco-de-infeccoes\/#primaryimage"},"image":{"@id":"https:\/\/www.notibras.com\/site\/centro-cirurgico-inicia-adorno-zero-para-reduzir-risco-de-infeccoes\/#primaryimage"},"thumbnailUrl":"https:\/\/www.notibras.com\/site\/wp-content\/uploads\/2026\/02\/26102484981_315cdb1c97_k.jpg","datePublished":"2026-02-20T04:00:47+00:00","breadcrumb":{"@id":"https:\/\/www.notibras.com\/site\/centro-cirurgico-inicia-adorno-zero-para-reduzir-risco-de-infeccoes\/#breadcrumb"},"inLanguage":"pt-BR","potentialAction":[{"@type":"ReadAction","target":["https:\/\/www.notibras.com\/site\/centro-cirurgico-inicia-adorno-zero-para-reduzir-risco-de-infeccoes\/"]}]},{"@type":"ImageObject","inLanguage":"pt-BR","@id":"https:\/\/www.notibras.com\/site\/centro-cirurgico-inicia-adorno-zero-para-reduzir-risco-de-infeccoes\/#primaryimage","url":"https:\/\/www.notibras.com\/site\/wp-content\/uploads\/2026\/02\/26102484981_315cdb1c97_k.jpg","contentUrl":"https:\/\/www.notibras.com\/site\/wp-content\/uploads\/2026\/02\/26102484981_315cdb1c97_k.jpg","width":2047,"height":1360},{"@type":"BreadcrumbList","@id":"https:\/\/www.notibras.com\/site\/centro-cirurgico-inicia-adorno-zero-para-reduzir-risco-de-infeccoes\/#breadcrumb","itemListElement":[{"@type":"ListItem","position":1,"name":"In\u00edcio","item":"https:\/\/www.notibras.com\/site\/"},{"@type":"ListItem","position":2,"name":"Centro cir\u00fargico inicia Adorno Zero para reduzir risco de infec\u00e7\u00f5es"}]},{"@type":"WebSite","@id":"https:\/\/www.notibras.com\/site\/#website","url":"https:\/\/www.notibras.com\/site\/","name":"Notibras","description":"Not\u00edcias de Bras\u00edlia, do Brasil e do Mundo","publisher":{"@id":"https:\/\/www.notibras.com\/site\/#organization"},"potentialAction":[{"@type":"SearchAction","target":{"@type":"EntryPoint","urlTemplate":"https:\/\/www.notibras.com\/site\/?s={search_term_string}"},"query-input":{"@type":"PropertyValueSpecification","valueRequired":true,"valueName":"search_term_string"}}],"inLanguage":"pt-BR"},{"@type":"Organization","@id":"https:\/\/www.notibras.com\/site\/#organization","name":"Grupo Notibras de Comunica\u00e7\u00e3o","url":"https:\/\/www.notibras.com\/site\/","logo":{"@type":"ImageObject","inLanguage":"pt-BR","@id":"https:\/\/www.notibras.com\/site\/#\/schema\/logo\/image\/","url":"https:\/\/www.notibras.com\/site\/wp-content\/uploads\/2023\/01\/notibras23.png","contentUrl":"https:\/\/www.notibras.com\/site\/wp-content\/uploads\/2023\/01\/notibras23.png","width":350,"height":87,"caption":"Grupo Notibras de Comunica\u00e7\u00e3o"},"image":{"@id":"https:\/\/www.notibras.com\/site\/#\/schema\/logo\/image\/"},"sameAs":["https:\/\/www.facebook.com\/notibras\/","https:\/\/x.com\/Notibras","https:\/\/www.instagram.com\/notibras\/"]},{"@type":"Person","@id":"https:\/\/www.notibras.com\/site\/#\/schema\/person\/5b7fabf2aedc3ada2105f03b22b4d3dd","name":"Eduardo Mart\u00ednez","image":{"@type":"ImageObject","inLanguage":"pt-BR","@id":"https:\/\/secure.gravatar.com\/avatar\/7902f906289926289cbcda644b5197c796b893c6ffd7b9a536a42d290f7704a0?s=96&d=mm&r=g","url":"https:\/\/secure.gravatar.com\/avatar\/7902f906289926289cbcda644b5197c796b893c6ffd7b9a536a42d290f7704a0?s=96&d=mm&r=g","contentUrl":"https:\/\/secure.gravatar.com\/avatar\/7902f906289926289cbcda644b5197c796b893c6ffd7b9a536a42d290f7704a0?s=96&d=mm&r=g","caption":"Eduardo Mart\u00ednez"}}]}},"amp_enabled":true,"_links":{"self":[{"href":"https:\/\/www.notibras.com\/site\/wp-json\/wp\/v2\/posts\/383892","targetHints":{"allow":["GET"]}}],"collection":[{"href":"https:\/\/www.notibras.com\/site\/wp-json\/wp\/v2\/posts"}],"about":[{"href":"https:\/\/www.notibras.com\/site\/wp-json\/wp\/v2\/types\/post"}],"author":[{"embeddable":true,"href":"https:\/\/www.notibras.com\/site\/wp-json\/wp\/v2\/users\/21"}],"replies":[{"embeddable":true,"href":"https:\/\/www.notibras.com\/site\/wp-json\/wp\/v2\/comments?post=383892"}],"version-history":[{"count":3,"href":"https:\/\/www.notibras.com\/site\/wp-json\/wp\/v2\/posts\/383892\/revisions"}],"predecessor-version":[{"id":383897,"href":"https:\/\/www.notibras.com\/site\/wp-json\/wp\/v2\/posts\/383892\/revisions\/383897"}],"wp:featuredmedia":[{"embeddable":true,"href":"https:\/\/www.notibras.com\/site\/wp-json\/wp\/v2\/media\/383894"}],"wp:attachment":[{"href":"https:\/\/www.notibras.com\/site\/wp-json\/wp\/v2\/media?parent=383892"}],"wp:term":[{"taxonomy":"category","embeddable":true,"href":"https:\/\/www.notibras.com\/site\/wp-json\/wp\/v2\/categories?post=383892"},{"taxonomy":"post_tag","embeddable":true,"href":"https:\/\/www.notibras.com\/site\/wp-json\/wp\/v2\/tags?post=383892"}],"curies":[{"name":"wp","href":"https:\/\/api.w.org\/{rel}","templated":true}]}}