{"id":383905,"date":"2026-02-20T01:15:22","date_gmt":"2026-02-20T04:15:22","guid":{"rendered":"https:\/\/www.notibras.com\/site\/?p=383905"},"modified":"2026-02-19T23:59:20","modified_gmt":"2026-02-20T02:59:20","slug":"a-conferencia-do-destino-e-as-brasas-da-paixao","status":"publish","type":"post","link":"https:\/\/www.notibras.com\/site\/a-conferencia-do-destino-e-as-brasas-da-paixao\/","title":{"rendered":"A confer\u00eancia do destino e as brasas da paix\u00e3o"},"content":{"rendered":"<p>Observando a situa\u00e7\u00e3o da batalha que se mostrava favor\u00e1vel \u00e0s for\u00e7as de Cartago, Asdr\u00fabal decidiu pelo t\u00e9rmino do combate ao observar as linhas romanas recuarem em profundidade. Convicto, gritou ao seu imediato:<\/p>\n<p>\u2014 Annon, ordene o fim do avan\u00e7o das nossas linhas!<\/p>\n<p>\u2014Sim, general! Arauto, toque cessar ofensiva!<\/p>\n<p>Um estridente som de trombeta soou no campo de batalha e, disciplinadamente, os soldados cartagineses come\u00e7aram a retornar para o acampamento em ordeira forma\u00e7\u00e3o.<\/p>\n<p>-Re\u00fana e conte os prisioneiros, depois leve o relat\u00f3rio completo sobre as perdas dos dois lados \u00e0 tenda de comando.<\/p>\n<p>\u2014 Imediatamente, senhor! aquiesceu, Annon.<\/p>\n<p>\u2014Mais uma batalha vencida, mas at\u00e9 quando continuaremos ganhando? Se os mercen\u00e1rios n\u00e3o chegarem em breve&#8230;preciso fechar logo a alian\u00e7a com o rei dos n\u00famidas, refletiu o comandante militar de Cartago.<\/p>\n<p>Absorto, Asdr\u00fabal entrou na tenda de comando, sentou-se, serviu-se de \u00e1gua e come\u00e7ou a recordar como se dera o in\u00edcio de mais uma terr\u00edvel guerra da sua p\u00e1tria contra a poderosa e imperialista cidade de R\u00f4mulo e Remo.<\/p>\n<p>A guerra se tornara inevit\u00e1vel quando, h\u00e1 cinco meses, os tr\u00eas integrantes mais idosos do Conselho dos Cento e Quatro retornaram de uma reuni\u00e3o de negocia\u00e7\u00e3o solicitada pelo Senado de Roma e, Giscon, o presidente do Conselho, pesarosamente, revelou as exig\u00eancias romanas:<\/p>\n<p>\u2014Ilustres conselheiros, eis a proposta de Roma para selar definitivamente a paz com a nossa p\u00e1tria: entrega de todas as armas que temos na cidade, desmobiliza\u00e7\u00e3o do nosso ex\u00e9rcito, entrega dos nossos navios e transfer\u00eancia da nossa cidade para um local distante pelo menos cinquenta quil\u00f4metros do litoral.<\/p>\n<p>Depois de alguns minutos de sil\u00eancio sepulcral, a rea\u00e7\u00e3o dos senadores veio aos gritos:-Perf\u00eddia!<\/p>\n<p>\u2014 Humilha\u00e7\u00e3o!<\/p>\n<p>\u2014 Absurdo!<\/p>\n<p>\u2014 Que venha \u00e0 guerra!<\/p>\n<p>\u2014 Dignidade ou morte!<\/p>\n<p>Em meio \u00e0 indigna\u00e7\u00e3o geral, Bomilcar, membro da mesa do Conselho e pai de Asdr\u00fabal, tomou a palavra:<\/p>\n<p>\u2014 Conselheiros, essa proposta infame apenas confirma o que eu, Asdr\u00fabal e outros membros desse Conselho viemos dizendo h\u00e1 muito tempo: n\u00e3o podemos confiar em Roma! O objetivo dos romanos sempre foi destruir a nossa p\u00e1tria e nos transformar em escravos! Proponho a imediata mobiliza\u00e7\u00e3o de todos os cidad\u00e3os cartagineses, a nomea\u00e7\u00e3o de Asdr\u00fabal, nosso melhor general, como comandante supremo do ex\u00e9rcito com poder discricion\u00e1rio. Proponho tamb\u00e9m a declara\u00e7\u00e3o formal de guerra \u00e0 Roma.<\/p>\n<p>Ante o sil\u00eancio constrangido da ala que defendia paci\u00eancia, prud\u00eancia e boa vontade na rela\u00e7\u00e3o de Cartago com Roma &#8211; o &#8220;partido da paz&#8221; &#8211; a imensa maioria dos conselheiros manifestou-se em altos brados:<\/p>\n<p>\u2014 Apoiado!<\/p>\n<p>\u2014 Guerra aos malditos romanos!<\/p>\n<p>\u2014 Fomos atrai\u00e7oados, fora Gideon!<\/p>\n<p>\u2014 Todos os poderes a Bomilcar e Asdr\u00fabal!<\/p>\n<p>Calorosamente aclamado, Asdr\u00fabal subiu ao p\u00falpito e foi nomeado &#8220;Boetarca&#8221; &#8211; comandante militar supremo da cidade &#8211; pela c\u00fapula do Conselho.<\/p>\n<p>O Boetarca recrutou todos os cartagineses maiores de dezesseis anos para as fileiras do ex\u00e9rcito, determinou a mobiliza\u00e7\u00e3o de mulheres, anci\u00f5es e crian\u00e7as para as oficinas de fabrica\u00e7\u00e3o de armas e requisitou as reservas de ouro do tesouro p\u00fablico para contratar mercen\u00e1rios estrangeiros e assim fortalecer as for\u00e7as p\u00fanicas.<\/p>\n<p>N\u00e3o obstante as significativas vit\u00f3rias que vinha obtendo sobre as legi\u00f5es romanas que desembarcaram na \u00c1frica, ele sabia que tudo isso podia n\u00e3o ser suficiente para Cartago vencer a terceira guerra p\u00fanica e sobreviver ao obsessivo ass\u00e9dio romano.<\/p>\n<p>Com essa preocupa\u00e7\u00e3o a alugar-lhe a mente, o Boetarca retornou para Cartago, deixando provisoriamente o ex\u00e9rcito cartagin\u00eas acampado pr\u00f3ximo ao litoral sob o comando de Annon, o general-adjunto.<\/p>\n<p>\u2014 Parab\u00e9ns, filho, o mensageiro j\u00e1 me deu a maravilhosa not\u00edcia de mais uma vit\u00f3ria, felicitou-o, Bomilcar, o agora presidente do Conselho dos cento e quatro.<\/p>\n<p>\u2014 Pai, precisamos fechar uma alian\u00e7a com a Num\u00eddia se quisermos vencer essa guerra, permita que eu procure o rei Massinissa para tratar da quest\u00e3o.<\/p>\n<p>\u2014 Filho, os n\u00famidas nunca se conformaram com a supremacia de Cartago na \u00c1frica, s\u00e3o t\u00e3o confi\u00e1veis quanto as serpentes romanas&#8230;<\/p>\n<p>\u2014 Pode ser, mas precisamos deles, afinal, eles tamb\u00e9m s\u00e3o africanos. Se n\u00e3o fizermos isso, logo algum general romano pode ter essa ideia e a\u00ed estaremos em maus len\u00e7\u00f3is. E, ademais, nossos soldados est\u00e3o ficando desgastados ap\u00f3s tantas batalhas, ao passo que Roma envia cada vez mais soldados para a \u00c1frica.<\/p>\n<p>\u2014 N\u00e3o creio nisso, eles v\u00e3o ficar neutros e depois v\u00e3o conversar com quem vencer a guerra. E, al\u00e9m do mais, tenho a informa\u00e7\u00e3o de que Massinissa j\u00e1 passou o bast\u00e3o das decis\u00f5es pol\u00edticas para um dos seus filhos, Gideon. O velho rei j\u00e1 \u00e9 quase centen\u00e1rio.<\/p>\n<p>\u2014 Hum&#8230; Gideon, meu amigo de inf\u00e2ncia, o pr\u00edncipe n\u00famida casado com Elissa!<\/p>\n<p>\u2014 Voc\u00ea nunca esqueceu Elissa, n\u00e3o \u00e9 mesmo? Tire-a do seu cora\u00e7\u00e3o, filho, ela agora n\u00e3o \u00e9 mais uma cartaginesa!<\/p>\n<p>\u2014 Confesso que nunca a esqueci mesmo, pai! Ela rejeitou meu amor porque a fam\u00edlia dela era do &#8220;partido da paz&#8221; e condenava a nossa hostilidade \u00e0 Roma, mas ela sempre ser\u00e1 uma cartaginesa de cora\u00e7\u00e3o, mesmo estando casada com um n\u00famida.<\/p>\n<p>\u2014 Bem, seja como for, cont\u00ednuo contra essa alian\u00e7a, acho-a desnecess\u00e1ria e arriscada, mas se voc\u00ea insiste, vou propor uma confer\u00eancia entre voc\u00ea e Gideon. Agora v\u00e1 descansar e relaxar, comandante, voc\u00ea merece!<\/p>\n<p>Enquanto isso, no Senado Romano, um caloroso debate repercutia as \u00faltimas derrotas militares da poderosa urbes na \u00c1frica:<\/p>\n<p>\u2014 Senador Cat\u00e3o, embalado pela sua ira irracional e obsessiva, foi voc\u00ea quem convenceu o Senado a abrir m\u00e3o da nossa prof\u00edcua alian\u00e7a com Giscon, o presidente do Conselho dos cento e quatro e nosso fiel amigo, para declararmos essa guerra contraproducente. Admita que estava errado e vamos propor condi\u00e7\u00f5es dignas e aceit\u00e1veis para selarmos a paz com Cartago, prop\u00f4s o senador Cipi\u00e3o C\u00f3rcora.<\/p>\n<p>\u2014 N\u00e3o tenho culpa se as nossas legi\u00f5es na \u00c1frica est\u00e3o sendo conduzidas por generais incompetentes, in\u00e1beis e relapsos! Continuo afirmando que Cartago \u00e9 uma amea\u00e7a pol\u00edtica e econ\u00f4mica \u00e0 Roma, \u00e0s nossas cren\u00e7as, tradi\u00e7\u00f5es e supremacia militar no mar Mediterr\u00e2neo. Digo e repito: delenda Cartago est!<\/p>\n<p>\u2014 Talvez Cat\u00e3o tenha raz\u00e3o no que se refere \u00e0 inabilidade dos nossos generais na \u00c1frica, interveio o senador Pl\u00ednio.<\/p>\n<p>\u2014 E o que vossa excel\u00eancia prop\u00f5e? Quem poderia corrigir a lastim\u00e1vel situa\u00e7\u00e3o das nossas legi\u00f5es na \u00c1frica? questionou, Cipi\u00e3o C\u00f3rcora.<\/p>\n<p>\u2014 Coincidentemente, um parente seu, ilustre senador, um general j\u00e1 provado e comprovado: Cipi\u00e3o Emiliano! Atualmente ele est\u00e1 servindo na Maced\u00f4nia, mas podemos design\u00e1-lo para onde Roma mais precisa dele no momento.<\/p>\n<p>\u2014 Bem, se for assim, podemos tentar! Eu confio plenamente na capacidade militar do meu parente.<\/p>\n<p>\u2014 Concorda, senador Cat\u00e3o?<\/p>\n<p>Um tanto contrariado pelo prest\u00edgio dado ao parente de um advers\u00e1rio pol\u00edtico, mas sem outra sa\u00edda, Cat\u00e3o falou:<\/p>\n<p>\u2014Se essa for a \u00fanica solu\u00e7\u00e3o para a destrui\u00e7\u00e3o de Cartago, estou de acordo!<\/p>\n<p>Acomodado nos aposentos da mans\u00e3o do pai, Asdr\u00fabal especulava acerca da atual posi\u00e7\u00e3o de Elissa, sua grande paix\u00e3o frustrada, em rela\u00e7\u00e3o \u00e0 quest\u00e3o da guerra contra Roma.<\/p>\n<p>-Ser\u00e1 que finalmente ela se deu conta de que os romanos nunca desejaram verdadeiramente a paz? E que s\u00f3 permitiriam que a nossa cidade continuasse a existir caso nos torn\u00e1ssemos uma cidadela submissa e inexpressiva? Elissa \u00e9 uma descendente dos grandes Am\u00edlcar e Anibal Barca, eles jamais aceitariam tal indignidade para Cartago.<\/p>\n<p>Imerso em suas divaga\u00e7\u00f5es, o general adormeceu em um sono agitado.<\/p>\n<p>A caminho do local da confer\u00eancia juntamente com a sua guarda pessoal, Asdr\u00fabal sentia o seu cora\u00e7\u00e3o acelerar com a expectativa de rever Elissa.<\/p>\n<p>Ao chegar no lugar combinado, uma pequena aldeia no fronteira dos territ\u00f3rios da Num\u00eddia e de Cartago, a comitiva cartaginesa apeou dos seus cavalos e dirigiu-se \u00e0 tenda do pr\u00edncipe n\u00famida. Adentrando o local, viu Elissa ao lado de Gideon.<\/p>\n<p>O casal se levantou para saudar o general cartagin\u00eas.<\/p>\n<p>\u2014 Salve, Asdr\u00fabal, comandante militar de Cartago!<\/p>\n<p>\u2014 Como est\u00e1s, Asdr\u00fabal?<\/p>\n<p>\u2014 Gideon, pr\u00edncipe da Num\u00eddia, Elissa, muito prazer em v\u00ea-los!<\/p>\n<p>\u2014 Sente-se e sirva-se de \u00e1gua fresca, h\u00e1 moringas e lugares para toda a sua guarda. convidou o pr\u00edncipe.<\/p>\n<p>\u2014 Obrigado, Gideon, falou Asdr\u00fabal, sem tirar os olhos de Elissa um s\u00f3 segundo, &#8220;como est\u00e1 bela, atraente e luminosa&#8221;, pensou.<\/p>\n<p>Ap\u00f3s uma breve troca de amabilidades, o assunto da confer\u00eancia foi logo posto na mesa pelos dois potentados.<\/p>\n<p>\u2014 Gideon, estamos em uma guerra sem tr\u00e9gua que vai definir os destinos dos nossos povos para todas as futuras gera\u00e7\u00f5es. Roma quer submeter completamente a \u00c1frica aos seus des\u00edgnios imperialistas. Cabe a n\u00f3s, povos africanos, nos unirmos para derrotar os romanos e mand\u00e1-los de volta para a It\u00e1lia.<\/p>\n<p>\u2014 Sei disso, Asdr\u00fabal, mas voc\u00ea n\u00e3o ignora que temos acertos territoriais para fazer caso essa uni\u00e3o ocorra. Cartago ocupa indevidamente terras que pertencem por direito \u00e0 Num\u00eddia desde tempos imemoriais. J\u00e1 \u00e9 hora de corrigirmos essa distor\u00e7\u00e3o.<\/p>\n<p>\u2014 Entendo, meu pai e eu estamos dispostos a fazer esse acerto. Quais terras voc\u00ea prop\u00f5e serem incorporadas \u00e0 Num\u00eddia?<\/p>\n<p>\u2014 Todos os territ\u00f3rios a oeste do rio Grande, metade das terras ao sul de Cartago e as duas maiores cidades do norte.<\/p>\n<p>\u2014 Voc\u00ea pede muito, pr\u00edncipe! Consideramos justo cedermos metade das terras a oeste do rio Grande, vinte por cento das terras ao sul e uma das cidades do norte.<\/p>\n<p>Nesse momento, Elissa sussurrou algo no ouvido do marido.<\/p>\n<p>\u2014 Podemos fechar o acordo nesses termos, caso voc\u00ea acrescente uma abertura para o mar, uma faixa de dois quil\u00f4metros no extremo sul dos nossos territ\u00f3rios.<\/p>\n<p>\u2014 Considero isso justo, acordo fechado, pr\u00edncipe!<\/p>\n<p>\u2014 Magn\u00edfico! A fim de comemorarmos a uni\u00e3o dos nossos povos contra Roma, sugiro que agora descansemos e, \u00e0 noite, confraternizemos em um farto banquete conforme manda a tradi\u00e7\u00e3o.<\/p>\n<p>Sentindo um arrepio percorrer todo o seu corpo ao ser transpassado pelo olhar penetrante e enigm\u00e1tico de Elissa, Asdr\u00fabal falou com voz rouca:<\/p>\n<p>\u2014 Ser\u00e1 uma honra e um prazer, pr\u00edncipe!<\/p>\n<p>Iniciado o banquete, Asdr\u00fabal, Gideon e Elissa relembraram alegre e fraternalmente os tempos de inf\u00e2ncia em que os tr\u00eas brincavam juntos em Cartago.<\/p>\n<p>As guardas pessoais dos dois l\u00edderes seguiam o exemplo dos comandantes e tamb\u00e9m celebravam juntos a hist\u00f3rica uni\u00e3o dos dois povos africanos.<\/p>\n<p>Com a passar do tempo, Gideon foi logo vencido pelo alto teor alco\u00f3lico das bebidas servidas segundo a tradi\u00e7\u00e3o n\u00famida e apagou sem retorno \u00e0 vista. A partir da\u00ed, Elissa passou a presidir o banquete, orientando os servi\u00e7ais a servirem as iguarias do card\u00e1pio na ordem devida.<\/p>\n<p>Ent\u00e3o, aconteceu! Agora mais \u00e0 vontade, os dois cartagineses n\u00e3o mais reprimiram o desejo rec\u00edproco. Discretamente, dirigiram-se a uma tenda particular e deram vaz\u00e3o a todos os sonhos incendi\u00e1rios alimentados por anos de separa\u00e7\u00e3o.<\/p>\n<p>Depois da intensa e longa comunh\u00e3o de corpos, Asdr\u00fabal, sem resist\u00eancia da amada, colocou a bela nos ombros e carregou-a para o seu cavalo. Simplesmente n\u00e3o podia mais viver sem aquela criatura ao seu lado.<\/p>\n<p>A seguir, o comandante militar de Cartago ordenou \u00e0 sua guarda que o seguisse e deixou o acampamento.<\/p>\n<p>No dia seguinte, ao acordar e constatar o que ocorrera durante o seu coma alc\u00f3olico, Gideon, possesso, jurou vingan\u00e7a contra os dois amantes.<\/p>\n<p><strong>&#8230;&#8230;&#8230;&#8230;&#8230;&#8230;&#8230;&#8230;&#8230;&#8230;&#8230;&#8230;&#8230;<\/strong><\/p>\n<p><strong>A segunda parte (ep\u00edlogo) deste conto ser\u00e1 publicado neste s\u00e1bado (21).<\/strong><\/p>\n<p><strong>*J. Emiliano Cruz \u00e9 autor da colet\u00e2nea de contos &#8220;A FELICIDADE E OS RIS\u00cdVEIS AMORES DE TODOS N\u00d3S&#8221;,\u00a0 obra editada pelo CAF\u00c9 DO ESCRITOR &#8211; Curitiba\/PR &#8211;\u00a0<a href=\"https:\/\/cafedoescritor.com.br\/\" target=\"_blank\" rel=\"noopener noreferrer\">www.cafedoescritor.com.br<\/a><\/strong><\/p>\n","protected":false},"excerpt":{"rendered":"<p>Observando a situa\u00e7\u00e3o da batalha que se mostrava favor\u00e1vel \u00e0s for\u00e7as de Cartago, Asdr\u00fabal decidiu pelo t\u00e9rmino do combate ao observar as linhas romanas recuarem em profundidade. Convicto, gritou ao seu imediato: \u2014 Annon, ordene o fim do avan\u00e7o das nossas linhas! \u2014Sim, general! Arauto, toque cessar ofensiva! Um estridente som de trombeta soou no [&hellip;]<\/p>\n","protected":false},"author":21,"featured_media":383907,"comment_status":"closed","ping_status":"closed","sticky":false,"template":"","format":"standard","meta":{"_acf_changed":false,"footnotes":""},"categories":[234],"tags":[],"class_list":["post-383905","post","type-post","status-publish","format-standard","has-post-thumbnail","hentry","category-cafe-literario"],"acf":[],"yoast_head":"<!-- This site is optimized with the Yoast SEO plugin v27.2 - https:\/\/yoast.com\/product\/yoast-seo-wordpress\/ -->\n<title>A confer\u00eancia do destino e as brasas da paix\u00e3o - Notibras<\/title>\n<meta name=\"robots\" content=\"index, follow, max-snippet:-1, max-image-preview:large, max-video-preview:-1\" \/>\n<link rel=\"canonical\" href=\"https:\/\/www.notibras.com\/site\/a-conferencia-do-destino-e-as-brasas-da-paixao\/\" \/>\n<meta property=\"og:locale\" content=\"pt_BR\" \/>\n<meta property=\"og:type\" content=\"article\" \/>\n<meta property=\"og:title\" content=\"A confer\u00eancia do destino e as brasas da paix\u00e3o - Notibras\" \/>\n<meta property=\"og:description\" content=\"Observando a situa\u00e7\u00e3o da batalha que se mostrava favor\u00e1vel \u00e0s for\u00e7as de Cartago, Asdr\u00fabal decidiu pelo t\u00e9rmino do combate ao observar as linhas romanas recuarem em profundidade. Convicto, gritou ao seu imediato: \u2014 Annon, ordene o fim do avan\u00e7o das nossas linhas! \u2014Sim, general! Arauto, toque cessar ofensiva! Um estridente som de trombeta soou no [&hellip;]\" \/>\n<meta property=\"og:url\" content=\"https:\/\/www.notibras.com\/site\/a-conferencia-do-destino-e-as-brasas-da-paixao\/\" \/>\n<meta property=\"og:site_name\" content=\"Notibras\" \/>\n<meta property=\"article:publisher\" content=\"https:\/\/www.facebook.com\/notibras\/\" \/>\n<meta property=\"article:published_time\" content=\"2026-02-20T04:15:22+00:00\" \/>\n<meta property=\"og:image\" content=\"https:\/\/www.notibras.com\/site\/wp-content\/uploads\/2026\/02\/WhatsApp-Image-2026-02-19-at-23.55.19.jpeg\" \/>\n\t<meta property=\"og:image:width\" content=\"1024\" \/>\n\t<meta property=\"og:image:height\" content=\"1024\" \/>\n\t<meta property=\"og:image:type\" content=\"image\/jpeg\" \/>\n<meta name=\"author\" content=\"Eduardo Mart\u00ednez\" \/>\n<meta name=\"twitter:card\" content=\"summary_large_image\" \/>\n<meta name=\"twitter:creator\" content=\"@Notibras\" \/>\n<meta name=\"twitter:site\" content=\"@Notibras\" \/>\n<meta name=\"twitter:label1\" content=\"Escrito por\" \/>\n\t<meta name=\"twitter:data1\" content=\"Eduardo Mart\u00ednez\" \/>\n\t<meta name=\"twitter:label2\" content=\"Est. tempo de leitura\" \/>\n\t<meta name=\"twitter:data2\" content=\"11 minutos\" \/>\n<script type=\"application\/ld+json\" class=\"yoast-schema-graph\">{\"@context\":\"https:\/\/schema.org\",\"@graph\":[{\"@type\":\"Article\",\"@id\":\"https:\/\/www.notibras.com\/site\/a-conferencia-do-destino-e-as-brasas-da-paixao\/#article\",\"isPartOf\":{\"@id\":\"https:\/\/www.notibras.com\/site\/a-conferencia-do-destino-e-as-brasas-da-paixao\/\"},\"author\":{\"name\":\"Eduardo Mart\u00ednez\",\"@id\":\"https:\/\/www.notibras.com\/site\/#\/schema\/person\/5b7fabf2aedc3ada2105f03b22b4d3dd\"},\"headline\":\"A confer\u00eancia do destino e as brasas da paix\u00e3o\",\"datePublished\":\"2026-02-20T04:15:22+00:00\",\"mainEntityOfPage\":{\"@id\":\"https:\/\/www.notibras.com\/site\/a-conferencia-do-destino-e-as-brasas-da-paixao\/\"},\"wordCount\":2027,\"publisher\":{\"@id\":\"https:\/\/www.notibras.com\/site\/#organization\"},\"image\":{\"@id\":\"https:\/\/www.notibras.com\/site\/a-conferencia-do-destino-e-as-brasas-da-paixao\/#primaryimage\"},\"thumbnailUrl\":\"https:\/\/www.notibras.com\/site\/wp-content\/uploads\/2026\/02\/WhatsApp-Image-2026-02-19-at-23.55.19.jpeg\",\"articleSection\":[\"Caf\u00e9 Liter\u00e1rio\"],\"inLanguage\":\"pt-BR\"},{\"@type\":\"WebPage\",\"@id\":\"https:\/\/www.notibras.com\/site\/a-conferencia-do-destino-e-as-brasas-da-paixao\/\",\"url\":\"https:\/\/www.notibras.com\/site\/a-conferencia-do-destino-e-as-brasas-da-paixao\/\",\"name\":\"A confer\u00eancia do destino e as brasas da paix\u00e3o - Notibras\",\"isPartOf\":{\"@id\":\"https:\/\/www.notibras.com\/site\/#website\"},\"primaryImageOfPage\":{\"@id\":\"https:\/\/www.notibras.com\/site\/a-conferencia-do-destino-e-as-brasas-da-paixao\/#primaryimage\"},\"image\":{\"@id\":\"https:\/\/www.notibras.com\/site\/a-conferencia-do-destino-e-as-brasas-da-paixao\/#primaryimage\"},\"thumbnailUrl\":\"https:\/\/www.notibras.com\/site\/wp-content\/uploads\/2026\/02\/WhatsApp-Image-2026-02-19-at-23.55.19.jpeg\",\"datePublished\":\"2026-02-20T04:15:22+00:00\",\"breadcrumb\":{\"@id\":\"https:\/\/www.notibras.com\/site\/a-conferencia-do-destino-e-as-brasas-da-paixao\/#breadcrumb\"},\"inLanguage\":\"pt-BR\",\"potentialAction\":[{\"@type\":\"ReadAction\",\"target\":[\"https:\/\/www.notibras.com\/site\/a-conferencia-do-destino-e-as-brasas-da-paixao\/\"]}]},{\"@type\":\"ImageObject\",\"inLanguage\":\"pt-BR\",\"@id\":\"https:\/\/www.notibras.com\/site\/a-conferencia-do-destino-e-as-brasas-da-paixao\/#primaryimage\",\"url\":\"https:\/\/www.notibras.com\/site\/wp-content\/uploads\/2026\/02\/WhatsApp-Image-2026-02-19-at-23.55.19.jpeg\",\"contentUrl\":\"https:\/\/www.notibras.com\/site\/wp-content\/uploads\/2026\/02\/WhatsApp-Image-2026-02-19-at-23.55.19.jpeg\",\"width\":1024,\"height\":1024},{\"@type\":\"BreadcrumbList\",\"@id\":\"https:\/\/www.notibras.com\/site\/a-conferencia-do-destino-e-as-brasas-da-paixao\/#breadcrumb\",\"itemListElement\":[{\"@type\":\"ListItem\",\"position\":1,\"name\":\"In\u00edcio\",\"item\":\"https:\/\/www.notibras.com\/site\/\"},{\"@type\":\"ListItem\",\"position\":2,\"name\":\"A confer\u00eancia do destino e as brasas da paix\u00e3o\"}]},{\"@type\":\"WebSite\",\"@id\":\"https:\/\/www.notibras.com\/site\/#website\",\"url\":\"https:\/\/www.notibras.com\/site\/\",\"name\":\"Notibras\",\"description\":\"Not\u00edcias de Bras\u00edlia, do Brasil e do Mundo\",\"publisher\":{\"@id\":\"https:\/\/www.notibras.com\/site\/#organization\"},\"potentialAction\":[{\"@type\":\"SearchAction\",\"target\":{\"@type\":\"EntryPoint\",\"urlTemplate\":\"https:\/\/www.notibras.com\/site\/?s={search_term_string}\"},\"query-input\":{\"@type\":\"PropertyValueSpecification\",\"valueRequired\":true,\"valueName\":\"search_term_string\"}}],\"inLanguage\":\"pt-BR\"},{\"@type\":\"Organization\",\"@id\":\"https:\/\/www.notibras.com\/site\/#organization\",\"name\":\"Grupo Notibras de Comunica\u00e7\u00e3o\",\"url\":\"https:\/\/www.notibras.com\/site\/\",\"logo\":{\"@type\":\"ImageObject\",\"inLanguage\":\"pt-BR\",\"@id\":\"https:\/\/www.notibras.com\/site\/#\/schema\/logo\/image\/\",\"url\":\"https:\/\/www.notibras.com\/site\/wp-content\/uploads\/2023\/01\/notibras23.png\",\"contentUrl\":\"https:\/\/www.notibras.com\/site\/wp-content\/uploads\/2023\/01\/notibras23.png\",\"width\":350,\"height\":87,\"caption\":\"Grupo Notibras de Comunica\u00e7\u00e3o\"},\"image\":{\"@id\":\"https:\/\/www.notibras.com\/site\/#\/schema\/logo\/image\/\"},\"sameAs\":[\"https:\/\/www.facebook.com\/notibras\/\",\"https:\/\/x.com\/Notibras\",\"https:\/\/www.instagram.com\/notibras\/\"]},{\"@type\":\"Person\",\"@id\":\"https:\/\/www.notibras.com\/site\/#\/schema\/person\/5b7fabf2aedc3ada2105f03b22b4d3dd\",\"name\":\"Eduardo Mart\u00ednez\",\"image\":{\"@type\":\"ImageObject\",\"inLanguage\":\"pt-BR\",\"@id\":\"https:\/\/secure.gravatar.com\/avatar\/7902f906289926289cbcda644b5197c796b893c6ffd7b9a536a42d290f7704a0?s=96&d=mm&r=g\",\"url\":\"https:\/\/secure.gravatar.com\/avatar\/7902f906289926289cbcda644b5197c796b893c6ffd7b9a536a42d290f7704a0?s=96&d=mm&r=g\",\"contentUrl\":\"https:\/\/secure.gravatar.com\/avatar\/7902f906289926289cbcda644b5197c796b893c6ffd7b9a536a42d290f7704a0?s=96&d=mm&r=g\",\"caption\":\"Eduardo Mart\u00ednez\"}}]}<\/script>\n<!-- \/ Yoast SEO plugin. -->","yoast_head_json":{"title":"A confer\u00eancia do destino e as brasas da paix\u00e3o - Notibras","robots":{"index":"index","follow":"follow","max-snippet":"max-snippet:-1","max-image-preview":"max-image-preview:large","max-video-preview":"max-video-preview:-1"},"canonical":"https:\/\/www.notibras.com\/site\/a-conferencia-do-destino-e-as-brasas-da-paixao\/","og_locale":"pt_BR","og_type":"article","og_title":"A confer\u00eancia do destino e as brasas da paix\u00e3o - Notibras","og_description":"Observando a situa\u00e7\u00e3o da batalha que se mostrava favor\u00e1vel \u00e0s for\u00e7as de Cartago, Asdr\u00fabal decidiu pelo t\u00e9rmino do combate ao observar as linhas romanas recuarem em profundidade. Convicto, gritou ao seu imediato: \u2014 Annon, ordene o fim do avan\u00e7o das nossas linhas! \u2014Sim, general! Arauto, toque cessar ofensiva! Um estridente som de trombeta soou no [&hellip;]","og_url":"https:\/\/www.notibras.com\/site\/a-conferencia-do-destino-e-as-brasas-da-paixao\/","og_site_name":"Notibras","article_publisher":"https:\/\/www.facebook.com\/notibras\/","article_published_time":"2026-02-20T04:15:22+00:00","og_image":[{"width":1024,"height":1024,"url":"https:\/\/www.notibras.com\/site\/wp-content\/uploads\/2026\/02\/WhatsApp-Image-2026-02-19-at-23.55.19.jpeg","type":"image\/jpeg"}],"author":"Eduardo Mart\u00ednez","twitter_card":"summary_large_image","twitter_creator":"@Notibras","twitter_site":"@Notibras","twitter_misc":{"Escrito por":"Eduardo Mart\u00ednez","Est. tempo de leitura":"11 minutos"},"schema":{"@context":"https:\/\/schema.org","@graph":[{"@type":"Article","@id":"https:\/\/www.notibras.com\/site\/a-conferencia-do-destino-e-as-brasas-da-paixao\/#article","isPartOf":{"@id":"https:\/\/www.notibras.com\/site\/a-conferencia-do-destino-e-as-brasas-da-paixao\/"},"author":{"name":"Eduardo Mart\u00ednez","@id":"https:\/\/www.notibras.com\/site\/#\/schema\/person\/5b7fabf2aedc3ada2105f03b22b4d3dd"},"headline":"A confer\u00eancia do destino e as brasas da paix\u00e3o","datePublished":"2026-02-20T04:15:22+00:00","mainEntityOfPage":{"@id":"https:\/\/www.notibras.com\/site\/a-conferencia-do-destino-e-as-brasas-da-paixao\/"},"wordCount":2027,"publisher":{"@id":"https:\/\/www.notibras.com\/site\/#organization"},"image":{"@id":"https:\/\/www.notibras.com\/site\/a-conferencia-do-destino-e-as-brasas-da-paixao\/#primaryimage"},"thumbnailUrl":"https:\/\/www.notibras.com\/site\/wp-content\/uploads\/2026\/02\/WhatsApp-Image-2026-02-19-at-23.55.19.jpeg","articleSection":["Caf\u00e9 Liter\u00e1rio"],"inLanguage":"pt-BR"},{"@type":"WebPage","@id":"https:\/\/www.notibras.com\/site\/a-conferencia-do-destino-e-as-brasas-da-paixao\/","url":"https:\/\/www.notibras.com\/site\/a-conferencia-do-destino-e-as-brasas-da-paixao\/","name":"A confer\u00eancia do destino e as brasas da paix\u00e3o - Notibras","isPartOf":{"@id":"https:\/\/www.notibras.com\/site\/#website"},"primaryImageOfPage":{"@id":"https:\/\/www.notibras.com\/site\/a-conferencia-do-destino-e-as-brasas-da-paixao\/#primaryimage"},"image":{"@id":"https:\/\/www.notibras.com\/site\/a-conferencia-do-destino-e-as-brasas-da-paixao\/#primaryimage"},"thumbnailUrl":"https:\/\/www.notibras.com\/site\/wp-content\/uploads\/2026\/02\/WhatsApp-Image-2026-02-19-at-23.55.19.jpeg","datePublished":"2026-02-20T04:15:22+00:00","breadcrumb":{"@id":"https:\/\/www.notibras.com\/site\/a-conferencia-do-destino-e-as-brasas-da-paixao\/#breadcrumb"},"inLanguage":"pt-BR","potentialAction":[{"@type":"ReadAction","target":["https:\/\/www.notibras.com\/site\/a-conferencia-do-destino-e-as-brasas-da-paixao\/"]}]},{"@type":"ImageObject","inLanguage":"pt-BR","@id":"https:\/\/www.notibras.com\/site\/a-conferencia-do-destino-e-as-brasas-da-paixao\/#primaryimage","url":"https:\/\/www.notibras.com\/site\/wp-content\/uploads\/2026\/02\/WhatsApp-Image-2026-02-19-at-23.55.19.jpeg","contentUrl":"https:\/\/www.notibras.com\/site\/wp-content\/uploads\/2026\/02\/WhatsApp-Image-2026-02-19-at-23.55.19.jpeg","width":1024,"height":1024},{"@type":"BreadcrumbList","@id":"https:\/\/www.notibras.com\/site\/a-conferencia-do-destino-e-as-brasas-da-paixao\/#breadcrumb","itemListElement":[{"@type":"ListItem","position":1,"name":"In\u00edcio","item":"https:\/\/www.notibras.com\/site\/"},{"@type":"ListItem","position":2,"name":"A confer\u00eancia do destino e as brasas da paix\u00e3o"}]},{"@type":"WebSite","@id":"https:\/\/www.notibras.com\/site\/#website","url":"https:\/\/www.notibras.com\/site\/","name":"Notibras","description":"Not\u00edcias de Bras\u00edlia, do Brasil e do Mundo","publisher":{"@id":"https:\/\/www.notibras.com\/site\/#organization"},"potentialAction":[{"@type":"SearchAction","target":{"@type":"EntryPoint","urlTemplate":"https:\/\/www.notibras.com\/site\/?s={search_term_string}"},"query-input":{"@type":"PropertyValueSpecification","valueRequired":true,"valueName":"search_term_string"}}],"inLanguage":"pt-BR"},{"@type":"Organization","@id":"https:\/\/www.notibras.com\/site\/#organization","name":"Grupo Notibras de Comunica\u00e7\u00e3o","url":"https:\/\/www.notibras.com\/site\/","logo":{"@type":"ImageObject","inLanguage":"pt-BR","@id":"https:\/\/www.notibras.com\/site\/#\/schema\/logo\/image\/","url":"https:\/\/www.notibras.com\/site\/wp-content\/uploads\/2023\/01\/notibras23.png","contentUrl":"https:\/\/www.notibras.com\/site\/wp-content\/uploads\/2023\/01\/notibras23.png","width":350,"height":87,"caption":"Grupo Notibras de Comunica\u00e7\u00e3o"},"image":{"@id":"https:\/\/www.notibras.com\/site\/#\/schema\/logo\/image\/"},"sameAs":["https:\/\/www.facebook.com\/notibras\/","https:\/\/x.com\/Notibras","https:\/\/www.instagram.com\/notibras\/"]},{"@type":"Person","@id":"https:\/\/www.notibras.com\/site\/#\/schema\/person\/5b7fabf2aedc3ada2105f03b22b4d3dd","name":"Eduardo Mart\u00ednez","image":{"@type":"ImageObject","inLanguage":"pt-BR","@id":"https:\/\/secure.gravatar.com\/avatar\/7902f906289926289cbcda644b5197c796b893c6ffd7b9a536a42d290f7704a0?s=96&d=mm&r=g","url":"https:\/\/secure.gravatar.com\/avatar\/7902f906289926289cbcda644b5197c796b893c6ffd7b9a536a42d290f7704a0?s=96&d=mm&r=g","contentUrl":"https:\/\/secure.gravatar.com\/avatar\/7902f906289926289cbcda644b5197c796b893c6ffd7b9a536a42d290f7704a0?s=96&d=mm&r=g","caption":"Eduardo Mart\u00ednez"}}]}},"amp_enabled":true,"_links":{"self":[{"href":"https:\/\/www.notibras.com\/site\/wp-json\/wp\/v2\/posts\/383905","targetHints":{"allow":["GET"]}}],"collection":[{"href":"https:\/\/www.notibras.com\/site\/wp-json\/wp\/v2\/posts"}],"about":[{"href":"https:\/\/www.notibras.com\/site\/wp-json\/wp\/v2\/types\/post"}],"author":[{"embeddable":true,"href":"https:\/\/www.notibras.com\/site\/wp-json\/wp\/v2\/users\/21"}],"replies":[{"embeddable":true,"href":"https:\/\/www.notibras.com\/site\/wp-json\/wp\/v2\/comments?post=383905"}],"version-history":[{"count":4,"href":"https:\/\/www.notibras.com\/site\/wp-json\/wp\/v2\/posts\/383905\/revisions"}],"predecessor-version":[{"id":383910,"href":"https:\/\/www.notibras.com\/site\/wp-json\/wp\/v2\/posts\/383905\/revisions\/383910"}],"wp:featuredmedia":[{"embeddable":true,"href":"https:\/\/www.notibras.com\/site\/wp-json\/wp\/v2\/media\/383907"}],"wp:attachment":[{"href":"https:\/\/www.notibras.com\/site\/wp-json\/wp\/v2\/media?parent=383905"}],"wp:term":[{"taxonomy":"category","embeddable":true,"href":"https:\/\/www.notibras.com\/site\/wp-json\/wp\/v2\/categories?post=383905"},{"taxonomy":"post_tag","embeddable":true,"href":"https:\/\/www.notibras.com\/site\/wp-json\/wp\/v2\/tags?post=383905"}],"curies":[{"name":"wp","href":"https:\/\/api.w.org\/{rel}","templated":true}]}}