{"id":383930,"date":"2026-02-21T00:45:02","date_gmt":"2026-02-21T03:45:02","guid":{"rendered":"https:\/\/www.notibras.com\/site\/?p=383930"},"modified":"2026-02-20T01:06:59","modified_gmt":"2026-02-20T04:06:59","slug":"vi-me-desembarcar-da-estacao-de-comboios","status":"publish","type":"post","link":"https:\/\/www.notibras.com\/site\/vi-me-desembarcar-da-estacao-de-comboios\/","title":{"rendered":"Vi-me desembarcar da esta\u00e7\u00e3o de comboios"},"content":{"rendered":"<p>Meu amigo Aguinaldo Z\u00e1ckia Albert presenteou-me com seu livro Os sabores do Alentejo \u2013 hist\u00f3ria, vinhos e receitas. L\u00ea-lo foi, para mim, uma experi\u00eancia deliciosa. N\u00e3o apenas porque o autor, en\u00f3logo renomado, cumpre o que promete no subt\u00edtulo, e conduz o leitor por um itiner\u00e1rio balizado pelo p\u00e3o, o azeite e o vinho, todos os tr\u00eas de presen\u00e7a milenar na regi\u00e3o; mas principalmente porque o texto de Aguinaldo abriu-me no peito as comportas da saudade e me vi a rememorar cenas que julgava esquecidas, eu que h\u00e1 50 anos n\u00e3o piso no Alentejo.<\/p>\n<p>Vi-me desembarcar da esta\u00e7\u00e3o de comboios e atravessar, sob um sol escaldante, a enorme pra\u00e7a do Giraldo, para chegar \u00e0 Escola Bento de Jesus Cara\u00e7a, onde daria aulas de Sociologia e Economia. E descobrir, maravilhado, que o edif\u00edcio, hoje integrado \u00e0 Universidade de \u00c9vora, ficava a menos de 20 metros das ru\u00ednas magnificamente preservadas do templo romano de \u00c9vora, mais conhecido como templo de Diana. Lembro-me de ficar ali por um bom tempo, absorvendo cada detalhe das colunas cor\u00edntias, acariciando as pedras restantes, at\u00e9 penetrar na faculdade e iniciar minha curta carreira de professor universit\u00e1rio.<\/p>\n<p>Lembro-me de levar meus alunos para as pedras do templo e ouvi-los extasiado, entoar cantos alentejanos, com seus melismas herdados dos s\u00e9culos de ocupa\u00e7\u00e3o \u00e1rabe, t\u00e3o semelhantes ao aboio dos vaqueiros nordestinos.<\/p>\n<p>Lembro-me de ficar intrigado com o sotaque alentejano \u2013 alentjanu \u2013, mais lento, mais arrastado, sem a comilan\u00e7a de vogais dos alfacinhas lisboetas e sem o ovo na boca da gente do Norte.<\/p>\n<p>Lembro-me de jantar \u2013 uma \u00fanica vez, que eu era um professor brazuca pobre \u2013 no restaurante O Fialho, um dos mais sofisticados de \u00c9vora. Estava com uma aluna que, digamos, arrastava um bonde por mim. Lembro-me de ter sido parabenizado, depois, por outras jovens alunas, por n\u00e3o a ter transformado em sobremesa. Sim, fui um mestre bem-comportado \u2013 e ademais, em 1975, na festa m\u00f3vel da revolu\u00e7\u00e3o portuguesa, n\u00e3o faltavam mulheres mais seguras de si, mais rodadas, para ornamentar minhas noites.<\/p>\n<p>Lembro-me de participar de uma passeata noturna pelas ruas de \u00c9vora. Sob a luz do luar, as bandeiras vermelhas, em contraste com o casario branco, compuseram uma cena de uma beleza indescrit\u00edvel.<\/p>\n<p>Tudo isso voltou-me de repente, ao ler o livro de Aguinaldo. E me fez dar uma guinada neste texto. Depois da longa introdu\u00e7\u00e3o, ia contar um causo iniciado no comboio para Lisboa, mas decidi parar por aqui. O conto fica para o outra vez. Que o Alentejo lateja em meu peito.<\/p>\n<p>Despe\u00e7o-me com a par\u00e1frase de uma estrofe da can\u00e7\u00e3o alentejana Semear salsa ao reguinho, de Vitorino Salom\u00e9. \u00c9 dedicada, por motivos \u00f3bvios, ao poeta ga\u00facho M\u00e1rio Quintana.<\/p>\n<p>N\u00e3o julgues por seu cantar<\/p>\n<p>Que a vida t\u00e3o bem lhe corre<\/p>\n<p>O poeta \u00e9 um passarinho<\/p>\n<p>Tanto canta, at\u00e9 que morre.<\/p>\n","protected":false},"excerpt":{"rendered":"<p>Meu amigo Aguinaldo Z\u00e1ckia Albert presenteou-me com seu livro Os sabores do Alentejo \u2013 hist\u00f3ria, vinhos e receitas. L\u00ea-lo foi, para mim, uma experi\u00eancia deliciosa. N\u00e3o apenas porque o autor, en\u00f3logo renomado, cumpre o que promete no subt\u00edtulo, e conduz o leitor por um itiner\u00e1rio balizado pelo p\u00e3o, o azeite e o vinho, todos os [&hellip;]<\/p>\n","protected":false},"author":21,"featured_media":383931,"comment_status":"closed","ping_status":"closed","sticky":false,"template":"","format":"standard","meta":{"_acf_changed":false,"footnotes":""},"categories":[234],"tags":[],"class_list":["post-383930","post","type-post","status-publish","format-standard","has-post-thumbnail","hentry","category-cafe-literario"],"acf":[],"yoast_head":"<!-- This site is optimized with the Yoast SEO plugin v27.2 - https:\/\/yoast.com\/product\/yoast-seo-wordpress\/ -->\n<title>Vi-me desembarcar da esta\u00e7\u00e3o de comboios - Notibras<\/title>\n<meta name=\"robots\" content=\"index, follow, max-snippet:-1, max-image-preview:large, max-video-preview:-1\" \/>\n<link rel=\"canonical\" href=\"https:\/\/www.notibras.com\/site\/vi-me-desembarcar-da-estacao-de-comboios\/\" \/>\n<meta property=\"og:locale\" content=\"pt_BR\" \/>\n<meta property=\"og:type\" content=\"article\" \/>\n<meta property=\"og:title\" content=\"Vi-me desembarcar da esta\u00e7\u00e3o de comboios - Notibras\" \/>\n<meta property=\"og:description\" content=\"Meu amigo Aguinaldo Z\u00e1ckia Albert presenteou-me com seu livro Os sabores do Alentejo \u2013 hist\u00f3ria, vinhos e receitas. L\u00ea-lo foi, para mim, uma experi\u00eancia deliciosa. N\u00e3o apenas porque o autor, en\u00f3logo renomado, cumpre o que promete no subt\u00edtulo, e conduz o leitor por um itiner\u00e1rio balizado pelo p\u00e3o, o azeite e o vinho, todos os [&hellip;]\" \/>\n<meta property=\"og:url\" content=\"https:\/\/www.notibras.com\/site\/vi-me-desembarcar-da-estacao-de-comboios\/\" \/>\n<meta property=\"og:site_name\" content=\"Notibras\" \/>\n<meta property=\"article:publisher\" content=\"https:\/\/www.facebook.com\/notibras\/\" \/>\n<meta property=\"article:published_time\" content=\"2026-02-21T03:45:02+00:00\" \/>\n<meta property=\"og:image\" content=\"https:\/\/www.notibras.com\/site\/wp-content\/uploads\/2026\/02\/WhatsApp-Image-2026-02-20-at-01.04.11.jpeg\" \/>\n\t<meta property=\"og:image:width\" content=\"1024\" \/>\n\t<meta property=\"og:image:height\" content=\"1024\" \/>\n\t<meta property=\"og:image:type\" content=\"image\/jpeg\" \/>\n<meta name=\"author\" content=\"Eduardo Mart\u00ednez\" \/>\n<meta name=\"twitter:card\" content=\"summary_large_image\" \/>\n<meta name=\"twitter:creator\" content=\"@Notibras\" \/>\n<meta name=\"twitter:site\" content=\"@Notibras\" \/>\n<meta name=\"twitter:label1\" content=\"Escrito por\" \/>\n\t<meta name=\"twitter:data1\" content=\"Eduardo Mart\u00ednez\" \/>\n\t<meta name=\"twitter:label2\" content=\"Est. tempo de leitura\" \/>\n\t<meta name=\"twitter:data2\" content=\"3 minutos\" \/>\n<script type=\"application\/ld+json\" class=\"yoast-schema-graph\">{\"@context\":\"https:\/\/schema.org\",\"@graph\":[{\"@type\":\"Article\",\"@id\":\"https:\/\/www.notibras.com\/site\/vi-me-desembarcar-da-estacao-de-comboios\/#article\",\"isPartOf\":{\"@id\":\"https:\/\/www.notibras.com\/site\/vi-me-desembarcar-da-estacao-de-comboios\/\"},\"author\":{\"name\":\"Eduardo Mart\u00ednez\",\"@id\":\"https:\/\/www.notibras.com\/site\/#\/schema\/person\/5b7fabf2aedc3ada2105f03b22b4d3dd\"},\"headline\":\"Vi-me desembarcar da esta\u00e7\u00e3o de comboios\",\"datePublished\":\"2026-02-21T03:45:02+00:00\",\"mainEntityOfPage\":{\"@id\":\"https:\/\/www.notibras.com\/site\/vi-me-desembarcar-da-estacao-de-comboios\/\"},\"wordCount\":498,\"publisher\":{\"@id\":\"https:\/\/www.notibras.com\/site\/#organization\"},\"image\":{\"@id\":\"https:\/\/www.notibras.com\/site\/vi-me-desembarcar-da-estacao-de-comboios\/#primaryimage\"},\"thumbnailUrl\":\"https:\/\/www.notibras.com\/site\/wp-content\/uploads\/2026\/02\/WhatsApp-Image-2026-02-20-at-01.04.11.jpeg\",\"articleSection\":[\"Caf\u00e9 Liter\u00e1rio\"],\"inLanguage\":\"pt-BR\"},{\"@type\":\"WebPage\",\"@id\":\"https:\/\/www.notibras.com\/site\/vi-me-desembarcar-da-estacao-de-comboios\/\",\"url\":\"https:\/\/www.notibras.com\/site\/vi-me-desembarcar-da-estacao-de-comboios\/\",\"name\":\"Vi-me desembarcar da esta\u00e7\u00e3o de comboios - Notibras\",\"isPartOf\":{\"@id\":\"https:\/\/www.notibras.com\/site\/#website\"},\"primaryImageOfPage\":{\"@id\":\"https:\/\/www.notibras.com\/site\/vi-me-desembarcar-da-estacao-de-comboios\/#primaryimage\"},\"image\":{\"@id\":\"https:\/\/www.notibras.com\/site\/vi-me-desembarcar-da-estacao-de-comboios\/#primaryimage\"},\"thumbnailUrl\":\"https:\/\/www.notibras.com\/site\/wp-content\/uploads\/2026\/02\/WhatsApp-Image-2026-02-20-at-01.04.11.jpeg\",\"datePublished\":\"2026-02-21T03:45:02+00:00\",\"breadcrumb\":{\"@id\":\"https:\/\/www.notibras.com\/site\/vi-me-desembarcar-da-estacao-de-comboios\/#breadcrumb\"},\"inLanguage\":\"pt-BR\",\"potentialAction\":[{\"@type\":\"ReadAction\",\"target\":[\"https:\/\/www.notibras.com\/site\/vi-me-desembarcar-da-estacao-de-comboios\/\"]}]},{\"@type\":\"ImageObject\",\"inLanguage\":\"pt-BR\",\"@id\":\"https:\/\/www.notibras.com\/site\/vi-me-desembarcar-da-estacao-de-comboios\/#primaryimage\",\"url\":\"https:\/\/www.notibras.com\/site\/wp-content\/uploads\/2026\/02\/WhatsApp-Image-2026-02-20-at-01.04.11.jpeg\",\"contentUrl\":\"https:\/\/www.notibras.com\/site\/wp-content\/uploads\/2026\/02\/WhatsApp-Image-2026-02-20-at-01.04.11.jpeg\",\"width\":1024,\"height\":1024},{\"@type\":\"BreadcrumbList\",\"@id\":\"https:\/\/www.notibras.com\/site\/vi-me-desembarcar-da-estacao-de-comboios\/#breadcrumb\",\"itemListElement\":[{\"@type\":\"ListItem\",\"position\":1,\"name\":\"In\u00edcio\",\"item\":\"https:\/\/www.notibras.com\/site\/\"},{\"@type\":\"ListItem\",\"position\":2,\"name\":\"Vi-me desembarcar da esta\u00e7\u00e3o de comboios\"}]},{\"@type\":\"WebSite\",\"@id\":\"https:\/\/www.notibras.com\/site\/#website\",\"url\":\"https:\/\/www.notibras.com\/site\/\",\"name\":\"Notibras\",\"description\":\"Not\u00edcias de Bras\u00edlia, do Brasil e do Mundo\",\"publisher\":{\"@id\":\"https:\/\/www.notibras.com\/site\/#organization\"},\"potentialAction\":[{\"@type\":\"SearchAction\",\"target\":{\"@type\":\"EntryPoint\",\"urlTemplate\":\"https:\/\/www.notibras.com\/site\/?s={search_term_string}\"},\"query-input\":{\"@type\":\"PropertyValueSpecification\",\"valueRequired\":true,\"valueName\":\"search_term_string\"}}],\"inLanguage\":\"pt-BR\"},{\"@type\":\"Organization\",\"@id\":\"https:\/\/www.notibras.com\/site\/#organization\",\"name\":\"Grupo Notibras de Comunica\u00e7\u00e3o\",\"url\":\"https:\/\/www.notibras.com\/site\/\",\"logo\":{\"@type\":\"ImageObject\",\"inLanguage\":\"pt-BR\",\"@id\":\"https:\/\/www.notibras.com\/site\/#\/schema\/logo\/image\/\",\"url\":\"https:\/\/www.notibras.com\/site\/wp-content\/uploads\/2023\/01\/notibras23.png\",\"contentUrl\":\"https:\/\/www.notibras.com\/site\/wp-content\/uploads\/2023\/01\/notibras23.png\",\"width\":350,\"height\":87,\"caption\":\"Grupo Notibras de Comunica\u00e7\u00e3o\"},\"image\":{\"@id\":\"https:\/\/www.notibras.com\/site\/#\/schema\/logo\/image\/\"},\"sameAs\":[\"https:\/\/www.facebook.com\/notibras\/\",\"https:\/\/x.com\/Notibras\",\"https:\/\/www.instagram.com\/notibras\/\"]},{\"@type\":\"Person\",\"@id\":\"https:\/\/www.notibras.com\/site\/#\/schema\/person\/5b7fabf2aedc3ada2105f03b22b4d3dd\",\"name\":\"Eduardo Mart\u00ednez\",\"image\":{\"@type\":\"ImageObject\",\"inLanguage\":\"pt-BR\",\"@id\":\"https:\/\/secure.gravatar.com\/avatar\/7902f906289926289cbcda644b5197c796b893c6ffd7b9a536a42d290f7704a0?s=96&d=mm&r=g\",\"url\":\"https:\/\/secure.gravatar.com\/avatar\/7902f906289926289cbcda644b5197c796b893c6ffd7b9a536a42d290f7704a0?s=96&d=mm&r=g\",\"contentUrl\":\"https:\/\/secure.gravatar.com\/avatar\/7902f906289926289cbcda644b5197c796b893c6ffd7b9a536a42d290f7704a0?s=96&d=mm&r=g\",\"caption\":\"Eduardo Mart\u00ednez\"}}]}<\/script>\n<!-- \/ Yoast SEO plugin. -->","yoast_head_json":{"title":"Vi-me desembarcar da esta\u00e7\u00e3o de comboios - Notibras","robots":{"index":"index","follow":"follow","max-snippet":"max-snippet:-1","max-image-preview":"max-image-preview:large","max-video-preview":"max-video-preview:-1"},"canonical":"https:\/\/www.notibras.com\/site\/vi-me-desembarcar-da-estacao-de-comboios\/","og_locale":"pt_BR","og_type":"article","og_title":"Vi-me desembarcar da esta\u00e7\u00e3o de comboios - Notibras","og_description":"Meu amigo Aguinaldo Z\u00e1ckia Albert presenteou-me com seu livro Os sabores do Alentejo \u2013 hist\u00f3ria, vinhos e receitas. L\u00ea-lo foi, para mim, uma experi\u00eancia deliciosa. N\u00e3o apenas porque o autor, en\u00f3logo renomado, cumpre o que promete no subt\u00edtulo, e conduz o leitor por um itiner\u00e1rio balizado pelo p\u00e3o, o azeite e o vinho, todos os [&hellip;]","og_url":"https:\/\/www.notibras.com\/site\/vi-me-desembarcar-da-estacao-de-comboios\/","og_site_name":"Notibras","article_publisher":"https:\/\/www.facebook.com\/notibras\/","article_published_time":"2026-02-21T03:45:02+00:00","og_image":[{"width":1024,"height":1024,"url":"https:\/\/www.notibras.com\/site\/wp-content\/uploads\/2026\/02\/WhatsApp-Image-2026-02-20-at-01.04.11.jpeg","type":"image\/jpeg"}],"author":"Eduardo Mart\u00ednez","twitter_card":"summary_large_image","twitter_creator":"@Notibras","twitter_site":"@Notibras","twitter_misc":{"Escrito por":"Eduardo Mart\u00ednez","Est. tempo de leitura":"3 minutos"},"schema":{"@context":"https:\/\/schema.org","@graph":[{"@type":"Article","@id":"https:\/\/www.notibras.com\/site\/vi-me-desembarcar-da-estacao-de-comboios\/#article","isPartOf":{"@id":"https:\/\/www.notibras.com\/site\/vi-me-desembarcar-da-estacao-de-comboios\/"},"author":{"name":"Eduardo Mart\u00ednez","@id":"https:\/\/www.notibras.com\/site\/#\/schema\/person\/5b7fabf2aedc3ada2105f03b22b4d3dd"},"headline":"Vi-me desembarcar da esta\u00e7\u00e3o de comboios","datePublished":"2026-02-21T03:45:02+00:00","mainEntityOfPage":{"@id":"https:\/\/www.notibras.com\/site\/vi-me-desembarcar-da-estacao-de-comboios\/"},"wordCount":498,"publisher":{"@id":"https:\/\/www.notibras.com\/site\/#organization"},"image":{"@id":"https:\/\/www.notibras.com\/site\/vi-me-desembarcar-da-estacao-de-comboios\/#primaryimage"},"thumbnailUrl":"https:\/\/www.notibras.com\/site\/wp-content\/uploads\/2026\/02\/WhatsApp-Image-2026-02-20-at-01.04.11.jpeg","articleSection":["Caf\u00e9 Liter\u00e1rio"],"inLanguage":"pt-BR"},{"@type":"WebPage","@id":"https:\/\/www.notibras.com\/site\/vi-me-desembarcar-da-estacao-de-comboios\/","url":"https:\/\/www.notibras.com\/site\/vi-me-desembarcar-da-estacao-de-comboios\/","name":"Vi-me desembarcar da esta\u00e7\u00e3o de comboios - Notibras","isPartOf":{"@id":"https:\/\/www.notibras.com\/site\/#website"},"primaryImageOfPage":{"@id":"https:\/\/www.notibras.com\/site\/vi-me-desembarcar-da-estacao-de-comboios\/#primaryimage"},"image":{"@id":"https:\/\/www.notibras.com\/site\/vi-me-desembarcar-da-estacao-de-comboios\/#primaryimage"},"thumbnailUrl":"https:\/\/www.notibras.com\/site\/wp-content\/uploads\/2026\/02\/WhatsApp-Image-2026-02-20-at-01.04.11.jpeg","datePublished":"2026-02-21T03:45:02+00:00","breadcrumb":{"@id":"https:\/\/www.notibras.com\/site\/vi-me-desembarcar-da-estacao-de-comboios\/#breadcrumb"},"inLanguage":"pt-BR","potentialAction":[{"@type":"ReadAction","target":["https:\/\/www.notibras.com\/site\/vi-me-desembarcar-da-estacao-de-comboios\/"]}]},{"@type":"ImageObject","inLanguage":"pt-BR","@id":"https:\/\/www.notibras.com\/site\/vi-me-desembarcar-da-estacao-de-comboios\/#primaryimage","url":"https:\/\/www.notibras.com\/site\/wp-content\/uploads\/2026\/02\/WhatsApp-Image-2026-02-20-at-01.04.11.jpeg","contentUrl":"https:\/\/www.notibras.com\/site\/wp-content\/uploads\/2026\/02\/WhatsApp-Image-2026-02-20-at-01.04.11.jpeg","width":1024,"height":1024},{"@type":"BreadcrumbList","@id":"https:\/\/www.notibras.com\/site\/vi-me-desembarcar-da-estacao-de-comboios\/#breadcrumb","itemListElement":[{"@type":"ListItem","position":1,"name":"In\u00edcio","item":"https:\/\/www.notibras.com\/site\/"},{"@type":"ListItem","position":2,"name":"Vi-me desembarcar da esta\u00e7\u00e3o de comboios"}]},{"@type":"WebSite","@id":"https:\/\/www.notibras.com\/site\/#website","url":"https:\/\/www.notibras.com\/site\/","name":"Notibras","description":"Not\u00edcias de Bras\u00edlia, do Brasil e do Mundo","publisher":{"@id":"https:\/\/www.notibras.com\/site\/#organization"},"potentialAction":[{"@type":"SearchAction","target":{"@type":"EntryPoint","urlTemplate":"https:\/\/www.notibras.com\/site\/?s={search_term_string}"},"query-input":{"@type":"PropertyValueSpecification","valueRequired":true,"valueName":"search_term_string"}}],"inLanguage":"pt-BR"},{"@type":"Organization","@id":"https:\/\/www.notibras.com\/site\/#organization","name":"Grupo Notibras de Comunica\u00e7\u00e3o","url":"https:\/\/www.notibras.com\/site\/","logo":{"@type":"ImageObject","inLanguage":"pt-BR","@id":"https:\/\/www.notibras.com\/site\/#\/schema\/logo\/image\/","url":"https:\/\/www.notibras.com\/site\/wp-content\/uploads\/2023\/01\/notibras23.png","contentUrl":"https:\/\/www.notibras.com\/site\/wp-content\/uploads\/2023\/01\/notibras23.png","width":350,"height":87,"caption":"Grupo Notibras de Comunica\u00e7\u00e3o"},"image":{"@id":"https:\/\/www.notibras.com\/site\/#\/schema\/logo\/image\/"},"sameAs":["https:\/\/www.facebook.com\/notibras\/","https:\/\/x.com\/Notibras","https:\/\/www.instagram.com\/notibras\/"]},{"@type":"Person","@id":"https:\/\/www.notibras.com\/site\/#\/schema\/person\/5b7fabf2aedc3ada2105f03b22b4d3dd","name":"Eduardo Mart\u00ednez","image":{"@type":"ImageObject","inLanguage":"pt-BR","@id":"https:\/\/secure.gravatar.com\/avatar\/7902f906289926289cbcda644b5197c796b893c6ffd7b9a536a42d290f7704a0?s=96&d=mm&r=g","url":"https:\/\/secure.gravatar.com\/avatar\/7902f906289926289cbcda644b5197c796b893c6ffd7b9a536a42d290f7704a0?s=96&d=mm&r=g","contentUrl":"https:\/\/secure.gravatar.com\/avatar\/7902f906289926289cbcda644b5197c796b893c6ffd7b9a536a42d290f7704a0?s=96&d=mm&r=g","caption":"Eduardo Mart\u00ednez"}}]}},"amp_enabled":true,"_links":{"self":[{"href":"https:\/\/www.notibras.com\/site\/wp-json\/wp\/v2\/posts\/383930","targetHints":{"allow":["GET"]}}],"collection":[{"href":"https:\/\/www.notibras.com\/site\/wp-json\/wp\/v2\/posts"}],"about":[{"href":"https:\/\/www.notibras.com\/site\/wp-json\/wp\/v2\/types\/post"}],"author":[{"embeddable":true,"href":"https:\/\/www.notibras.com\/site\/wp-json\/wp\/v2\/users\/21"}],"replies":[{"embeddable":true,"href":"https:\/\/www.notibras.com\/site\/wp-json\/wp\/v2\/comments?post=383930"}],"version-history":[{"count":2,"href":"https:\/\/www.notibras.com\/site\/wp-json\/wp\/v2\/posts\/383930\/revisions"}],"predecessor-version":[{"id":383933,"href":"https:\/\/www.notibras.com\/site\/wp-json\/wp\/v2\/posts\/383930\/revisions\/383933"}],"wp:featuredmedia":[{"embeddable":true,"href":"https:\/\/www.notibras.com\/site\/wp-json\/wp\/v2\/media\/383931"}],"wp:attachment":[{"href":"https:\/\/www.notibras.com\/site\/wp-json\/wp\/v2\/media?parent=383930"}],"wp:term":[{"taxonomy":"category","embeddable":true,"href":"https:\/\/www.notibras.com\/site\/wp-json\/wp\/v2\/categories?post=383930"},{"taxonomy":"post_tag","embeddable":true,"href":"https:\/\/www.notibras.com\/site\/wp-json\/wp\/v2\/tags?post=383930"}],"curies":[{"name":"wp","href":"https:\/\/api.w.org\/{rel}","templated":true}]}}